{"id":159781,"date":"2026-01-21T11:10:19","date_gmt":"2026-01-21T14:10:19","guid":{"rendered":"https:\/\/portaltela.pt\/noticias\/2026\/01\/21\/grupo-acusado-de-roubar-carros-para-crimes-violentos-no-porto-inicia-julgamento\/"},"modified":"2026-01-21T11:10:19","modified_gmt":"2026-01-21T14:10:19","slug":"grupo-acusado-de-roubar-carros-para-crimes-violentos-no-porto-inicia-julgamento","status":"publish","type":"post","link":"https:\/\/portaltela.pt\/noticias\/2026\/01\/21\/grupo-acusado-de-roubar-carros-para-crimes-violentos-no-porto-inicia-julgamento\/","title":{"rendered":"Grupo acusado de roubar carros para crimes violentos no Porto inicia julgamento"},"content":{"rendered":"<p>O grupo acusado de furtar viaturas para realizar roubos violentos na \u00c1rea Metropolitana do Porto come\u00e7ou hoje a ser julgado no Porto. O processo envolve cinco arguidos, com penas distintas, investigados por furtos, furtos qualificados, roubos violentos e crimes de aux\u00edlio material.<\/p>\n<p>Segundo a PSP, o desmantelamento ocorreu em dezembro de 2024. O grupo ter\u00e1 furtado pelo menos seis viaturas para realizar quatro roubos, atuando de forma organizada, com trajetos estudados e meios t\u00e9cnicos, direcionando as a\u00e7\u00f5es para funcion\u00e1rios de postos de combust\u00edvel.<\/p>\n<h3>Em julgamento<\/h3>\n<p>No Tribunal de S. Jo\u00e3o Novo, no Porto, dois arguidos admitiram parte das acusa\u00e7\u00f5es, negando ser o cabe\u00e7a do grupo. Os outros tr\u00eas presentes negaram a lideran\u00e7a, mas admitiram alguns crimes, incluindo furtos de viaturas e o conhecimento pr\u00e9vio da atividade criminosa.<\/p>\n<p>Entre as pessoas indicadas pela PSP, h\u00e1 jovens com idades entre 32 e 41 anos, com forma\u00e7\u00e3o ligada \u00e0 mec\u00e2nica. Dois envolvidos cumprem pris\u00e3o preventiva, um est\u00e1 no Estabelecimento Prisional de Braga e o outro em Custoias, enquanto os restantes cumprem pulseira eletr\u00f3nica com obriga\u00e7\u00e3o de perman\u00eancia em casa.<\/p>\n<p>Durante a audi\u00eancia, ficou claro que as a\u00e7\u00f5es contaram com apoio t\u00e9cnico e com colaboradores que participavam na desmontagem dos objetos furtados e no transporte de material roubado. Um dos arguidos descreveu a opera\u00e7\u00e3o como uma fase dif\u00edcil da vida, sem obter retorno financeiro.<\/p>\n<p>O debate prossegue amanh\u00e3 com a continua\u00e7\u00e3o da audi\u00e7\u00e3o dos arguidos e o desenrolar de eventuais depoimentos adicionais. O processo mant\u00e9m-se sob segredo de justi\u00e7a.<\/p>\n","protected":false},"excerpt":{"rendered":"<ul>\n<li>O grupo, composto por cinco arguidos, est\u00e1 a ser julgado no Porto por furtos, furtos qualificados, roubos violentos e crimes de aux\u00edlio material, relacionados com ataques a postos de gasolina na \u00c1rea Metropolitana do Porto em 2024.<\/li>\n<li>Dois arguidos est\u00e3o com pulseira eletr\u00f3nica e obriga\u00e7\u00e3o de perman\u00eancia no domic\u00edlio, dois est\u00e3o em pris\u00e3o preventiva (um no Estabelecimento Prisional de Braga e outro em Custoias).<\/li>\n<li>Na primeira sess\u00e3o, ouvida nesta quarta-feira, dois dos cinco arguidos admitiram ter participado em furtos de viaturas e em a\u00e7\u00f5es que incluem emboscadas a funcion\u00e1rias de postos e desloca\u00e7\u00e3o de material roubado.<\/li>\n<li>A PSP indicou que, na altura do desmantelamento, ter\u00e3o furtado pelo menos seis viaturas para realizar quatro roubos, atuando de forma organizada e com estudo pr\u00e9vio de rotas.<\/li>\n<li>O julgamento continua na quinta-feira, com a continua\u00e7\u00e3o das declara\u00e7\u00f5es dos arguidos, que t\u00eam idades entre os 32 e os 41 anos e profiss\u00f5es associadas \u00e0 mec\u00e2nica.<\/li>\n<\/ul>\n","protected":false},"author":2,"featured_media":159789,"comment_status":"closed","ping_status":"closed","sticky":false,"template":"","format":"standard","meta":{"footnotes":""},"categories":[1],"tags":[147,3686,3687,982,203,3102],"class_list":["post-159781","post","type-post","status-publish","format-standard","has-post-thumbnail","hentry","category-noticias","tag-crime","tag-furtos","tag-furtos-qualificados","tag-porto","tag-roubo","tag-roubo-agravado"],"yoast_head":"<!-- This site is optimized with the Yoast SEO plugin v27.2 - https:\/\/yoast.com\/product\/yoast-seo-wordpress\/ -->\n<title>Grupo acusado de roubar carros para crimes violentos no Porto inicia julgamento - Portal Tela Portugal<\/title>\n<meta name=\"robots\" content=\"index, follow, max-snippet:-1, max-image-preview:large, max-video-preview:-1\" \/>\n<meta property=\"og:locale\" content=\"pt_PT\" \/>\n<meta property=\"og:type\" content=\"article\" \/>\n<meta property=\"og:title\" content=\"Grupo acusado de roubar carros para crimes violentos no Porto inicia julgamento - Portal Tela Portugal\" \/>\n<meta property=\"og:description\" content=\"O grupo, composto por cinco arguidos, est\u00e1 a ser julgado no Porto por furtos, furtos qualificados, roubos violentos e crimes de aux\u00edlio material, relacionados com ataques a postos de gasolina na \u00c1rea Metropolitana do Porto em 2024. Dois arguidos est\u00e3o com pulseira eletr\u00f3nica e obriga\u00e7\u00e3o de perman\u00eancia no domic\u00edlio, dois est\u00e3o em pris\u00e3o preventiva (um no Estabelecimento Prisional de Braga e outro em Custoias). Na primeira sess\u00e3o, ouvida nesta quarta-feira, dois dos cinco arguidos admitiram ter participado em furtos de viaturas e em a\u00e7\u00f5es que incluem emboscadas a funcion\u00e1rias de postos e desloca\u00e7\u00e3o de material roubado. A PSP indicou que, na altura do desmantelamento, ter\u00e3o furtado pelo menos seis viaturas para realizar quatro roubos, atuando de forma organizada e com estudo pr\u00e9vio de rotas. O julgamento continua na quinta-feira, com a continua\u00e7\u00e3o das declara\u00e7\u00f5es dos arguidos, que t\u00eam idades entre os 32 e os 41 anos e profiss\u00f5es associadas \u00e0 mec\u00e2nica.\" \/>\n<meta property=\"og:url\" content=\"https:\/\/portaltela.pt\/noticias\/2026\/01\/21\/grupo-acusado-de-roubar-carros-para-crimes-violentos-no-porto-inicia-julgamento\/\" \/>\n<meta property=\"og:site_name\" content=\"Portal Tela Portugal\" \/>\n<meta property=\"article:published_time\" content=\"2026-01-21T14:10:19+00:00\" \/>\n<meta name=\"author\" content=\"Telinha\" \/>\n<meta name=\"twitter:card\" content=\"summary_large_image\" \/>\n<meta name=\"twitter:label1\" content=\"Escrito por\" \/>\n\t<meta name=\"twitter:data1\" content=\"Telinha\" \/>\n\t<meta name=\"twitter:label2\" content=\"Tempo estimado de leitura\" \/>\n\t<meta name=\"twitter:data2\" content=\"1 minuto\" \/>\n<script type=\"application\/ld+json\" class=\"yoast-schema-graph\">{\"@context\":\"https:\/\/schema.org\",\"@graph\":[{\"@type\":\"Article\",\"@id\":\"https:\/\/portaltela.pt\/noticias\/2026\/01\/21\/grupo-acusado-de-roubar-carros-para-crimes-violentos-no-porto-inicia-julgamento\/#article\",\"isPartOf\":{\"@id\":\"https:\/\/portaltela.pt\/noticias\/2026\/01\/21\/grupo-acusado-de-roubar-carros-para-crimes-violentos-no-porto-inicia-julgamento\/\"},\"author\":{\"name\":\"Telinha\",\"@id\":\"https:\/\/portaltela.pt\/#\/schema\/person\/c4278d4a6028830caff9ee44b42d32ed\"},\"headline\":\"Grupo acusado de roubar carros para crimes violentos no Porto inicia julgamento\",\"datePublished\":\"2026-01-21T14:10:19+00:00\",\"mainEntityOfPage\":{\"@id\":\"https:\/\/portaltela.pt\/noticias\/2026\/01\/21\/grupo-acusado-de-roubar-carros-para-crimes-violentos-no-porto-inicia-julgamento\/\"},\"wordCount\":280,\"image\":{\"@id\":\"https:\/\/portaltela.pt\/noticias\/2026\/01\/21\/grupo-acusado-de-roubar-carros-para-crimes-violentos-no-porto-inicia-julgamento\/#primaryimage\"},\"thumbnailUrl\":\"https:\/\/portaltela.pt\/s.01k8rhncp4jt1\/2026\/01\/img_1500x1000uu2024-02-13-18-16-17-1570413.jpg\",\"keywords\":[\"crime\",\"furtos\",\"furtos qualificados\",\"Porto\",\"roubo\",\"roubo agravado\"],\"articleSection\":[\"Not\u00edcias\"],\"inLanguage\":\"pt-PT\"},{\"@type\":\"WebPage\",\"@id\":\"https:\/\/portaltela.pt\/noticias\/2026\/01\/21\/grupo-acusado-de-roubar-carros-para-crimes-violentos-no-porto-inicia-julgamento\/\",\"url\":\"https:\/\/portaltela.pt\/noticias\/2026\/01\/21\/grupo-acusado-de-roubar-carros-para-crimes-violentos-no-porto-inicia-julgamento\/\",\"name\":\"Grupo acusado de roubar carros para crimes violentos no Porto inicia julgamento - Portal Tela Portugal\",\"isPartOf\":{\"@id\":\"https:\/\/portaltela.pt\/#website\"},\"primaryImageOfPage\":{\"@id\":\"https:\/\/portaltela.pt\/noticias\/2026\/01\/21\/grupo-acusado-de-roubar-carros-para-crimes-violentos-no-porto-inicia-julgamento\/#primaryimage\"},\"image\":{\"@id\":\"https:\/\/portaltela.pt\/noticias\/2026\/01\/21\/grupo-acusado-de-roubar-carros-para-crimes-violentos-no-porto-inicia-julgamento\/#primaryimage\"},\"thumbnailUrl\":\"https:\/\/portaltela.pt\/s.01k8rhncp4jt1\/2026\/01\/img_1500x1000uu2024-02-13-18-16-17-1570413.jpg\",\"datePublished\":\"2026-01-21T14:10:19+00:00\",\"author\":{\"@id\":\"https:\/\/portaltela.pt\/#\/schema\/person\/c4278d4a6028830caff9ee44b42d32ed\"},\"breadcrumb\":{\"@id\":\"https:\/\/portaltela.pt\/noticias\/2026\/01\/21\/grupo-acusado-de-roubar-carros-para-crimes-violentos-no-porto-inicia-julgamento\/#breadcrumb\"},\"inLanguage\":\"pt-PT\",\"potentialAction\":[{\"@type\":\"ReadAction\",\"target\":[\"https:\/\/portaltela.pt\/noticias\/2026\/01\/21\/grupo-acusado-de-roubar-carros-para-crimes-violentos-no-porto-inicia-julgamento\/\"]}]},{\"@type\":\"ImageObject\",\"inLanguage\":\"pt-PT\",\"@id\":\"https:\/\/portaltela.pt\/noticias\/2026\/01\/21\/grupo-acusado-de-roubar-carros-para-crimes-violentos-no-porto-inicia-julgamento\/#primaryimage\",\"url\":\"https:\/\/portaltela.pt\/s.01k8rhncp4jt1\/2026\/01\/img_1500x1000uu2024-02-13-18-16-17-1570413.jpg\",\"contentUrl\":\"https:\/\/portaltela.pt\/s.01k8rhncp4jt1\/2026\/01\/img_1500x1000uu2024-02-13-18-16-17-1570413.jpg\",\"width\":796,\"height\":448,\"caption\":\"Tribunal de S. Jo\u00e3o Novo\"},{\"@type\":\"BreadcrumbList\",\"@id\":\"https:\/\/portaltela.pt\/noticias\/2026\/01\/21\/grupo-acusado-de-roubar-carros-para-crimes-violentos-no-porto-inicia-julgamento\/#breadcrumb\",\"itemListElement\":[{\"@type\":\"ListItem\",\"position\":1,\"name\":\"In\u00edcio\",\"item\":\"https:\/\/portaltela.pt\/\"},{\"@type\":\"ListItem\",\"position\":2,\"name\":\"Grupo acusado de roubar carros para crimes violentos no Porto inicia julgamento\"}]},{\"@type\":\"WebSite\",\"@id\":\"https:\/\/portaltela.pt\/#website\",\"url\":\"https:\/\/portaltela.pt\/\",\"name\":\"Portal Tela Portugal\",\"description\":\"\",\"potentialAction\":[{\"@type\":\"SearchAction\",\"target\":{\"@type\":\"EntryPoint\",\"urlTemplate\":\"https:\/\/portaltela.pt\/?s={search_term_string}\"},\"query-input\":{\"@type\":\"PropertyValueSpecification\",\"valueRequired\":true,\"valueName\":\"search_term_string\"}}],\"inLanguage\":\"pt-PT\"},{\"@type\":\"Person\",\"@id\":\"https:\/\/portaltela.pt\/#\/schema\/person\/c4278d4a6028830caff9ee44b42d32ed\",\"name\":\"Telinha\",\"image\":{\"@type\":\"ImageObject\",\"inLanguage\":\"pt-PT\",\"@id\":\"https:\/\/portaltela.pt\/s.01k8rhncp4jt1\/2025\/11\/talking-bot-125x125.png\",\"url\":\"https:\/\/portaltela.pt\/s.01k8rhncp4jt1\/2025\/11\/talking-bot-125x125.png\",\"contentUrl\":\"https:\/\/portaltela.pt\/s.01k8rhncp4jt1\/2025\/11\/talking-bot-125x125.png\",\"caption\":\"Telinha\"},\"sameAs\":[\"https:\/\/portaltela.pt\/\"],\"url\":\"https:\/\/portaltela.pt\/por\/367410592786\/\"}]}<\/script>\n<!-- \/ Yoast SEO plugin. -->","yoast_head_json":{"title":"Grupo acusado de roubar carros para crimes violentos no Porto inicia julgamento - Portal Tela Portugal","robots":{"index":"index","follow":"follow","max-snippet":"max-snippet:-1","max-image-preview":"max-image-preview:large","max-video-preview":"max-video-preview:-1"},"og_locale":"pt_PT","og_type":"article","og_title":"Grupo acusado de roubar carros para crimes violentos no Porto inicia julgamento - Portal Tela Portugal","og_description":"O grupo, composto por cinco arguidos, est\u00e1 a ser julgado no Porto por furtos, furtos qualificados, roubos violentos e crimes de aux\u00edlio material, relacionados com ataques a postos de gasolina na \u00c1rea Metropolitana do Porto em 2024. Dois arguidos est\u00e3o com pulseira eletr\u00f3nica e obriga\u00e7\u00e3o de perman\u00eancia no domic\u00edlio, dois est\u00e3o em pris\u00e3o preventiva (um no Estabelecimento Prisional de Braga e outro em Custoias). Na primeira sess\u00e3o, ouvida nesta quarta-feira, dois dos cinco arguidos admitiram ter participado em furtos de viaturas e em a\u00e7\u00f5es que incluem emboscadas a funcion\u00e1rias de postos e desloca\u00e7\u00e3o de material roubado. A PSP indicou que, na altura do desmantelamento, ter\u00e3o furtado pelo menos seis viaturas para realizar quatro roubos, atuando de forma organizada e com estudo pr\u00e9vio de rotas. O julgamento continua na quinta-feira, com a continua\u00e7\u00e3o das declara\u00e7\u00f5es dos arguidos, que t\u00eam idades entre os 32 e os 41 anos e profiss\u00f5es associadas \u00e0 mec\u00e2nica.","og_url":"https:\/\/portaltela.pt\/noticias\/2026\/01\/21\/grupo-acusado-de-roubar-carros-para-crimes-violentos-no-porto-inicia-julgamento\/","og_site_name":"Portal Tela Portugal","article_published_time":"2026-01-21T14:10:19+00:00","author":"Telinha","twitter_card":"summary_large_image","twitter_misc":{"Escrito por":"Telinha","Tempo estimado de leitura":"1 minuto"},"schema":{"@context":"https:\/\/schema.org","@graph":[{"@type":"Article","@id":"https:\/\/portaltela.pt\/noticias\/2026\/01\/21\/grupo-acusado-de-roubar-carros-para-crimes-violentos-no-porto-inicia-julgamento\/#article","isPartOf":{"@id":"https:\/\/portaltela.pt\/noticias\/2026\/01\/21\/grupo-acusado-de-roubar-carros-para-crimes-violentos-no-porto-inicia-julgamento\/"},"author":{"name":"Telinha","@id":"https:\/\/portaltela.pt\/#\/schema\/person\/c4278d4a6028830caff9ee44b42d32ed"},"headline":"Grupo acusado de roubar carros para crimes violentos no Porto inicia julgamento","datePublished":"2026-01-21T14:10:19+00:00","mainEntityOfPage":{"@id":"https:\/\/portaltela.pt\/noticias\/2026\/01\/21\/grupo-acusado-de-roubar-carros-para-crimes-violentos-no-porto-inicia-julgamento\/"},"wordCount":280,"image":{"@id":"https:\/\/portaltela.pt\/noticias\/2026\/01\/21\/grupo-acusado-de-roubar-carros-para-crimes-violentos-no-porto-inicia-julgamento\/#primaryimage"},"thumbnailUrl":"https:\/\/portaltela.pt\/s.01k8rhncp4jt1\/2026\/01\/img_1500x1000uu2024-02-13-18-16-17-1570413.jpg","keywords":["crime","furtos","furtos qualificados","Porto","roubo","roubo agravado"],"articleSection":["Not\u00edcias"],"inLanguage":"pt-PT"},{"@type":"WebPage","@id":"https:\/\/portaltela.pt\/noticias\/2026\/01\/21\/grupo-acusado-de-roubar-carros-para-crimes-violentos-no-porto-inicia-julgamento\/","url":"https:\/\/portaltela.pt\/noticias\/2026\/01\/21\/grupo-acusado-de-roubar-carros-para-crimes-violentos-no-porto-inicia-julgamento\/","name":"Grupo acusado de roubar carros para crimes violentos no Porto inicia julgamento - Portal Tela Portugal","isPartOf":{"@id":"https:\/\/portaltela.pt\/#website"},"primaryImageOfPage":{"@id":"https:\/\/portaltela.pt\/noticias\/2026\/01\/21\/grupo-acusado-de-roubar-carros-para-crimes-violentos-no-porto-inicia-julgamento\/#primaryimage"},"image":{"@id":"https:\/\/portaltela.pt\/noticias\/2026\/01\/21\/grupo-acusado-de-roubar-carros-para-crimes-violentos-no-porto-inicia-julgamento\/#primaryimage"},"thumbnailUrl":"https:\/\/portaltela.pt\/s.01k8rhncp4jt1\/2026\/01\/img_1500x1000uu2024-02-13-18-16-17-1570413.jpg","datePublished":"2026-01-21T14:10:19+00:00","author":{"@id":"https:\/\/portaltela.pt\/#\/schema\/person\/c4278d4a6028830caff9ee44b42d32ed"},"breadcrumb":{"@id":"https:\/\/portaltela.pt\/noticias\/2026\/01\/21\/grupo-acusado-de-roubar-carros-para-crimes-violentos-no-porto-inicia-julgamento\/#breadcrumb"},"inLanguage":"pt-PT","potentialAction":[{"@type":"ReadAction","target":["https:\/\/portaltela.pt\/noticias\/2026\/01\/21\/grupo-acusado-de-roubar-carros-para-crimes-violentos-no-porto-inicia-julgamento\/"]}]},{"@type":"ImageObject","inLanguage":"pt-PT","@id":"https:\/\/portaltela.pt\/noticias\/2026\/01\/21\/grupo-acusado-de-roubar-carros-para-crimes-violentos-no-porto-inicia-julgamento\/#primaryimage","url":"https:\/\/portaltela.pt\/s.01k8rhncp4jt1\/2026\/01\/img_1500x1000uu2024-02-13-18-16-17-1570413.jpg","contentUrl":"https:\/\/portaltela.pt\/s.01k8rhncp4jt1\/2026\/01\/img_1500x1000uu2024-02-13-18-16-17-1570413.jpg","width":796,"height":448,"caption":"Tribunal de S. Jo\u00e3o Novo"},{"@type":"BreadcrumbList","@id":"https:\/\/portaltela.pt\/noticias\/2026\/01\/21\/grupo-acusado-de-roubar-carros-para-crimes-violentos-no-porto-inicia-julgamento\/#breadcrumb","itemListElement":[{"@type":"ListItem","position":1,"name":"In\u00edcio","item":"https:\/\/portaltela.pt\/"},{"@type":"ListItem","position":2,"name":"Grupo acusado de roubar carros para crimes violentos no Porto inicia julgamento"}]},{"@type":"WebSite","@id":"https:\/\/portaltela.pt\/#website","url":"https:\/\/portaltela.pt\/","name":"Portal Tela Portugal","description":"","potentialAction":[{"@type":"SearchAction","target":{"@type":"EntryPoint","urlTemplate":"https:\/\/portaltela.pt\/?s={search_term_string}"},"query-input":{"@type":"PropertyValueSpecification","valueRequired":true,"valueName":"search_term_string"}}],"inLanguage":"pt-PT"},{"@type":"Person","@id":"https:\/\/portaltela.pt\/#\/schema\/person\/c4278d4a6028830caff9ee44b42d32ed","name":"Telinha","image":{"@type":"ImageObject","inLanguage":"pt-PT","@id":"https:\/\/portaltela.pt\/s.01k8rhncp4jt1\/2025\/11\/talking-bot-125x125.png","url":"https:\/\/portaltela.pt\/s.01k8rhncp4jt1\/2025\/11\/talking-bot-125x125.png","contentUrl":"https:\/\/portaltela.pt\/s.01k8rhncp4jt1\/2025\/11\/talking-bot-125x125.png","caption":"Telinha"},"sameAs":["https:\/\/portaltela.pt\/"],"url":"https:\/\/portaltela.pt\/por\/367410592786\/"}]}},"_links":{"self":[{"href":"https:\/\/portaltela.pt\/api\/wp\/v2\/posts\/159781","targetHints":{"allow":["GET"]}}],"collection":[{"href":"https:\/\/portaltela.pt\/api\/wp\/v2\/posts"}],"about":[{"href":"https:\/\/portaltela.pt\/api\/wp\/v2\/types\/post"}],"author":[{"embeddable":true,"href":"https:\/\/portaltela.pt\/api\/wp\/v2\/users\/2"}],"replies":[{"embeddable":true,"href":"https:\/\/portaltela.pt\/api\/wp\/v2\/comments?post=159781"}],"version-history":[{"count":0,"href":"https:\/\/portaltela.pt\/api\/wp\/v2\/posts\/159781\/revisions"}],"wp:featuredmedia":[{"embeddable":true,"href":"https:\/\/portaltela.pt\/api\/wp\/v2\/media\/159789"}],"wp:attachment":[{"href":"https:\/\/portaltela.pt\/api\/wp\/v2\/media?parent=159781"}],"wp:term":[{"taxonomy":"category","embeddable":true,"href":"https:\/\/portaltela.pt\/api\/wp\/v2\/categories?post=159781"},{"taxonomy":"post_tag","embeddable":true,"href":"https:\/\/portaltela.pt\/api\/wp\/v2\/tags?post=159781"}],"curies":[{"name":"wp","href":"https:\/\/api.w.org\/{rel}","templated":true}]}}