{"id":159742,"date":"2026-01-21T10:56:00","date_gmt":"2026-01-21T13:56:00","guid":{"rendered":"https:\/\/portaltela.pt\/noticias\/2026\/01\/21\/alerta-de-carlos-alexandre-sobre-atrasos-na-comissao-de-combate-a-fraude-do-sns\/"},"modified":"2026-01-21T10:56:00","modified_gmt":"2026-01-21T13:56:00","slug":"alerta-de-carlos-alexandre-sobre-atrasos-na-comissao-de-combate-a-fraude-do-sns","status":"publish","type":"post","link":"https:\/\/portaltela.pt\/noticias\/politica\/2026\/01\/21\/alerta-de-carlos-alexandre-sobre-atrasos-na-comissao-de-combate-a-fraude-do-sns\/","title":{"rendered":"Alerta de Carlos Alexandre sobre atrasos na Comiss\u00e3o de Combate \u00e0 Fraude do SNS"},"content":{"rendered":"<p>O juiz Carlos Alexandre alertou hoje para atrasos na constitui\u00e7\u00e3o da Comiss\u00e3o de Combate \u00e0 Fraude no SNS, afirmando que a comiss\u00e3o est\u00e1 numa fase inicial e que algumas entidades ainda n\u00e3o indicaram o seu membro permanente. A declara\u00e7\u00e3o foi feita durante uma audi\u00e7\u00e3o na Comiss\u00e3o Parlamentar de Sa\u00fade.<\/p>\n<p>A audi\u00eancia, pedida pela Iniciativa Liberal, teve como objetivo assegurar que a comiss\u00e3o n\u00e3o \u00e9 apenas um an\u00fancio, mas um mecanismo efectivo de preven\u00e7\u00e3o e combate a il\u00edcitos no SNS. O deputado M\u00e1rio Amorim Lopes sublinhou a import\u00e2ncia de meios suficientes para o trabalho.<\/p>\n<p>O magistrado explicou que foi convidado pelo Governo no final de novembro para integrar a comiss\u00e3o, cuja nomea\u00e7\u00e3o foi aprovada a 9 de dezembro e pelo Conselho de Ministros a 11 de dezembro. Come\u00e7ou a trabalhar a 19 de dezembro, com interrup\u00e7\u00f5es por motivos de f\u00e9rias, e retomou a 5 de janeiro. Hoje, 21 de janeiro, ainda n\u00e3o estavam todos os membros permanentes indicados.<\/p>\n<p>A comiss\u00e3o tem previstos elementos permanentes da Pol\u00edcia Judici\u00e1ria, da Inspe\u00e7\u00e3o-Geral da Sa\u00fade, das Finan\u00e7as e da Autoridade Nacional do Medicamento (Infarmed), entre outros. Encontra-se a preparar um subdom\u00ednio inform\u00e1tico para receber den\u00fancias e correspond\u00eancia, fora dos sistemas do Minist\u00e9rio da Sa\u00fade, com endere\u00e7os eletr\u00f3nicos criados para o efeito.<\/p>\n<p>A comiss\u00e3o est\u00e1 alojada temporariamente em depend\u00eancias do Minist\u00e9rio da Sa\u00fade, com foco numa estrutura incipiente. Ser\u00e1 criado um canal pr\u00f3prio para receber den\u00fancias e comunica\u00e7\u00f5es de cidad\u00e3os e entidades, mantendo-se o envio por via digital e seguro.<\/p>\n<p>Sobre as prioridades, o juiz afirmou que n\u00e3o seria poss\u00edvel, em 15 dias, obter um retrato completo do SNS. O SNS \u00e9 o maior empregador do pa\u00eds, com cerca de 150 mil funcion\u00e1rios, o que torna o workload da comiss\u00e3o particularmente complexo.<\/p>\n<p>Relativamente ao objetivo anunciado pela ministra da Sa\u00fade de alcan\u00e7ar poupan\u00e7as de at\u00e9 800 milh\u00f5es de euros, Carlos Alexandre manifestou n\u00e3o possuir previs\u00e3o sobre resultados. Enfatizou que o fabricamento de poupan\u00e7as depende de v\u00e1rios fatores e do andamento da comiss\u00e3o, sem atribuir metas pr\u00e9vias.<\/p>\n<p>O magistrado reiterou a confian\u00e7a na coopera\u00e7\u00e3o do Governo e de outros \u00f3rg\u00e3os da administra\u00e7\u00e3o, e refor\u00e7ou o compromisso pessoal com a miss\u00e3o da comiss\u00e3o, assegurando estar dispon\u00edvel para enfrentar os desafios necess\u00e1rios.<\/p>\n","protected":false},"excerpt":{"rendered":"<ul>\n<li>O juiz Carlos Alexandre afirmou que a Comiss\u00e3o de Combate \u00e0 Fraude no SNS est\u00e1 numa fase muito incipiente e que algumas entidades ainda n\u00e3o indicaram o seu membro permanente.<\/li>\n<li>A nomea\u00e7\u00e3o foi aprovada em dezembro e a comiss\u00e3o come\u00e7ou a trabalhar a 19 de dezembro, tendo retomado atividade a 5 de janeiro ap\u00f3s as festas; no entanto, em 21 de janeiro ainda faltam membros permanentes.<\/li>\n<li>A comiss\u00e3o vai contar com elementos permanentes da Pol\u00edcia Judici\u00e1ria, da Inspe\u00e7\u00e3o Geral da Sa\u00fade, das Finan\u00e7as e da Autoridade Nacional do Medicamento (Infarmed), entre outros, e est\u00e1 a preparar um subdom\u00ednio inform\u00e1tico para receber den\u00fancias fora dos sistemas do Minist\u00e9rio da Sa\u00fade.<\/li>\n<li>Ser\u00e1 criado um endere\u00e7o electr\u00f3nico, incluindo um envio direto para cidad\u00e3os e entidades denunciarem irregularidades, al\u00e9m de pontos de contacto adicionais para recebimento de informa\u00e7\u00f5es.<\/li>\n<li>O magistrado destacou que n\u00e3o se pode esperar um retrato completo do SNS em quinze dias e que o objetivo \u00e9 instalar a comiss\u00e3o, iniciar o trabalho e, se poss\u00edvel, alcan\u00e7ar poupan\u00e7as futuras, sem imprecis\u00f5es quanto ao valor exato.<\/li>\n<\/ul>\n","protected":false},"author":2,"featured_media":159768,"comment_status":"closed","ping_status":"closed","sticky":false,"template":"","format":"standard","meta":{"footnotes":""},"categories":[5],"tags":[34,3678,3680,1802,172,1775],"class_list":["post-159742","post","type-post","status-publish","format-standard","has-post-thumbnail","hentry","category-politica","tag-governo","tag-infarmed","tag-inspecao-geral-da-saude","tag-policia-judiciaria","tag-saude","tag-sns"],"yoast_head":"<!-- This site is optimized with the Yoast SEO plugin v27.2 - https:\/\/yoast.com\/product\/yoast-seo-wordpress\/ -->\n<title>Alerta de Carlos Alexandre sobre atrasos na Comiss\u00e3o de Combate \u00e0 Fraude do SNS - Portal Tela Portugal<\/title>\n<meta name=\"robots\" content=\"index, follow, max-snippet:-1, max-image-preview:large, max-video-preview:-1\" \/>\n<meta property=\"og:locale\" content=\"pt_PT\" \/>\n<meta property=\"og:type\" content=\"article\" \/>\n<meta property=\"og:title\" content=\"Alerta de Carlos Alexandre sobre atrasos na Comiss\u00e3o de Combate \u00e0 Fraude do SNS - Portal Tela Portugal\" \/>\n<meta property=\"og:description\" content=\"O juiz Carlos Alexandre afirmou que a Comiss\u00e3o de Combate \u00e0 Fraude no SNS est\u00e1 numa fase muito incipiente e que algumas entidades ainda n\u00e3o indicaram o seu membro permanente. A nomea\u00e7\u00e3o foi aprovada em dezembro e a comiss\u00e3o come\u00e7ou a trabalhar a 19 de dezembro, tendo retomado atividade a 5 de janeiro ap\u00f3s as festas; no entanto, em 21 de janeiro ainda faltam membros permanentes. A comiss\u00e3o vai contar com elementos permanentes da Pol\u00edcia Judici\u00e1ria, da Inspe\u00e7\u00e3o Geral da Sa\u00fade, das Finan\u00e7as e da Autoridade Nacional do Medicamento (Infarmed), entre outros, e est\u00e1 a preparar um subdom\u00ednio inform\u00e1tico para receber den\u00fancias fora dos sistemas do Minist\u00e9rio da Sa\u00fade. Ser\u00e1 criado um endere\u00e7o electr\u00f3nico, incluindo um envio direto para cidad\u00e3os e entidades denunciarem irregularidades, al\u00e9m de pontos de contacto adicionais para recebimento de informa\u00e7\u00f5es. O magistrado destacou que n\u00e3o se pode esperar um retrato completo do SNS em quinze dias e que o objetivo \u00e9 instalar a comiss\u00e3o, iniciar o trabalho e, se poss\u00edvel, alcan\u00e7ar poupan\u00e7as futuras, sem imprecis\u00f5es quanto ao valor exato.\" \/>\n<meta property=\"og:url\" content=\"https:\/\/portaltela.pt\/noticias\/2026\/01\/21\/alerta-de-carlos-alexandre-sobre-atrasos-na-comissao-de-combate-a-fraude-do-sns\/\" \/>\n<meta property=\"og:site_name\" content=\"Portal Tela Portugal\" \/>\n<meta property=\"article:published_time\" content=\"2026-01-21T13:56:00+00:00\" \/>\n<meta name=\"author\" content=\"Telinha\" \/>\n<meta name=\"twitter:card\" content=\"summary_large_image\" \/>\n<meta name=\"twitter:label1\" content=\"Escrito por\" \/>\n\t<meta name=\"twitter:data1\" content=\"Telinha\" \/>\n\t<meta name=\"twitter:label2\" content=\"Tempo estimado de leitura\" \/>\n\t<meta name=\"twitter:data2\" content=\"2 minutos\" \/>\n<script type=\"application\/ld+json\" class=\"yoast-schema-graph\">{\"@context\":\"https:\/\/schema.org\",\"@graph\":[{\"@type\":\"Article\",\"@id\":\"https:\/\/portaltela.pt\/noticias\/2026\/01\/21\/alerta-de-carlos-alexandre-sobre-atrasos-na-comissao-de-combate-a-fraude-do-sns\/#article\",\"isPartOf\":{\"@id\":\"https:\/\/portaltela.pt\/noticias\/2026\/01\/21\/alerta-de-carlos-alexandre-sobre-atrasos-na-comissao-de-combate-a-fraude-do-sns\/\"},\"author\":{\"name\":\"Telinha\",\"@id\":\"https:\/\/portaltela.pt\/#\/schema\/person\/c4278d4a6028830caff9ee44b42d32ed\"},\"headline\":\"Alerta de Carlos Alexandre sobre atrasos na Comiss\u00e3o de Combate \u00e0 Fraude do SNS\",\"datePublished\":\"2026-01-21T13:56:00+00:00\",\"mainEntityOfPage\":{\"@id\":\"https:\/\/portaltela.pt\/noticias\/2026\/01\/21\/alerta-de-carlos-alexandre-sobre-atrasos-na-comissao-de-combate-a-fraude-do-sns\/\"},\"wordCount\":434,\"image\":{\"@id\":\"https:\/\/portaltela.pt\/noticias\/2026\/01\/21\/alerta-de-carlos-alexandre-sobre-atrasos-na-comissao-de-combate-a-fraude-do-sns\/#primaryimage\"},\"thumbnailUrl\":\"https:\/\/portaltela.pt\/s.01k8rhncp4jt1\/2026\/01\/image-1337.jpg\",\"keywords\":[\"governo\",\"Infarmed\",\"Inspe\u00e7\u00e3o Geral da Sa\u00fade\",\"Pol\u00edcia Judici\u00e1ria\",\"sa\u00fade\",\"SNS\"],\"articleSection\":[\"Pol\u00edtica\"],\"inLanguage\":\"pt-PT\"},{\"@type\":\"WebPage\",\"@id\":\"https:\/\/portaltela.pt\/noticias\/2026\/01\/21\/alerta-de-carlos-alexandre-sobre-atrasos-na-comissao-de-combate-a-fraude-do-sns\/\",\"url\":\"https:\/\/portaltela.pt\/noticias\/2026\/01\/21\/alerta-de-carlos-alexandre-sobre-atrasos-na-comissao-de-combate-a-fraude-do-sns\/\",\"name\":\"Alerta de Carlos Alexandre sobre atrasos na Comiss\u00e3o de Combate \u00e0 Fraude do SNS - Portal Tela Portugal\",\"isPartOf\":{\"@id\":\"https:\/\/portaltela.pt\/#website\"},\"primaryImageOfPage\":{\"@id\":\"https:\/\/portaltela.pt\/noticias\/2026\/01\/21\/alerta-de-carlos-alexandre-sobre-atrasos-na-comissao-de-combate-a-fraude-do-sns\/#primaryimage\"},\"image\":{\"@id\":\"https:\/\/portaltela.pt\/noticias\/2026\/01\/21\/alerta-de-carlos-alexandre-sobre-atrasos-na-comissao-de-combate-a-fraude-do-sns\/#primaryimage\"},\"thumbnailUrl\":\"https:\/\/portaltela.pt\/s.01k8rhncp4jt1\/2026\/01\/image-1337.jpg\",\"datePublished\":\"2026-01-21T13:56:00+00:00\",\"author\":{\"@id\":\"https:\/\/portaltela.pt\/#\/schema\/person\/c4278d4a6028830caff9ee44b42d32ed\"},\"breadcrumb\":{\"@id\":\"https:\/\/portaltela.pt\/noticias\/2026\/01\/21\/alerta-de-carlos-alexandre-sobre-atrasos-na-comissao-de-combate-a-fraude-do-sns\/#breadcrumb\"},\"inLanguage\":\"pt-PT\",\"potentialAction\":[{\"@type\":\"ReadAction\",\"target\":[\"https:\/\/portaltela.pt\/noticias\/2026\/01\/21\/alerta-de-carlos-alexandre-sobre-atrasos-na-comissao-de-combate-a-fraude-do-sns\/\"]}]},{\"@type\":\"ImageObject\",\"inLanguage\":\"pt-PT\",\"@id\":\"https:\/\/portaltela.pt\/noticias\/2026\/01\/21\/alerta-de-carlos-alexandre-sobre-atrasos-na-comissao-de-combate-a-fraude-do-sns\/#primaryimage\",\"url\":\"https:\/\/portaltela.pt\/s.01k8rhncp4jt1\/2026\/01\/image-1337.jpg\",\"contentUrl\":\"https:\/\/portaltela.pt\/s.01k8rhncp4jt1\/2026\/01\/image-1337.jpg\",\"width\":796,\"height\":448,\"caption\":\"O ju\u00edz Carlos Alexandre\"},{\"@type\":\"BreadcrumbList\",\"@id\":\"https:\/\/portaltela.pt\/noticias\/2026\/01\/21\/alerta-de-carlos-alexandre-sobre-atrasos-na-comissao-de-combate-a-fraude-do-sns\/#breadcrumb\",\"itemListElement\":[{\"@type\":\"ListItem\",\"position\":1,\"name\":\"In\u00edcio\",\"item\":\"https:\/\/portaltela.pt\/\"},{\"@type\":\"ListItem\",\"position\":2,\"name\":\"Alerta de Carlos Alexandre sobre atrasos na Comiss\u00e3o de Combate \u00e0 Fraude do SNS\"}]},{\"@type\":\"WebSite\",\"@id\":\"https:\/\/portaltela.pt\/#website\",\"url\":\"https:\/\/portaltela.pt\/\",\"name\":\"Portal Tela Portugal\",\"description\":\"\",\"potentialAction\":[{\"@type\":\"SearchAction\",\"target\":{\"@type\":\"EntryPoint\",\"urlTemplate\":\"https:\/\/portaltela.pt\/?s={search_term_string}\"},\"query-input\":{\"@type\":\"PropertyValueSpecification\",\"valueRequired\":true,\"valueName\":\"search_term_string\"}}],\"inLanguage\":\"pt-PT\"},{\"@type\":\"Person\",\"@id\":\"https:\/\/portaltela.pt\/#\/schema\/person\/c4278d4a6028830caff9ee44b42d32ed\",\"name\":\"Telinha\",\"image\":{\"@type\":\"ImageObject\",\"inLanguage\":\"pt-PT\",\"@id\":\"https:\/\/portaltela.pt\/s.01k8rhncp4jt1\/2025\/11\/talking-bot-125x125.png\",\"url\":\"https:\/\/portaltela.pt\/s.01k8rhncp4jt1\/2025\/11\/talking-bot-125x125.png\",\"contentUrl\":\"https:\/\/portaltela.pt\/s.01k8rhncp4jt1\/2025\/11\/talking-bot-125x125.png\",\"caption\":\"Telinha\"},\"sameAs\":[\"https:\/\/portaltela.pt\/\"],\"url\":\"https:\/\/portaltela.pt\/por\/367410592786\/\"}]}<\/script>\n<!-- \/ Yoast SEO plugin. -->","yoast_head_json":{"title":"Alerta de Carlos Alexandre sobre atrasos na Comiss\u00e3o de Combate \u00e0 Fraude do SNS - Portal Tela Portugal","robots":{"index":"index","follow":"follow","max-snippet":"max-snippet:-1","max-image-preview":"max-image-preview:large","max-video-preview":"max-video-preview:-1"},"og_locale":"pt_PT","og_type":"article","og_title":"Alerta de Carlos Alexandre sobre atrasos na Comiss\u00e3o de Combate \u00e0 Fraude do SNS - Portal Tela Portugal","og_description":"O juiz Carlos Alexandre afirmou que a Comiss\u00e3o de Combate \u00e0 Fraude no SNS est\u00e1 numa fase muito incipiente e que algumas entidades ainda n\u00e3o indicaram o seu membro permanente. A nomea\u00e7\u00e3o foi aprovada em dezembro e a comiss\u00e3o come\u00e7ou a trabalhar a 19 de dezembro, tendo retomado atividade a 5 de janeiro ap\u00f3s as festas; no entanto, em 21 de janeiro ainda faltam membros permanentes. A comiss\u00e3o vai contar com elementos permanentes da Pol\u00edcia Judici\u00e1ria, da Inspe\u00e7\u00e3o Geral da Sa\u00fade, das Finan\u00e7as e da Autoridade Nacional do Medicamento (Infarmed), entre outros, e est\u00e1 a preparar um subdom\u00ednio inform\u00e1tico para receber den\u00fancias fora dos sistemas do Minist\u00e9rio da Sa\u00fade. Ser\u00e1 criado um endere\u00e7o electr\u00f3nico, incluindo um envio direto para cidad\u00e3os e entidades denunciarem irregularidades, al\u00e9m de pontos de contacto adicionais para recebimento de informa\u00e7\u00f5es. O magistrado destacou que n\u00e3o se pode esperar um retrato completo do SNS em quinze dias e que o objetivo \u00e9 instalar a comiss\u00e3o, iniciar o trabalho e, se poss\u00edvel, alcan\u00e7ar poupan\u00e7as futuras, sem imprecis\u00f5es quanto ao valor exato.","og_url":"https:\/\/portaltela.pt\/noticias\/2026\/01\/21\/alerta-de-carlos-alexandre-sobre-atrasos-na-comissao-de-combate-a-fraude-do-sns\/","og_site_name":"Portal Tela Portugal","article_published_time":"2026-01-21T13:56:00+00:00","author":"Telinha","twitter_card":"summary_large_image","twitter_misc":{"Escrito por":"Telinha","Tempo estimado de leitura":"2 minutos"},"schema":{"@context":"https:\/\/schema.org","@graph":[{"@type":"Article","@id":"https:\/\/portaltela.pt\/noticias\/2026\/01\/21\/alerta-de-carlos-alexandre-sobre-atrasos-na-comissao-de-combate-a-fraude-do-sns\/#article","isPartOf":{"@id":"https:\/\/portaltela.pt\/noticias\/2026\/01\/21\/alerta-de-carlos-alexandre-sobre-atrasos-na-comissao-de-combate-a-fraude-do-sns\/"},"author":{"name":"Telinha","@id":"https:\/\/portaltela.pt\/#\/schema\/person\/c4278d4a6028830caff9ee44b42d32ed"},"headline":"Alerta de Carlos Alexandre sobre atrasos na Comiss\u00e3o de Combate \u00e0 Fraude do SNS","datePublished":"2026-01-21T13:56:00+00:00","mainEntityOfPage":{"@id":"https:\/\/portaltela.pt\/noticias\/2026\/01\/21\/alerta-de-carlos-alexandre-sobre-atrasos-na-comissao-de-combate-a-fraude-do-sns\/"},"wordCount":434,"image":{"@id":"https:\/\/portaltela.pt\/noticias\/2026\/01\/21\/alerta-de-carlos-alexandre-sobre-atrasos-na-comissao-de-combate-a-fraude-do-sns\/#primaryimage"},"thumbnailUrl":"https:\/\/portaltela.pt\/s.01k8rhncp4jt1\/2026\/01\/image-1337.jpg","keywords":["governo","Infarmed","Inspe\u00e7\u00e3o Geral da Sa\u00fade","Pol\u00edcia Judici\u00e1ria","sa\u00fade","SNS"],"articleSection":["Pol\u00edtica"],"inLanguage":"pt-PT"},{"@type":"WebPage","@id":"https:\/\/portaltela.pt\/noticias\/2026\/01\/21\/alerta-de-carlos-alexandre-sobre-atrasos-na-comissao-de-combate-a-fraude-do-sns\/","url":"https:\/\/portaltela.pt\/noticias\/2026\/01\/21\/alerta-de-carlos-alexandre-sobre-atrasos-na-comissao-de-combate-a-fraude-do-sns\/","name":"Alerta de Carlos Alexandre sobre atrasos na Comiss\u00e3o de Combate \u00e0 Fraude do SNS - Portal Tela Portugal","isPartOf":{"@id":"https:\/\/portaltela.pt\/#website"},"primaryImageOfPage":{"@id":"https:\/\/portaltela.pt\/noticias\/2026\/01\/21\/alerta-de-carlos-alexandre-sobre-atrasos-na-comissao-de-combate-a-fraude-do-sns\/#primaryimage"},"image":{"@id":"https:\/\/portaltela.pt\/noticias\/2026\/01\/21\/alerta-de-carlos-alexandre-sobre-atrasos-na-comissao-de-combate-a-fraude-do-sns\/#primaryimage"},"thumbnailUrl":"https:\/\/portaltela.pt\/s.01k8rhncp4jt1\/2026\/01\/image-1337.jpg","datePublished":"2026-01-21T13:56:00+00:00","author":{"@id":"https:\/\/portaltela.pt\/#\/schema\/person\/c4278d4a6028830caff9ee44b42d32ed"},"breadcrumb":{"@id":"https:\/\/portaltela.pt\/noticias\/2026\/01\/21\/alerta-de-carlos-alexandre-sobre-atrasos-na-comissao-de-combate-a-fraude-do-sns\/#breadcrumb"},"inLanguage":"pt-PT","potentialAction":[{"@type":"ReadAction","target":["https:\/\/portaltela.pt\/noticias\/2026\/01\/21\/alerta-de-carlos-alexandre-sobre-atrasos-na-comissao-de-combate-a-fraude-do-sns\/"]}]},{"@type":"ImageObject","inLanguage":"pt-PT","@id":"https:\/\/portaltela.pt\/noticias\/2026\/01\/21\/alerta-de-carlos-alexandre-sobre-atrasos-na-comissao-de-combate-a-fraude-do-sns\/#primaryimage","url":"https:\/\/portaltela.pt\/s.01k8rhncp4jt1\/2026\/01\/image-1337.jpg","contentUrl":"https:\/\/portaltela.pt\/s.01k8rhncp4jt1\/2026\/01\/image-1337.jpg","width":796,"height":448,"caption":"O ju\u00edz Carlos Alexandre"},{"@type":"BreadcrumbList","@id":"https:\/\/portaltela.pt\/noticias\/2026\/01\/21\/alerta-de-carlos-alexandre-sobre-atrasos-na-comissao-de-combate-a-fraude-do-sns\/#breadcrumb","itemListElement":[{"@type":"ListItem","position":1,"name":"In\u00edcio","item":"https:\/\/portaltela.pt\/"},{"@type":"ListItem","position":2,"name":"Alerta de Carlos Alexandre sobre atrasos na Comiss\u00e3o de Combate \u00e0 Fraude do SNS"}]},{"@type":"WebSite","@id":"https:\/\/portaltela.pt\/#website","url":"https:\/\/portaltela.pt\/","name":"Portal Tela Portugal","description":"","potentialAction":[{"@type":"SearchAction","target":{"@type":"EntryPoint","urlTemplate":"https:\/\/portaltela.pt\/?s={search_term_string}"},"query-input":{"@type":"PropertyValueSpecification","valueRequired":true,"valueName":"search_term_string"}}],"inLanguage":"pt-PT"},{"@type":"Person","@id":"https:\/\/portaltela.pt\/#\/schema\/person\/c4278d4a6028830caff9ee44b42d32ed","name":"Telinha","image":{"@type":"ImageObject","inLanguage":"pt-PT","@id":"https:\/\/portaltela.pt\/s.01k8rhncp4jt1\/2025\/11\/talking-bot-125x125.png","url":"https:\/\/portaltela.pt\/s.01k8rhncp4jt1\/2025\/11\/talking-bot-125x125.png","contentUrl":"https:\/\/portaltela.pt\/s.01k8rhncp4jt1\/2025\/11\/talking-bot-125x125.png","caption":"Telinha"},"sameAs":["https:\/\/portaltela.pt\/"],"url":"https:\/\/portaltela.pt\/por\/367410592786\/"}]}},"_links":{"self":[{"href":"https:\/\/portaltela.pt\/api\/wp\/v2\/posts\/159742","targetHints":{"allow":["GET"]}}],"collection":[{"href":"https:\/\/portaltela.pt\/api\/wp\/v2\/posts"}],"about":[{"href":"https:\/\/portaltela.pt\/api\/wp\/v2\/types\/post"}],"author":[{"embeddable":true,"href":"https:\/\/portaltela.pt\/api\/wp\/v2\/users\/2"}],"replies":[{"embeddable":true,"href":"https:\/\/portaltela.pt\/api\/wp\/v2\/comments?post=159742"}],"version-history":[{"count":0,"href":"https:\/\/portaltela.pt\/api\/wp\/v2\/posts\/159742\/revisions"}],"wp:featuredmedia":[{"embeddable":true,"href":"https:\/\/portaltela.pt\/api\/wp\/v2\/media\/159768"}],"wp:attachment":[{"href":"https:\/\/portaltela.pt\/api\/wp\/v2\/media?parent=159742"}],"wp:term":[{"taxonomy":"category","embeddable":true,"href":"https:\/\/portaltela.pt\/api\/wp\/v2\/categories?post=159742"},{"taxonomy":"post_tag","embeddable":true,"href":"https:\/\/portaltela.pt\/api\/wp\/v2\/tags?post=159742"}],"curies":[{"name":"wp","href":"https:\/\/api.w.org\/{rel}","templated":true}]}}