{"id":159733,"date":"2026-01-21T10:57:41","date_gmt":"2026-01-21T13:57:41","guid":{"rendered":"https:\/\/portaltela.pt\/noticias\/2026\/01\/21\/ex-vizela-volta-a-complicar-se-apos-agressao-de-cabecada-a-adversario\/"},"modified":"2026-01-21T10:57:41","modified_gmt":"2026-01-21T13:57:41","slug":"ex-vizela-volta-a-complicar-se-apos-agressao-de-cabecada-a-adversario","status":"publish","type":"post","link":"https:\/\/portaltela.pt\/desporto\/futebol\/2026\/01\/21\/ex-vizela-volta-a-complicar-se-apos-agressao-de-cabecada-a-adversario\/","title":{"rendered":"Ex-Vizela volta a complicar-se ap\u00f3s agress\u00e3o de cabe\u00e7ada a advers\u00e1rio"},"content":{"rendered":"<p>Milutin Osmajic, ex-Vizela, voltou a ficar em foco no Preston North End ap\u00f3s um lance violento durante a derrota em casa frente ao Hull City, por 0-3. O ponta-de-lan\u00e7a viu o vermelho direto ap\u00f3s agredir um advers\u00e1rio com uma cabe\u00e7ada durante uma discuss\u00e3o no lance seguinte.<\/p>\n<p>O incidente provocou uma enorme confus\u00e3o entre jogadores das duas equipas e interrompeu o decorrer do encontro que terminou com a derrota dos anfitri\u00f5es. A a\u00e7\u00e3o aconteceu dentro das quatro linhas, gerando a expuls\u00e3o imediata de Osmajic.<\/p>\n<p>Recorda-se que, em outubro de 2024, Osmajic foi suspenso por oito jogos por morder um oponente. No final do ano passado, o avan\u00e7ado recebeu uma suspens\u00e3o de nove jogos por ter abusado de Hannibal Mejbri, do Burnley.<\/p>\n<p>O Preston North End, que atua na competi\u00e7\u00e3o em que o jogador milita, viu o incidente manchar uma atua\u00e7\u00e3o que terminou em derrota. O Hull City foi o advers\u00e1rio, em jogo disputado no est\u00e1dio do Preston.<\/p>\n<p>A incid\u00eancia eleva o historial disciplinar do jogador, que j\u00e1 acumula epis\u00f3dios anteriores. A dire\u00e7\u00e3o do Preston n\u00e3o anunciou medidas adicionais neste momento, mantendo o foco na recupera\u00e7\u00e3o desportiva do plantel.<\/p>\n","protected":false},"excerpt":{"rendered":"<ul>\n<li>Milutin Osmajic, ex\u2011Vizela, viu o vermelho direto ap\u00f3s agredir um advers\u00e1rio com uma cabe\u00e7ada durante a derrota do Preston North End frente ao Hull City, em casa, por 0-3.<\/li>\n<li>O incidente ocorreu durante uma discuss\u00e3o na \u00e1rea de jogo, provocando confus\u00e3o entre jogadores das duas equipas.<\/li>\n<li>Este \u00e9 mais um epis\u00f3dio pol\u00e9mico desde a chegada ao Preston North End, no ver\u00e3o de 2023.<\/li>\n<li>Em outubro de 2024, o internacional viu oito jogos de suspens\u00e3o por morder um advers\u00e1rio.<\/li>\n<li>No final do ano passado, recebeu nove jogos de suspens\u00e3o por ter abusado racialmente de Hannibal Mejbri, do Burnley.<\/li>\n<\/ul>\n","protected":false},"author":2,"featured_media":159765,"comment_status":"closed","ping_status":"closed","sticky":false,"template":"","format":"standard","meta":{"footnotes":""},"categories":[21,24],"tags":[2754,152,2971,32,3685,242],"class_list":["post-159733","post","type-post","status-publish","format-standard","has-post-thumbnail","hentry","category-desporto","category-futebol","tag-agressao","tag-desporto","tag-expulsoes","tag-futebol","tag-historia-disciplinar","tag-jogadores"],"yoast_head":"<!-- This site is optimized with the Yoast SEO plugin v27.2 - https:\/\/yoast.com\/product\/yoast-seo-wordpress\/ -->\n<title>Ex-Vizela volta a complicar-se ap\u00f3s agress\u00e3o de cabe\u00e7ada a advers\u00e1rio - Portal Tela Portugal<\/title>\n<meta name=\"robots\" content=\"index, follow, max-snippet:-1, max-image-preview:large, max-video-preview:-1\" \/>\n<meta property=\"og:locale\" content=\"pt_PT\" \/>\n<meta property=\"og:type\" content=\"article\" \/>\n<meta property=\"og:title\" content=\"Ex-Vizela volta a complicar-se ap\u00f3s agress\u00e3o de cabe\u00e7ada a advers\u00e1rio - Portal Tela Portugal\" \/>\n<meta property=\"og:description\" content=\"Milutin Osmajic, ex\u2011Vizela, viu o vermelho direto ap\u00f3s agredir um advers\u00e1rio com uma cabe\u00e7ada durante a derrota do Preston North End frente ao Hull City, em casa, por 0-3. O incidente ocorreu durante uma discuss\u00e3o na \u00e1rea de jogo, provocando confus\u00e3o entre jogadores das duas equipas. Este \u00e9 mais um epis\u00f3dio pol\u00e9mico desde a chegada ao Preston North End, no ver\u00e3o de 2023. Em outubro de 2024, o internacional viu oito jogos de suspens\u00e3o por morder um advers\u00e1rio. No final do ano passado, recebeu nove jogos de suspens\u00e3o por ter abusado racialmente de Hannibal Mejbri, do Burnley.\" \/>\n<meta property=\"og:url\" content=\"https:\/\/portaltela.pt\/noticias\/2026\/01\/21\/ex-vizela-volta-a-complicar-se-apos-agressao-de-cabecada-a-adversario\/\" \/>\n<meta property=\"og:site_name\" content=\"Portal Tela Portugal\" \/>\n<meta property=\"article:published_time\" content=\"2026-01-21T13:57:41+00:00\" \/>\n<meta name=\"author\" content=\"Telinha\" \/>\n<meta name=\"twitter:card\" content=\"summary_large_image\" \/>\n<meta name=\"twitter:label1\" content=\"Escrito por\" \/>\n\t<meta name=\"twitter:data1\" content=\"Telinha\" \/>\n\t<meta name=\"twitter:label2\" content=\"Tempo estimado de leitura\" \/>\n\t<meta name=\"twitter:data2\" content=\"1 minuto\" \/>\n<script type=\"application\/ld+json\" class=\"yoast-schema-graph\">{\"@context\":\"https:\/\/schema.org\",\"@graph\":[{\"@type\":\"Article\",\"@id\":\"https:\/\/portaltela.pt\/noticias\/2026\/01\/21\/ex-vizela-volta-a-complicar-se-apos-agressao-de-cabecada-a-adversario\/#article\",\"isPartOf\":{\"@id\":\"https:\/\/portaltela.pt\/noticias\/2026\/01\/21\/ex-vizela-volta-a-complicar-se-apos-agressao-de-cabecada-a-adversario\/\"},\"author\":{\"name\":\"Telinha\",\"@id\":\"https:\/\/portaltela.pt\/#\/schema\/person\/c4278d4a6028830caff9ee44b42d32ed\"},\"headline\":\"Ex-Vizela volta a complicar-se ap\u00f3s agress\u00e3o de cabe\u00e7ada a advers\u00e1rio\",\"datePublished\":\"2026-01-21T13:57:41+00:00\",\"mainEntityOfPage\":{\"@id\":\"https:\/\/portaltela.pt\/noticias\/2026\/01\/21\/ex-vizela-volta-a-complicar-se-apos-agressao-de-cabecada-a-adversario\/\"},\"wordCount\":221,\"image\":{\"@id\":\"https:\/\/portaltela.pt\/noticias\/2026\/01\/21\/ex-vizela-volta-a-complicar-se-apos-agressao-de-cabecada-a-adversario\/#primaryimage\"},\"thumbnailUrl\":\"https:\/\/portaltela.pt\/s.01k8rhncp4jt1\/2026\/01\/img_920x518uu2026-01-21-13-56-25-2416280-1.jpg\",\"keywords\":[\"agress\u00e3o\",\"desporto\",\"expuls\u00f5es\",\"futebol\",\"hist\u00f3ria disciplinar\",\"jogadores\"],\"articleSection\":[\"Desporto\",\"Futebol\"],\"inLanguage\":\"pt-PT\"},{\"@type\":\"WebPage\",\"@id\":\"https:\/\/portaltela.pt\/noticias\/2026\/01\/21\/ex-vizela-volta-a-complicar-se-apos-agressao-de-cabecada-a-adversario\/\",\"url\":\"https:\/\/portaltela.pt\/noticias\/2026\/01\/21\/ex-vizela-volta-a-complicar-se-apos-agressao-de-cabecada-a-adversario\/\",\"name\":\"Ex-Vizela volta a complicar-se ap\u00f3s agress\u00e3o de cabe\u00e7ada a advers\u00e1rio - Portal Tela Portugal\",\"isPartOf\":{\"@id\":\"https:\/\/portaltela.pt\/#website\"},\"primaryImageOfPage\":{\"@id\":\"https:\/\/portaltela.pt\/noticias\/2026\/01\/21\/ex-vizela-volta-a-complicar-se-apos-agressao-de-cabecada-a-adversario\/#primaryimage\"},\"image\":{\"@id\":\"https:\/\/portaltela.pt\/noticias\/2026\/01\/21\/ex-vizela-volta-a-complicar-se-apos-agressao-de-cabecada-a-adversario\/#primaryimage\"},\"thumbnailUrl\":\"https:\/\/portaltela.pt\/s.01k8rhncp4jt1\/2026\/01\/img_920x518uu2026-01-21-13-56-25-2416280-1.jpg\",\"datePublished\":\"2026-01-21T13:57:41+00:00\",\"author\":{\"@id\":\"https:\/\/portaltela.pt\/#\/schema\/person\/c4278d4a6028830caff9ee44b42d32ed\"},\"breadcrumb\":{\"@id\":\"https:\/\/portaltela.pt\/noticias\/2026\/01\/21\/ex-vizela-volta-a-complicar-se-apos-agressao-de-cabecada-a-adversario\/#breadcrumb\"},\"inLanguage\":\"pt-PT\",\"potentialAction\":[{\"@type\":\"ReadAction\",\"target\":[\"https:\/\/portaltela.pt\/noticias\/2026\/01\/21\/ex-vizela-volta-a-complicar-se-apos-agressao-de-cabecada-a-adversario\/\"]}]},{\"@type\":\"ImageObject\",\"inLanguage\":\"pt-PT\",\"@id\":\"https:\/\/portaltela.pt\/noticias\/2026\/01\/21\/ex-vizela-volta-a-complicar-se-apos-agressao-de-cabecada-a-adversario\/#primaryimage\",\"url\":\"https:\/\/portaltela.pt\/s.01k8rhncp4jt1\/2026\/01\/img_920x518uu2026-01-21-13-56-25-2416280-1.jpg\",\"contentUrl\":\"https:\/\/portaltela.pt\/s.01k8rhncp4jt1\/2026\/01\/img_920x518uu2026-01-21-13-56-25-2416280-1.jpg\",\"width\":796,\"height\":448,\"caption\":\"Ex-Vizela volta a estar em apuros ap\u00f3s agredir advers\u00e1rio \u00e0 cabe\u00e7ada no Preston-Hull City\"},{\"@type\":\"BreadcrumbList\",\"@id\":\"https:\/\/portaltela.pt\/noticias\/2026\/01\/21\/ex-vizela-volta-a-complicar-se-apos-agressao-de-cabecada-a-adversario\/#breadcrumb\",\"itemListElement\":[{\"@type\":\"ListItem\",\"position\":1,\"name\":\"In\u00edcio\",\"item\":\"https:\/\/portaltela.pt\/\"},{\"@type\":\"ListItem\",\"position\":2,\"name\":\"Ex-Vizela volta a complicar-se ap\u00f3s agress\u00e3o de cabe\u00e7ada a advers\u00e1rio\"}]},{\"@type\":\"WebSite\",\"@id\":\"https:\/\/portaltela.pt\/#website\",\"url\":\"https:\/\/portaltela.pt\/\",\"name\":\"Portal Tela Portugal\",\"description\":\"\",\"potentialAction\":[{\"@type\":\"SearchAction\",\"target\":{\"@type\":\"EntryPoint\",\"urlTemplate\":\"https:\/\/portaltela.pt\/?s={search_term_string}\"},\"query-input\":{\"@type\":\"PropertyValueSpecification\",\"valueRequired\":true,\"valueName\":\"search_term_string\"}}],\"inLanguage\":\"pt-PT\"},{\"@type\":\"Person\",\"@id\":\"https:\/\/portaltela.pt\/#\/schema\/person\/c4278d4a6028830caff9ee44b42d32ed\",\"name\":\"Telinha\",\"image\":{\"@type\":\"ImageObject\",\"inLanguage\":\"pt-PT\",\"@id\":\"https:\/\/portaltela.pt\/s.01k8rhncp4jt1\/2025\/11\/talking-bot-125x125.png\",\"url\":\"https:\/\/portaltela.pt\/s.01k8rhncp4jt1\/2025\/11\/talking-bot-125x125.png\",\"contentUrl\":\"https:\/\/portaltela.pt\/s.01k8rhncp4jt1\/2025\/11\/talking-bot-125x125.png\",\"caption\":\"Telinha\"},\"sameAs\":[\"https:\/\/portaltela.pt\/\"],\"url\":\"https:\/\/portaltela.pt\/por\/367410592786\/\"}]}<\/script>\n<!-- \/ Yoast SEO plugin. -->","yoast_head_json":{"title":"Ex-Vizela volta a complicar-se ap\u00f3s agress\u00e3o de cabe\u00e7ada a advers\u00e1rio - Portal Tela Portugal","robots":{"index":"index","follow":"follow","max-snippet":"max-snippet:-1","max-image-preview":"max-image-preview:large","max-video-preview":"max-video-preview:-1"},"og_locale":"pt_PT","og_type":"article","og_title":"Ex-Vizela volta a complicar-se ap\u00f3s agress\u00e3o de cabe\u00e7ada a advers\u00e1rio - Portal Tela Portugal","og_description":"Milutin Osmajic, ex\u2011Vizela, viu o vermelho direto ap\u00f3s agredir um advers\u00e1rio com uma cabe\u00e7ada durante a derrota do Preston North End frente ao Hull City, em casa, por 0-3. O incidente ocorreu durante uma discuss\u00e3o na \u00e1rea de jogo, provocando confus\u00e3o entre jogadores das duas equipas. Este \u00e9 mais um epis\u00f3dio pol\u00e9mico desde a chegada ao Preston North End, no ver\u00e3o de 2023. Em outubro de 2024, o internacional viu oito jogos de suspens\u00e3o por morder um advers\u00e1rio. No final do ano passado, recebeu nove jogos de suspens\u00e3o por ter abusado racialmente de Hannibal Mejbri, do Burnley.","og_url":"https:\/\/portaltela.pt\/noticias\/2026\/01\/21\/ex-vizela-volta-a-complicar-se-apos-agressao-de-cabecada-a-adversario\/","og_site_name":"Portal Tela Portugal","article_published_time":"2026-01-21T13:57:41+00:00","author":"Telinha","twitter_card":"summary_large_image","twitter_misc":{"Escrito por":"Telinha","Tempo estimado de leitura":"1 minuto"},"schema":{"@context":"https:\/\/schema.org","@graph":[{"@type":"Article","@id":"https:\/\/portaltela.pt\/noticias\/2026\/01\/21\/ex-vizela-volta-a-complicar-se-apos-agressao-de-cabecada-a-adversario\/#article","isPartOf":{"@id":"https:\/\/portaltela.pt\/noticias\/2026\/01\/21\/ex-vizela-volta-a-complicar-se-apos-agressao-de-cabecada-a-adversario\/"},"author":{"name":"Telinha","@id":"https:\/\/portaltela.pt\/#\/schema\/person\/c4278d4a6028830caff9ee44b42d32ed"},"headline":"Ex-Vizela volta a complicar-se ap\u00f3s agress\u00e3o de cabe\u00e7ada a advers\u00e1rio","datePublished":"2026-01-21T13:57:41+00:00","mainEntityOfPage":{"@id":"https:\/\/portaltela.pt\/noticias\/2026\/01\/21\/ex-vizela-volta-a-complicar-se-apos-agressao-de-cabecada-a-adversario\/"},"wordCount":221,"image":{"@id":"https:\/\/portaltela.pt\/noticias\/2026\/01\/21\/ex-vizela-volta-a-complicar-se-apos-agressao-de-cabecada-a-adversario\/#primaryimage"},"thumbnailUrl":"https:\/\/portaltela.pt\/s.01k8rhncp4jt1\/2026\/01\/img_920x518uu2026-01-21-13-56-25-2416280-1.jpg","keywords":["agress\u00e3o","desporto","expuls\u00f5es","futebol","hist\u00f3ria disciplinar","jogadores"],"articleSection":["Desporto","Futebol"],"inLanguage":"pt-PT"},{"@type":"WebPage","@id":"https:\/\/portaltela.pt\/noticias\/2026\/01\/21\/ex-vizela-volta-a-complicar-se-apos-agressao-de-cabecada-a-adversario\/","url":"https:\/\/portaltela.pt\/noticias\/2026\/01\/21\/ex-vizela-volta-a-complicar-se-apos-agressao-de-cabecada-a-adversario\/","name":"Ex-Vizela volta a complicar-se ap\u00f3s agress\u00e3o de cabe\u00e7ada a advers\u00e1rio - Portal Tela Portugal","isPartOf":{"@id":"https:\/\/portaltela.pt\/#website"},"primaryImageOfPage":{"@id":"https:\/\/portaltela.pt\/noticias\/2026\/01\/21\/ex-vizela-volta-a-complicar-se-apos-agressao-de-cabecada-a-adversario\/#primaryimage"},"image":{"@id":"https:\/\/portaltela.pt\/noticias\/2026\/01\/21\/ex-vizela-volta-a-complicar-se-apos-agressao-de-cabecada-a-adversario\/#primaryimage"},"thumbnailUrl":"https:\/\/portaltela.pt\/s.01k8rhncp4jt1\/2026\/01\/img_920x518uu2026-01-21-13-56-25-2416280-1.jpg","datePublished":"2026-01-21T13:57:41+00:00","author":{"@id":"https:\/\/portaltela.pt\/#\/schema\/person\/c4278d4a6028830caff9ee44b42d32ed"},"breadcrumb":{"@id":"https:\/\/portaltela.pt\/noticias\/2026\/01\/21\/ex-vizela-volta-a-complicar-se-apos-agressao-de-cabecada-a-adversario\/#breadcrumb"},"inLanguage":"pt-PT","potentialAction":[{"@type":"ReadAction","target":["https:\/\/portaltela.pt\/noticias\/2026\/01\/21\/ex-vizela-volta-a-complicar-se-apos-agressao-de-cabecada-a-adversario\/"]}]},{"@type":"ImageObject","inLanguage":"pt-PT","@id":"https:\/\/portaltela.pt\/noticias\/2026\/01\/21\/ex-vizela-volta-a-complicar-se-apos-agressao-de-cabecada-a-adversario\/#primaryimage","url":"https:\/\/portaltela.pt\/s.01k8rhncp4jt1\/2026\/01\/img_920x518uu2026-01-21-13-56-25-2416280-1.jpg","contentUrl":"https:\/\/portaltela.pt\/s.01k8rhncp4jt1\/2026\/01\/img_920x518uu2026-01-21-13-56-25-2416280-1.jpg","width":796,"height":448,"caption":"Ex-Vizela volta a estar em apuros ap\u00f3s agredir advers\u00e1rio \u00e0 cabe\u00e7ada no Preston-Hull City"},{"@type":"BreadcrumbList","@id":"https:\/\/portaltela.pt\/noticias\/2026\/01\/21\/ex-vizela-volta-a-complicar-se-apos-agressao-de-cabecada-a-adversario\/#breadcrumb","itemListElement":[{"@type":"ListItem","position":1,"name":"In\u00edcio","item":"https:\/\/portaltela.pt\/"},{"@type":"ListItem","position":2,"name":"Ex-Vizela volta a complicar-se ap\u00f3s agress\u00e3o de cabe\u00e7ada a advers\u00e1rio"}]},{"@type":"WebSite","@id":"https:\/\/portaltela.pt\/#website","url":"https:\/\/portaltela.pt\/","name":"Portal Tela Portugal","description":"","potentialAction":[{"@type":"SearchAction","target":{"@type":"EntryPoint","urlTemplate":"https:\/\/portaltela.pt\/?s={search_term_string}"},"query-input":{"@type":"PropertyValueSpecification","valueRequired":true,"valueName":"search_term_string"}}],"inLanguage":"pt-PT"},{"@type":"Person","@id":"https:\/\/portaltela.pt\/#\/schema\/person\/c4278d4a6028830caff9ee44b42d32ed","name":"Telinha","image":{"@type":"ImageObject","inLanguage":"pt-PT","@id":"https:\/\/portaltela.pt\/s.01k8rhncp4jt1\/2025\/11\/talking-bot-125x125.png","url":"https:\/\/portaltela.pt\/s.01k8rhncp4jt1\/2025\/11\/talking-bot-125x125.png","contentUrl":"https:\/\/portaltela.pt\/s.01k8rhncp4jt1\/2025\/11\/talking-bot-125x125.png","caption":"Telinha"},"sameAs":["https:\/\/portaltela.pt\/"],"url":"https:\/\/portaltela.pt\/por\/367410592786\/"}]}},"_links":{"self":[{"href":"https:\/\/portaltela.pt\/api\/wp\/v2\/posts\/159733","targetHints":{"allow":["GET"]}}],"collection":[{"href":"https:\/\/portaltela.pt\/api\/wp\/v2\/posts"}],"about":[{"href":"https:\/\/portaltela.pt\/api\/wp\/v2\/types\/post"}],"author":[{"embeddable":true,"href":"https:\/\/portaltela.pt\/api\/wp\/v2\/users\/2"}],"replies":[{"embeddable":true,"href":"https:\/\/portaltela.pt\/api\/wp\/v2\/comments?post=159733"}],"version-history":[{"count":0,"href":"https:\/\/portaltela.pt\/api\/wp\/v2\/posts\/159733\/revisions"}],"wp:featuredmedia":[{"embeddable":true,"href":"https:\/\/portaltela.pt\/api\/wp\/v2\/media\/159765"}],"wp:attachment":[{"href":"https:\/\/portaltela.pt\/api\/wp\/v2\/media?parent=159733"}],"wp:term":[{"taxonomy":"category","embeddable":true,"href":"https:\/\/portaltela.pt\/api\/wp\/v2\/categories?post=159733"},{"taxonomy":"post_tag","embeddable":true,"href":"https:\/\/portaltela.pt\/api\/wp\/v2\/tags?post=159733"}],"curies":[{"name":"wp","href":"https:\/\/api.w.org\/{rel}","templated":true}]}}