{"id":159718,"date":"2026-01-21T10:22:00","date_gmt":"2026-01-21T13:22:00","guid":{"rendered":"https:\/\/portaltela.pt\/noticias\/2026\/01\/21\/jpp-alerta-madeirenses-sobre-alteracoes-ao-subsidio-de-mobilidade\/"},"modified":"2026-01-21T10:22:00","modified_gmt":"2026-01-21T13:22:00","slug":"jpp-alerta-madeirenses-sobre-alteracoes-ao-subsidio-de-mobilidade","status":"publish","type":"post","link":"https:\/\/portaltela.pt\/noticias\/politica\/2026\/01\/21\/jpp-alerta-madeirenses-sobre-alteracoes-ao-subsidio-de-mobilidade\/","title":{"rendered":"JPP alerta madeirenses sobre altera\u00e7\u00f5es ao subs\u00eddio de mobilidade"},"content":{"rendered":"<p>O Grupo Parlamentar do Juntos Pelo Povo (JPP) votou contra a reda\u00e7\u00e3o final apresentada pela maioria PSD\/CDS na Assembleia Legislativa da Madeira (ALRAM). A decis\u00e3o incide sobre as altera\u00e7\u00f5es ao Decreto-lei n.\u00ba 1-N2026, de 6 de Janeiro, que visam revogar normas regulamentares da lei em vigor. A bancada entende que as mudan\u00e7as s\u00e3o lesivas aos direitos dos residentes na Madeira, Porto Santo e A\u00e7ores, por n\u00e3o respeitarem a continuidade territorial e a coes\u00e3o social.<\/p>\n<p>A discuss\u00e3o decorreu ap\u00f3s a aprova\u00e7\u00e3o, em sede de generalidade, da proposta de altera\u00e7\u00e3o apresentada pelo PSD\/CDS. Seguiu-se o debate na especialidade, com v\u00e1rios partidos a apresentarem propostas de modifica\u00e7\u00e3o ao projeto da maioria.<\/p>\n<p>O JPP afirma que \u00e9 imperativa a anula\u00e7\u00e3o de pontos-chave da proposta. Entre eles, a revoga\u00e7\u00e3o de exig\u00eancias para acesso ao Subs\u00eddio Social de Mobilidade (SSM), a restri\u00e7\u00e3o de custos de viagem e o mecanismo de adiantamentos ao Estado que refor\u00e7am a garantia de acesso aos subs\u00eddios.<\/p>\n<h3>Contexto financeiro e operacional<\/h3>\n<p>Segundo o JPP, o texto em discuss\u00e3o mant\u00e9m incertezas sobre quando a plataforma de pagamento ficar\u00e1 operacional. A bancada sustenta que a aus\u00eancia de clareza impede o pagamento direto pelos residentes, tornando a solu\u00e7\u00e3o dependente de uma futura verifica\u00e7\u00e3o operacional.<\/p>\n<p>O l\u00edder do JPP acusa o PSD\/CDS de criar uma \u201ccilada\u201d aos residentes, ao alinhar regras confusas com um sistema de pagamento que ainda n\u00e3o est\u00e1 definido. O objetivo alegado \u00e9 manter o valor de 79 euros para residentes e 59 euros para estudantes, com demais itens considerados secund\u00e1rios pelo grupo.<\/p>\n<p>A bancada perspetiva que o atraso na implementa\u00e7\u00e3o da plataforma permitiria manter benef\u00edcios de forma indefinida sem solu\u00e7\u00e3o clara. Em comunicado, o JPP refor\u00e7ou que n\u00e3o aceita medidas que atrasem a acessibilidade ao subs\u00eddio.<\/p>\n","protected":false},"excerpt":{"rendered":"<ul>\n<li>O Grupo Parlamentar do Juntos Pelo Povo (JPP) votou contra a reda\u00e7\u00e3o final apresentada pela maioria PSD\/CDS na Assembleia Legislativa da Madeira (ALRAM) nas altera\u00e7\u00f5es ao Decreto-lei n.\u00ba 1-N\/2026, de 6 de Janeiro.<\/li>\n<li>O JPP considera as altera\u00e7\u00f5es \u201caltamente lesivas\u201d e um atentado aos direitos dos madeirenses, porto-santenses e a\u00e7orianos, por n\u00e3o respeitarem a continuidade territorial e a coes\u00e3o social.<\/li>\n<li>A proposta de altera\u00e7\u00e3o foi aprovada na generalidade na ter\u00e7a-feira, seguindo para discuss\u00e3o na especialidade em comiss\u00e3o, com propostas de v\u00e1rias bancadas.<\/li>\n<li>O JPP defende a anula\u00e7\u00e3o de pontos como a exig\u00eancia de prova de inexist\u00eancia de d\u00edvida para aceder ao Subs\u00eddio Social de Mobilidade, o novo teto de 200 euros por viagem e as garantias de que estudante pagar\u00e1 59 euros e residente 79 euros, eliminando adiantamentos ao Estado.<\/li>\n<li>O l\u00edder do JPP acusa o PSD\/CDS de montar uma cilada aos madeirenses e porto-santenses, alegando incerteza sobre o momento de entrada em funcionamento da plataforma e defendendo que apenas os valores de 59 e 79 euros devem vigorar.<\/li>\n<\/ul>\n","protected":false},"author":2,"featured_media":159767,"comment_status":"closed","ping_status":"closed","sticky":false,"template":"","format":"standard","meta":{"footnotes":""},"categories":[1,5],"tags":[1323,1870,859,2110,2832,2575],"class_list":["post-159718","post","type-post","status-publish","format-standard","has-post-thumbnail","hentry","category-noticias","category-politica","tag-coesao-social","tag-continuidade-territorial","tag-madeira","tag-mobilidade","tag-politica","tag-subsidio-social"],"yoast_head":"<!-- This site is optimized with the Yoast SEO plugin v27.2 - https:\/\/yoast.com\/product\/yoast-seo-wordpress\/ -->\n<title>JPP alerta madeirenses sobre altera\u00e7\u00f5es ao subs\u00eddio de mobilidade - Portal Tela Portugal<\/title>\n<meta name=\"robots\" content=\"index, follow, max-snippet:-1, max-image-preview:large, max-video-preview:-1\" \/>\n<meta property=\"og:locale\" content=\"pt_PT\" \/>\n<meta property=\"og:type\" content=\"article\" \/>\n<meta property=\"og:title\" content=\"JPP alerta madeirenses sobre altera\u00e7\u00f5es ao subs\u00eddio de mobilidade - Portal Tela Portugal\" \/>\n<meta property=\"og:description\" content=\"O Grupo Parlamentar do Juntos Pelo Povo (JPP) votou contra a reda\u00e7\u00e3o final apresentada pela maioria PSD\/CDS na Assembleia Legislativa da Madeira (ALRAM) nas altera\u00e7\u00f5es ao Decreto-lei n.\u00ba 1-N\/2026, de 6 de Janeiro. O JPP considera as altera\u00e7\u00f5es \u201caltamente lesivas\u201d e um atentado aos direitos dos madeirenses, porto-santenses e a\u00e7orianos, por n\u00e3o respeitarem a continuidade territorial e a coes\u00e3o social. A proposta de altera\u00e7\u00e3o foi aprovada na generalidade na ter\u00e7a-feira, seguindo para discuss\u00e3o na especialidade em comiss\u00e3o, com propostas de v\u00e1rias bancadas. O JPP defende a anula\u00e7\u00e3o de pontos como a exig\u00eancia de prova de inexist\u00eancia de d\u00edvida para aceder ao Subs\u00eddio Social de Mobilidade, o novo teto de 200 euros por viagem e as garantias de que estudante pagar\u00e1 59 euros e residente 79 euros, eliminando adiantamentos ao Estado. O l\u00edder do JPP acusa o PSD\/CDS de montar uma cilada aos madeirenses e porto-santenses, alegando incerteza sobre o momento de entrada em funcionamento da plataforma e defendendo que apenas os valores de 59 e 79 euros devem vigorar.\" \/>\n<meta property=\"og:url\" content=\"https:\/\/portaltela.pt\/noticias\/2026\/01\/21\/jpp-alerta-madeirenses-sobre-alteracoes-ao-subsidio-de-mobilidade\/\" \/>\n<meta property=\"og:site_name\" content=\"Portal Tela Portugal\" \/>\n<meta property=\"article:published_time\" content=\"2026-01-21T13:22:00+00:00\" \/>\n<meta name=\"author\" content=\"Telinha\" \/>\n<meta name=\"twitter:card\" content=\"summary_large_image\" \/>\n<meta name=\"twitter:label1\" content=\"Escrito por\" \/>\n\t<meta name=\"twitter:data1\" content=\"Telinha\" \/>\n\t<meta name=\"twitter:label2\" content=\"Tempo estimado de leitura\" \/>\n\t<meta name=\"twitter:data2\" content=\"2 minutos\" \/>\n<script type=\"application\/ld+json\" class=\"yoast-schema-graph\">{\"@context\":\"https:\/\/schema.org\",\"@graph\":[{\"@type\":\"Article\",\"@id\":\"https:\/\/portaltela.pt\/noticias\/2026\/01\/21\/jpp-alerta-madeirenses-sobre-alteracoes-ao-subsidio-de-mobilidade\/#article\",\"isPartOf\":{\"@id\":\"https:\/\/portaltela.pt\/noticias\/2026\/01\/21\/jpp-alerta-madeirenses-sobre-alteracoes-ao-subsidio-de-mobilidade\/\"},\"author\":{\"name\":\"Telinha\",\"@id\":\"https:\/\/portaltela.pt\/#\/schema\/person\/c4278d4a6028830caff9ee44b42d32ed\"},\"headline\":\"JPP alerta madeirenses sobre altera\u00e7\u00f5es ao subs\u00eddio de mobilidade\",\"datePublished\":\"2026-01-21T13:22:00+00:00\",\"mainEntityOfPage\":{\"@id\":\"https:\/\/portaltela.pt\/noticias\/2026\/01\/21\/jpp-alerta-madeirenses-sobre-alteracoes-ao-subsidio-de-mobilidade\/\"},\"wordCount\":328,\"image\":{\"@id\":\"https:\/\/portaltela.pt\/noticias\/2026\/01\/21\/jpp-alerta-madeirenses-sobre-alteracoes-ao-subsidio-de-mobilidade\/#primaryimage\"},\"thumbnailUrl\":\"https:\/\/portaltela.pt\/s.01k8rhncp4jt1\/2026\/01\/unnamed-file-4364.jpg\",\"keywords\":[\"Coes\u00e3o social\",\"Continuidade Territorial\",\"Madeira\",\"mobilidade\",\"pol\u00edtica\",\"Subs\u00eddio Social\"],\"articleSection\":[\"Not\u00edcias\",\"Pol\u00edtica\"],\"inLanguage\":\"pt-PT\"},{\"@type\":\"WebPage\",\"@id\":\"https:\/\/portaltela.pt\/noticias\/2026\/01\/21\/jpp-alerta-madeirenses-sobre-alteracoes-ao-subsidio-de-mobilidade\/\",\"url\":\"https:\/\/portaltela.pt\/noticias\/2026\/01\/21\/jpp-alerta-madeirenses-sobre-alteracoes-ao-subsidio-de-mobilidade\/\",\"name\":\"JPP alerta madeirenses sobre altera\u00e7\u00f5es ao subs\u00eddio de mobilidade - Portal Tela Portugal\",\"isPartOf\":{\"@id\":\"https:\/\/portaltela.pt\/#website\"},\"primaryImageOfPage\":{\"@id\":\"https:\/\/portaltela.pt\/noticias\/2026\/01\/21\/jpp-alerta-madeirenses-sobre-alteracoes-ao-subsidio-de-mobilidade\/#primaryimage\"},\"image\":{\"@id\":\"https:\/\/portaltela.pt\/noticias\/2026\/01\/21\/jpp-alerta-madeirenses-sobre-alteracoes-ao-subsidio-de-mobilidade\/#primaryimage\"},\"thumbnailUrl\":\"https:\/\/portaltela.pt\/s.01k8rhncp4jt1\/2026\/01\/unnamed-file-4364.jpg\",\"datePublished\":\"2026-01-21T13:22:00+00:00\",\"author\":{\"@id\":\"https:\/\/portaltela.pt\/#\/schema\/person\/c4278d4a6028830caff9ee44b42d32ed\"},\"breadcrumb\":{\"@id\":\"https:\/\/portaltela.pt\/noticias\/2026\/01\/21\/jpp-alerta-madeirenses-sobre-alteracoes-ao-subsidio-de-mobilidade\/#breadcrumb\"},\"inLanguage\":\"pt-PT\",\"potentialAction\":[{\"@type\":\"ReadAction\",\"target\":[\"https:\/\/portaltela.pt\/noticias\/2026\/01\/21\/jpp-alerta-madeirenses-sobre-alteracoes-ao-subsidio-de-mobilidade\/\"]}]},{\"@type\":\"ImageObject\",\"inLanguage\":\"pt-PT\",\"@id\":\"https:\/\/portaltela.pt\/noticias\/2026\/01\/21\/jpp-alerta-madeirenses-sobre-alteracoes-ao-subsidio-de-mobilidade\/#primaryimage\",\"url\":\"https:\/\/portaltela.pt\/s.01k8rhncp4jt1\/2026\/01\/unnamed-file-4364.jpg\",\"contentUrl\":\"https:\/\/portaltela.pt\/s.01k8rhncp4jt1\/2026\/01\/unnamed-file-4364.jpg\",\"width\":796,\"height\":448,\"caption\":\"JPP avisa madeirenses para \\\"cilada\\\" nas altera\u00e7\u00f5es ao subs\u00eddio de mobilidade\"},{\"@type\":\"BreadcrumbList\",\"@id\":\"https:\/\/portaltela.pt\/noticias\/2026\/01\/21\/jpp-alerta-madeirenses-sobre-alteracoes-ao-subsidio-de-mobilidade\/#breadcrumb\",\"itemListElement\":[{\"@type\":\"ListItem\",\"position\":1,\"name\":\"In\u00edcio\",\"item\":\"https:\/\/portaltela.pt\/\"},{\"@type\":\"ListItem\",\"position\":2,\"name\":\"JPP alerta madeirenses sobre altera\u00e7\u00f5es ao subs\u00eddio de mobilidade\"}]},{\"@type\":\"WebSite\",\"@id\":\"https:\/\/portaltela.pt\/#website\",\"url\":\"https:\/\/portaltela.pt\/\",\"name\":\"Portal Tela Portugal\",\"description\":\"\",\"potentialAction\":[{\"@type\":\"SearchAction\",\"target\":{\"@type\":\"EntryPoint\",\"urlTemplate\":\"https:\/\/portaltela.pt\/?s={search_term_string}\"},\"query-input\":{\"@type\":\"PropertyValueSpecification\",\"valueRequired\":true,\"valueName\":\"search_term_string\"}}],\"inLanguage\":\"pt-PT\"},{\"@type\":\"Person\",\"@id\":\"https:\/\/portaltela.pt\/#\/schema\/person\/c4278d4a6028830caff9ee44b42d32ed\",\"name\":\"Telinha\",\"image\":{\"@type\":\"ImageObject\",\"inLanguage\":\"pt-PT\",\"@id\":\"https:\/\/portaltela.pt\/s.01k8rhncp4jt1\/2025\/11\/talking-bot-125x125.png\",\"url\":\"https:\/\/portaltela.pt\/s.01k8rhncp4jt1\/2025\/11\/talking-bot-125x125.png\",\"contentUrl\":\"https:\/\/portaltela.pt\/s.01k8rhncp4jt1\/2025\/11\/talking-bot-125x125.png\",\"caption\":\"Telinha\"},\"sameAs\":[\"https:\/\/portaltela.pt\/\"],\"url\":\"https:\/\/portaltela.pt\/por\/367410592786\/\"}]}<\/script>\n<!-- \/ Yoast SEO plugin. -->","yoast_head_json":{"title":"JPP alerta madeirenses sobre altera\u00e7\u00f5es ao subs\u00eddio de mobilidade - Portal Tela Portugal","robots":{"index":"index","follow":"follow","max-snippet":"max-snippet:-1","max-image-preview":"max-image-preview:large","max-video-preview":"max-video-preview:-1"},"og_locale":"pt_PT","og_type":"article","og_title":"JPP alerta madeirenses sobre altera\u00e7\u00f5es ao subs\u00eddio de mobilidade - Portal Tela Portugal","og_description":"O Grupo Parlamentar do Juntos Pelo Povo (JPP) votou contra a reda\u00e7\u00e3o final apresentada pela maioria PSD\/CDS na Assembleia Legislativa da Madeira (ALRAM) nas altera\u00e7\u00f5es ao Decreto-lei n.\u00ba 1-N\/2026, de 6 de Janeiro. O JPP considera as altera\u00e7\u00f5es \u201caltamente lesivas\u201d e um atentado aos direitos dos madeirenses, porto-santenses e a\u00e7orianos, por n\u00e3o respeitarem a continuidade territorial e a coes\u00e3o social. A proposta de altera\u00e7\u00e3o foi aprovada na generalidade na ter\u00e7a-feira, seguindo para discuss\u00e3o na especialidade em comiss\u00e3o, com propostas de v\u00e1rias bancadas. O JPP defende a anula\u00e7\u00e3o de pontos como a exig\u00eancia de prova de inexist\u00eancia de d\u00edvida para aceder ao Subs\u00eddio Social de Mobilidade, o novo teto de 200 euros por viagem e as garantias de que estudante pagar\u00e1 59 euros e residente 79 euros, eliminando adiantamentos ao Estado. O l\u00edder do JPP acusa o PSD\/CDS de montar uma cilada aos madeirenses e porto-santenses, alegando incerteza sobre o momento de entrada em funcionamento da plataforma e defendendo que apenas os valores de 59 e 79 euros devem vigorar.","og_url":"https:\/\/portaltela.pt\/noticias\/2026\/01\/21\/jpp-alerta-madeirenses-sobre-alteracoes-ao-subsidio-de-mobilidade\/","og_site_name":"Portal Tela Portugal","article_published_time":"2026-01-21T13:22:00+00:00","author":"Telinha","twitter_card":"summary_large_image","twitter_misc":{"Escrito por":"Telinha","Tempo estimado de leitura":"2 minutos"},"schema":{"@context":"https:\/\/schema.org","@graph":[{"@type":"Article","@id":"https:\/\/portaltela.pt\/noticias\/2026\/01\/21\/jpp-alerta-madeirenses-sobre-alteracoes-ao-subsidio-de-mobilidade\/#article","isPartOf":{"@id":"https:\/\/portaltela.pt\/noticias\/2026\/01\/21\/jpp-alerta-madeirenses-sobre-alteracoes-ao-subsidio-de-mobilidade\/"},"author":{"name":"Telinha","@id":"https:\/\/portaltela.pt\/#\/schema\/person\/c4278d4a6028830caff9ee44b42d32ed"},"headline":"JPP alerta madeirenses sobre altera\u00e7\u00f5es ao subs\u00eddio de mobilidade","datePublished":"2026-01-21T13:22:00+00:00","mainEntityOfPage":{"@id":"https:\/\/portaltela.pt\/noticias\/2026\/01\/21\/jpp-alerta-madeirenses-sobre-alteracoes-ao-subsidio-de-mobilidade\/"},"wordCount":328,"image":{"@id":"https:\/\/portaltela.pt\/noticias\/2026\/01\/21\/jpp-alerta-madeirenses-sobre-alteracoes-ao-subsidio-de-mobilidade\/#primaryimage"},"thumbnailUrl":"https:\/\/portaltela.pt\/s.01k8rhncp4jt1\/2026\/01\/unnamed-file-4364.jpg","keywords":["Coes\u00e3o social","Continuidade Territorial","Madeira","mobilidade","pol\u00edtica","Subs\u00eddio Social"],"articleSection":["Not\u00edcias","Pol\u00edtica"],"inLanguage":"pt-PT"},{"@type":"WebPage","@id":"https:\/\/portaltela.pt\/noticias\/2026\/01\/21\/jpp-alerta-madeirenses-sobre-alteracoes-ao-subsidio-de-mobilidade\/","url":"https:\/\/portaltela.pt\/noticias\/2026\/01\/21\/jpp-alerta-madeirenses-sobre-alteracoes-ao-subsidio-de-mobilidade\/","name":"JPP alerta madeirenses sobre altera\u00e7\u00f5es ao subs\u00eddio de mobilidade - Portal Tela Portugal","isPartOf":{"@id":"https:\/\/portaltela.pt\/#website"},"primaryImageOfPage":{"@id":"https:\/\/portaltela.pt\/noticias\/2026\/01\/21\/jpp-alerta-madeirenses-sobre-alteracoes-ao-subsidio-de-mobilidade\/#primaryimage"},"image":{"@id":"https:\/\/portaltela.pt\/noticias\/2026\/01\/21\/jpp-alerta-madeirenses-sobre-alteracoes-ao-subsidio-de-mobilidade\/#primaryimage"},"thumbnailUrl":"https:\/\/portaltela.pt\/s.01k8rhncp4jt1\/2026\/01\/unnamed-file-4364.jpg","datePublished":"2026-01-21T13:22:00+00:00","author":{"@id":"https:\/\/portaltela.pt\/#\/schema\/person\/c4278d4a6028830caff9ee44b42d32ed"},"breadcrumb":{"@id":"https:\/\/portaltela.pt\/noticias\/2026\/01\/21\/jpp-alerta-madeirenses-sobre-alteracoes-ao-subsidio-de-mobilidade\/#breadcrumb"},"inLanguage":"pt-PT","potentialAction":[{"@type":"ReadAction","target":["https:\/\/portaltela.pt\/noticias\/2026\/01\/21\/jpp-alerta-madeirenses-sobre-alteracoes-ao-subsidio-de-mobilidade\/"]}]},{"@type":"ImageObject","inLanguage":"pt-PT","@id":"https:\/\/portaltela.pt\/noticias\/2026\/01\/21\/jpp-alerta-madeirenses-sobre-alteracoes-ao-subsidio-de-mobilidade\/#primaryimage","url":"https:\/\/portaltela.pt\/s.01k8rhncp4jt1\/2026\/01\/unnamed-file-4364.jpg","contentUrl":"https:\/\/portaltela.pt\/s.01k8rhncp4jt1\/2026\/01\/unnamed-file-4364.jpg","width":796,"height":448,"caption":"JPP avisa madeirenses para \"cilada\" nas altera\u00e7\u00f5es ao subs\u00eddio de mobilidade"},{"@type":"BreadcrumbList","@id":"https:\/\/portaltela.pt\/noticias\/2026\/01\/21\/jpp-alerta-madeirenses-sobre-alteracoes-ao-subsidio-de-mobilidade\/#breadcrumb","itemListElement":[{"@type":"ListItem","position":1,"name":"In\u00edcio","item":"https:\/\/portaltela.pt\/"},{"@type":"ListItem","position":2,"name":"JPP alerta madeirenses sobre altera\u00e7\u00f5es ao subs\u00eddio de mobilidade"}]},{"@type":"WebSite","@id":"https:\/\/portaltela.pt\/#website","url":"https:\/\/portaltela.pt\/","name":"Portal Tela Portugal","description":"","potentialAction":[{"@type":"SearchAction","target":{"@type":"EntryPoint","urlTemplate":"https:\/\/portaltela.pt\/?s={search_term_string}"},"query-input":{"@type":"PropertyValueSpecification","valueRequired":true,"valueName":"search_term_string"}}],"inLanguage":"pt-PT"},{"@type":"Person","@id":"https:\/\/portaltela.pt\/#\/schema\/person\/c4278d4a6028830caff9ee44b42d32ed","name":"Telinha","image":{"@type":"ImageObject","inLanguage":"pt-PT","@id":"https:\/\/portaltela.pt\/s.01k8rhncp4jt1\/2025\/11\/talking-bot-125x125.png","url":"https:\/\/portaltela.pt\/s.01k8rhncp4jt1\/2025\/11\/talking-bot-125x125.png","contentUrl":"https:\/\/portaltela.pt\/s.01k8rhncp4jt1\/2025\/11\/talking-bot-125x125.png","caption":"Telinha"},"sameAs":["https:\/\/portaltela.pt\/"],"url":"https:\/\/portaltela.pt\/por\/367410592786\/"}]}},"_links":{"self":[{"href":"https:\/\/portaltela.pt\/api\/wp\/v2\/posts\/159718","targetHints":{"allow":["GET"]}}],"collection":[{"href":"https:\/\/portaltela.pt\/api\/wp\/v2\/posts"}],"about":[{"href":"https:\/\/portaltela.pt\/api\/wp\/v2\/types\/post"}],"author":[{"embeddable":true,"href":"https:\/\/portaltela.pt\/api\/wp\/v2\/users\/2"}],"replies":[{"embeddable":true,"href":"https:\/\/portaltela.pt\/api\/wp\/v2\/comments?post=159718"}],"version-history":[{"count":0,"href":"https:\/\/portaltela.pt\/api\/wp\/v2\/posts\/159718\/revisions"}],"wp:featuredmedia":[{"embeddable":true,"href":"https:\/\/portaltela.pt\/api\/wp\/v2\/media\/159767"}],"wp:attachment":[{"href":"https:\/\/portaltela.pt\/api\/wp\/v2\/media?parent=159718"}],"wp:term":[{"taxonomy":"category","embeddable":true,"href":"https:\/\/portaltela.pt\/api\/wp\/v2\/categories?post=159718"},{"taxonomy":"post_tag","embeddable":true,"href":"https:\/\/portaltela.pt\/api\/wp\/v2\/tags?post=159718"}],"curies":[{"name":"wp","href":"https:\/\/api.w.org\/{rel}","templated":true}]}}