{"id":159716,"date":"2026-01-21T10:48:01","date_gmt":"2026-01-21T13:48:01","guid":{"rendered":"https:\/\/portaltela.pt\/noticias\/2026\/01\/21\/ultras-do-sporting-e-psg-confrontam-se-apos-vitoria-leonina-em-alvalade\/"},"modified":"2026-01-21T10:48:01","modified_gmt":"2026-01-21T13:48:01","slug":"ultras-do-sporting-e-psg-confrontam-se-apos-vitoria-leonina-em-alvalade","status":"publish","type":"post","link":"https:\/\/portaltela.pt\/desporto\/futebol\/2026\/01\/21\/ultras-do-sporting-e-psg-confrontam-se-apos-vitoria-leonina-em-alvalade\/","title":{"rendered":"Ultras do Sporting e PSG confrontam-se ap\u00f3s vit\u00f3ria leonina em Alvalade"},"content":{"rendered":"<p>O jogo entre Sporting e PSG, da Liga dos Campe\u00f5es, terminou com vit\u00f3ria do Sporting por 2-1. A tens\u00e3o j\u00e1 era anunciada, com 2.600 adeptos do PSG no Est\u00e1dio Jos\u00e9 Alvalade. Entre estes, 500 estavam ligados \u00e0 claque ultr\u00e0. A PSP tinha alertado para cen\u00e1rios de risco.<\/p>\n<p>Horas ap\u00f3s o apito final, ocorreram confrontos entre ultras do PSG e do Sporting na \u00e1rea da casinha, pr\u00f3ximo da sede da Juventude Leonina. A interven\u00e7\u00e3o policial foi necess\u00e1ria para dispersar os envolvidos e evitar novas escaladas.<\/p>\n<p>Ao longo da noite, surgiram pichagens na porta da sede da Juve Leo, com assinatura dos ultras parisienses. Durante o dia anterior, graffitis foram registados em zonas junto ao est\u00e1dio, segundo relatos no local.<\/p>\n<p>A PSP n\u00e3o comentou oficialmente o epis\u00f3dio at\u00e9 ao momento. Recorda-se que, em 2022, a visita dos franceses ao reduto do Benfica tamb\u00e9m esteve marcada por confrontos com as for\u00e7as de seguran\u00e7a.<\/p>\n<p>Confrontos ap\u00f3s o jogo<\/p>\n<p>Confrontos entre adeptos de PSG e Sporting ocorreram na zona da sede da Juventude Leonina, com interven\u00e7\u00e3o policial e registo de pichagens associadas aos ultr\u00e0s de Paris.<\/p>\n","protected":false},"excerpt":{"rendered":"<ul>\n<li>O Sporting venceu o PSG por 2-1, num jogo de Champions, com 2.600 adeptos do PSG no Est\u00e1dio Jos\u00e9 Alvalade, dos quais 500 ligados \u00e0 claque ultra.<\/li>\n<li>Horas ap\u00f3s o final, ocorreram confrontos entre ultras do PSG e do Sporting na zona da casinha, sede da Juventude Leonina, levando a uma interven\u00e7\u00e3o policial.<\/li>\n<li>Durante a noite houve pichagens \u00e0 porta da sede da Juventude Leonina, com marcas dos ultras parisienses; graffiti foram vistos em zonas junto ao est\u00e1dio no dia anterior.<\/li>\n<li>A PSP estava preparada para cen\u00e1rios de alto risco, mas n\u00e3o relatou incidentes antes ou durante o encontro.<\/li>\n<li>Em 2022, o PSG j\u00e1 protagonizou confrontos na visita ao Benfica, entre membros da claque e as for\u00e7as de seguran\u00e7a.<\/li>\n<\/ul>\n","protected":false},"author":2,"featured_media":159740,"comment_status":"closed","ping_status":"closed","sticky":false,"template":"","format":"standard","meta":{"footnotes":""},"categories":[21,24],"tags":[2533,178,32,3524,1982,1652],"class_list":["post-159716","post","type-post","status-publish","format-standard","has-post-thumbnail","hentry","category-desporto","category-futebol","tag-adeptos","tag-confrontos","tag-futebol","tag-juventude-leonina","tag-paris-saint-germain","tag-sporting"],"yoast_head":"<!-- This site is optimized with the Yoast SEO plugin v27.2 - https:\/\/yoast.com\/product\/yoast-seo-wordpress\/ -->\n<title>Ultras do Sporting e PSG confrontam-se ap\u00f3s vit\u00f3ria leonina em Alvalade - Portal Tela Portugal<\/title>\n<meta name=\"robots\" content=\"index, follow, max-snippet:-1, max-image-preview:large, max-video-preview:-1\" \/>\n<meta property=\"og:locale\" content=\"pt_PT\" \/>\n<meta property=\"og:type\" content=\"article\" \/>\n<meta property=\"og:title\" content=\"Ultras do Sporting e PSG confrontam-se ap\u00f3s vit\u00f3ria leonina em Alvalade - Portal Tela Portugal\" \/>\n<meta property=\"og:description\" content=\"O Sporting venceu o PSG por 2-1, num jogo de Champions, com 2.600 adeptos do PSG no Est\u00e1dio Jos\u00e9 Alvalade, dos quais 500 ligados \u00e0 claque ultra. Horas ap\u00f3s o final, ocorreram confrontos entre ultras do PSG e do Sporting na zona da casinha, sede da Juventude Leonina, levando a uma interven\u00e7\u00e3o policial. Durante a noite houve pichagens \u00e0 porta da sede da Juventude Leonina, com marcas dos ultras parisienses; graffiti foram vistos em zonas junto ao est\u00e1dio no dia anterior. A PSP estava preparada para cen\u00e1rios de alto risco, mas n\u00e3o relatou incidentes antes ou durante o encontro. Em 2022, o PSG j\u00e1 protagonizou confrontos na visita ao Benfica, entre membros da claque e as for\u00e7as de seguran\u00e7a.\" \/>\n<meta property=\"og:url\" content=\"https:\/\/portaltela.pt\/noticias\/2026\/01\/21\/ultras-do-sporting-e-psg-confrontam-se-apos-vitoria-leonina-em-alvalade\/\" \/>\n<meta property=\"og:site_name\" content=\"Portal Tela Portugal\" \/>\n<meta property=\"article:published_time\" content=\"2026-01-21T13:48:01+00:00\" \/>\n<meta name=\"author\" content=\"Telinha\" \/>\n<meta name=\"twitter:card\" content=\"summary_large_image\" \/>\n<meta name=\"twitter:label1\" content=\"Escrito por\" \/>\n\t<meta name=\"twitter:data1\" content=\"Telinha\" \/>\n\t<meta name=\"twitter:label2\" content=\"Tempo estimado de leitura\" \/>\n\t<meta name=\"twitter:data2\" content=\"1 minuto\" \/>\n<script type=\"application\/ld+json\" class=\"yoast-schema-graph\">{\"@context\":\"https:\/\/schema.org\",\"@graph\":[{\"@type\":\"Article\",\"@id\":\"https:\/\/portaltela.pt\/noticias\/2026\/01\/21\/ultras-do-sporting-e-psg-confrontam-se-apos-vitoria-leonina-em-alvalade\/#article\",\"isPartOf\":{\"@id\":\"https:\/\/portaltela.pt\/noticias\/2026\/01\/21\/ultras-do-sporting-e-psg-confrontam-se-apos-vitoria-leonina-em-alvalade\/\"},\"author\":{\"name\":\"Telinha\",\"@id\":\"https:\/\/portaltela.pt\/#\/schema\/person\/c4278d4a6028830caff9ee44b42d32ed\"},\"headline\":\"Ultras do Sporting e PSG confrontam-se ap\u00f3s vit\u00f3ria leonina em Alvalade\",\"datePublished\":\"2026-01-21T13:48:01+00:00\",\"mainEntityOfPage\":{\"@id\":\"https:\/\/portaltela.pt\/noticias\/2026\/01\/21\/ultras-do-sporting-e-psg-confrontam-se-apos-vitoria-leonina-em-alvalade\/\"},\"wordCount\":208,\"image\":{\"@id\":\"https:\/\/portaltela.pt\/noticias\/2026\/01\/21\/ultras-do-sporting-e-psg-confrontam-se-apos-vitoria-leonina-em-alvalade\/#primaryimage\"},\"thumbnailUrl\":\"https:\/\/portaltela.pt\/s.01k8rhncp4jt1\/2026\/01\/img_920x518uu2026-01-21-13-31-50-2416272.jpg\",\"keywords\":[\"adeptos\",\"confrontos\",\"futebol\",\"Juventude Leonina\",\"Paris Saint-Germain\",\"Sporting\"],\"articleSection\":[\"Desporto\",\"Futebol\"],\"inLanguage\":\"pt-PT\"},{\"@type\":\"WebPage\",\"@id\":\"https:\/\/portaltela.pt\/noticias\/2026\/01\/21\/ultras-do-sporting-e-psg-confrontam-se-apos-vitoria-leonina-em-alvalade\/\",\"url\":\"https:\/\/portaltela.pt\/noticias\/2026\/01\/21\/ultras-do-sporting-e-psg-confrontam-se-apos-vitoria-leonina-em-alvalade\/\",\"name\":\"Ultras do Sporting e PSG confrontam-se ap\u00f3s vit\u00f3ria leonina em Alvalade - Portal Tela Portugal\",\"isPartOf\":{\"@id\":\"https:\/\/portaltela.pt\/#website\"},\"primaryImageOfPage\":{\"@id\":\"https:\/\/portaltela.pt\/noticias\/2026\/01\/21\/ultras-do-sporting-e-psg-confrontam-se-apos-vitoria-leonina-em-alvalade\/#primaryimage\"},\"image\":{\"@id\":\"https:\/\/portaltela.pt\/noticias\/2026\/01\/21\/ultras-do-sporting-e-psg-confrontam-se-apos-vitoria-leonina-em-alvalade\/#primaryimage\"},\"thumbnailUrl\":\"https:\/\/portaltela.pt\/s.01k8rhncp4jt1\/2026\/01\/img_920x518uu2026-01-21-13-31-50-2416272.jpg\",\"datePublished\":\"2026-01-21T13:48:01+00:00\",\"author\":{\"@id\":\"https:\/\/portaltela.pt\/#\/schema\/person\/c4278d4a6028830caff9ee44b42d32ed\"},\"breadcrumb\":{\"@id\":\"https:\/\/portaltela.pt\/noticias\/2026\/01\/21\/ultras-do-sporting-e-psg-confrontam-se-apos-vitoria-leonina-em-alvalade\/#breadcrumb\"},\"inLanguage\":\"pt-PT\",\"potentialAction\":[{\"@type\":\"ReadAction\",\"target\":[\"https:\/\/portaltela.pt\/noticias\/2026\/01\/21\/ultras-do-sporting-e-psg-confrontam-se-apos-vitoria-leonina-em-alvalade\/\"]}]},{\"@type\":\"ImageObject\",\"inLanguage\":\"pt-PT\",\"@id\":\"https:\/\/portaltela.pt\/noticias\/2026\/01\/21\/ultras-do-sporting-e-psg-confrontam-se-apos-vitoria-leonina-em-alvalade\/#primaryimage\",\"url\":\"https:\/\/portaltela.pt\/s.01k8rhncp4jt1\/2026\/01\/img_920x518uu2026-01-21-13-31-50-2416272.jpg\",\"contentUrl\":\"https:\/\/portaltela.pt\/s.01k8rhncp4jt1\/2026\/01\/img_920x518uu2026-01-21-13-31-50-2416272.jpg\",\"width\":796,\"height\":448,\"caption\":\"Ultras do PSG fizeram pichagens na 'casinha' da Juve Leo\"},{\"@type\":\"BreadcrumbList\",\"@id\":\"https:\/\/portaltela.pt\/noticias\/2026\/01\/21\/ultras-do-sporting-e-psg-confrontam-se-apos-vitoria-leonina-em-alvalade\/#breadcrumb\",\"itemListElement\":[{\"@type\":\"ListItem\",\"position\":1,\"name\":\"In\u00edcio\",\"item\":\"https:\/\/portaltela.pt\/\"},{\"@type\":\"ListItem\",\"position\":2,\"name\":\"Ultras do Sporting e PSG confrontam-se ap\u00f3s vit\u00f3ria leonina em Alvalade\"}]},{\"@type\":\"WebSite\",\"@id\":\"https:\/\/portaltela.pt\/#website\",\"url\":\"https:\/\/portaltela.pt\/\",\"name\":\"Portal Tela Portugal\",\"description\":\"\",\"potentialAction\":[{\"@type\":\"SearchAction\",\"target\":{\"@type\":\"EntryPoint\",\"urlTemplate\":\"https:\/\/portaltela.pt\/?s={search_term_string}\"},\"query-input\":{\"@type\":\"PropertyValueSpecification\",\"valueRequired\":true,\"valueName\":\"search_term_string\"}}],\"inLanguage\":\"pt-PT\"},{\"@type\":\"Person\",\"@id\":\"https:\/\/portaltela.pt\/#\/schema\/person\/c4278d4a6028830caff9ee44b42d32ed\",\"name\":\"Telinha\",\"image\":{\"@type\":\"ImageObject\",\"inLanguage\":\"pt-PT\",\"@id\":\"https:\/\/portaltela.pt\/s.01k8rhncp4jt1\/2025\/11\/talking-bot-125x125.png\",\"url\":\"https:\/\/portaltela.pt\/s.01k8rhncp4jt1\/2025\/11\/talking-bot-125x125.png\",\"contentUrl\":\"https:\/\/portaltela.pt\/s.01k8rhncp4jt1\/2025\/11\/talking-bot-125x125.png\",\"caption\":\"Telinha\"},\"sameAs\":[\"https:\/\/portaltela.pt\/\"],\"url\":\"https:\/\/portaltela.pt\/por\/367410592786\/\"}]}<\/script>\n<!-- \/ Yoast SEO plugin. -->","yoast_head_json":{"title":"Ultras do Sporting e PSG confrontam-se ap\u00f3s vit\u00f3ria leonina em Alvalade - Portal Tela Portugal","robots":{"index":"index","follow":"follow","max-snippet":"max-snippet:-1","max-image-preview":"max-image-preview:large","max-video-preview":"max-video-preview:-1"},"og_locale":"pt_PT","og_type":"article","og_title":"Ultras do Sporting e PSG confrontam-se ap\u00f3s vit\u00f3ria leonina em Alvalade - Portal Tela Portugal","og_description":"O Sporting venceu o PSG por 2-1, num jogo de Champions, com 2.600 adeptos do PSG no Est\u00e1dio Jos\u00e9 Alvalade, dos quais 500 ligados \u00e0 claque ultra. Horas ap\u00f3s o final, ocorreram confrontos entre ultras do PSG e do Sporting na zona da casinha, sede da Juventude Leonina, levando a uma interven\u00e7\u00e3o policial. Durante a noite houve pichagens \u00e0 porta da sede da Juventude Leonina, com marcas dos ultras parisienses; graffiti foram vistos em zonas junto ao est\u00e1dio no dia anterior. A PSP estava preparada para cen\u00e1rios de alto risco, mas n\u00e3o relatou incidentes antes ou durante o encontro. Em 2022, o PSG j\u00e1 protagonizou confrontos na visita ao Benfica, entre membros da claque e as for\u00e7as de seguran\u00e7a.","og_url":"https:\/\/portaltela.pt\/noticias\/2026\/01\/21\/ultras-do-sporting-e-psg-confrontam-se-apos-vitoria-leonina-em-alvalade\/","og_site_name":"Portal Tela Portugal","article_published_time":"2026-01-21T13:48:01+00:00","author":"Telinha","twitter_card":"summary_large_image","twitter_misc":{"Escrito por":"Telinha","Tempo estimado de leitura":"1 minuto"},"schema":{"@context":"https:\/\/schema.org","@graph":[{"@type":"Article","@id":"https:\/\/portaltela.pt\/noticias\/2026\/01\/21\/ultras-do-sporting-e-psg-confrontam-se-apos-vitoria-leonina-em-alvalade\/#article","isPartOf":{"@id":"https:\/\/portaltela.pt\/noticias\/2026\/01\/21\/ultras-do-sporting-e-psg-confrontam-se-apos-vitoria-leonina-em-alvalade\/"},"author":{"name":"Telinha","@id":"https:\/\/portaltela.pt\/#\/schema\/person\/c4278d4a6028830caff9ee44b42d32ed"},"headline":"Ultras do Sporting e PSG confrontam-se ap\u00f3s vit\u00f3ria leonina em Alvalade","datePublished":"2026-01-21T13:48:01+00:00","mainEntityOfPage":{"@id":"https:\/\/portaltela.pt\/noticias\/2026\/01\/21\/ultras-do-sporting-e-psg-confrontam-se-apos-vitoria-leonina-em-alvalade\/"},"wordCount":208,"image":{"@id":"https:\/\/portaltela.pt\/noticias\/2026\/01\/21\/ultras-do-sporting-e-psg-confrontam-se-apos-vitoria-leonina-em-alvalade\/#primaryimage"},"thumbnailUrl":"https:\/\/portaltela.pt\/s.01k8rhncp4jt1\/2026\/01\/img_920x518uu2026-01-21-13-31-50-2416272.jpg","keywords":["adeptos","confrontos","futebol","Juventude Leonina","Paris Saint-Germain","Sporting"],"articleSection":["Desporto","Futebol"],"inLanguage":"pt-PT"},{"@type":"WebPage","@id":"https:\/\/portaltela.pt\/noticias\/2026\/01\/21\/ultras-do-sporting-e-psg-confrontam-se-apos-vitoria-leonina-em-alvalade\/","url":"https:\/\/portaltela.pt\/noticias\/2026\/01\/21\/ultras-do-sporting-e-psg-confrontam-se-apos-vitoria-leonina-em-alvalade\/","name":"Ultras do Sporting e PSG confrontam-se ap\u00f3s vit\u00f3ria leonina em Alvalade - Portal Tela Portugal","isPartOf":{"@id":"https:\/\/portaltela.pt\/#website"},"primaryImageOfPage":{"@id":"https:\/\/portaltela.pt\/noticias\/2026\/01\/21\/ultras-do-sporting-e-psg-confrontam-se-apos-vitoria-leonina-em-alvalade\/#primaryimage"},"image":{"@id":"https:\/\/portaltela.pt\/noticias\/2026\/01\/21\/ultras-do-sporting-e-psg-confrontam-se-apos-vitoria-leonina-em-alvalade\/#primaryimage"},"thumbnailUrl":"https:\/\/portaltela.pt\/s.01k8rhncp4jt1\/2026\/01\/img_920x518uu2026-01-21-13-31-50-2416272.jpg","datePublished":"2026-01-21T13:48:01+00:00","author":{"@id":"https:\/\/portaltela.pt\/#\/schema\/person\/c4278d4a6028830caff9ee44b42d32ed"},"breadcrumb":{"@id":"https:\/\/portaltela.pt\/noticias\/2026\/01\/21\/ultras-do-sporting-e-psg-confrontam-se-apos-vitoria-leonina-em-alvalade\/#breadcrumb"},"inLanguage":"pt-PT","potentialAction":[{"@type":"ReadAction","target":["https:\/\/portaltela.pt\/noticias\/2026\/01\/21\/ultras-do-sporting-e-psg-confrontam-se-apos-vitoria-leonina-em-alvalade\/"]}]},{"@type":"ImageObject","inLanguage":"pt-PT","@id":"https:\/\/portaltela.pt\/noticias\/2026\/01\/21\/ultras-do-sporting-e-psg-confrontam-se-apos-vitoria-leonina-em-alvalade\/#primaryimage","url":"https:\/\/portaltela.pt\/s.01k8rhncp4jt1\/2026\/01\/img_920x518uu2026-01-21-13-31-50-2416272.jpg","contentUrl":"https:\/\/portaltela.pt\/s.01k8rhncp4jt1\/2026\/01\/img_920x518uu2026-01-21-13-31-50-2416272.jpg","width":796,"height":448,"caption":"Ultras do PSG fizeram pichagens na 'casinha' da Juve Leo"},{"@type":"BreadcrumbList","@id":"https:\/\/portaltela.pt\/noticias\/2026\/01\/21\/ultras-do-sporting-e-psg-confrontam-se-apos-vitoria-leonina-em-alvalade\/#breadcrumb","itemListElement":[{"@type":"ListItem","position":1,"name":"In\u00edcio","item":"https:\/\/portaltela.pt\/"},{"@type":"ListItem","position":2,"name":"Ultras do Sporting e PSG confrontam-se ap\u00f3s vit\u00f3ria leonina em Alvalade"}]},{"@type":"WebSite","@id":"https:\/\/portaltela.pt\/#website","url":"https:\/\/portaltela.pt\/","name":"Portal Tela Portugal","description":"","potentialAction":[{"@type":"SearchAction","target":{"@type":"EntryPoint","urlTemplate":"https:\/\/portaltela.pt\/?s={search_term_string}"},"query-input":{"@type":"PropertyValueSpecification","valueRequired":true,"valueName":"search_term_string"}}],"inLanguage":"pt-PT"},{"@type":"Person","@id":"https:\/\/portaltela.pt\/#\/schema\/person\/c4278d4a6028830caff9ee44b42d32ed","name":"Telinha","image":{"@type":"ImageObject","inLanguage":"pt-PT","@id":"https:\/\/portaltela.pt\/s.01k8rhncp4jt1\/2025\/11\/talking-bot-125x125.png","url":"https:\/\/portaltela.pt\/s.01k8rhncp4jt1\/2025\/11\/talking-bot-125x125.png","contentUrl":"https:\/\/portaltela.pt\/s.01k8rhncp4jt1\/2025\/11\/talking-bot-125x125.png","caption":"Telinha"},"sameAs":["https:\/\/portaltela.pt\/"],"url":"https:\/\/portaltela.pt\/por\/367410592786\/"}]}},"_links":{"self":[{"href":"https:\/\/portaltela.pt\/api\/wp\/v2\/posts\/159716","targetHints":{"allow":["GET"]}}],"collection":[{"href":"https:\/\/portaltela.pt\/api\/wp\/v2\/posts"}],"about":[{"href":"https:\/\/portaltela.pt\/api\/wp\/v2\/types\/post"}],"author":[{"embeddable":true,"href":"https:\/\/portaltela.pt\/api\/wp\/v2\/users\/2"}],"replies":[{"embeddable":true,"href":"https:\/\/portaltela.pt\/api\/wp\/v2\/comments?post=159716"}],"version-history":[{"count":0,"href":"https:\/\/portaltela.pt\/api\/wp\/v2\/posts\/159716\/revisions"}],"wp:featuredmedia":[{"embeddable":true,"href":"https:\/\/portaltela.pt\/api\/wp\/v2\/media\/159740"}],"wp:attachment":[{"href":"https:\/\/portaltela.pt\/api\/wp\/v2\/media?parent=159716"}],"wp:term":[{"taxonomy":"category","embeddable":true,"href":"https:\/\/portaltela.pt\/api\/wp\/v2\/categories?post=159716"},{"taxonomy":"post_tag","embeddable":true,"href":"https:\/\/portaltela.pt\/api\/wp\/v2\/tags?post=159716"}],"curies":[{"name":"wp","href":"https:\/\/api.w.org\/{rel}","templated":true}]}}