{"id":159594,"date":"2026-01-21T10:04:00","date_gmt":"2026-01-21T13:04:00","guid":{"rendered":"https:\/\/portaltela.pt\/noticias\/2026\/01\/21\/campeao-mundial-e-acusado-de-trafico-de-pessoas\/"},"modified":"2026-01-21T10:04:00","modified_gmt":"2026-01-21T13:04:00","slug":"campeao-mundial-e-acusado-de-trafico-de-pessoas","status":"publish","type":"post","link":"https:\/\/portaltela.pt\/noticias\/2026\/01\/21\/campeao-mundial-e-acusado-de-trafico-de-pessoas\/","title":{"rendered":"Campe\u00e3o mundial \u00e9 acusado de tr\u00e1fico de pessoas"},"content":{"rendered":"<p>Lucas Hern\u00e1ndez, defesa do PSG e da sele\u00e7\u00e3o francesa, \u00e9 alvo de uma queixa que o acusa de tr\u00e1fico de pessoas e oculta\u00e7\u00e3o de trabalho. A den\u00fancia foi formalizada junto do Minist\u00e9rio P\u00fablico pela fam\u00edlia colombiana que diz ter trabalhado para o jogador entre setembro de 2024 e novembro de 2025.<\/p>\n<p>A fam\u00edlia alega que foi recrutada na Col\u00f4mbia e viajou para Fran\u00e7a para prestar servi\u00e7os dom\u00e9sticos, cozinha e seguran\u00e7a, em condi\u00e7\u00f5es de trabalho extensivas e sem enquadramento legal. O Paris Match cita ainda promessas de legaliza\u00e7\u00e3o que nunca se concretizaram.<\/p>\n<p>A advogada da fam\u00edlia afirma que o envolvimento de Hern\u00e1ndez manteve-os numa situa\u00e7\u00e3o econ\u00f3mica e social degradante; o caso \u00e9 tratado como escravatura moderna. Hern\u00e1ndez reagiu, afirmou estar chocado e est\u00e1 suspenso. N\u00e3o esteve presente no jogo do PSG em Lisboa contra o Sporting.<\/p>\n<h3>Rea\u00e7\u00e3o e pr\u00f3ximos passos<\/h3>\n<p>O atacante ainda n\u00e3o comentou publicamente sobre o caso e aguarda desfecho do processo junto do Minist\u00e9rio P\u00fablico. A defesa do jogador n\u00e3o divulgou detalhes adicionais, mantendo a linha de neutralidade.<\/p>\n<p>O PSG informou que acompanha o caso, sem confirmar novos detalhes, e segue a prepara\u00e7\u00e3o para pr\u00f3ximos jogos. A sele\u00e7\u00e3o francesa tamb\u00e9m n\u00e3o fez declara\u00e7\u00f5es adicionais at\u00e9 o momento. As investiga\u00e7\u00f5es devem esclarecer as alega\u00e7\u00f5es de explora\u00e7\u00e3o e condi\u00e7\u00f5es de trabalho.<\/p>\n","protected":false},"excerpt":{"rendered":"<ul>\n<li>Lucas Hern\u00e1ndez, defesa do Paris Saint\u2011Germain e da sele\u00e7\u00e3o de Fran\u00e7a, e a sua noiva, Victoria Triay, s\u00e3o acusados de tr\u00e1fico de pessoas e de oculta\u00e7\u00e3o de trabalho por uma fam\u00edlia colombiana; a queixa j\u00e1 foi formalizada junto do Minist\u00e9rio P\u00fablico.<\/li>\n<li>Uma mulher, o marido e os tr\u00eas filhos viajaram da Col\u00f4mbia para Fran\u00e7a em setembro de 2024 para trabalharem para Hern\u00e1ndez, mantendo\u2011se em situa\u00e7\u00e3o irregular e com hor\u00e1rios de trabalho longos, at\u00e9 novembro de 2025.<\/li>\n<li>A fam\u00edlia afirma ter sido explorada e humilhada, recebendo menos do que lhes era devido; promessas de legaliza\u00e7\u00e3o nunca se materializaram, com alega\u00e7\u00f5es de condi\u00e7\u00f5es de trabalho pr\u00f3ximas da escravatura.<\/li>\n<li>A advogada da fam\u00edlia sustenta que Hern\u00e1ndez contribuiu para manter a fam\u00edlia numa situa\u00e7\u00e3o econ\u00f3mica e social deplor\u00e1vel, por vezes com comportamento pr\u00f3ximo da escravatura moderna.<\/li>\n<li>Os cinco membros da fam\u00edlia exerciam fun\u00e7\u00f5es de cozinha, limpeza, ama e seguran\u00e7a; Hern\u00e1ndez afirmou ficar chocado com as acusa\u00e7\u00f5es e est\u00e1 suspenso, n\u00e3o tendo estado presente no jogo do PSG contra o Sporting.<\/li>\n<\/ul>\n","protected":false},"author":2,"featured_media":159616,"comment_status":"closed","ping_status":"closed","sticky":false,"template":"","format":"standard","meta":{"footnotes":""},"categories":[1],"tags":[147,2619,2633,3682,32,3338],"class_list":["post-159594","post","type-post","status-publish","format-standard","has-post-thumbnail","hentry","category-noticias","tag-crime","tag-desportos-internacionais","tag-direitos-humanos","tag-exploracao-de-menor-dependente-ou-em-situacao-vulneravel","tag-futebol","tag-futebol-internacional"],"yoast_head":"<!-- This site is optimized with the Yoast SEO plugin v27.2 - https:\/\/yoast.com\/product\/yoast-seo-wordpress\/ -->\n<title>Campe\u00e3o mundial \u00e9 acusado de tr\u00e1fico de pessoas - Portal Tela Portugal<\/title>\n<meta name=\"robots\" content=\"index, follow, max-snippet:-1, max-image-preview:large, max-video-preview:-1\" \/>\n<meta property=\"og:locale\" content=\"pt_PT\" \/>\n<meta property=\"og:type\" content=\"article\" \/>\n<meta property=\"og:title\" content=\"Campe\u00e3o mundial \u00e9 acusado de tr\u00e1fico de pessoas - Portal Tela Portugal\" \/>\n<meta property=\"og:description\" content=\"Lucas Hern\u00e1ndez, defesa do Paris Saint\u2011Germain e da sele\u00e7\u00e3o de Fran\u00e7a, e a sua noiva, Victoria Triay, s\u00e3o acusados de tr\u00e1fico de pessoas e de oculta\u00e7\u00e3o de trabalho por uma fam\u00edlia colombiana; a queixa j\u00e1 foi formalizada junto do Minist\u00e9rio P\u00fablico. Uma mulher, o marido e os tr\u00eas filhos viajaram da Col\u00f4mbia para Fran\u00e7a em setembro de 2024 para trabalharem para Hern\u00e1ndez, mantendo\u2011se em situa\u00e7\u00e3o irregular e com hor\u00e1rios de trabalho longos, at\u00e9 novembro de 2025. A fam\u00edlia afirma ter sido explorada e humilhada, recebendo menos do que lhes era devido; promessas de legaliza\u00e7\u00e3o nunca se materializaram, com alega\u00e7\u00f5es de condi\u00e7\u00f5es de trabalho pr\u00f3ximas da escravatura. A advogada da fam\u00edlia sustenta que Hern\u00e1ndez contribuiu para manter a fam\u00edlia numa situa\u00e7\u00e3o econ\u00f3mica e social deplor\u00e1vel, por vezes com comportamento pr\u00f3ximo da escravatura moderna. Os cinco membros da fam\u00edlia exerciam fun\u00e7\u00f5es de cozinha, limpeza, ama e seguran\u00e7a; Hern\u00e1ndez afirmou ficar chocado com as acusa\u00e7\u00f5es e est\u00e1 suspenso, n\u00e3o tendo estado presente no jogo do PSG contra o Sporting.\" \/>\n<meta property=\"og:url\" content=\"https:\/\/portaltela.pt\/noticias\/2026\/01\/21\/campeao-mundial-e-acusado-de-trafico-de-pessoas\/\" \/>\n<meta property=\"og:site_name\" content=\"Portal Tela Portugal\" \/>\n<meta property=\"article:published_time\" content=\"2026-01-21T13:04:00+00:00\" \/>\n<meta name=\"author\" content=\"Telinha\" \/>\n<meta name=\"twitter:card\" content=\"summary_large_image\" \/>\n<meta name=\"twitter:label1\" content=\"Escrito por\" \/>\n\t<meta name=\"twitter:data1\" content=\"Telinha\" \/>\n\t<meta name=\"twitter:label2\" content=\"Tempo estimado de leitura\" \/>\n\t<meta name=\"twitter:data2\" content=\"1 minuto\" \/>\n<script type=\"application\/ld+json\" class=\"yoast-schema-graph\">{\"@context\":\"https:\/\/schema.org\",\"@graph\":[{\"@type\":\"Article\",\"@id\":\"https:\/\/portaltela.pt\/noticias\/2026\/01\/21\/campeao-mundial-e-acusado-de-trafico-de-pessoas\/#article\",\"isPartOf\":{\"@id\":\"https:\/\/portaltela.pt\/noticias\/2026\/01\/21\/campeao-mundial-e-acusado-de-trafico-de-pessoas\/\"},\"author\":{\"name\":\"Telinha\",\"@id\":\"https:\/\/portaltela.pt\/#\/schema\/person\/c4278d4a6028830caff9ee44b42d32ed\"},\"headline\":\"Campe\u00e3o mundial \u00e9 acusado de tr\u00e1fico de pessoas\",\"datePublished\":\"2026-01-21T13:04:00+00:00\",\"mainEntityOfPage\":{\"@id\":\"https:\/\/portaltela.pt\/noticias\/2026\/01\/21\/campeao-mundial-e-acusado-de-trafico-de-pessoas\/\"},\"wordCount\":254,\"image\":{\"@id\":\"https:\/\/portaltela.pt\/noticias\/2026\/01\/21\/campeao-mundial-e-acusado-de-trafico-de-pessoas\/#primaryimage\"},\"thumbnailUrl\":\"https:\/\/portaltela.pt\/s.01k8rhncp4jt1\/2026\/01\/e38fc557-625d-49c4-994b-db09639d676f.jpg\",\"keywords\":[\"crime\",\"desportos internacionais\",\"direitos humanos\",\"explora\u00e7\u00e3o de menor dependente ou em situa\u00e7\u00e3o vulner\u00e1vel\",\"futebol\",\"futebol internacional\"],\"articleSection\":[\"Not\u00edcias\"],\"inLanguage\":\"pt-PT\"},{\"@type\":\"WebPage\",\"@id\":\"https:\/\/portaltela.pt\/noticias\/2026\/01\/21\/campeao-mundial-e-acusado-de-trafico-de-pessoas\/\",\"url\":\"https:\/\/portaltela.pt\/noticias\/2026\/01\/21\/campeao-mundial-e-acusado-de-trafico-de-pessoas\/\",\"name\":\"Campe\u00e3o mundial \u00e9 acusado de tr\u00e1fico de pessoas - Portal Tela Portugal\",\"isPartOf\":{\"@id\":\"https:\/\/portaltela.pt\/#website\"},\"primaryImageOfPage\":{\"@id\":\"https:\/\/portaltela.pt\/noticias\/2026\/01\/21\/campeao-mundial-e-acusado-de-trafico-de-pessoas\/#primaryimage\"},\"image\":{\"@id\":\"https:\/\/portaltela.pt\/noticias\/2026\/01\/21\/campeao-mundial-e-acusado-de-trafico-de-pessoas\/#primaryimage\"},\"thumbnailUrl\":\"https:\/\/portaltela.pt\/s.01k8rhncp4jt1\/2026\/01\/e38fc557-625d-49c4-994b-db09639d676f.jpg\",\"datePublished\":\"2026-01-21T13:04:00+00:00\",\"author\":{\"@id\":\"https:\/\/portaltela.pt\/#\/schema\/person\/c4278d4a6028830caff9ee44b42d32ed\"},\"breadcrumb\":{\"@id\":\"https:\/\/portaltela.pt\/noticias\/2026\/01\/21\/campeao-mundial-e-acusado-de-trafico-de-pessoas\/#breadcrumb\"},\"inLanguage\":\"pt-PT\",\"potentialAction\":[{\"@type\":\"ReadAction\",\"target\":[\"https:\/\/portaltela.pt\/noticias\/2026\/01\/21\/campeao-mundial-e-acusado-de-trafico-de-pessoas\/\"]}]},{\"@type\":\"ImageObject\",\"inLanguage\":\"pt-PT\",\"@id\":\"https:\/\/portaltela.pt\/noticias\/2026\/01\/21\/campeao-mundial-e-acusado-de-trafico-de-pessoas\/#primaryimage\",\"url\":\"https:\/\/portaltela.pt\/s.01k8rhncp4jt1\/2026\/01\/e38fc557-625d-49c4-994b-db09639d676f.jpg\",\"contentUrl\":\"https:\/\/portaltela.pt\/s.01k8rhncp4jt1\/2026\/01\/e38fc557-625d-49c4-994b-db09639d676f.jpg\",\"width\":796,\"height\":448,\"caption\":\"Victoria Triay e Lucas Hern\u00e1ndez - Foto: IMAGO\"},{\"@type\":\"BreadcrumbList\",\"@id\":\"https:\/\/portaltela.pt\/noticias\/2026\/01\/21\/campeao-mundial-e-acusado-de-trafico-de-pessoas\/#breadcrumb\",\"itemListElement\":[{\"@type\":\"ListItem\",\"position\":1,\"name\":\"In\u00edcio\",\"item\":\"https:\/\/portaltela.pt\/\"},{\"@type\":\"ListItem\",\"position\":2,\"name\":\"Campe\u00e3o mundial \u00e9 acusado de tr\u00e1fico de pessoas\"}]},{\"@type\":\"WebSite\",\"@id\":\"https:\/\/portaltela.pt\/#website\",\"url\":\"https:\/\/portaltela.pt\/\",\"name\":\"Portal Tela Portugal\",\"description\":\"\",\"potentialAction\":[{\"@type\":\"SearchAction\",\"target\":{\"@type\":\"EntryPoint\",\"urlTemplate\":\"https:\/\/portaltela.pt\/?s={search_term_string}\"},\"query-input\":{\"@type\":\"PropertyValueSpecification\",\"valueRequired\":true,\"valueName\":\"search_term_string\"}}],\"inLanguage\":\"pt-PT\"},{\"@type\":\"Person\",\"@id\":\"https:\/\/portaltela.pt\/#\/schema\/person\/c4278d4a6028830caff9ee44b42d32ed\",\"name\":\"Telinha\",\"image\":{\"@type\":\"ImageObject\",\"inLanguage\":\"pt-PT\",\"@id\":\"https:\/\/portaltela.pt\/s.01k8rhncp4jt1\/2025\/11\/talking-bot-125x125.png\",\"url\":\"https:\/\/portaltela.pt\/s.01k8rhncp4jt1\/2025\/11\/talking-bot-125x125.png\",\"contentUrl\":\"https:\/\/portaltela.pt\/s.01k8rhncp4jt1\/2025\/11\/talking-bot-125x125.png\",\"caption\":\"Telinha\"},\"sameAs\":[\"https:\/\/portaltela.pt\/\"],\"url\":\"https:\/\/portaltela.pt\/por\/367410592786\/\"}]}<\/script>\n<!-- \/ Yoast SEO plugin. -->","yoast_head_json":{"title":"Campe\u00e3o mundial \u00e9 acusado de tr\u00e1fico de pessoas - Portal Tela Portugal","robots":{"index":"index","follow":"follow","max-snippet":"max-snippet:-1","max-image-preview":"max-image-preview:large","max-video-preview":"max-video-preview:-1"},"og_locale":"pt_PT","og_type":"article","og_title":"Campe\u00e3o mundial \u00e9 acusado de tr\u00e1fico de pessoas - Portal Tela Portugal","og_description":"Lucas Hern\u00e1ndez, defesa do Paris Saint\u2011Germain e da sele\u00e7\u00e3o de Fran\u00e7a, e a sua noiva, Victoria Triay, s\u00e3o acusados de tr\u00e1fico de pessoas e de oculta\u00e7\u00e3o de trabalho por uma fam\u00edlia colombiana; a queixa j\u00e1 foi formalizada junto do Minist\u00e9rio P\u00fablico. Uma mulher, o marido e os tr\u00eas filhos viajaram da Col\u00f4mbia para Fran\u00e7a em setembro de 2024 para trabalharem para Hern\u00e1ndez, mantendo\u2011se em situa\u00e7\u00e3o irregular e com hor\u00e1rios de trabalho longos, at\u00e9 novembro de 2025. A fam\u00edlia afirma ter sido explorada e humilhada, recebendo menos do que lhes era devido; promessas de legaliza\u00e7\u00e3o nunca se materializaram, com alega\u00e7\u00f5es de condi\u00e7\u00f5es de trabalho pr\u00f3ximas da escravatura. A advogada da fam\u00edlia sustenta que Hern\u00e1ndez contribuiu para manter a fam\u00edlia numa situa\u00e7\u00e3o econ\u00f3mica e social deplor\u00e1vel, por vezes com comportamento pr\u00f3ximo da escravatura moderna. Os cinco membros da fam\u00edlia exerciam fun\u00e7\u00f5es de cozinha, limpeza, ama e seguran\u00e7a; Hern\u00e1ndez afirmou ficar chocado com as acusa\u00e7\u00f5es e est\u00e1 suspenso, n\u00e3o tendo estado presente no jogo do PSG contra o Sporting.","og_url":"https:\/\/portaltela.pt\/noticias\/2026\/01\/21\/campeao-mundial-e-acusado-de-trafico-de-pessoas\/","og_site_name":"Portal Tela Portugal","article_published_time":"2026-01-21T13:04:00+00:00","author":"Telinha","twitter_card":"summary_large_image","twitter_misc":{"Escrito por":"Telinha","Tempo estimado de leitura":"1 minuto"},"schema":{"@context":"https:\/\/schema.org","@graph":[{"@type":"Article","@id":"https:\/\/portaltela.pt\/noticias\/2026\/01\/21\/campeao-mundial-e-acusado-de-trafico-de-pessoas\/#article","isPartOf":{"@id":"https:\/\/portaltela.pt\/noticias\/2026\/01\/21\/campeao-mundial-e-acusado-de-trafico-de-pessoas\/"},"author":{"name":"Telinha","@id":"https:\/\/portaltela.pt\/#\/schema\/person\/c4278d4a6028830caff9ee44b42d32ed"},"headline":"Campe\u00e3o mundial \u00e9 acusado de tr\u00e1fico de pessoas","datePublished":"2026-01-21T13:04:00+00:00","mainEntityOfPage":{"@id":"https:\/\/portaltela.pt\/noticias\/2026\/01\/21\/campeao-mundial-e-acusado-de-trafico-de-pessoas\/"},"wordCount":254,"image":{"@id":"https:\/\/portaltela.pt\/noticias\/2026\/01\/21\/campeao-mundial-e-acusado-de-trafico-de-pessoas\/#primaryimage"},"thumbnailUrl":"https:\/\/portaltela.pt\/s.01k8rhncp4jt1\/2026\/01\/e38fc557-625d-49c4-994b-db09639d676f.jpg","keywords":["crime","desportos internacionais","direitos humanos","explora\u00e7\u00e3o de menor dependente ou em situa\u00e7\u00e3o vulner\u00e1vel","futebol","futebol internacional"],"articleSection":["Not\u00edcias"],"inLanguage":"pt-PT"},{"@type":"WebPage","@id":"https:\/\/portaltela.pt\/noticias\/2026\/01\/21\/campeao-mundial-e-acusado-de-trafico-de-pessoas\/","url":"https:\/\/portaltela.pt\/noticias\/2026\/01\/21\/campeao-mundial-e-acusado-de-trafico-de-pessoas\/","name":"Campe\u00e3o mundial \u00e9 acusado de tr\u00e1fico de pessoas - Portal Tela Portugal","isPartOf":{"@id":"https:\/\/portaltela.pt\/#website"},"primaryImageOfPage":{"@id":"https:\/\/portaltela.pt\/noticias\/2026\/01\/21\/campeao-mundial-e-acusado-de-trafico-de-pessoas\/#primaryimage"},"image":{"@id":"https:\/\/portaltela.pt\/noticias\/2026\/01\/21\/campeao-mundial-e-acusado-de-trafico-de-pessoas\/#primaryimage"},"thumbnailUrl":"https:\/\/portaltela.pt\/s.01k8rhncp4jt1\/2026\/01\/e38fc557-625d-49c4-994b-db09639d676f.jpg","datePublished":"2026-01-21T13:04:00+00:00","author":{"@id":"https:\/\/portaltela.pt\/#\/schema\/person\/c4278d4a6028830caff9ee44b42d32ed"},"breadcrumb":{"@id":"https:\/\/portaltela.pt\/noticias\/2026\/01\/21\/campeao-mundial-e-acusado-de-trafico-de-pessoas\/#breadcrumb"},"inLanguage":"pt-PT","potentialAction":[{"@type":"ReadAction","target":["https:\/\/portaltela.pt\/noticias\/2026\/01\/21\/campeao-mundial-e-acusado-de-trafico-de-pessoas\/"]}]},{"@type":"ImageObject","inLanguage":"pt-PT","@id":"https:\/\/portaltela.pt\/noticias\/2026\/01\/21\/campeao-mundial-e-acusado-de-trafico-de-pessoas\/#primaryimage","url":"https:\/\/portaltela.pt\/s.01k8rhncp4jt1\/2026\/01\/e38fc557-625d-49c4-994b-db09639d676f.jpg","contentUrl":"https:\/\/portaltela.pt\/s.01k8rhncp4jt1\/2026\/01\/e38fc557-625d-49c4-994b-db09639d676f.jpg","width":796,"height":448,"caption":"Victoria Triay e Lucas Hern\u00e1ndez - Foto: IMAGO"},{"@type":"BreadcrumbList","@id":"https:\/\/portaltela.pt\/noticias\/2026\/01\/21\/campeao-mundial-e-acusado-de-trafico-de-pessoas\/#breadcrumb","itemListElement":[{"@type":"ListItem","position":1,"name":"In\u00edcio","item":"https:\/\/portaltela.pt\/"},{"@type":"ListItem","position":2,"name":"Campe\u00e3o mundial \u00e9 acusado de tr\u00e1fico de pessoas"}]},{"@type":"WebSite","@id":"https:\/\/portaltela.pt\/#website","url":"https:\/\/portaltela.pt\/","name":"Portal Tela Portugal","description":"","potentialAction":[{"@type":"SearchAction","target":{"@type":"EntryPoint","urlTemplate":"https:\/\/portaltela.pt\/?s={search_term_string}"},"query-input":{"@type":"PropertyValueSpecification","valueRequired":true,"valueName":"search_term_string"}}],"inLanguage":"pt-PT"},{"@type":"Person","@id":"https:\/\/portaltela.pt\/#\/schema\/person\/c4278d4a6028830caff9ee44b42d32ed","name":"Telinha","image":{"@type":"ImageObject","inLanguage":"pt-PT","@id":"https:\/\/portaltela.pt\/s.01k8rhncp4jt1\/2025\/11\/talking-bot-125x125.png","url":"https:\/\/portaltela.pt\/s.01k8rhncp4jt1\/2025\/11\/talking-bot-125x125.png","contentUrl":"https:\/\/portaltela.pt\/s.01k8rhncp4jt1\/2025\/11\/talking-bot-125x125.png","caption":"Telinha"},"sameAs":["https:\/\/portaltela.pt\/"],"url":"https:\/\/portaltela.pt\/por\/367410592786\/"}]}},"_links":{"self":[{"href":"https:\/\/portaltela.pt\/api\/wp\/v2\/posts\/159594","targetHints":{"allow":["GET"]}}],"collection":[{"href":"https:\/\/portaltela.pt\/api\/wp\/v2\/posts"}],"about":[{"href":"https:\/\/portaltela.pt\/api\/wp\/v2\/types\/post"}],"author":[{"embeddable":true,"href":"https:\/\/portaltela.pt\/api\/wp\/v2\/users\/2"}],"replies":[{"embeddable":true,"href":"https:\/\/portaltela.pt\/api\/wp\/v2\/comments?post=159594"}],"version-history":[{"count":0,"href":"https:\/\/portaltela.pt\/api\/wp\/v2\/posts\/159594\/revisions"}],"wp:featuredmedia":[{"embeddable":true,"href":"https:\/\/portaltela.pt\/api\/wp\/v2\/media\/159616"}],"wp:attachment":[{"href":"https:\/\/portaltela.pt\/api\/wp\/v2\/media?parent=159594"}],"wp:term":[{"taxonomy":"category","embeddable":true,"href":"https:\/\/portaltela.pt\/api\/wp\/v2\/categories?post=159594"},{"taxonomy":"post_tag","embeddable":true,"href":"https:\/\/portaltela.pt\/api\/wp\/v2\/tags?post=159594"}],"curies":[{"name":"wp","href":"https:\/\/api.w.org\/{rel}","templated":true}]}}