{"id":159592,"date":"2026-01-21T09:59:00","date_gmt":"2026-01-21T12:59:00","guid":{"rendered":"https:\/\/portaltela.pt\/noticias\/2026\/01\/21\/associacao-acusa-estado-de-sustentar-exploracao-mineira\/"},"modified":"2026-01-21T09:59:00","modified_gmt":"2026-01-21T12:59:00","slug":"associacao-acusa-estado-de-sustentar-exploracao-mineira","status":"publish","type":"post","link":"https:\/\/portaltela.pt\/noticias\/2026\/01\/21\/associacao-acusa-estado-de-sustentar-exploracao-mineira\/","title":{"rendered":"Associa\u00e7\u00e3o acusa Estado de sustentar explora\u00e7\u00e3o mineira"},"content":{"rendered":"<p>A Associa\u00e7\u00e3o Unidos em Defesa de Covas do Barroso (UDCB) acusa o Estado de financiar e sustentar a mina de l\u00edtio de Covas do Barroso, em Boticas, com 110 milh\u00f5es de euros. A den\u00fancia surge ap\u00f3s o an\u00fancio do apoio financeiro \u00e0 Savannah Lithium pela AICEP, em representa\u00e7\u00e3o do Governo.<\/p>\n<p>A UDCB afirma que, numa regi\u00e3o com car\u00eancia de servi\u00e7os, o investimento compromete a vida das comunidades locais e o seu futuro. Maria Loureiro, citada no comunicado, diz que h\u00e1 falta de hospital, escola e maternidade pr\u00f3ximas, o que agrava a depend\u00eancia da regi\u00e3o.<\/p>\n<p>A empresa Savannah Lithium anunciou o apoio financeiro de at\u00e9 110 milh\u00f5es de euros, por meio da AICEP, para a mina no Barroso. A assinatura do contrato ocorreu em Sines, com a presen\u00e7a do primeiro-ministro Lu\u00eds Montenegro, e envolveu outras empresas da cadeia de fornecimento.<\/p>\n<h3>Contexto e cr\u00edticas da associa\u00e7\u00e3o<\/h3>\n<p>A UDCB sustenta que o apoio estatal legitima uma iniciativa privada com impactos graves na regi\u00e3o, que j\u00e1 recebeu cr\u00edticas de \u00f3rg\u00e3os nacionais e internacionais. O Minist\u00e9rio P\u00fablico ter\u00e1 defendido a nulidade da DIA do projeto, segundo o grupo.<\/p>\n<p>Francisco Venes, da UDCB, acusa avalia\u00e7\u00f5es ambientais de serem apressadas e incompletas, sem contemplar riscos para ambiente e sa\u00fade. O grupo afirma que o Governo prefere interesses privados em vez de salvaguardar as comunidades locais.<\/p>\n<p>A associa\u00e7\u00e3o promete continuar a resistir ao projeto e a defender o patrim\u00f3nio regional. A Savannah Lithium mant\u00e9m a meta de iniciar obras em 2026 e produ\u00e7\u00e3o em 2028, ap\u00f3s uma DIA favor\u00e1vel condicionada em 2023.<\/p>\n","protected":false},"excerpt":{"rendered":"<ul>\n<li>A associa\u00e7\u00e3o Unidos em Defesa de Covas do Barroso (UDCB) acusa o Estado de financiar e sustentar a mina de l\u00edtio de Covas do Barroso, em Boticas, com 110 milh\u00f5es de euros.<\/li>\n<li>A Savannah Lithium anunciou um apoio financeiro de at\u00e9 110 milh\u00f5es de euros pela Ag\u00eancia para o Investimento e Com\u00e9rcio Externo de Portugal (AICEP), em representa\u00e7\u00e3o do Estado, para o projeto.<\/li>\n<li>O an\u00fancio ocorreu ap\u00f3s a assinatura do contrato de investimento, em Sines, com a presen\u00e7a do primeiro-ministro Lu\u00eds Montenegro, e envolveu outras empresas, como CALB Europe e Topsoe Battery Materials.<\/li>\n<li>A UDCB afirma que o investimento p\u00fablico legitima um projeto que pode afetar a regi\u00e3o, citando pareceres de autoridades e cr\u00edticas sobre as avalia\u00e7\u00f5es ambientais e participa\u00e7\u00e3o p\u00fablica.<\/li>\n<li>A mina, que j\u00e1 tem DIA favor\u00e1vel condicionada desde 2023, prev\u00ea iniciar obras em 2026 e produ\u00e7\u00e3o em 2028, segundo o projeto da Savannah.<\/li>\n<\/ul>\n","protected":false},"author":2,"featured_media":159629,"comment_status":"closed","ping_status":"closed","sticky":false,"template":"","format":"standard","meta":{"footnotes":""},"categories":[1],"tags":[167,2749,28,34,3090,1778],"class_list":["post-159592","post","type-post","status-publish","format-standard","has-post-thumbnail","hentry","category-noticias","tag-ambiente","tag-boticas","tag-economia","tag-governo","tag-mineracao-sustentavel","tag-regionalizacao-territorial"],"yoast_head":"<!-- This site is optimized with the Yoast SEO plugin v27.2 - https:\/\/yoast.com\/product\/yoast-seo-wordpress\/ -->\n<title>Associa\u00e7\u00e3o acusa Estado de sustentar explora\u00e7\u00e3o mineira - Portal Tela Portugal<\/title>\n<meta name=\"robots\" content=\"index, follow, max-snippet:-1, max-image-preview:large, max-video-preview:-1\" \/>\n<meta property=\"og:locale\" content=\"pt_PT\" \/>\n<meta property=\"og:type\" content=\"article\" \/>\n<meta property=\"og:title\" content=\"Associa\u00e7\u00e3o acusa Estado de sustentar explora\u00e7\u00e3o mineira - Portal Tela Portugal\" \/>\n<meta property=\"og:description\" content=\"A associa\u00e7\u00e3o Unidos em Defesa de Covas do Barroso (UDCB) acusa o Estado de financiar e sustentar a mina de l\u00edtio de Covas do Barroso, em Boticas, com 110 milh\u00f5es de euros. A Savannah Lithium anunciou um apoio financeiro de at\u00e9 110 milh\u00f5es de euros pela Ag\u00eancia para o Investimento e Com\u00e9rcio Externo de Portugal (AICEP), em representa\u00e7\u00e3o do Estado, para o projeto. O an\u00fancio ocorreu ap\u00f3s a assinatura do contrato de investimento, em Sines, com a presen\u00e7a do primeiro-ministro Lu\u00eds Montenegro, e envolveu outras empresas, como CALB Europe e Topsoe Battery Materials. A UDCB afirma que o investimento p\u00fablico legitima um projeto que pode afetar a regi\u00e3o, citando pareceres de autoridades e cr\u00edticas sobre as avalia\u00e7\u00f5es ambientais e participa\u00e7\u00e3o p\u00fablica. A mina, que j\u00e1 tem DIA favor\u00e1vel condicionada desde 2023, prev\u00ea iniciar obras em 2026 e produ\u00e7\u00e3o em 2028, segundo o projeto da Savannah.\" \/>\n<meta property=\"og:url\" content=\"https:\/\/portaltela.pt\/noticias\/2026\/01\/21\/associacao-acusa-estado-de-sustentar-exploracao-mineira\/\" \/>\n<meta property=\"og:site_name\" content=\"Portal Tela Portugal\" \/>\n<meta property=\"article:published_time\" content=\"2026-01-21T12:59:00+00:00\" \/>\n<meta name=\"author\" content=\"Telinha\" \/>\n<meta name=\"twitter:card\" content=\"summary_large_image\" \/>\n<meta name=\"twitter:label1\" content=\"Escrito por\" \/>\n\t<meta name=\"twitter:data1\" content=\"Telinha\" \/>\n\t<meta name=\"twitter:label2\" content=\"Tempo estimado de leitura\" \/>\n\t<meta name=\"twitter:data2\" content=\"1 minuto\" \/>\n<script type=\"application\/ld+json\" class=\"yoast-schema-graph\">{\"@context\":\"https:\/\/schema.org\",\"@graph\":[{\"@type\":\"Article\",\"@id\":\"https:\/\/portaltela.pt\/noticias\/2026\/01\/21\/associacao-acusa-estado-de-sustentar-exploracao-mineira\/#article\",\"isPartOf\":{\"@id\":\"https:\/\/portaltela.pt\/noticias\/2026\/01\/21\/associacao-acusa-estado-de-sustentar-exploracao-mineira\/\"},\"author\":{\"name\":\"Telinha\",\"@id\":\"https:\/\/portaltela.pt\/#\/schema\/person\/c4278d4a6028830caff9ee44b42d32ed\"},\"headline\":\"Associa\u00e7\u00e3o acusa Estado de sustentar explora\u00e7\u00e3o mineira\",\"datePublished\":\"2026-01-21T12:59:00+00:00\",\"mainEntityOfPage\":{\"@id\":\"https:\/\/portaltela.pt\/noticias\/2026\/01\/21\/associacao-acusa-estado-de-sustentar-exploracao-mineira\/\"},\"wordCount\":288,\"image\":{\"@id\":\"https:\/\/portaltela.pt\/noticias\/2026\/01\/21\/associacao-acusa-estado-de-sustentar-exploracao-mineira\/#primaryimage\"},\"thumbnailUrl\":\"https:\/\/portaltela.pt\/s.01k8rhncp4jt1\/2026\/01\/25395425_770x433_acf_cropped-1.jpg\",\"keywords\":[\"ambiente\",\"Boticas\",\"economia\",\"governo\",\"minera\u00e7\u00e3o sustent\u00e1vel\",\"regionaliza\u00e7\u00e3o territorial\"],\"articleSection\":[\"Not\u00edcias\"],\"inLanguage\":\"pt-PT\"},{\"@type\":\"WebPage\",\"@id\":\"https:\/\/portaltela.pt\/noticias\/2026\/01\/21\/associacao-acusa-estado-de-sustentar-exploracao-mineira\/\",\"url\":\"https:\/\/portaltela.pt\/noticias\/2026\/01\/21\/associacao-acusa-estado-de-sustentar-exploracao-mineira\/\",\"name\":\"Associa\u00e7\u00e3o acusa Estado de sustentar explora\u00e7\u00e3o mineira - Portal Tela Portugal\",\"isPartOf\":{\"@id\":\"https:\/\/portaltela.pt\/#website\"},\"primaryImageOfPage\":{\"@id\":\"https:\/\/portaltela.pt\/noticias\/2026\/01\/21\/associacao-acusa-estado-de-sustentar-exploracao-mineira\/#primaryimage\"},\"image\":{\"@id\":\"https:\/\/portaltela.pt\/noticias\/2026\/01\/21\/associacao-acusa-estado-de-sustentar-exploracao-mineira\/#primaryimage\"},\"thumbnailUrl\":\"https:\/\/portaltela.pt\/s.01k8rhncp4jt1\/2026\/01\/25395425_770x433_acf_cropped-1.jpg\",\"datePublished\":\"2026-01-21T12:59:00+00:00\",\"author\":{\"@id\":\"https:\/\/portaltela.pt\/#\/schema\/person\/c4278d4a6028830caff9ee44b42d32ed\"},\"breadcrumb\":{\"@id\":\"https:\/\/portaltela.pt\/noticias\/2026\/01\/21\/associacao-acusa-estado-de-sustentar-exploracao-mineira\/#breadcrumb\"},\"inLanguage\":\"pt-PT\",\"potentialAction\":[{\"@type\":\"ReadAction\",\"target\":[\"https:\/\/portaltela.pt\/noticias\/2026\/01\/21\/associacao-acusa-estado-de-sustentar-exploracao-mineira\/\"]}]},{\"@type\":\"ImageObject\",\"inLanguage\":\"pt-PT\",\"@id\":\"https:\/\/portaltela.pt\/noticias\/2026\/01\/21\/associacao-acusa-estado-de-sustentar-exploracao-mineira\/#primaryimage\",\"url\":\"https:\/\/portaltela.pt\/s.01k8rhncp4jt1\/2026\/01\/25395425_770x433_acf_cropped-1.jpg\",\"contentUrl\":\"https:\/\/portaltela.pt\/s.01k8rhncp4jt1\/2026\/01\/25395425_770x433_acf_cropped-1.jpg\",\"width\":796,\"height\":448,\"caption\":\"Photo\"},{\"@type\":\"BreadcrumbList\",\"@id\":\"https:\/\/portaltela.pt\/noticias\/2026\/01\/21\/associacao-acusa-estado-de-sustentar-exploracao-mineira\/#breadcrumb\",\"itemListElement\":[{\"@type\":\"ListItem\",\"position\":1,\"name\":\"In\u00edcio\",\"item\":\"https:\/\/portaltela.pt\/\"},{\"@type\":\"ListItem\",\"position\":2,\"name\":\"Associa\u00e7\u00e3o acusa Estado de sustentar explora\u00e7\u00e3o mineira\"}]},{\"@type\":\"WebSite\",\"@id\":\"https:\/\/portaltela.pt\/#website\",\"url\":\"https:\/\/portaltela.pt\/\",\"name\":\"Portal Tela Portugal\",\"description\":\"\",\"potentialAction\":[{\"@type\":\"SearchAction\",\"target\":{\"@type\":\"EntryPoint\",\"urlTemplate\":\"https:\/\/portaltela.pt\/?s={search_term_string}\"},\"query-input\":{\"@type\":\"PropertyValueSpecification\",\"valueRequired\":true,\"valueName\":\"search_term_string\"}}],\"inLanguage\":\"pt-PT\"},{\"@type\":\"Person\",\"@id\":\"https:\/\/portaltela.pt\/#\/schema\/person\/c4278d4a6028830caff9ee44b42d32ed\",\"name\":\"Telinha\",\"image\":{\"@type\":\"ImageObject\",\"inLanguage\":\"pt-PT\",\"@id\":\"https:\/\/portaltela.pt\/s.01k8rhncp4jt1\/2025\/11\/talking-bot-125x125.png\",\"url\":\"https:\/\/portaltela.pt\/s.01k8rhncp4jt1\/2025\/11\/talking-bot-125x125.png\",\"contentUrl\":\"https:\/\/portaltela.pt\/s.01k8rhncp4jt1\/2025\/11\/talking-bot-125x125.png\",\"caption\":\"Telinha\"},\"sameAs\":[\"https:\/\/portaltela.pt\/\"],\"url\":\"https:\/\/portaltela.pt\/por\/367410592786\/\"}]}<\/script>\n<!-- \/ Yoast SEO plugin. -->","yoast_head_json":{"title":"Associa\u00e7\u00e3o acusa Estado de sustentar explora\u00e7\u00e3o mineira - Portal Tela Portugal","robots":{"index":"index","follow":"follow","max-snippet":"max-snippet:-1","max-image-preview":"max-image-preview:large","max-video-preview":"max-video-preview:-1"},"og_locale":"pt_PT","og_type":"article","og_title":"Associa\u00e7\u00e3o acusa Estado de sustentar explora\u00e7\u00e3o mineira - Portal Tela Portugal","og_description":"A associa\u00e7\u00e3o Unidos em Defesa de Covas do Barroso (UDCB) acusa o Estado de financiar e sustentar a mina de l\u00edtio de Covas do Barroso, em Boticas, com 110 milh\u00f5es de euros. A Savannah Lithium anunciou um apoio financeiro de at\u00e9 110 milh\u00f5es de euros pela Ag\u00eancia para o Investimento e Com\u00e9rcio Externo de Portugal (AICEP), em representa\u00e7\u00e3o do Estado, para o projeto. O an\u00fancio ocorreu ap\u00f3s a assinatura do contrato de investimento, em Sines, com a presen\u00e7a do primeiro-ministro Lu\u00eds Montenegro, e envolveu outras empresas, como CALB Europe e Topsoe Battery Materials. A UDCB afirma que o investimento p\u00fablico legitima um projeto que pode afetar a regi\u00e3o, citando pareceres de autoridades e cr\u00edticas sobre as avalia\u00e7\u00f5es ambientais e participa\u00e7\u00e3o p\u00fablica. A mina, que j\u00e1 tem DIA favor\u00e1vel condicionada desde 2023, prev\u00ea iniciar obras em 2026 e produ\u00e7\u00e3o em 2028, segundo o projeto da Savannah.","og_url":"https:\/\/portaltela.pt\/noticias\/2026\/01\/21\/associacao-acusa-estado-de-sustentar-exploracao-mineira\/","og_site_name":"Portal Tela Portugal","article_published_time":"2026-01-21T12:59:00+00:00","author":"Telinha","twitter_card":"summary_large_image","twitter_misc":{"Escrito por":"Telinha","Tempo estimado de leitura":"1 minuto"},"schema":{"@context":"https:\/\/schema.org","@graph":[{"@type":"Article","@id":"https:\/\/portaltela.pt\/noticias\/2026\/01\/21\/associacao-acusa-estado-de-sustentar-exploracao-mineira\/#article","isPartOf":{"@id":"https:\/\/portaltela.pt\/noticias\/2026\/01\/21\/associacao-acusa-estado-de-sustentar-exploracao-mineira\/"},"author":{"name":"Telinha","@id":"https:\/\/portaltela.pt\/#\/schema\/person\/c4278d4a6028830caff9ee44b42d32ed"},"headline":"Associa\u00e7\u00e3o acusa Estado de sustentar explora\u00e7\u00e3o mineira","datePublished":"2026-01-21T12:59:00+00:00","mainEntityOfPage":{"@id":"https:\/\/portaltela.pt\/noticias\/2026\/01\/21\/associacao-acusa-estado-de-sustentar-exploracao-mineira\/"},"wordCount":288,"image":{"@id":"https:\/\/portaltela.pt\/noticias\/2026\/01\/21\/associacao-acusa-estado-de-sustentar-exploracao-mineira\/#primaryimage"},"thumbnailUrl":"https:\/\/portaltela.pt\/s.01k8rhncp4jt1\/2026\/01\/25395425_770x433_acf_cropped-1.jpg","keywords":["ambiente","Boticas","economia","governo","minera\u00e7\u00e3o sustent\u00e1vel","regionaliza\u00e7\u00e3o territorial"],"articleSection":["Not\u00edcias"],"inLanguage":"pt-PT"},{"@type":"WebPage","@id":"https:\/\/portaltela.pt\/noticias\/2026\/01\/21\/associacao-acusa-estado-de-sustentar-exploracao-mineira\/","url":"https:\/\/portaltela.pt\/noticias\/2026\/01\/21\/associacao-acusa-estado-de-sustentar-exploracao-mineira\/","name":"Associa\u00e7\u00e3o acusa Estado de sustentar explora\u00e7\u00e3o mineira - Portal Tela Portugal","isPartOf":{"@id":"https:\/\/portaltela.pt\/#website"},"primaryImageOfPage":{"@id":"https:\/\/portaltela.pt\/noticias\/2026\/01\/21\/associacao-acusa-estado-de-sustentar-exploracao-mineira\/#primaryimage"},"image":{"@id":"https:\/\/portaltela.pt\/noticias\/2026\/01\/21\/associacao-acusa-estado-de-sustentar-exploracao-mineira\/#primaryimage"},"thumbnailUrl":"https:\/\/portaltela.pt\/s.01k8rhncp4jt1\/2026\/01\/25395425_770x433_acf_cropped-1.jpg","datePublished":"2026-01-21T12:59:00+00:00","author":{"@id":"https:\/\/portaltela.pt\/#\/schema\/person\/c4278d4a6028830caff9ee44b42d32ed"},"breadcrumb":{"@id":"https:\/\/portaltela.pt\/noticias\/2026\/01\/21\/associacao-acusa-estado-de-sustentar-exploracao-mineira\/#breadcrumb"},"inLanguage":"pt-PT","potentialAction":[{"@type":"ReadAction","target":["https:\/\/portaltela.pt\/noticias\/2026\/01\/21\/associacao-acusa-estado-de-sustentar-exploracao-mineira\/"]}]},{"@type":"ImageObject","inLanguage":"pt-PT","@id":"https:\/\/portaltela.pt\/noticias\/2026\/01\/21\/associacao-acusa-estado-de-sustentar-exploracao-mineira\/#primaryimage","url":"https:\/\/portaltela.pt\/s.01k8rhncp4jt1\/2026\/01\/25395425_770x433_acf_cropped-1.jpg","contentUrl":"https:\/\/portaltela.pt\/s.01k8rhncp4jt1\/2026\/01\/25395425_770x433_acf_cropped-1.jpg","width":796,"height":448,"caption":"Photo"},{"@type":"BreadcrumbList","@id":"https:\/\/portaltela.pt\/noticias\/2026\/01\/21\/associacao-acusa-estado-de-sustentar-exploracao-mineira\/#breadcrumb","itemListElement":[{"@type":"ListItem","position":1,"name":"In\u00edcio","item":"https:\/\/portaltela.pt\/"},{"@type":"ListItem","position":2,"name":"Associa\u00e7\u00e3o acusa Estado de sustentar explora\u00e7\u00e3o mineira"}]},{"@type":"WebSite","@id":"https:\/\/portaltela.pt\/#website","url":"https:\/\/portaltela.pt\/","name":"Portal Tela Portugal","description":"","potentialAction":[{"@type":"SearchAction","target":{"@type":"EntryPoint","urlTemplate":"https:\/\/portaltela.pt\/?s={search_term_string}"},"query-input":{"@type":"PropertyValueSpecification","valueRequired":true,"valueName":"search_term_string"}}],"inLanguage":"pt-PT"},{"@type":"Person","@id":"https:\/\/portaltela.pt\/#\/schema\/person\/c4278d4a6028830caff9ee44b42d32ed","name":"Telinha","image":{"@type":"ImageObject","inLanguage":"pt-PT","@id":"https:\/\/portaltela.pt\/s.01k8rhncp4jt1\/2025\/11\/talking-bot-125x125.png","url":"https:\/\/portaltela.pt\/s.01k8rhncp4jt1\/2025\/11\/talking-bot-125x125.png","contentUrl":"https:\/\/portaltela.pt\/s.01k8rhncp4jt1\/2025\/11\/talking-bot-125x125.png","caption":"Telinha"},"sameAs":["https:\/\/portaltela.pt\/"],"url":"https:\/\/portaltela.pt\/por\/367410592786\/"}]}},"_links":{"self":[{"href":"https:\/\/portaltela.pt\/api\/wp\/v2\/posts\/159592","targetHints":{"allow":["GET"]}}],"collection":[{"href":"https:\/\/portaltela.pt\/api\/wp\/v2\/posts"}],"about":[{"href":"https:\/\/portaltela.pt\/api\/wp\/v2\/types\/post"}],"author":[{"embeddable":true,"href":"https:\/\/portaltela.pt\/api\/wp\/v2\/users\/2"}],"replies":[{"embeddable":true,"href":"https:\/\/portaltela.pt\/api\/wp\/v2\/comments?post=159592"}],"version-history":[{"count":0,"href":"https:\/\/portaltela.pt\/api\/wp\/v2\/posts\/159592\/revisions"}],"wp:featuredmedia":[{"embeddable":true,"href":"https:\/\/portaltela.pt\/api\/wp\/v2\/media\/159629"}],"wp:attachment":[{"href":"https:\/\/portaltela.pt\/api\/wp\/v2\/media?parent=159592"}],"wp:term":[{"taxonomy":"category","embeddable":true,"href":"https:\/\/portaltela.pt\/api\/wp\/v2\/categories?post=159592"},{"taxonomy":"post_tag","embeddable":true,"href":"https:\/\/portaltela.pt\/api\/wp\/v2\/tags?post=159592"}],"curies":[{"name":"wp","href":"https:\/\/api.w.org\/{rel}","templated":true}]}}