{"id":159572,"date":"2026-01-21T09:59:57","date_gmt":"2026-01-21T12:59:57","guid":{"rendered":"https:\/\/portaltela.pt\/noticias\/2026\/01\/21\/associacao-acusa-o-estado-de-sustentar-exploracao-mineira\/"},"modified":"2026-01-21T09:59:57","modified_gmt":"2026-01-21T12:59:57","slug":"associacao-acusa-o-estado-de-sustentar-exploracao-mineira","status":"publish","type":"post","link":"https:\/\/portaltela.pt\/noticias\/2026\/01\/21\/associacao-acusa-o-estado-de-sustentar-exploracao-mineira\/","title":{"rendered":"Associa\u00e7\u00e3o acusa o Estado de sustentar explora\u00e7\u00e3o mineira"},"content":{"rendered":"<p>A associa\u00e7\u00e3o Unidos em Defesa de Covas do Barroso (UDCB) acusou o Estado de sustentar a mina de l\u00edtio em Boticas, com um investimento de at\u00e9 110 milh\u00f5es de euros. A den\u00fancia foi apresentada na quarta-feira, ap\u00f3s a Savannah Lithium anunciar o apoio financeiro pela AICEP. O contrato de investimento foi assinado em Sines, com a presen\u00e7a do primeiro-ministro Lu\u00eds Montenegro.<\/p>\n<p>A UDCB sustenta que a regi\u00e3o, marcada pela car\u00eancia de servi\u00e7os p\u00fablicos, n\u00e3o pode suportar mais uma obra desta dimens\u00e3o. A associa\u00e7\u00e3o refere falta de hospitalidade de qualidade, escolas e bens de sa\u00fade, e afirma que o Governo favorece interesses privados em detrimento das comunidades locais.<\/p>\n<p>Segundo a maioria dos argumentos da UDCB, a decis\u00e3o foi tomada sem consultas p\u00fablicas adequadas e sem pareceres ambientais consistentes. O grupo cita pareceres do Minist\u00e9rio P\u00fablico e de \u00f3rg\u00e3os internacionais que questionam a avalia\u00e7\u00e3o da mina e a participa\u00e7\u00e3o da comunidade.<\/p>\n<h3>Contexto ambiental e institucional<\/h3>\n<p>A associa\u00e7\u00e3o aponta que a Declara\u00e7\u00e3o de Impacte Ambiental (DIA) foi emitida com condicionantes e que estudos independentes identificaram lacunas graves na avalia\u00e7\u00e3o dos impactos ambientais e de sa\u00fade. H\u00e1 cr\u00edticas sobre prazos e qualidade das avalia\u00e7\u00f5es.<\/p>\n<p>A UDCB tamb\u00e9m refere que a Conven\u00e7\u00e3o de Aarhus aponta irregularidades na consulta p\u00fablica. A organiza\u00e7\u00e3o diz que h\u00e1 uma pervers\u00e3o do interesse p\u00fablico, com decis\u00f5es locais alvo de contesta\u00e7\u00e3o p\u00fablica e ambiental.<\/p>\n<p>A associa\u00e7\u00e3o avisa que vai manter a oposi\u00e7\u00e3o e buscar a prote\u00e7\u00e3o do patrim\u00f3nio da regi\u00e3o, defendendo que a explora\u00e7\u00e3o mineira n\u00e3o concorre para o desenvolvimento sustent\u00e1vel da \u00e1rea.<\/p>\n<p>A mina de l\u00edtio de Covas do Barroso, Boticas, obteve DIA favor\u00e1vel condicionada em 2023. A Savannah planeia iniciar obras em 2026 e produzir a partir de 2028, conforme informa\u00e7\u00e3o anterior ao apoio estatal.<\/p>\n","protected":false},"excerpt":{"rendered":"<ul>\n<li>A associa\u00e7\u00e3o Unidos em Defesa de Covas do Barroso (UDCB) acusa o Estado de financiar e sustentar a mina de l\u00edtio em Boticas, com um investimento de 110 milh\u00f5es de euros, hipotecando a vida das popula\u00e7\u00f5es locais.<\/li>\n<li>A Savannah Lithium recebeu um apoio financeiro de at\u00e9 110 milh\u00f5es de euros da Ag\u00eancia para o Investimento e Com\u00e9rcio Externo de Portugal (AICEP), em representa\u00e7\u00e3o do Estado, assinado em Sines com a presen\u00e7a do primeiro-ministro.<\/li>\n<li>A UDCB afirma que a regi\u00e3o tem car\u00eancia de servi\u00e7os p\u00fablicos e critica que o Governo financie um projeto que pode comprometer o ambiente e a sa\u00fade da popula\u00e7\u00e3o, citando pareceres do Minist\u00e9rio P\u00fablico e da Conven\u00e7\u00e3o de Aarhus sobre falhas na consulta p\u00fablica.<\/li>\n<li>A associa\u00e7\u00e3o diz que o projeto amea\u00e7a o Patrim\u00f3nio Agr\u00edcola Mundial da regi\u00e3o e pede avalia\u00e7\u00f5es independentes e participa\u00e7\u00e3o p\u00fablica adequada antes de qualquer decis\u00e3o.<\/li>\n<li>A mina de l\u00edtio, apresentada como Covas do Barroso, em Boticas, teve DIA favor\u00e1vel condicionada em 2023; as obras devem come\u00e7ar em 2026 e a produ\u00e7\u00e3o est\u00e1 prevista para 2028.<\/li>\n<\/ul>\n","protected":false},"author":2,"featured_media":159625,"comment_status":"closed","ping_status":"closed","sticky":false,"template":"","format":"standard","meta":{"footnotes":""},"categories":[1],"tags":[167,2749,755,316,3090,811],"class_list":["post-159572","post","type-post","status-publish","format-standard","has-post-thumbnail","hentry","category-noticias","tag-ambiente","tag-boticas","tag-desenvolvimento-sustentavel","tag-investimento","tag-mineracao-sustentavel","tag-protecao-ambiental"],"yoast_head":"<!-- This site is optimized with the Yoast SEO plugin v27.2 - https:\/\/yoast.com\/product\/yoast-seo-wordpress\/ -->\n<title>Associa\u00e7\u00e3o acusa o Estado de sustentar explora\u00e7\u00e3o mineira - Portal Tela Portugal<\/title>\n<meta name=\"robots\" content=\"index, follow, max-snippet:-1, max-image-preview:large, max-video-preview:-1\" \/>\n<meta property=\"og:locale\" content=\"pt_PT\" \/>\n<meta property=\"og:type\" content=\"article\" \/>\n<meta property=\"og:title\" content=\"Associa\u00e7\u00e3o acusa o Estado de sustentar explora\u00e7\u00e3o mineira - Portal Tela Portugal\" \/>\n<meta property=\"og:description\" content=\"A associa\u00e7\u00e3o Unidos em Defesa de Covas do Barroso (UDCB) acusa o Estado de financiar e sustentar a mina de l\u00edtio em Boticas, com um investimento de 110 milh\u00f5es de euros, hipotecando a vida das popula\u00e7\u00f5es locais. A Savannah Lithium recebeu um apoio financeiro de at\u00e9 110 milh\u00f5es de euros da Ag\u00eancia para o Investimento e Com\u00e9rcio Externo de Portugal (AICEP), em representa\u00e7\u00e3o do Estado, assinado em Sines com a presen\u00e7a do primeiro-ministro. A UDCB afirma que a regi\u00e3o tem car\u00eancia de servi\u00e7os p\u00fablicos e critica que o Governo financie um projeto que pode comprometer o ambiente e a sa\u00fade da popula\u00e7\u00e3o, citando pareceres do Minist\u00e9rio P\u00fablico e da Conven\u00e7\u00e3o de Aarhus sobre falhas na consulta p\u00fablica. A associa\u00e7\u00e3o diz que o projeto amea\u00e7a o Patrim\u00f3nio Agr\u00edcola Mundial da regi\u00e3o e pede avalia\u00e7\u00f5es independentes e participa\u00e7\u00e3o p\u00fablica adequada antes de qualquer decis\u00e3o. A mina de l\u00edtio, apresentada como Covas do Barroso, em Boticas, teve DIA favor\u00e1vel condicionada em 2023; as obras devem come\u00e7ar em 2026 e a produ\u00e7\u00e3o est\u00e1 prevista para 2028.\" \/>\n<meta property=\"og:url\" content=\"https:\/\/portaltela.pt\/noticias\/2026\/01\/21\/associacao-acusa-o-estado-de-sustentar-exploracao-mineira\/\" \/>\n<meta property=\"og:site_name\" content=\"Portal Tela Portugal\" \/>\n<meta property=\"article:published_time\" content=\"2026-01-21T12:59:57+00:00\" \/>\n<meta name=\"author\" content=\"Telinha\" \/>\n<meta name=\"twitter:card\" content=\"summary_large_image\" \/>\n<meta name=\"twitter:label1\" content=\"Escrito por\" \/>\n\t<meta name=\"twitter:data1\" content=\"Telinha\" \/>\n\t<meta name=\"twitter:label2\" content=\"Tempo estimado de leitura\" \/>\n\t<meta name=\"twitter:data2\" content=\"2 minutos\" \/>\n<script type=\"application\/ld+json\" class=\"yoast-schema-graph\">{\"@context\":\"https:\/\/schema.org\",\"@graph\":[{\"@type\":\"Article\",\"@id\":\"https:\/\/portaltela.pt\/noticias\/2026\/01\/21\/associacao-acusa-o-estado-de-sustentar-exploracao-mineira\/#article\",\"isPartOf\":{\"@id\":\"https:\/\/portaltela.pt\/noticias\/2026\/01\/21\/associacao-acusa-o-estado-de-sustentar-exploracao-mineira\/\"},\"author\":{\"name\":\"Telinha\",\"@id\":\"https:\/\/portaltela.pt\/#\/schema\/person\/c4278d4a6028830caff9ee44b42d32ed\"},\"headline\":\"Associa\u00e7\u00e3o acusa o Estado de sustentar explora\u00e7\u00e3o mineira\",\"datePublished\":\"2026-01-21T12:59:57+00:00\",\"mainEntityOfPage\":{\"@id\":\"https:\/\/portaltela.pt\/noticias\/2026\/01\/21\/associacao-acusa-o-estado-de-sustentar-exploracao-mineira\/\"},\"wordCount\":340,\"image\":{\"@id\":\"https:\/\/portaltela.pt\/noticias\/2026\/01\/21\/associacao-acusa-o-estado-de-sustentar-exploracao-mineira\/#primaryimage\"},\"thumbnailUrl\":\"https:\/\/portaltela.pt\/s.01k8rhncp4jt1\/2026\/01\/unnamed-file-4352.jpg\",\"keywords\":[\"ambiente\",\"Boticas\",\"desenvolvimento sustent\u00e1vel\",\"investimento\",\"minera\u00e7\u00e3o sustent\u00e1vel\",\"prote\u00e7\u00e3o ambiental\"],\"articleSection\":[\"Not\u00edcias\"],\"inLanguage\":\"pt-PT\"},{\"@type\":\"WebPage\",\"@id\":\"https:\/\/portaltela.pt\/noticias\/2026\/01\/21\/associacao-acusa-o-estado-de-sustentar-exploracao-mineira\/\",\"url\":\"https:\/\/portaltela.pt\/noticias\/2026\/01\/21\/associacao-acusa-o-estado-de-sustentar-exploracao-mineira\/\",\"name\":\"Associa\u00e7\u00e3o acusa o Estado de sustentar explora\u00e7\u00e3o mineira - Portal Tela Portugal\",\"isPartOf\":{\"@id\":\"https:\/\/portaltela.pt\/#website\"},\"primaryImageOfPage\":{\"@id\":\"https:\/\/portaltela.pt\/noticias\/2026\/01\/21\/associacao-acusa-o-estado-de-sustentar-exploracao-mineira\/#primaryimage\"},\"image\":{\"@id\":\"https:\/\/portaltela.pt\/noticias\/2026\/01\/21\/associacao-acusa-o-estado-de-sustentar-exploracao-mineira\/#primaryimage\"},\"thumbnailUrl\":\"https:\/\/portaltela.pt\/s.01k8rhncp4jt1\/2026\/01\/unnamed-file-4352.jpg\",\"datePublished\":\"2026-01-21T12:59:57+00:00\",\"author\":{\"@id\":\"https:\/\/portaltela.pt\/#\/schema\/person\/c4278d4a6028830caff9ee44b42d32ed\"},\"breadcrumb\":{\"@id\":\"https:\/\/portaltela.pt\/noticias\/2026\/01\/21\/associacao-acusa-o-estado-de-sustentar-exploracao-mineira\/#breadcrumb\"},\"inLanguage\":\"pt-PT\",\"potentialAction\":[{\"@type\":\"ReadAction\",\"target\":[\"https:\/\/portaltela.pt\/noticias\/2026\/01\/21\/associacao-acusa-o-estado-de-sustentar-exploracao-mineira\/\"]}]},{\"@type\":\"ImageObject\",\"inLanguage\":\"pt-PT\",\"@id\":\"https:\/\/portaltela.pt\/noticias\/2026\/01\/21\/associacao-acusa-o-estado-de-sustentar-exploracao-mineira\/#primaryimage\",\"url\":\"https:\/\/portaltela.pt\/s.01k8rhncp4jt1\/2026\/01\/unnamed-file-4352.jpg\",\"contentUrl\":\"https:\/\/portaltela.pt\/s.01k8rhncp4jt1\/2026\/01\/unnamed-file-4352.jpg\",\"width\":796,\"height\":448,\"caption\":\"BE pede justifica\u00e7\u00f5es ao Governo sobre apoio dado \u00e0 Savannah\"},{\"@type\":\"BreadcrumbList\",\"@id\":\"https:\/\/portaltela.pt\/noticias\/2026\/01\/21\/associacao-acusa-o-estado-de-sustentar-exploracao-mineira\/#breadcrumb\",\"itemListElement\":[{\"@type\":\"ListItem\",\"position\":1,\"name\":\"In\u00edcio\",\"item\":\"https:\/\/portaltela.pt\/\"},{\"@type\":\"ListItem\",\"position\":2,\"name\":\"Associa\u00e7\u00e3o acusa o Estado de sustentar explora\u00e7\u00e3o mineira\"}]},{\"@type\":\"WebSite\",\"@id\":\"https:\/\/portaltela.pt\/#website\",\"url\":\"https:\/\/portaltela.pt\/\",\"name\":\"Portal Tela Portugal\",\"description\":\"\",\"potentialAction\":[{\"@type\":\"SearchAction\",\"target\":{\"@type\":\"EntryPoint\",\"urlTemplate\":\"https:\/\/portaltela.pt\/?s={search_term_string}\"},\"query-input\":{\"@type\":\"PropertyValueSpecification\",\"valueRequired\":true,\"valueName\":\"search_term_string\"}}],\"inLanguage\":\"pt-PT\"},{\"@type\":\"Person\",\"@id\":\"https:\/\/portaltela.pt\/#\/schema\/person\/c4278d4a6028830caff9ee44b42d32ed\",\"name\":\"Telinha\",\"image\":{\"@type\":\"ImageObject\",\"inLanguage\":\"pt-PT\",\"@id\":\"https:\/\/portaltela.pt\/s.01k8rhncp4jt1\/2025\/11\/talking-bot-125x125.png\",\"url\":\"https:\/\/portaltela.pt\/s.01k8rhncp4jt1\/2025\/11\/talking-bot-125x125.png\",\"contentUrl\":\"https:\/\/portaltela.pt\/s.01k8rhncp4jt1\/2025\/11\/talking-bot-125x125.png\",\"caption\":\"Telinha\"},\"sameAs\":[\"https:\/\/portaltela.pt\/\"],\"url\":\"https:\/\/portaltela.pt\/por\/367410592786\/\"}]}<\/script>\n<!-- \/ Yoast SEO plugin. -->","yoast_head_json":{"title":"Associa\u00e7\u00e3o acusa o Estado de sustentar explora\u00e7\u00e3o mineira - Portal Tela Portugal","robots":{"index":"index","follow":"follow","max-snippet":"max-snippet:-1","max-image-preview":"max-image-preview:large","max-video-preview":"max-video-preview:-1"},"og_locale":"pt_PT","og_type":"article","og_title":"Associa\u00e7\u00e3o acusa o Estado de sustentar explora\u00e7\u00e3o mineira - Portal Tela Portugal","og_description":"A associa\u00e7\u00e3o Unidos em Defesa de Covas do Barroso (UDCB) acusa o Estado de financiar e sustentar a mina de l\u00edtio em Boticas, com um investimento de 110 milh\u00f5es de euros, hipotecando a vida das popula\u00e7\u00f5es locais. A Savannah Lithium recebeu um apoio financeiro de at\u00e9 110 milh\u00f5es de euros da Ag\u00eancia para o Investimento e Com\u00e9rcio Externo de Portugal (AICEP), em representa\u00e7\u00e3o do Estado, assinado em Sines com a presen\u00e7a do primeiro-ministro. A UDCB afirma que a regi\u00e3o tem car\u00eancia de servi\u00e7os p\u00fablicos e critica que o Governo financie um projeto que pode comprometer o ambiente e a sa\u00fade da popula\u00e7\u00e3o, citando pareceres do Minist\u00e9rio P\u00fablico e da Conven\u00e7\u00e3o de Aarhus sobre falhas na consulta p\u00fablica. A associa\u00e7\u00e3o diz que o projeto amea\u00e7a o Patrim\u00f3nio Agr\u00edcola Mundial da regi\u00e3o e pede avalia\u00e7\u00f5es independentes e participa\u00e7\u00e3o p\u00fablica adequada antes de qualquer decis\u00e3o. A mina de l\u00edtio, apresentada como Covas do Barroso, em Boticas, teve DIA favor\u00e1vel condicionada em 2023; as obras devem come\u00e7ar em 2026 e a produ\u00e7\u00e3o est\u00e1 prevista para 2028.","og_url":"https:\/\/portaltela.pt\/noticias\/2026\/01\/21\/associacao-acusa-o-estado-de-sustentar-exploracao-mineira\/","og_site_name":"Portal Tela Portugal","article_published_time":"2026-01-21T12:59:57+00:00","author":"Telinha","twitter_card":"summary_large_image","twitter_misc":{"Escrito por":"Telinha","Tempo estimado de leitura":"2 minutos"},"schema":{"@context":"https:\/\/schema.org","@graph":[{"@type":"Article","@id":"https:\/\/portaltela.pt\/noticias\/2026\/01\/21\/associacao-acusa-o-estado-de-sustentar-exploracao-mineira\/#article","isPartOf":{"@id":"https:\/\/portaltela.pt\/noticias\/2026\/01\/21\/associacao-acusa-o-estado-de-sustentar-exploracao-mineira\/"},"author":{"name":"Telinha","@id":"https:\/\/portaltela.pt\/#\/schema\/person\/c4278d4a6028830caff9ee44b42d32ed"},"headline":"Associa\u00e7\u00e3o acusa o Estado de sustentar explora\u00e7\u00e3o mineira","datePublished":"2026-01-21T12:59:57+00:00","mainEntityOfPage":{"@id":"https:\/\/portaltela.pt\/noticias\/2026\/01\/21\/associacao-acusa-o-estado-de-sustentar-exploracao-mineira\/"},"wordCount":340,"image":{"@id":"https:\/\/portaltela.pt\/noticias\/2026\/01\/21\/associacao-acusa-o-estado-de-sustentar-exploracao-mineira\/#primaryimage"},"thumbnailUrl":"https:\/\/portaltela.pt\/s.01k8rhncp4jt1\/2026\/01\/unnamed-file-4352.jpg","keywords":["ambiente","Boticas","desenvolvimento sustent\u00e1vel","investimento","minera\u00e7\u00e3o sustent\u00e1vel","prote\u00e7\u00e3o ambiental"],"articleSection":["Not\u00edcias"],"inLanguage":"pt-PT"},{"@type":"WebPage","@id":"https:\/\/portaltela.pt\/noticias\/2026\/01\/21\/associacao-acusa-o-estado-de-sustentar-exploracao-mineira\/","url":"https:\/\/portaltela.pt\/noticias\/2026\/01\/21\/associacao-acusa-o-estado-de-sustentar-exploracao-mineira\/","name":"Associa\u00e7\u00e3o acusa o Estado de sustentar explora\u00e7\u00e3o mineira - Portal Tela Portugal","isPartOf":{"@id":"https:\/\/portaltela.pt\/#website"},"primaryImageOfPage":{"@id":"https:\/\/portaltela.pt\/noticias\/2026\/01\/21\/associacao-acusa-o-estado-de-sustentar-exploracao-mineira\/#primaryimage"},"image":{"@id":"https:\/\/portaltela.pt\/noticias\/2026\/01\/21\/associacao-acusa-o-estado-de-sustentar-exploracao-mineira\/#primaryimage"},"thumbnailUrl":"https:\/\/portaltela.pt\/s.01k8rhncp4jt1\/2026\/01\/unnamed-file-4352.jpg","datePublished":"2026-01-21T12:59:57+00:00","author":{"@id":"https:\/\/portaltela.pt\/#\/schema\/person\/c4278d4a6028830caff9ee44b42d32ed"},"breadcrumb":{"@id":"https:\/\/portaltela.pt\/noticias\/2026\/01\/21\/associacao-acusa-o-estado-de-sustentar-exploracao-mineira\/#breadcrumb"},"inLanguage":"pt-PT","potentialAction":[{"@type":"ReadAction","target":["https:\/\/portaltela.pt\/noticias\/2026\/01\/21\/associacao-acusa-o-estado-de-sustentar-exploracao-mineira\/"]}]},{"@type":"ImageObject","inLanguage":"pt-PT","@id":"https:\/\/portaltela.pt\/noticias\/2026\/01\/21\/associacao-acusa-o-estado-de-sustentar-exploracao-mineira\/#primaryimage","url":"https:\/\/portaltela.pt\/s.01k8rhncp4jt1\/2026\/01\/unnamed-file-4352.jpg","contentUrl":"https:\/\/portaltela.pt\/s.01k8rhncp4jt1\/2026\/01\/unnamed-file-4352.jpg","width":796,"height":448,"caption":"BE pede justifica\u00e7\u00f5es ao Governo sobre apoio dado \u00e0 Savannah"},{"@type":"BreadcrumbList","@id":"https:\/\/portaltela.pt\/noticias\/2026\/01\/21\/associacao-acusa-o-estado-de-sustentar-exploracao-mineira\/#breadcrumb","itemListElement":[{"@type":"ListItem","position":1,"name":"In\u00edcio","item":"https:\/\/portaltela.pt\/"},{"@type":"ListItem","position":2,"name":"Associa\u00e7\u00e3o acusa o Estado de sustentar explora\u00e7\u00e3o mineira"}]},{"@type":"WebSite","@id":"https:\/\/portaltela.pt\/#website","url":"https:\/\/portaltela.pt\/","name":"Portal Tela Portugal","description":"","potentialAction":[{"@type":"SearchAction","target":{"@type":"EntryPoint","urlTemplate":"https:\/\/portaltela.pt\/?s={search_term_string}"},"query-input":{"@type":"PropertyValueSpecification","valueRequired":true,"valueName":"search_term_string"}}],"inLanguage":"pt-PT"},{"@type":"Person","@id":"https:\/\/portaltela.pt\/#\/schema\/person\/c4278d4a6028830caff9ee44b42d32ed","name":"Telinha","image":{"@type":"ImageObject","inLanguage":"pt-PT","@id":"https:\/\/portaltela.pt\/s.01k8rhncp4jt1\/2025\/11\/talking-bot-125x125.png","url":"https:\/\/portaltela.pt\/s.01k8rhncp4jt1\/2025\/11\/talking-bot-125x125.png","contentUrl":"https:\/\/portaltela.pt\/s.01k8rhncp4jt1\/2025\/11\/talking-bot-125x125.png","caption":"Telinha"},"sameAs":["https:\/\/portaltela.pt\/"],"url":"https:\/\/portaltela.pt\/por\/367410592786\/"}]}},"_links":{"self":[{"href":"https:\/\/portaltela.pt\/api\/wp\/v2\/posts\/159572","targetHints":{"allow":["GET"]}}],"collection":[{"href":"https:\/\/portaltela.pt\/api\/wp\/v2\/posts"}],"about":[{"href":"https:\/\/portaltela.pt\/api\/wp\/v2\/types\/post"}],"author":[{"embeddable":true,"href":"https:\/\/portaltela.pt\/api\/wp\/v2\/users\/2"}],"replies":[{"embeddable":true,"href":"https:\/\/portaltela.pt\/api\/wp\/v2\/comments?post=159572"}],"version-history":[{"count":0,"href":"https:\/\/portaltela.pt\/api\/wp\/v2\/posts\/159572\/revisions"}],"wp:featuredmedia":[{"embeddable":true,"href":"https:\/\/portaltela.pt\/api\/wp\/v2\/media\/159625"}],"wp:attachment":[{"href":"https:\/\/portaltela.pt\/api\/wp\/v2\/media?parent=159572"}],"wp:term":[{"taxonomy":"category","embeddable":true,"href":"https:\/\/portaltela.pt\/api\/wp\/v2\/categories?post=159572"},{"taxonomy":"post_tag","embeddable":true,"href":"https:\/\/portaltela.pt\/api\/wp\/v2\/tags?post=159572"}],"curies":[{"name":"wp","href":"https:\/\/api.w.org\/{rel}","templated":true}]}}