{"id":159555,"date":"2026-01-21T10:04:52","date_gmt":"2026-01-21T13:04:52","guid":{"rendered":"https:\/\/portaltela.pt\/noticias\/2026\/01\/21\/presidente-da-comissao-de-combate-a-fraude-no-sns-alerta-para-atrasos-na-equipa\/"},"modified":"2026-01-21T10:04:52","modified_gmt":"2026-01-21T13:04:52","slug":"presidente-da-comissao-de-combate-a-fraude-no-sns-alerta-para-atrasos-na-equipa","status":"publish","type":"post","link":"https:\/\/portaltela.pt\/noticias\/2026\/01\/21\/presidente-da-comissao-de-combate-a-fraude-no-sns-alerta-para-atrasos-na-equipa\/","title":{"rendered":"Presidente da Comiss\u00e3o de Combate \u00e0 Fraude no SNS alerta para atrasos na equipa"},"content":{"rendered":"<p>A Comiss\u00e3o de Combate \u00e0 Fraude no SNS recebeu este m\u00eas o testemunho do juiz desembargador Carlos Alexandre. Questionado sobre o andamento da institui\u00e7\u00e3o, ele afirmou que ainda faltam membros permanentes por indicar. A ideia \u00e9 evitar que o trabalho seja visto apenas como publicidade.<\/p>\n<p>Segundo o magistrado, o SFN encontra-se numa fase inicial. A nomea\u00e7\u00e3o da comiss\u00e3o foi aprovada pelo Governo a 9 de dezembro e pelo Conselho de Ministros a 11 de dezembro. O in\u00edcio efetivo de fun\u00e7\u00f5es ocorreu a 19 de dezembro, com interrup\u00e7\u00f5es por f\u00e9rias.<\/p>\n<p>Carlos Alexandre indicou que, at\u00e9 hoje, h\u00e1 entidades que n\u00e3o indicaram o seu representante permanente. Ele mostrou expectativa de que essas indica\u00e7\u00f5es cheguem brevemente, para que a equipa possa cumprir as suas atribui\u00e7\u00f5es.<\/p>\n<p>A comiss\u00e3o tem entre os seus elementos permanentes membros de \u00f3rg\u00e3os como a Pol\u00edcia Judici\u00e1ria, a Inspe\u00e7\u00e3o Geral da Sa\u00fade, as Finan\u00e7as e o Infarmed. Constr\u00f3i-se ainda o funcionamento t\u00e9cnico, com um subdom\u00ednio inform\u00e1tico dedicado a den\u00fancias.<\/p>\n<p>Este mecanismo incluir\u00e1 endere\u00e7os eletr\u00f3nicos para contacto, com um canal reservado a cidad\u00e3os e entidades. A medida visa receber den\u00fancias e informa\u00e7\u00f5es \u00fateis para a preven\u00e7\u00e3o e o combate \u00e0 fraude no SNS.<\/p>\n","protected":false},"excerpt":{"rendered":"<ul>\n<li>O presidente da Comiss\u00e3o de Combate \u00e0 Fraude no SNS afirmou que ainda h\u00e1 membros permanentes por nomear e que, passados 15 dias, n\u00e3o seria expect\u00e1vel ter um retrato completo da realidade do SNS.<\/li>\n<li>O juiz desembargador Carlos Alexandre explicou que a comiss\u00e3o est\u00e1 numa fase incipiente, com algumas entidades ainda sem indicar o seu membro permanente.<\/li>\n<li>A nomea\u00e7\u00e3o da comiss\u00e3o foi aprovada em 9 de dezembro e pelo Conselho de Ministros em 11 de dezembro; come\u00e7ou a trabalhar a 19 de dezembro e retomou a 5 de janeiro ap\u00f3s o per\u00edodo de festas.<\/li>\n<li>At\u00e9 21 de janeiro, persistem entidades por indicar membros permanentes, o que o magistrado espera que ocorra rapidamente para permitir o funcionamento completo.<\/li>\n<li>Est\u00e3o a ser criados mecanismos de recebimento de den\u00fancias, incluindo um subdom\u00ednio inform\u00e1tico e endere\u00e7os eletr\u00f3nicos para envio de den\u00fancias por parte de cidad\u00e3os, entidades e outros interessados.<\/li>\n<\/ul>\n","protected":false},"author":2,"featured_media":159556,"comment_status":"closed","ping_status":"closed","sticky":false,"template":"","format":"standard","meta":{"footnotes":""},"categories":[1],"tags":[309,2584,3678,3680,215,1802],"class_list":["post-159555","post","type-post","status-publish","format-standard","has-post-thumbnail","hentry","category-noticias","tag-combate-a-corrupcao","tag-financas","tag-infarmed","tag-inspecao-geral-da-saude","tag-investigacao","tag-policia-judiciaria"],"yoast_head":"<!-- This site is optimized with the Yoast SEO plugin v27.2 - https:\/\/yoast.com\/product\/yoast-seo-wordpress\/ -->\n<title>Presidente da Comiss\u00e3o de Combate \u00e0 Fraude no SNS alerta para atrasos na equipa - Portal Tela Portugal<\/title>\n<meta name=\"robots\" content=\"index, follow, max-snippet:-1, max-image-preview:large, max-video-preview:-1\" \/>\n<meta property=\"og:locale\" content=\"pt_PT\" \/>\n<meta property=\"og:type\" content=\"article\" \/>\n<meta property=\"og:title\" content=\"Presidente da Comiss\u00e3o de Combate \u00e0 Fraude no SNS alerta para atrasos na equipa - Portal Tela Portugal\" \/>\n<meta property=\"og:description\" content=\"O presidente da Comiss\u00e3o de Combate \u00e0 Fraude no SNS afirmou que ainda h\u00e1 membros permanentes por nomear e que, passados 15 dias, n\u00e3o seria expect\u00e1vel ter um retrato completo da realidade do SNS. O juiz desembargador Carlos Alexandre explicou que a comiss\u00e3o est\u00e1 numa fase incipiente, com algumas entidades ainda sem indicar o seu membro permanente. A nomea\u00e7\u00e3o da comiss\u00e3o foi aprovada em 9 de dezembro e pelo Conselho de Ministros em 11 de dezembro; come\u00e7ou a trabalhar a 19 de dezembro e retomou a 5 de janeiro ap\u00f3s o per\u00edodo de festas. At\u00e9 21 de janeiro, persistem entidades por indicar membros permanentes, o que o magistrado espera que ocorra rapidamente para permitir o funcionamento completo. Est\u00e3o a ser criados mecanismos de recebimento de den\u00fancias, incluindo um subdom\u00ednio inform\u00e1tico e endere\u00e7os eletr\u00f3nicos para envio de den\u00fancias por parte de cidad\u00e3os, entidades e outros interessados.\" \/>\n<meta property=\"og:url\" content=\"https:\/\/portaltela.pt\/noticias\/2026\/01\/21\/presidente-da-comissao-de-combate-a-fraude-no-sns-alerta-para-atrasos-na-equipa\/\" \/>\n<meta property=\"og:site_name\" content=\"Portal Tela Portugal\" \/>\n<meta property=\"article:published_time\" content=\"2026-01-21T13:04:52+00:00\" \/>\n<meta name=\"author\" content=\"Telinha\" \/>\n<meta name=\"twitter:card\" content=\"summary_large_image\" \/>\n<meta name=\"twitter:label1\" content=\"Escrito por\" \/>\n\t<meta name=\"twitter:data1\" content=\"Telinha\" \/>\n\t<meta name=\"twitter:label2\" content=\"Tempo estimado de leitura\" \/>\n\t<meta name=\"twitter:data2\" content=\"1 minuto\" \/>\n<script type=\"application\/ld+json\" class=\"yoast-schema-graph\">{\"@context\":\"https:\/\/schema.org\",\"@graph\":[{\"@type\":\"Article\",\"@id\":\"https:\/\/portaltela.pt\/noticias\/2026\/01\/21\/presidente-da-comissao-de-combate-a-fraude-no-sns-alerta-para-atrasos-na-equipa\/#article\",\"isPartOf\":{\"@id\":\"https:\/\/portaltela.pt\/noticias\/2026\/01\/21\/presidente-da-comissao-de-combate-a-fraude-no-sns-alerta-para-atrasos-na-equipa\/\"},\"author\":{\"name\":\"Telinha\",\"@id\":\"https:\/\/portaltela.pt\/#\/schema\/person\/c4278d4a6028830caff9ee44b42d32ed\"},\"headline\":\"Presidente da Comiss\u00e3o de Combate \u00e0 Fraude no SNS alerta para atrasos na equipa\",\"datePublished\":\"2026-01-21T13:04:52+00:00\",\"mainEntityOfPage\":{\"@id\":\"https:\/\/portaltela.pt\/noticias\/2026\/01\/21\/presidente-da-comissao-de-combate-a-fraude-no-sns-alerta-para-atrasos-na-equipa\/\"},\"wordCount\":230,\"image\":{\"@id\":\"https:\/\/portaltela.pt\/noticias\/2026\/01\/21\/presidente-da-comissao-de-combate-a-fraude-no-sns-alerta-para-atrasos-na-equipa\/#primaryimage\"},\"thumbnailUrl\":\"https:\/\/portaltela.pt\/s.01k8rhncp4jt1\/2026\/01\/img_1500x1000uu2023-09-30-21-52-36-1455921.jpg\",\"keywords\":[\"combate \u00e0 corrup\u00e7\u00e3o\",\"finan\u00e7as\",\"Infarmed\",\"Inspe\u00e7\u00e3o Geral da Sa\u00fade\",\"investiga\u00e7\u00e3o\",\"Pol\u00edcia Judici\u00e1ria\"],\"articleSection\":[\"Not\u00edcias\"],\"inLanguage\":\"pt-PT\"},{\"@type\":\"WebPage\",\"@id\":\"https:\/\/portaltela.pt\/noticias\/2026\/01\/21\/presidente-da-comissao-de-combate-a-fraude-no-sns-alerta-para-atrasos-na-equipa\/\",\"url\":\"https:\/\/portaltela.pt\/noticias\/2026\/01\/21\/presidente-da-comissao-de-combate-a-fraude-no-sns-alerta-para-atrasos-na-equipa\/\",\"name\":\"Presidente da Comiss\u00e3o de Combate \u00e0 Fraude no SNS alerta para atrasos na equipa - Portal Tela Portugal\",\"isPartOf\":{\"@id\":\"https:\/\/portaltela.pt\/#website\"},\"primaryImageOfPage\":{\"@id\":\"https:\/\/portaltela.pt\/noticias\/2026\/01\/21\/presidente-da-comissao-de-combate-a-fraude-no-sns-alerta-para-atrasos-na-equipa\/#primaryimage\"},\"image\":{\"@id\":\"https:\/\/portaltela.pt\/noticias\/2026\/01\/21\/presidente-da-comissao-de-combate-a-fraude-no-sns-alerta-para-atrasos-na-equipa\/#primaryimage\"},\"thumbnailUrl\":\"https:\/\/portaltela.pt\/s.01k8rhncp4jt1\/2026\/01\/img_1500x1000uu2023-09-30-21-52-36-1455921.jpg\",\"datePublished\":\"2026-01-21T13:04:52+00:00\",\"author\":{\"@id\":\"https:\/\/portaltela.pt\/#\/schema\/person\/c4278d4a6028830caff9ee44b42d32ed\"},\"breadcrumb\":{\"@id\":\"https:\/\/portaltela.pt\/noticias\/2026\/01\/21\/presidente-da-comissao-de-combate-a-fraude-no-sns-alerta-para-atrasos-na-equipa\/#breadcrumb\"},\"inLanguage\":\"pt-PT\",\"potentialAction\":[{\"@type\":\"ReadAction\",\"target\":[\"https:\/\/portaltela.pt\/noticias\/2026\/01\/21\/presidente-da-comissao-de-combate-a-fraude-no-sns-alerta-para-atrasos-na-equipa\/\"]}]},{\"@type\":\"ImageObject\",\"inLanguage\":\"pt-PT\",\"@id\":\"https:\/\/portaltela.pt\/noticias\/2026\/01\/21\/presidente-da-comissao-de-combate-a-fraude-no-sns-alerta-para-atrasos-na-equipa\/#primaryimage\",\"url\":\"https:\/\/portaltela.pt\/s.01k8rhncp4jt1\/2026\/01\/img_1500x1000uu2023-09-30-21-52-36-1455921.jpg\",\"contentUrl\":\"https:\/\/portaltela.pt\/s.01k8rhncp4jt1\/2026\/01\/img_1500x1000uu2023-09-30-21-52-36-1455921.jpg\",\"width\":796,\"height\":448,\"caption\":\"Juiz Carlos Alexandre\"},{\"@type\":\"BreadcrumbList\",\"@id\":\"https:\/\/portaltela.pt\/noticias\/2026\/01\/21\/presidente-da-comissao-de-combate-a-fraude-no-sns-alerta-para-atrasos-na-equipa\/#breadcrumb\",\"itemListElement\":[{\"@type\":\"ListItem\",\"position\":1,\"name\":\"In\u00edcio\",\"item\":\"https:\/\/portaltela.pt\/\"},{\"@type\":\"ListItem\",\"position\":2,\"name\":\"Presidente da Comiss\u00e3o de Combate \u00e0 Fraude no SNS alerta para atrasos na equipa\"}]},{\"@type\":\"WebSite\",\"@id\":\"https:\/\/portaltela.pt\/#website\",\"url\":\"https:\/\/portaltela.pt\/\",\"name\":\"Portal Tela Portugal\",\"description\":\"\",\"potentialAction\":[{\"@type\":\"SearchAction\",\"target\":{\"@type\":\"EntryPoint\",\"urlTemplate\":\"https:\/\/portaltela.pt\/?s={search_term_string}\"},\"query-input\":{\"@type\":\"PropertyValueSpecification\",\"valueRequired\":true,\"valueName\":\"search_term_string\"}}],\"inLanguage\":\"pt-PT\"},{\"@type\":\"Person\",\"@id\":\"https:\/\/portaltela.pt\/#\/schema\/person\/c4278d4a6028830caff9ee44b42d32ed\",\"name\":\"Telinha\",\"image\":{\"@type\":\"ImageObject\",\"inLanguage\":\"pt-PT\",\"@id\":\"https:\/\/portaltela.pt\/s.01k8rhncp4jt1\/2025\/11\/talking-bot-125x125.png\",\"url\":\"https:\/\/portaltela.pt\/s.01k8rhncp4jt1\/2025\/11\/talking-bot-125x125.png\",\"contentUrl\":\"https:\/\/portaltela.pt\/s.01k8rhncp4jt1\/2025\/11\/talking-bot-125x125.png\",\"caption\":\"Telinha\"},\"sameAs\":[\"https:\/\/portaltela.pt\/\"],\"url\":\"https:\/\/portaltela.pt\/por\/367410592786\/\"}]}<\/script>\n<!-- \/ Yoast SEO plugin. -->","yoast_head_json":{"title":"Presidente da Comiss\u00e3o de Combate \u00e0 Fraude no SNS alerta para atrasos na equipa - Portal Tela Portugal","robots":{"index":"index","follow":"follow","max-snippet":"max-snippet:-1","max-image-preview":"max-image-preview:large","max-video-preview":"max-video-preview:-1"},"og_locale":"pt_PT","og_type":"article","og_title":"Presidente da Comiss\u00e3o de Combate \u00e0 Fraude no SNS alerta para atrasos na equipa - Portal Tela Portugal","og_description":"O presidente da Comiss\u00e3o de Combate \u00e0 Fraude no SNS afirmou que ainda h\u00e1 membros permanentes por nomear e que, passados 15 dias, n\u00e3o seria expect\u00e1vel ter um retrato completo da realidade do SNS. O juiz desembargador Carlos Alexandre explicou que a comiss\u00e3o est\u00e1 numa fase incipiente, com algumas entidades ainda sem indicar o seu membro permanente. A nomea\u00e7\u00e3o da comiss\u00e3o foi aprovada em 9 de dezembro e pelo Conselho de Ministros em 11 de dezembro; come\u00e7ou a trabalhar a 19 de dezembro e retomou a 5 de janeiro ap\u00f3s o per\u00edodo de festas. At\u00e9 21 de janeiro, persistem entidades por indicar membros permanentes, o que o magistrado espera que ocorra rapidamente para permitir o funcionamento completo. Est\u00e3o a ser criados mecanismos de recebimento de den\u00fancias, incluindo um subdom\u00ednio inform\u00e1tico e endere\u00e7os eletr\u00f3nicos para envio de den\u00fancias por parte de cidad\u00e3os, entidades e outros interessados.","og_url":"https:\/\/portaltela.pt\/noticias\/2026\/01\/21\/presidente-da-comissao-de-combate-a-fraude-no-sns-alerta-para-atrasos-na-equipa\/","og_site_name":"Portal Tela Portugal","article_published_time":"2026-01-21T13:04:52+00:00","author":"Telinha","twitter_card":"summary_large_image","twitter_misc":{"Escrito por":"Telinha","Tempo estimado de leitura":"1 minuto"},"schema":{"@context":"https:\/\/schema.org","@graph":[{"@type":"Article","@id":"https:\/\/portaltela.pt\/noticias\/2026\/01\/21\/presidente-da-comissao-de-combate-a-fraude-no-sns-alerta-para-atrasos-na-equipa\/#article","isPartOf":{"@id":"https:\/\/portaltela.pt\/noticias\/2026\/01\/21\/presidente-da-comissao-de-combate-a-fraude-no-sns-alerta-para-atrasos-na-equipa\/"},"author":{"name":"Telinha","@id":"https:\/\/portaltela.pt\/#\/schema\/person\/c4278d4a6028830caff9ee44b42d32ed"},"headline":"Presidente da Comiss\u00e3o de Combate \u00e0 Fraude no SNS alerta para atrasos na equipa","datePublished":"2026-01-21T13:04:52+00:00","mainEntityOfPage":{"@id":"https:\/\/portaltela.pt\/noticias\/2026\/01\/21\/presidente-da-comissao-de-combate-a-fraude-no-sns-alerta-para-atrasos-na-equipa\/"},"wordCount":230,"image":{"@id":"https:\/\/portaltela.pt\/noticias\/2026\/01\/21\/presidente-da-comissao-de-combate-a-fraude-no-sns-alerta-para-atrasos-na-equipa\/#primaryimage"},"thumbnailUrl":"https:\/\/portaltela.pt\/s.01k8rhncp4jt1\/2026\/01\/img_1500x1000uu2023-09-30-21-52-36-1455921.jpg","keywords":["combate \u00e0 corrup\u00e7\u00e3o","finan\u00e7as","Infarmed","Inspe\u00e7\u00e3o Geral da Sa\u00fade","investiga\u00e7\u00e3o","Pol\u00edcia Judici\u00e1ria"],"articleSection":["Not\u00edcias"],"inLanguage":"pt-PT"},{"@type":"WebPage","@id":"https:\/\/portaltela.pt\/noticias\/2026\/01\/21\/presidente-da-comissao-de-combate-a-fraude-no-sns-alerta-para-atrasos-na-equipa\/","url":"https:\/\/portaltela.pt\/noticias\/2026\/01\/21\/presidente-da-comissao-de-combate-a-fraude-no-sns-alerta-para-atrasos-na-equipa\/","name":"Presidente da Comiss\u00e3o de Combate \u00e0 Fraude no SNS alerta para atrasos na equipa - Portal Tela Portugal","isPartOf":{"@id":"https:\/\/portaltela.pt\/#website"},"primaryImageOfPage":{"@id":"https:\/\/portaltela.pt\/noticias\/2026\/01\/21\/presidente-da-comissao-de-combate-a-fraude-no-sns-alerta-para-atrasos-na-equipa\/#primaryimage"},"image":{"@id":"https:\/\/portaltela.pt\/noticias\/2026\/01\/21\/presidente-da-comissao-de-combate-a-fraude-no-sns-alerta-para-atrasos-na-equipa\/#primaryimage"},"thumbnailUrl":"https:\/\/portaltela.pt\/s.01k8rhncp4jt1\/2026\/01\/img_1500x1000uu2023-09-30-21-52-36-1455921.jpg","datePublished":"2026-01-21T13:04:52+00:00","author":{"@id":"https:\/\/portaltela.pt\/#\/schema\/person\/c4278d4a6028830caff9ee44b42d32ed"},"breadcrumb":{"@id":"https:\/\/portaltela.pt\/noticias\/2026\/01\/21\/presidente-da-comissao-de-combate-a-fraude-no-sns-alerta-para-atrasos-na-equipa\/#breadcrumb"},"inLanguage":"pt-PT","potentialAction":[{"@type":"ReadAction","target":["https:\/\/portaltela.pt\/noticias\/2026\/01\/21\/presidente-da-comissao-de-combate-a-fraude-no-sns-alerta-para-atrasos-na-equipa\/"]}]},{"@type":"ImageObject","inLanguage":"pt-PT","@id":"https:\/\/portaltela.pt\/noticias\/2026\/01\/21\/presidente-da-comissao-de-combate-a-fraude-no-sns-alerta-para-atrasos-na-equipa\/#primaryimage","url":"https:\/\/portaltela.pt\/s.01k8rhncp4jt1\/2026\/01\/img_1500x1000uu2023-09-30-21-52-36-1455921.jpg","contentUrl":"https:\/\/portaltela.pt\/s.01k8rhncp4jt1\/2026\/01\/img_1500x1000uu2023-09-30-21-52-36-1455921.jpg","width":796,"height":448,"caption":"Juiz Carlos Alexandre"},{"@type":"BreadcrumbList","@id":"https:\/\/portaltela.pt\/noticias\/2026\/01\/21\/presidente-da-comissao-de-combate-a-fraude-no-sns-alerta-para-atrasos-na-equipa\/#breadcrumb","itemListElement":[{"@type":"ListItem","position":1,"name":"In\u00edcio","item":"https:\/\/portaltela.pt\/"},{"@type":"ListItem","position":2,"name":"Presidente da Comiss\u00e3o de Combate \u00e0 Fraude no SNS alerta para atrasos na equipa"}]},{"@type":"WebSite","@id":"https:\/\/portaltela.pt\/#website","url":"https:\/\/portaltela.pt\/","name":"Portal Tela Portugal","description":"","potentialAction":[{"@type":"SearchAction","target":{"@type":"EntryPoint","urlTemplate":"https:\/\/portaltela.pt\/?s={search_term_string}"},"query-input":{"@type":"PropertyValueSpecification","valueRequired":true,"valueName":"search_term_string"}}],"inLanguage":"pt-PT"},{"@type":"Person","@id":"https:\/\/portaltela.pt\/#\/schema\/person\/c4278d4a6028830caff9ee44b42d32ed","name":"Telinha","image":{"@type":"ImageObject","inLanguage":"pt-PT","@id":"https:\/\/portaltela.pt\/s.01k8rhncp4jt1\/2025\/11\/talking-bot-125x125.png","url":"https:\/\/portaltela.pt\/s.01k8rhncp4jt1\/2025\/11\/talking-bot-125x125.png","contentUrl":"https:\/\/portaltela.pt\/s.01k8rhncp4jt1\/2025\/11\/talking-bot-125x125.png","caption":"Telinha"},"sameAs":["https:\/\/portaltela.pt\/"],"url":"https:\/\/portaltela.pt\/por\/367410592786\/"}]}},"_links":{"self":[{"href":"https:\/\/portaltela.pt\/api\/wp\/v2\/posts\/159555","targetHints":{"allow":["GET"]}}],"collection":[{"href":"https:\/\/portaltela.pt\/api\/wp\/v2\/posts"}],"about":[{"href":"https:\/\/portaltela.pt\/api\/wp\/v2\/types\/post"}],"author":[{"embeddable":true,"href":"https:\/\/portaltela.pt\/api\/wp\/v2\/users\/2"}],"replies":[{"embeddable":true,"href":"https:\/\/portaltela.pt\/api\/wp\/v2\/comments?post=159555"}],"version-history":[{"count":0,"href":"https:\/\/portaltela.pt\/api\/wp\/v2\/posts\/159555\/revisions"}],"wp:featuredmedia":[{"embeddable":true,"href":"https:\/\/portaltela.pt\/api\/wp\/v2\/media\/159556"}],"wp:attachment":[{"href":"https:\/\/portaltela.pt\/api\/wp\/v2\/media?parent=159555"}],"wp:term":[{"taxonomy":"category","embeddable":true,"href":"https:\/\/portaltela.pt\/api\/wp\/v2\/categories?post=159555"},{"taxonomy":"post_tag","embeddable":true,"href":"https:\/\/portaltela.pt\/api\/wp\/v2\/tags?post=159555"}],"curies":[{"name":"wp","href":"https:\/\/api.w.org\/{rel}","templated":true}]}}