{"id":159519,"date":"2026-01-21T09:57:00","date_gmt":"2026-01-21T12:57:00","guid":{"rendered":"https:\/\/portaltela.pt\/noticias\/2026\/01\/21\/rafa-chega-e-schjelderup-fica-mais-perto-de-deixar-a-luz\/"},"modified":"2026-01-21T09:57:00","modified_gmt":"2026-01-21T12:57:00","slug":"rafa-chega-e-schjelderup-fica-mais-perto-de-deixar-a-luz","status":"publish","type":"post","link":"https:\/\/portaltela.pt\/desporto\/futebol\/2026\/01\/21\/rafa-chega-e-schjelderup-fica-mais-perto-de-deixar-a-luz\/","title":{"rendered":"Rafa chega e Schjelderup fica mais perto de deixar a Luz"},"content":{"rendered":"<p>Rafa Silva j\u00e1 chegou a Portugal para fechar o regresso ao Benfica, ano e meio ap\u00f3s deixar o clube para jogar no Besiktas. O neg\u00f3cio dever\u00e1 ficar em cerca de 5 milh\u00f5es de euros, com o jogador a assinar por dois anos e meio.<\/p>\n<p>Enquanto isso, Schjelderup permanece no Benfica, com o interesse de clubes europeus a manter-se. O Club Brugge, de Belgi\u0430, j\u00e1 ter\u00e1 apresentado uma proposta de 8 milh\u00f5es de euros, segundo o jornalista Sacha Tavolieri. As \u00e1guias anseiam receber 15 milh\u00f5es caso pretendam vender o extremo dinamarqu\u00eas em definitivo.<\/p>\n<p>St Juste est\u00e1 afastado do plantel do Sporting e encontra-se em negocia\u00e7\u00f5es para mudar-se para os Pa\u00edses Baixos, com o Feyenoord como prov\u00e1vel destino. O central neerland\u00eas de 29 anos est\u00e1 a tratar da rescis\u00e3o contratual para refor\u00e7ar o clube holand\u00eas a custo zero.<\/p>\n<p>Kikas vai jogar na B\u00e9lgica, ao servi\u00e7o do Eupen, na segunda divis\u00e3o do pa\u00eds. O avan\u00e7ado de 27 anos deixa o Estrela da Amadora ap\u00f3s 101 jogos pelo clube. Os valores da transfer\u00eancia n\u00e3o foram revelados.<\/p>\n<p>Ter Stegen \u00e9 anunciado como refor\u00e7o do Girona at\u00e9 ao final da temporada. O guarda-redes alem\u00e3o, de 33 anos, deixa o Barcelona ap\u00f3s 12 \u00e9pocas e chega ao clube catal\u00e3o por empr\u00e9stimo do Bar\u00e7a, mantendo-se na La Liga.<\/p>\n","protected":false},"excerpt":{"rendered":"<ul>\n<li>Rafa Silva chegou a Lisboa para concretizar o regresso ao Benfica, por cerca de 5 milh\u00f5es de euros, num contrato de dois anos e meio.<\/li>\n<li>Club Brugge fez uma proposta de oito milh\u00f5es de euros por Schjelderup, com o Benfica a exigir 15 milh\u00f5es para venda definitiva.<\/li>\n<li>St. Juste est\u00e1 em negocia\u00e7\u00f5es para rescindir com o Sporting e pode assinar pelo Feyenoord a custo zero.<\/li>\n<li>Kikas vai jogar na B\u00e9lgica pelo Eupen, deixando o Estrela da Amadora; os valores do neg\u00f3cio n\u00e3o foram revelados.<\/li>\n<li>Ter Stegen \u00e9 apresentada como refor\u00e7o do Girona at\u00e9 ao final da temporada, em empr\u00e9stimo do Barcelona.<\/li>\n<\/ul>\n","protected":false},"author":2,"featured_media":159547,"comment_status":"closed","ping_status":"closed","sticky":false,"template":"","format":"standard","meta":{"footnotes":""},"categories":[21,24],"tags":[1946,3679,32,2657,2050,1633],"class_list":["post-159519","post","type-post","status-publish","format-standard","has-post-thumbnail","hentry","category-desporto","category-futebol","tag-benfica","tag-eupen","tag-futebol","tag-girona","tag-transferencias","tag-transferencias-internacionais"],"yoast_head":"<!-- This site is optimized with the Yoast SEO plugin v27.2 - https:\/\/yoast.com\/product\/yoast-seo-wordpress\/ -->\n<title>Rafa chega e Schjelderup fica mais perto de deixar a Luz - Portal Tela Portugal<\/title>\n<meta name=\"robots\" content=\"index, follow, max-snippet:-1, max-image-preview:large, max-video-preview:-1\" \/>\n<meta property=\"og:locale\" content=\"pt_PT\" \/>\n<meta property=\"og:type\" content=\"article\" \/>\n<meta property=\"og:title\" content=\"Rafa chega e Schjelderup fica mais perto de deixar a Luz - Portal Tela Portugal\" \/>\n<meta property=\"og:description\" content=\"Rafa Silva chegou a Lisboa para concretizar o regresso ao Benfica, por cerca de 5 milh\u00f5es de euros, num contrato de dois anos e meio. Club Brugge fez uma proposta de oito milh\u00f5es de euros por Schjelderup, com o Benfica a exigir 15 milh\u00f5es para venda definitiva. St. Juste est\u00e1 em negocia\u00e7\u00f5es para rescindir com o Sporting e pode assinar pelo Feyenoord a custo zero. Kikas vai jogar na B\u00e9lgica pelo Eupen, deixando o Estrela da Amadora; os valores do neg\u00f3cio n\u00e3o foram revelados. Ter Stegen \u00e9 apresentada como refor\u00e7o do Girona at\u00e9 ao final da temporada, em empr\u00e9stimo do Barcelona.\" \/>\n<meta property=\"og:url\" content=\"https:\/\/portaltela.pt\/noticias\/2026\/01\/21\/rafa-chega-e-schjelderup-fica-mais-perto-de-deixar-a-luz\/\" \/>\n<meta property=\"og:site_name\" content=\"Portal Tela Portugal\" \/>\n<meta property=\"article:published_time\" content=\"2026-01-21T12:57:00+00:00\" \/>\n<meta name=\"author\" content=\"Telinha\" \/>\n<meta name=\"twitter:card\" content=\"summary_large_image\" \/>\n<meta name=\"twitter:label1\" content=\"Escrito por\" \/>\n\t<meta name=\"twitter:data1\" content=\"Telinha\" \/>\n\t<meta name=\"twitter:label2\" content=\"Tempo estimado de leitura\" \/>\n\t<meta name=\"twitter:data2\" content=\"1 minuto\" \/>\n<script type=\"application\/ld+json\" class=\"yoast-schema-graph\">{\"@context\":\"https:\/\/schema.org\",\"@graph\":[{\"@type\":\"Article\",\"@id\":\"https:\/\/portaltela.pt\/noticias\/2026\/01\/21\/rafa-chega-e-schjelderup-fica-mais-perto-de-deixar-a-luz\/#article\",\"isPartOf\":{\"@id\":\"https:\/\/portaltela.pt\/noticias\/2026\/01\/21\/rafa-chega-e-schjelderup-fica-mais-perto-de-deixar-a-luz\/\"},\"author\":{\"name\":\"Telinha\",\"@id\":\"https:\/\/portaltela.pt\/#\/schema\/person\/c4278d4a6028830caff9ee44b42d32ed\"},\"headline\":\"Rafa chega e Schjelderup fica mais perto de deixar a Luz\",\"datePublished\":\"2026-01-21T12:57:00+00:00\",\"mainEntityOfPage\":{\"@id\":\"https:\/\/portaltela.pt\/noticias\/2026\/01\/21\/rafa-chega-e-schjelderup-fica-mais-perto-de-deixar-a-luz\/\"},\"wordCount\":239,\"image\":{\"@id\":\"https:\/\/portaltela.pt\/noticias\/2026\/01\/21\/rafa-chega-e-schjelderup-fica-mais-perto-de-deixar-a-luz\/#primaryimage\"},\"thumbnailUrl\":\"https:\/\/portaltela.pt\/s.01k8rhncp4jt1\/2026\/01\/461c01c8-dd52-44cc-ad5a-bbc770b1ca72_1200x675.jpg\",\"keywords\":[\"Benfica\",\"Eupen\",\"futebol\",\"Girona\",\"transfer\u00eancias\",\"transfer\u00eancias internacionais\"],\"articleSection\":[\"Desporto\",\"Futebol\"],\"inLanguage\":\"pt-PT\"},{\"@type\":\"WebPage\",\"@id\":\"https:\/\/portaltela.pt\/noticias\/2026\/01\/21\/rafa-chega-e-schjelderup-fica-mais-perto-de-deixar-a-luz\/\",\"url\":\"https:\/\/portaltela.pt\/noticias\/2026\/01\/21\/rafa-chega-e-schjelderup-fica-mais-perto-de-deixar-a-luz\/\",\"name\":\"Rafa chega e Schjelderup fica mais perto de deixar a Luz - Portal Tela Portugal\",\"isPartOf\":{\"@id\":\"https:\/\/portaltela.pt\/#website\"},\"primaryImageOfPage\":{\"@id\":\"https:\/\/portaltela.pt\/noticias\/2026\/01\/21\/rafa-chega-e-schjelderup-fica-mais-perto-de-deixar-a-luz\/#primaryimage\"},\"image\":{\"@id\":\"https:\/\/portaltela.pt\/noticias\/2026\/01\/21\/rafa-chega-e-schjelderup-fica-mais-perto-de-deixar-a-luz\/#primaryimage\"},\"thumbnailUrl\":\"https:\/\/portaltela.pt\/s.01k8rhncp4jt1\/2026\/01\/461c01c8-dd52-44cc-ad5a-bbc770b1ca72_1200x675.jpg\",\"datePublished\":\"2026-01-21T12:57:00+00:00\",\"author\":{\"@id\":\"https:\/\/portaltela.pt\/#\/schema\/person\/c4278d4a6028830caff9ee44b42d32ed\"},\"breadcrumb\":{\"@id\":\"https:\/\/portaltela.pt\/noticias\/2026\/01\/21\/rafa-chega-e-schjelderup-fica-mais-perto-de-deixar-a-luz\/#breadcrumb\"},\"inLanguage\":\"pt-PT\",\"potentialAction\":[{\"@type\":\"ReadAction\",\"target\":[\"https:\/\/portaltela.pt\/noticias\/2026\/01\/21\/rafa-chega-e-schjelderup-fica-mais-perto-de-deixar-a-luz\/\"]}]},{\"@type\":\"ImageObject\",\"inLanguage\":\"pt-PT\",\"@id\":\"https:\/\/portaltela.pt\/noticias\/2026\/01\/21\/rafa-chega-e-schjelderup-fica-mais-perto-de-deixar-a-luz\/#primaryimage\",\"url\":\"https:\/\/portaltela.pt\/s.01k8rhncp4jt1\/2026\/01\/461c01c8-dd52-44cc-ad5a-bbc770b1ca72_1200x675.jpg\",\"contentUrl\":\"https:\/\/portaltela.pt\/s.01k8rhncp4jt1\/2026\/01\/461c01c8-dd52-44cc-ad5a-bbc770b1ca72_1200x675.jpg\",\"width\":796,\"height\":448,\"caption\":\"Schjelderup tem sido pouco utilizado por Mourinho e pode deixar a Luz\"},{\"@type\":\"BreadcrumbList\",\"@id\":\"https:\/\/portaltela.pt\/noticias\/2026\/01\/21\/rafa-chega-e-schjelderup-fica-mais-perto-de-deixar-a-luz\/#breadcrumb\",\"itemListElement\":[{\"@type\":\"ListItem\",\"position\":1,\"name\":\"In\u00edcio\",\"item\":\"https:\/\/portaltela.pt\/\"},{\"@type\":\"ListItem\",\"position\":2,\"name\":\"Rafa chega e Schjelderup fica mais perto de deixar a Luz\"}]},{\"@type\":\"WebSite\",\"@id\":\"https:\/\/portaltela.pt\/#website\",\"url\":\"https:\/\/portaltela.pt\/\",\"name\":\"Portal Tela Portugal\",\"description\":\"\",\"potentialAction\":[{\"@type\":\"SearchAction\",\"target\":{\"@type\":\"EntryPoint\",\"urlTemplate\":\"https:\/\/portaltela.pt\/?s={search_term_string}\"},\"query-input\":{\"@type\":\"PropertyValueSpecification\",\"valueRequired\":true,\"valueName\":\"search_term_string\"}}],\"inLanguage\":\"pt-PT\"},{\"@type\":\"Person\",\"@id\":\"https:\/\/portaltela.pt\/#\/schema\/person\/c4278d4a6028830caff9ee44b42d32ed\",\"name\":\"Telinha\",\"image\":{\"@type\":\"ImageObject\",\"inLanguage\":\"pt-PT\",\"@id\":\"https:\/\/portaltela.pt\/s.01k8rhncp4jt1\/2025\/11\/talking-bot-125x125.png\",\"url\":\"https:\/\/portaltela.pt\/s.01k8rhncp4jt1\/2025\/11\/talking-bot-125x125.png\",\"contentUrl\":\"https:\/\/portaltela.pt\/s.01k8rhncp4jt1\/2025\/11\/talking-bot-125x125.png\",\"caption\":\"Telinha\"},\"sameAs\":[\"https:\/\/portaltela.pt\/\"],\"url\":\"https:\/\/portaltela.pt\/por\/367410592786\/\"}]}<\/script>\n<!-- \/ Yoast SEO plugin. -->","yoast_head_json":{"title":"Rafa chega e Schjelderup fica mais perto de deixar a Luz - Portal Tela Portugal","robots":{"index":"index","follow":"follow","max-snippet":"max-snippet:-1","max-image-preview":"max-image-preview:large","max-video-preview":"max-video-preview:-1"},"og_locale":"pt_PT","og_type":"article","og_title":"Rafa chega e Schjelderup fica mais perto de deixar a Luz - Portal Tela Portugal","og_description":"Rafa Silva chegou a Lisboa para concretizar o regresso ao Benfica, por cerca de 5 milh\u00f5es de euros, num contrato de dois anos e meio. Club Brugge fez uma proposta de oito milh\u00f5es de euros por Schjelderup, com o Benfica a exigir 15 milh\u00f5es para venda definitiva. St. Juste est\u00e1 em negocia\u00e7\u00f5es para rescindir com o Sporting e pode assinar pelo Feyenoord a custo zero. Kikas vai jogar na B\u00e9lgica pelo Eupen, deixando o Estrela da Amadora; os valores do neg\u00f3cio n\u00e3o foram revelados. Ter Stegen \u00e9 apresentada como refor\u00e7o do Girona at\u00e9 ao final da temporada, em empr\u00e9stimo do Barcelona.","og_url":"https:\/\/portaltela.pt\/noticias\/2026\/01\/21\/rafa-chega-e-schjelderup-fica-mais-perto-de-deixar-a-luz\/","og_site_name":"Portal Tela Portugal","article_published_time":"2026-01-21T12:57:00+00:00","author":"Telinha","twitter_card":"summary_large_image","twitter_misc":{"Escrito por":"Telinha","Tempo estimado de leitura":"1 minuto"},"schema":{"@context":"https:\/\/schema.org","@graph":[{"@type":"Article","@id":"https:\/\/portaltela.pt\/noticias\/2026\/01\/21\/rafa-chega-e-schjelderup-fica-mais-perto-de-deixar-a-luz\/#article","isPartOf":{"@id":"https:\/\/portaltela.pt\/noticias\/2026\/01\/21\/rafa-chega-e-schjelderup-fica-mais-perto-de-deixar-a-luz\/"},"author":{"name":"Telinha","@id":"https:\/\/portaltela.pt\/#\/schema\/person\/c4278d4a6028830caff9ee44b42d32ed"},"headline":"Rafa chega e Schjelderup fica mais perto de deixar a Luz","datePublished":"2026-01-21T12:57:00+00:00","mainEntityOfPage":{"@id":"https:\/\/portaltela.pt\/noticias\/2026\/01\/21\/rafa-chega-e-schjelderup-fica-mais-perto-de-deixar-a-luz\/"},"wordCount":239,"image":{"@id":"https:\/\/portaltela.pt\/noticias\/2026\/01\/21\/rafa-chega-e-schjelderup-fica-mais-perto-de-deixar-a-luz\/#primaryimage"},"thumbnailUrl":"https:\/\/portaltela.pt\/s.01k8rhncp4jt1\/2026\/01\/461c01c8-dd52-44cc-ad5a-bbc770b1ca72_1200x675.jpg","keywords":["Benfica","Eupen","futebol","Girona","transfer\u00eancias","transfer\u00eancias internacionais"],"articleSection":["Desporto","Futebol"],"inLanguage":"pt-PT"},{"@type":"WebPage","@id":"https:\/\/portaltela.pt\/noticias\/2026\/01\/21\/rafa-chega-e-schjelderup-fica-mais-perto-de-deixar-a-luz\/","url":"https:\/\/portaltela.pt\/noticias\/2026\/01\/21\/rafa-chega-e-schjelderup-fica-mais-perto-de-deixar-a-luz\/","name":"Rafa chega e Schjelderup fica mais perto de deixar a Luz - Portal Tela Portugal","isPartOf":{"@id":"https:\/\/portaltela.pt\/#website"},"primaryImageOfPage":{"@id":"https:\/\/portaltela.pt\/noticias\/2026\/01\/21\/rafa-chega-e-schjelderup-fica-mais-perto-de-deixar-a-luz\/#primaryimage"},"image":{"@id":"https:\/\/portaltela.pt\/noticias\/2026\/01\/21\/rafa-chega-e-schjelderup-fica-mais-perto-de-deixar-a-luz\/#primaryimage"},"thumbnailUrl":"https:\/\/portaltela.pt\/s.01k8rhncp4jt1\/2026\/01\/461c01c8-dd52-44cc-ad5a-bbc770b1ca72_1200x675.jpg","datePublished":"2026-01-21T12:57:00+00:00","author":{"@id":"https:\/\/portaltela.pt\/#\/schema\/person\/c4278d4a6028830caff9ee44b42d32ed"},"breadcrumb":{"@id":"https:\/\/portaltela.pt\/noticias\/2026\/01\/21\/rafa-chega-e-schjelderup-fica-mais-perto-de-deixar-a-luz\/#breadcrumb"},"inLanguage":"pt-PT","potentialAction":[{"@type":"ReadAction","target":["https:\/\/portaltela.pt\/noticias\/2026\/01\/21\/rafa-chega-e-schjelderup-fica-mais-perto-de-deixar-a-luz\/"]}]},{"@type":"ImageObject","inLanguage":"pt-PT","@id":"https:\/\/portaltela.pt\/noticias\/2026\/01\/21\/rafa-chega-e-schjelderup-fica-mais-perto-de-deixar-a-luz\/#primaryimage","url":"https:\/\/portaltela.pt\/s.01k8rhncp4jt1\/2026\/01\/461c01c8-dd52-44cc-ad5a-bbc770b1ca72_1200x675.jpg","contentUrl":"https:\/\/portaltela.pt\/s.01k8rhncp4jt1\/2026\/01\/461c01c8-dd52-44cc-ad5a-bbc770b1ca72_1200x675.jpg","width":796,"height":448,"caption":"Schjelderup tem sido pouco utilizado por Mourinho e pode deixar a Luz"},{"@type":"BreadcrumbList","@id":"https:\/\/portaltela.pt\/noticias\/2026\/01\/21\/rafa-chega-e-schjelderup-fica-mais-perto-de-deixar-a-luz\/#breadcrumb","itemListElement":[{"@type":"ListItem","position":1,"name":"In\u00edcio","item":"https:\/\/portaltela.pt\/"},{"@type":"ListItem","position":2,"name":"Rafa chega e Schjelderup fica mais perto de deixar a Luz"}]},{"@type":"WebSite","@id":"https:\/\/portaltela.pt\/#website","url":"https:\/\/portaltela.pt\/","name":"Portal Tela Portugal","description":"","potentialAction":[{"@type":"SearchAction","target":{"@type":"EntryPoint","urlTemplate":"https:\/\/portaltela.pt\/?s={search_term_string}"},"query-input":{"@type":"PropertyValueSpecification","valueRequired":true,"valueName":"search_term_string"}}],"inLanguage":"pt-PT"},{"@type":"Person","@id":"https:\/\/portaltela.pt\/#\/schema\/person\/c4278d4a6028830caff9ee44b42d32ed","name":"Telinha","image":{"@type":"ImageObject","inLanguage":"pt-PT","@id":"https:\/\/portaltela.pt\/s.01k8rhncp4jt1\/2025\/11\/talking-bot-125x125.png","url":"https:\/\/portaltela.pt\/s.01k8rhncp4jt1\/2025\/11\/talking-bot-125x125.png","contentUrl":"https:\/\/portaltela.pt\/s.01k8rhncp4jt1\/2025\/11\/talking-bot-125x125.png","caption":"Telinha"},"sameAs":["https:\/\/portaltela.pt\/"],"url":"https:\/\/portaltela.pt\/por\/367410592786\/"}]}},"_links":{"self":[{"href":"https:\/\/portaltela.pt\/api\/wp\/v2\/posts\/159519","targetHints":{"allow":["GET"]}}],"collection":[{"href":"https:\/\/portaltela.pt\/api\/wp\/v2\/posts"}],"about":[{"href":"https:\/\/portaltela.pt\/api\/wp\/v2\/types\/post"}],"author":[{"embeddable":true,"href":"https:\/\/portaltela.pt\/api\/wp\/v2\/users\/2"}],"replies":[{"embeddable":true,"href":"https:\/\/portaltela.pt\/api\/wp\/v2\/comments?post=159519"}],"version-history":[{"count":0,"href":"https:\/\/portaltela.pt\/api\/wp\/v2\/posts\/159519\/revisions"}],"wp:featuredmedia":[{"embeddable":true,"href":"https:\/\/portaltela.pt\/api\/wp\/v2\/media\/159547"}],"wp:attachment":[{"href":"https:\/\/portaltela.pt\/api\/wp\/v2\/media?parent=159519"}],"wp:term":[{"taxonomy":"category","embeddable":true,"href":"https:\/\/portaltela.pt\/api\/wp\/v2\/categories?post=159519"},{"taxonomy":"post_tag","embeddable":true,"href":"https:\/\/portaltela.pt\/api\/wp\/v2\/tags?post=159519"}],"curies":[{"name":"wp","href":"https:\/\/api.w.org\/{rel}","templated":true}]}}