{"id":159480,"date":"2026-01-21T09:41:58","date_gmt":"2026-01-21T12:41:58","guid":{"rendered":"https:\/\/portaltela.pt\/noticias\/2026\/01\/21\/ricardo-azedo-reage-ao-escandalo-da-familia-beckham\/"},"modified":"2026-01-21T09:41:58","modified_gmt":"2026-01-21T12:41:58","slug":"ricardo-azedo-reage-ao-escandalo-da-familia-beckham","status":"publish","type":"post","link":"https:\/\/portaltela.pt\/noticias\/2026\/01\/21\/ricardo-azedo-reage-ao-escandalo-da-familia-beckham\/","title":{"rendered":"Ricardo Azedo reage ao esc\u00e2ndalo da fam\u00edlia Beckham"},"content":{"rendered":"<p>Ricardo Azedo, comentador do programa Noite das Estrelas, reagiu ao recente escrut\u00ednio em torno da fam\u00edlia Beckham. A revela\u00e7\u00e3o sobre o filho de David e Victoria Beckham apareceu na imprensa brit\u00e2nica e tem gerado rea\u00e7\u00e3o p\u00fablica.<\/p>\n<p>Segundo o comentador, o desfecho surge num momento que considera \u201cum bocadinho fora de tempo\u201d, acrescentando que a divulga\u00e7\u00e3o pode ter chegado com atraso ou sem a devida cad\u00eancia medi\u00e1tica.<\/p>\n<p>A not\u00edcia em causa envolve a fam\u00edlia Beckham e o seu filho, cuja identidade e detalhes permanecem sob escrut\u00ednio p\u00fablico. O tema tem vindo a ocupar as redes e programas de entretenimento, com diversas perspetivas sobre o impacto familiar e medi\u00e1tico.<\/p>\n<p>N\u00e3o foram divulgados esclarecimentos adicionais sobre fontes ou dados espec\u00edficos, mantendo-se o tom informativo e equilibrado que caracteriza a cobertura atual.<\/p>\n","protected":false},"excerpt":{"rendered":"<ul>\n<li>O comentador Ricardo Azedo, do programa Noite das Estrelas, reage ao esc\u00e2ndalo associado \u00e0 fam\u00edlia Beckham.<\/li>\n<li>Diz que a revela\u00e7\u00e3o sobre o filho de David e Victoria Beckham surge &#8220;um bocadinho fora de tempo&#8221;.<\/li>\n<li>A abordagem enquadra-se numa leitura de contradi\u00e7\u00f5es presentes na hist\u00f3ria.<\/li>\n<li>A not\u00edcia foi publicada pelo CM Jornal a 21 de janeiro de 2026.<\/li>\n<\/ul>\n","protected":false},"author":2,"featured_media":159487,"comment_status":"closed","ping_status":"closed","sticky":false,"template":"","format":"standard","meta":{"footnotes":""},"categories":[12,1],"tags":[3259,3551,64,506,195,40],"class_list":["post-159480","post","type-post","status-publish","format-standard","has-post-thumbnail","hentry","category-entretenimento","category-noticias","tag-celebidades","tag-david-beckham","tag-familia","tag-imprensa","tag-informacao","tag-pessoas"],"yoast_head":"<!-- This site is optimized with the Yoast SEO plugin v27.2 - https:\/\/yoast.com\/product\/yoast-seo-wordpress\/ -->\n<title>Ricardo Azedo reage ao esc\u00e2ndalo da fam\u00edlia Beckham - Portal Tela Portugal<\/title>\n<meta name=\"robots\" content=\"index, follow, max-snippet:-1, max-image-preview:large, max-video-preview:-1\" \/>\n<meta property=\"og:locale\" content=\"pt_PT\" \/>\n<meta property=\"og:type\" content=\"article\" \/>\n<meta property=\"og:title\" content=\"Ricardo Azedo reage ao esc\u00e2ndalo da fam\u00edlia Beckham - Portal Tela Portugal\" \/>\n<meta property=\"og:description\" content=\"O comentador Ricardo Azedo, do programa Noite das Estrelas, reage ao esc\u00e2ndalo associado \u00e0 fam\u00edlia Beckham. Diz que a revela\u00e7\u00e3o sobre o filho de David e Victoria Beckham surge &quot;um bocadinho fora de tempo&quot;. A abordagem enquadra-se numa leitura de contradi\u00e7\u00f5es presentes na hist\u00f3ria. A not\u00edcia foi publicada pelo CM Jornal a 21 de janeiro de 2026.\" \/>\n<meta property=\"og:url\" content=\"https:\/\/portaltela.pt\/noticias\/2026\/01\/21\/ricardo-azedo-reage-ao-escandalo-da-familia-beckham\/\" \/>\n<meta property=\"og:site_name\" content=\"Portal Tela Portugal\" \/>\n<meta property=\"article:published_time\" content=\"2026-01-21T12:41:58+00:00\" \/>\n<meta name=\"author\" content=\"Telinha\" \/>\n<meta name=\"twitter:card\" content=\"summary_large_image\" \/>\n<meta name=\"twitter:label1\" content=\"Escrito por\" \/>\n\t<meta name=\"twitter:data1\" content=\"Telinha\" \/>\n\t<meta name=\"twitter:label2\" content=\"Tempo estimado de leitura\" \/>\n\t<meta name=\"twitter:data2\" content=\"1 minuto\" \/>\n<script type=\"application\/ld+json\" class=\"yoast-schema-graph\">{\"@context\":\"https:\/\/schema.org\",\"@graph\":[{\"@type\":\"Article\",\"@id\":\"https:\/\/portaltela.pt\/noticias\/2026\/01\/21\/ricardo-azedo-reage-ao-escandalo-da-familia-beckham\/#article\",\"isPartOf\":{\"@id\":\"https:\/\/portaltela.pt\/noticias\/2026\/01\/21\/ricardo-azedo-reage-ao-escandalo-da-familia-beckham\/\"},\"author\":{\"name\":\"Telinha\",\"@id\":\"https:\/\/portaltela.pt\/#\/schema\/person\/c4278d4a6028830caff9ee44b42d32ed\"},\"headline\":\"Ricardo Azedo reage ao esc\u00e2ndalo da fam\u00edlia Beckham\",\"datePublished\":\"2026-01-21T12:41:58+00:00\",\"mainEntityOfPage\":{\"@id\":\"https:\/\/portaltela.pt\/noticias\/2026\/01\/21\/ricardo-azedo-reage-ao-escandalo-da-familia-beckham\/\"},\"wordCount\":154,\"image\":{\"@id\":\"https:\/\/portaltela.pt\/noticias\/2026\/01\/21\/ricardo-azedo-reage-ao-escandalo-da-familia-beckham\/#primaryimage\"},\"thumbnailUrl\":\"https:\/\/portaltela.pt\/s.01k8rhncp4jt1\/2026\/01\/img_1280x722uu2026-01-21-12-12-07-2261666.jpg\",\"keywords\":[\"celebidades\",\"David Beckham\",\"fam\u00edlia\",\"imprensa\",\"informa\u00e7\u00e3o\",\"pessoas\"],\"articleSection\":[\"Entretenimento\",\"Not\u00edcias\"],\"inLanguage\":\"pt-PT\"},{\"@type\":\"WebPage\",\"@id\":\"https:\/\/portaltela.pt\/noticias\/2026\/01\/21\/ricardo-azedo-reage-ao-escandalo-da-familia-beckham\/\",\"url\":\"https:\/\/portaltela.pt\/noticias\/2026\/01\/21\/ricardo-azedo-reage-ao-escandalo-da-familia-beckham\/\",\"name\":\"Ricardo Azedo reage ao esc\u00e2ndalo da fam\u00edlia Beckham - Portal Tela Portugal\",\"isPartOf\":{\"@id\":\"https:\/\/portaltela.pt\/#website\"},\"primaryImageOfPage\":{\"@id\":\"https:\/\/portaltela.pt\/noticias\/2026\/01\/21\/ricardo-azedo-reage-ao-escandalo-da-familia-beckham\/#primaryimage\"},\"image\":{\"@id\":\"https:\/\/portaltela.pt\/noticias\/2026\/01\/21\/ricardo-azedo-reage-ao-escandalo-da-familia-beckham\/#primaryimage\"},\"thumbnailUrl\":\"https:\/\/portaltela.pt\/s.01k8rhncp4jt1\/2026\/01\/img_1280x722uu2026-01-21-12-12-07-2261666.jpg\",\"datePublished\":\"2026-01-21T12:41:58+00:00\",\"author\":{\"@id\":\"https:\/\/portaltela.pt\/#\/schema\/person\/c4278d4a6028830caff9ee44b42d32ed\"},\"breadcrumb\":{\"@id\":\"https:\/\/portaltela.pt\/noticias\/2026\/01\/21\/ricardo-azedo-reage-ao-escandalo-da-familia-beckham\/#breadcrumb\"},\"inLanguage\":\"pt-PT\",\"potentialAction\":[{\"@type\":\"ReadAction\",\"target\":[\"https:\/\/portaltela.pt\/noticias\/2026\/01\/21\/ricardo-azedo-reage-ao-escandalo-da-familia-beckham\/\"]}]},{\"@type\":\"ImageObject\",\"inLanguage\":\"pt-PT\",\"@id\":\"https:\/\/portaltela.pt\/noticias\/2026\/01\/21\/ricardo-azedo-reage-ao-escandalo-da-familia-beckham\/#primaryimage\",\"url\":\"https:\/\/portaltela.pt\/s.01k8rhncp4jt1\/2026\/01\/img_1280x722uu2026-01-21-12-12-07-2261666.jpg\",\"contentUrl\":\"https:\/\/portaltela.pt\/s.01k8rhncp4jt1\/2026\/01\/img_1280x722uu2026-01-21-12-12-07-2261666.jpg\",\"width\":796,\"height\":448,\"caption\":\"Photo\"},{\"@type\":\"BreadcrumbList\",\"@id\":\"https:\/\/portaltela.pt\/noticias\/2026\/01\/21\/ricardo-azedo-reage-ao-escandalo-da-familia-beckham\/#breadcrumb\",\"itemListElement\":[{\"@type\":\"ListItem\",\"position\":1,\"name\":\"In\u00edcio\",\"item\":\"https:\/\/portaltela.pt\/\"},{\"@type\":\"ListItem\",\"position\":2,\"name\":\"Ricardo Azedo reage ao esc\u00e2ndalo da fam\u00edlia Beckham\"}]},{\"@type\":\"WebSite\",\"@id\":\"https:\/\/portaltela.pt\/#website\",\"url\":\"https:\/\/portaltela.pt\/\",\"name\":\"Portal Tela Portugal\",\"description\":\"\",\"potentialAction\":[{\"@type\":\"SearchAction\",\"target\":{\"@type\":\"EntryPoint\",\"urlTemplate\":\"https:\/\/portaltela.pt\/?s={search_term_string}\"},\"query-input\":{\"@type\":\"PropertyValueSpecification\",\"valueRequired\":true,\"valueName\":\"search_term_string\"}}],\"inLanguage\":\"pt-PT\"},{\"@type\":\"Person\",\"@id\":\"https:\/\/portaltela.pt\/#\/schema\/person\/c4278d4a6028830caff9ee44b42d32ed\",\"name\":\"Telinha\",\"image\":{\"@type\":\"ImageObject\",\"inLanguage\":\"pt-PT\",\"@id\":\"https:\/\/portaltela.pt\/s.01k8rhncp4jt1\/2025\/11\/talking-bot-125x125.png\",\"url\":\"https:\/\/portaltela.pt\/s.01k8rhncp4jt1\/2025\/11\/talking-bot-125x125.png\",\"contentUrl\":\"https:\/\/portaltela.pt\/s.01k8rhncp4jt1\/2025\/11\/talking-bot-125x125.png\",\"caption\":\"Telinha\"},\"sameAs\":[\"https:\/\/portaltela.pt\/\"],\"url\":\"https:\/\/portaltela.pt\/por\/367410592786\/\"}]}<\/script>\n<!-- \/ Yoast SEO plugin. -->","yoast_head_json":{"title":"Ricardo Azedo reage ao esc\u00e2ndalo da fam\u00edlia Beckham - Portal Tela Portugal","robots":{"index":"index","follow":"follow","max-snippet":"max-snippet:-1","max-image-preview":"max-image-preview:large","max-video-preview":"max-video-preview:-1"},"og_locale":"pt_PT","og_type":"article","og_title":"Ricardo Azedo reage ao esc\u00e2ndalo da fam\u00edlia Beckham - Portal Tela Portugal","og_description":"O comentador Ricardo Azedo, do programa Noite das Estrelas, reage ao esc\u00e2ndalo associado \u00e0 fam\u00edlia Beckham. Diz que a revela\u00e7\u00e3o sobre o filho de David e Victoria Beckham surge \"um bocadinho fora de tempo\". A abordagem enquadra-se numa leitura de contradi\u00e7\u00f5es presentes na hist\u00f3ria. A not\u00edcia foi publicada pelo CM Jornal a 21 de janeiro de 2026.","og_url":"https:\/\/portaltela.pt\/noticias\/2026\/01\/21\/ricardo-azedo-reage-ao-escandalo-da-familia-beckham\/","og_site_name":"Portal Tela Portugal","article_published_time":"2026-01-21T12:41:58+00:00","author":"Telinha","twitter_card":"summary_large_image","twitter_misc":{"Escrito por":"Telinha","Tempo estimado de leitura":"1 minuto"},"schema":{"@context":"https:\/\/schema.org","@graph":[{"@type":"Article","@id":"https:\/\/portaltela.pt\/noticias\/2026\/01\/21\/ricardo-azedo-reage-ao-escandalo-da-familia-beckham\/#article","isPartOf":{"@id":"https:\/\/portaltela.pt\/noticias\/2026\/01\/21\/ricardo-azedo-reage-ao-escandalo-da-familia-beckham\/"},"author":{"name":"Telinha","@id":"https:\/\/portaltela.pt\/#\/schema\/person\/c4278d4a6028830caff9ee44b42d32ed"},"headline":"Ricardo Azedo reage ao esc\u00e2ndalo da fam\u00edlia Beckham","datePublished":"2026-01-21T12:41:58+00:00","mainEntityOfPage":{"@id":"https:\/\/portaltela.pt\/noticias\/2026\/01\/21\/ricardo-azedo-reage-ao-escandalo-da-familia-beckham\/"},"wordCount":154,"image":{"@id":"https:\/\/portaltela.pt\/noticias\/2026\/01\/21\/ricardo-azedo-reage-ao-escandalo-da-familia-beckham\/#primaryimage"},"thumbnailUrl":"https:\/\/portaltela.pt\/s.01k8rhncp4jt1\/2026\/01\/img_1280x722uu2026-01-21-12-12-07-2261666.jpg","keywords":["celebidades","David Beckham","fam\u00edlia","imprensa","informa\u00e7\u00e3o","pessoas"],"articleSection":["Entretenimento","Not\u00edcias"],"inLanguage":"pt-PT"},{"@type":"WebPage","@id":"https:\/\/portaltela.pt\/noticias\/2026\/01\/21\/ricardo-azedo-reage-ao-escandalo-da-familia-beckham\/","url":"https:\/\/portaltela.pt\/noticias\/2026\/01\/21\/ricardo-azedo-reage-ao-escandalo-da-familia-beckham\/","name":"Ricardo Azedo reage ao esc\u00e2ndalo da fam\u00edlia Beckham - Portal Tela Portugal","isPartOf":{"@id":"https:\/\/portaltela.pt\/#website"},"primaryImageOfPage":{"@id":"https:\/\/portaltela.pt\/noticias\/2026\/01\/21\/ricardo-azedo-reage-ao-escandalo-da-familia-beckham\/#primaryimage"},"image":{"@id":"https:\/\/portaltela.pt\/noticias\/2026\/01\/21\/ricardo-azedo-reage-ao-escandalo-da-familia-beckham\/#primaryimage"},"thumbnailUrl":"https:\/\/portaltela.pt\/s.01k8rhncp4jt1\/2026\/01\/img_1280x722uu2026-01-21-12-12-07-2261666.jpg","datePublished":"2026-01-21T12:41:58+00:00","author":{"@id":"https:\/\/portaltela.pt\/#\/schema\/person\/c4278d4a6028830caff9ee44b42d32ed"},"breadcrumb":{"@id":"https:\/\/portaltela.pt\/noticias\/2026\/01\/21\/ricardo-azedo-reage-ao-escandalo-da-familia-beckham\/#breadcrumb"},"inLanguage":"pt-PT","potentialAction":[{"@type":"ReadAction","target":["https:\/\/portaltela.pt\/noticias\/2026\/01\/21\/ricardo-azedo-reage-ao-escandalo-da-familia-beckham\/"]}]},{"@type":"ImageObject","inLanguage":"pt-PT","@id":"https:\/\/portaltela.pt\/noticias\/2026\/01\/21\/ricardo-azedo-reage-ao-escandalo-da-familia-beckham\/#primaryimage","url":"https:\/\/portaltela.pt\/s.01k8rhncp4jt1\/2026\/01\/img_1280x722uu2026-01-21-12-12-07-2261666.jpg","contentUrl":"https:\/\/portaltela.pt\/s.01k8rhncp4jt1\/2026\/01\/img_1280x722uu2026-01-21-12-12-07-2261666.jpg","width":796,"height":448,"caption":"Photo"},{"@type":"BreadcrumbList","@id":"https:\/\/portaltela.pt\/noticias\/2026\/01\/21\/ricardo-azedo-reage-ao-escandalo-da-familia-beckham\/#breadcrumb","itemListElement":[{"@type":"ListItem","position":1,"name":"In\u00edcio","item":"https:\/\/portaltela.pt\/"},{"@type":"ListItem","position":2,"name":"Ricardo Azedo reage ao esc\u00e2ndalo da fam\u00edlia Beckham"}]},{"@type":"WebSite","@id":"https:\/\/portaltela.pt\/#website","url":"https:\/\/portaltela.pt\/","name":"Portal Tela Portugal","description":"","potentialAction":[{"@type":"SearchAction","target":{"@type":"EntryPoint","urlTemplate":"https:\/\/portaltela.pt\/?s={search_term_string}"},"query-input":{"@type":"PropertyValueSpecification","valueRequired":true,"valueName":"search_term_string"}}],"inLanguage":"pt-PT"},{"@type":"Person","@id":"https:\/\/portaltela.pt\/#\/schema\/person\/c4278d4a6028830caff9ee44b42d32ed","name":"Telinha","image":{"@type":"ImageObject","inLanguage":"pt-PT","@id":"https:\/\/portaltela.pt\/s.01k8rhncp4jt1\/2025\/11\/talking-bot-125x125.png","url":"https:\/\/portaltela.pt\/s.01k8rhncp4jt1\/2025\/11\/talking-bot-125x125.png","contentUrl":"https:\/\/portaltela.pt\/s.01k8rhncp4jt1\/2025\/11\/talking-bot-125x125.png","caption":"Telinha"},"sameAs":["https:\/\/portaltela.pt\/"],"url":"https:\/\/portaltela.pt\/por\/367410592786\/"}]}},"_links":{"self":[{"href":"https:\/\/portaltela.pt\/api\/wp\/v2\/posts\/159480","targetHints":{"allow":["GET"]}}],"collection":[{"href":"https:\/\/portaltela.pt\/api\/wp\/v2\/posts"}],"about":[{"href":"https:\/\/portaltela.pt\/api\/wp\/v2\/types\/post"}],"author":[{"embeddable":true,"href":"https:\/\/portaltela.pt\/api\/wp\/v2\/users\/2"}],"replies":[{"embeddable":true,"href":"https:\/\/portaltela.pt\/api\/wp\/v2\/comments?post=159480"}],"version-history":[{"count":0,"href":"https:\/\/portaltela.pt\/api\/wp\/v2\/posts\/159480\/revisions"}],"wp:featuredmedia":[{"embeddable":true,"href":"https:\/\/portaltela.pt\/api\/wp\/v2\/media\/159487"}],"wp:attachment":[{"href":"https:\/\/portaltela.pt\/api\/wp\/v2\/media?parent=159480"}],"wp:term":[{"taxonomy":"category","embeddable":true,"href":"https:\/\/portaltela.pt\/api\/wp\/v2\/categories?post=159480"},{"taxonomy":"post_tag","embeddable":true,"href":"https:\/\/portaltela.pt\/api\/wp\/v2\/tags?post=159480"}],"curies":[{"name":"wp","href":"https:\/\/api.w.org\/{rel}","templated":true}]}}