{"id":159422,"date":"2026-01-21T09:07:47","date_gmt":"2026-01-21T12:07:47","guid":{"rendered":"https:\/\/portaltela.pt\/noticias\/2026\/01\/21\/italia-registra-primeiro-transplante-combinado-pai-doa-dois-orgaos-a-filha\/"},"modified":"2026-01-21T09:07:47","modified_gmt":"2026-01-21T12:07:47","slug":"italia-registra-primeiro-transplante-combinado-pai-doa-dois-orgaos-a-filha","status":"publish","type":"post","link":"https:\/\/portaltela.pt\/noticias\/2026\/01\/21\/italia-registra-primeiro-transplante-combinado-pai-doa-dois-orgaos-a-filha\/","title":{"rendered":"It\u00e1lia registra primeiro transplante combinado: pai doa dois \u00f3rg\u00e3os \u00e0 filha"},"content":{"rendered":"<p>Um homem s\u00e9rvio de 37 anos realizou o primeiro transplante combinado de dador vivo em It\u00e1lia, doando dois \u00f3rg\u00e3os \u00e0 filha, Sofija, de 7 anos. A menina recebeu um rim e parte do f\u00edgado no Hospital Papa Giovanni XXIII, em Bergamo. A opera\u00e7\u00e3o ocorreu recentemente, com autoriza\u00e7\u00e3o de autoridades.<\/p>\n<p>Sofija sofre de uma doen\u00e7a gen\u00e9tica rara que afeta f\u00edgado e rins e necessita de di\u00e1lise desde os quatro anos. O pai consentiu voluntariamente aos dois \u00f3rg\u00e3os, numa interven\u00e7\u00e3o destinada a resolver m\u00faltiplos problemas de sa\u00fade da filha.<\/p>\n<p>Tanto o pai como a filha recuperaram bem e receberam alta hospitalar na segunda-feira, segundo a ag\u00eancia ANSA. A opera\u00e7\u00e3o foi criteriosa, baseada na avalia\u00e7\u00e3o de adequa\u00e7\u00e3o familiar e na autoriza\u00e7\u00e3o legal correspondente.<\/p>\n<h3>Processo de autoriza\u00e7\u00e3o<\/h3>\n<p>A realiza\u00e7\u00e3o do transplante foi aprovada ap\u00f3s avalia\u00e7\u00e3o de adequa\u00e7\u00e3o entre pai e filha, parecer da Comiss\u00e3o Regional de Terceiros e autoriza\u00e7\u00e3o final do Minist\u00e9rio P\u00fablico de B\u00e9rgamo. A pr\u00e1tica marca um marco na medicina italiana.<\/p>\n","protected":false},"excerpt":{"rendered":"<ul>\n<li>It\u00e1lia registou o primeiro transplante combinado de dador vivo, com o pai a doar dois \u00f3rg\u00e3os \u00e0 filha em simult\u00e2neo.<\/li>\n<li>O pai s\u00e9rvio, de 37 anos, ofereceu um rim e parte do f\u00edgado \u00e0 filha de 7 anos, Sofija (nome fict\u00edcio).<\/li>\n<li>Pai e filha recuperaram bem e receberam alta do Hospital Papa Giovanni XXIII, na segunda-feira.<\/li>\n<li>A menina sofria de uma doen\u00e7a gen\u00e9tica rara que afeta o f\u00edgado e os rins e estava em di\u00e1lise desde os 4 anos.<\/li>\n<li>A opera\u00e7\u00e3o foi aprovada ap\u00f3s avalia\u00e7\u00e3o da adequa\u00e7\u00e3o de ambos, parecer favor\u00e1vel da Comiss\u00e3o Regional de Terceiros e autoriza\u00e7\u00e3o do Minist\u00e9rio P\u00fablico de B\u00e9rgamo.<\/li>\n<\/ul>\n","protected":false},"author":2,"featured_media":159472,"comment_status":"closed","ping_status":"closed","sticky":false,"template":"","format":"standard","meta":{"footnotes":""},"categories":[1],"tags":[3640,64,633,1857,1403,172],"class_list":["post-159422","post","type-post","status-publish","format-standard","has-post-thumbnail","hentry","category-noticias","tag-doacao-de-orgaos","tag-familia","tag-hospital","tag-italia","tag-pediatria","tag-saude"],"yoast_head":"<!-- This site is optimized with the Yoast SEO plugin v27.2 - https:\/\/yoast.com\/product\/yoast-seo-wordpress\/ -->\n<title>It\u00e1lia registra primeiro transplante combinado: pai doa dois \u00f3rg\u00e3os \u00e0 filha - Portal Tela Portugal<\/title>\n<meta name=\"robots\" content=\"index, follow, max-snippet:-1, max-image-preview:large, max-video-preview:-1\" \/>\n<meta property=\"og:locale\" content=\"pt_PT\" \/>\n<meta property=\"og:type\" content=\"article\" \/>\n<meta property=\"og:title\" content=\"It\u00e1lia registra primeiro transplante combinado: pai doa dois \u00f3rg\u00e3os \u00e0 filha - Portal Tela Portugal\" \/>\n<meta property=\"og:description\" content=\"It\u00e1lia registou o primeiro transplante combinado de dador vivo, com o pai a doar dois \u00f3rg\u00e3os \u00e0 filha em simult\u00e2neo. O pai s\u00e9rvio, de 37 anos, ofereceu um rim e parte do f\u00edgado \u00e0 filha de 7 anos, Sofija (nome fict\u00edcio). Pai e filha recuperaram bem e receberam alta do Hospital Papa Giovanni XXIII, na segunda-feira. A menina sofria de uma doen\u00e7a gen\u00e9tica rara que afeta o f\u00edgado e os rins e estava em di\u00e1lise desde os 4 anos. A opera\u00e7\u00e3o foi aprovada ap\u00f3s avalia\u00e7\u00e3o da adequa\u00e7\u00e3o de ambos, parecer favor\u00e1vel da Comiss\u00e3o Regional de Terceiros e autoriza\u00e7\u00e3o do Minist\u00e9rio P\u00fablico de B\u00e9rgamo.\" \/>\n<meta property=\"og:url\" content=\"https:\/\/portaltela.pt\/noticias\/2026\/01\/21\/italia-registra-primeiro-transplante-combinado-pai-doa-dois-orgaos-a-filha\/\" \/>\n<meta property=\"og:site_name\" content=\"Portal Tela Portugal\" \/>\n<meta property=\"article:published_time\" content=\"2026-01-21T12:07:47+00:00\" \/>\n<meta name=\"author\" content=\"Telinha\" \/>\n<meta name=\"twitter:card\" content=\"summary_large_image\" \/>\n<meta name=\"twitter:label1\" content=\"Escrito por\" \/>\n\t<meta name=\"twitter:data1\" content=\"Telinha\" \/>\n\t<meta name=\"twitter:label2\" content=\"Tempo estimado de leitura\" \/>\n\t<meta name=\"twitter:data2\" content=\"1 minuto\" \/>\n<script type=\"application\/ld+json\" class=\"yoast-schema-graph\">{\"@context\":\"https:\/\/schema.org\",\"@graph\":[{\"@type\":\"Article\",\"@id\":\"https:\/\/portaltela.pt\/noticias\/2026\/01\/21\/italia-registra-primeiro-transplante-combinado-pai-doa-dois-orgaos-a-filha\/#article\",\"isPartOf\":{\"@id\":\"https:\/\/portaltela.pt\/noticias\/2026\/01\/21\/italia-registra-primeiro-transplante-combinado-pai-doa-dois-orgaos-a-filha\/\"},\"author\":{\"name\":\"Telinha\",\"@id\":\"https:\/\/portaltela.pt\/#\/schema\/person\/c4278d4a6028830caff9ee44b42d32ed\"},\"headline\":\"It\u00e1lia registra primeiro transplante combinado: pai doa dois \u00f3rg\u00e3os \u00e0 filha\",\"datePublished\":\"2026-01-21T12:07:47+00:00\",\"mainEntityOfPage\":{\"@id\":\"https:\/\/portaltela.pt\/noticias\/2026\/01\/21\/italia-registra-primeiro-transplante-combinado-pai-doa-dois-orgaos-a-filha\/\"},\"wordCount\":198,\"image\":{\"@id\":\"https:\/\/portaltela.pt\/noticias\/2026\/01\/21\/italia-registra-primeiro-transplante-combinado-pai-doa-dois-orgaos-a-filha\/#primaryimage\"},\"thumbnailUrl\":\"https:\/\/portaltela.pt\/s.01k8rhncp4jt1\/2026\/01\/unnamed-file-4340.jpg\",\"keywords\":[\"doa\u00e7\u00e3o de \u00f3rg\u00e3os\",\"fam\u00edlia\",\"hospital\",\"It\u00e1lia\",\"Pediatria\",\"sa\u00fade\"],\"articleSection\":[\"Not\u00edcias\"],\"inLanguage\":\"pt-PT\"},{\"@type\":\"WebPage\",\"@id\":\"https:\/\/portaltela.pt\/noticias\/2026\/01\/21\/italia-registra-primeiro-transplante-combinado-pai-doa-dois-orgaos-a-filha\/\",\"url\":\"https:\/\/portaltela.pt\/noticias\/2026\/01\/21\/italia-registra-primeiro-transplante-combinado-pai-doa-dois-orgaos-a-filha\/\",\"name\":\"It\u00e1lia registra primeiro transplante combinado: pai doa dois \u00f3rg\u00e3os \u00e0 filha - Portal Tela Portugal\",\"isPartOf\":{\"@id\":\"https:\/\/portaltela.pt\/#website\"},\"primaryImageOfPage\":{\"@id\":\"https:\/\/portaltela.pt\/noticias\/2026\/01\/21\/italia-registra-primeiro-transplante-combinado-pai-doa-dois-orgaos-a-filha\/#primaryimage\"},\"image\":{\"@id\":\"https:\/\/portaltela.pt\/noticias\/2026\/01\/21\/italia-registra-primeiro-transplante-combinado-pai-doa-dois-orgaos-a-filha\/#primaryimage\"},\"thumbnailUrl\":\"https:\/\/portaltela.pt\/s.01k8rhncp4jt1\/2026\/01\/unnamed-file-4340.jpg\",\"datePublished\":\"2026-01-21T12:07:47+00:00\",\"author\":{\"@id\":\"https:\/\/portaltela.pt\/#\/schema\/person\/c4278d4a6028830caff9ee44b42d32ed\"},\"breadcrumb\":{\"@id\":\"https:\/\/portaltela.pt\/noticias\/2026\/01\/21\/italia-registra-primeiro-transplante-combinado-pai-doa-dois-orgaos-a-filha\/#breadcrumb\"},\"inLanguage\":\"pt-PT\",\"potentialAction\":[{\"@type\":\"ReadAction\",\"target\":[\"https:\/\/portaltela.pt\/noticias\/2026\/01\/21\/italia-registra-primeiro-transplante-combinado-pai-doa-dois-orgaos-a-filha\/\"]}]},{\"@type\":\"ImageObject\",\"inLanguage\":\"pt-PT\",\"@id\":\"https:\/\/portaltela.pt\/noticias\/2026\/01\/21\/italia-registra-primeiro-transplante-combinado-pai-doa-dois-orgaos-a-filha\/#primaryimage\",\"url\":\"https:\/\/portaltela.pt\/s.01k8rhncp4jt1\/2026\/01\/unnamed-file-4340.jpg\",\"contentUrl\":\"https:\/\/portaltela.pt\/s.01k8rhncp4jt1\/2026\/01\/unnamed-file-4340.jpg\",\"width\":796,\"height\":448,\"caption\":\"It\u00e1lia regista primeiro transplante combinado de dador vivo: pai doa dois \u00f3rg\u00e3os \u00e0 filha\"},{\"@type\":\"BreadcrumbList\",\"@id\":\"https:\/\/portaltela.pt\/noticias\/2026\/01\/21\/italia-registra-primeiro-transplante-combinado-pai-doa-dois-orgaos-a-filha\/#breadcrumb\",\"itemListElement\":[{\"@type\":\"ListItem\",\"position\":1,\"name\":\"In\u00edcio\",\"item\":\"https:\/\/portaltela.pt\/\"},{\"@type\":\"ListItem\",\"position\":2,\"name\":\"It\u00e1lia registra primeiro transplante combinado: pai doa dois \u00f3rg\u00e3os \u00e0 filha\"}]},{\"@type\":\"WebSite\",\"@id\":\"https:\/\/portaltela.pt\/#website\",\"url\":\"https:\/\/portaltela.pt\/\",\"name\":\"Portal Tela Portugal\",\"description\":\"\",\"potentialAction\":[{\"@type\":\"SearchAction\",\"target\":{\"@type\":\"EntryPoint\",\"urlTemplate\":\"https:\/\/portaltela.pt\/?s={search_term_string}\"},\"query-input\":{\"@type\":\"PropertyValueSpecification\",\"valueRequired\":true,\"valueName\":\"search_term_string\"}}],\"inLanguage\":\"pt-PT\"},{\"@type\":\"Person\",\"@id\":\"https:\/\/portaltela.pt\/#\/schema\/person\/c4278d4a6028830caff9ee44b42d32ed\",\"name\":\"Telinha\",\"image\":{\"@type\":\"ImageObject\",\"inLanguage\":\"pt-PT\",\"@id\":\"https:\/\/portaltela.pt\/s.01k8rhncp4jt1\/2025\/11\/talking-bot-125x125.png\",\"url\":\"https:\/\/portaltela.pt\/s.01k8rhncp4jt1\/2025\/11\/talking-bot-125x125.png\",\"contentUrl\":\"https:\/\/portaltela.pt\/s.01k8rhncp4jt1\/2025\/11\/talking-bot-125x125.png\",\"caption\":\"Telinha\"},\"sameAs\":[\"https:\/\/portaltela.pt\/\"],\"url\":\"https:\/\/portaltela.pt\/por\/367410592786\/\"}]}<\/script>\n<!-- \/ Yoast SEO plugin. -->","yoast_head_json":{"title":"It\u00e1lia registra primeiro transplante combinado: pai doa dois \u00f3rg\u00e3os \u00e0 filha - Portal Tela Portugal","robots":{"index":"index","follow":"follow","max-snippet":"max-snippet:-1","max-image-preview":"max-image-preview:large","max-video-preview":"max-video-preview:-1"},"og_locale":"pt_PT","og_type":"article","og_title":"It\u00e1lia registra primeiro transplante combinado: pai doa dois \u00f3rg\u00e3os \u00e0 filha - Portal Tela Portugal","og_description":"It\u00e1lia registou o primeiro transplante combinado de dador vivo, com o pai a doar dois \u00f3rg\u00e3os \u00e0 filha em simult\u00e2neo. O pai s\u00e9rvio, de 37 anos, ofereceu um rim e parte do f\u00edgado \u00e0 filha de 7 anos, Sofija (nome fict\u00edcio). Pai e filha recuperaram bem e receberam alta do Hospital Papa Giovanni XXIII, na segunda-feira. A menina sofria de uma doen\u00e7a gen\u00e9tica rara que afeta o f\u00edgado e os rins e estava em di\u00e1lise desde os 4 anos. A opera\u00e7\u00e3o foi aprovada ap\u00f3s avalia\u00e7\u00e3o da adequa\u00e7\u00e3o de ambos, parecer favor\u00e1vel da Comiss\u00e3o Regional de Terceiros e autoriza\u00e7\u00e3o do Minist\u00e9rio P\u00fablico de B\u00e9rgamo.","og_url":"https:\/\/portaltela.pt\/noticias\/2026\/01\/21\/italia-registra-primeiro-transplante-combinado-pai-doa-dois-orgaos-a-filha\/","og_site_name":"Portal Tela Portugal","article_published_time":"2026-01-21T12:07:47+00:00","author":"Telinha","twitter_card":"summary_large_image","twitter_misc":{"Escrito por":"Telinha","Tempo estimado de leitura":"1 minuto"},"schema":{"@context":"https:\/\/schema.org","@graph":[{"@type":"Article","@id":"https:\/\/portaltela.pt\/noticias\/2026\/01\/21\/italia-registra-primeiro-transplante-combinado-pai-doa-dois-orgaos-a-filha\/#article","isPartOf":{"@id":"https:\/\/portaltela.pt\/noticias\/2026\/01\/21\/italia-registra-primeiro-transplante-combinado-pai-doa-dois-orgaos-a-filha\/"},"author":{"name":"Telinha","@id":"https:\/\/portaltela.pt\/#\/schema\/person\/c4278d4a6028830caff9ee44b42d32ed"},"headline":"It\u00e1lia registra primeiro transplante combinado: pai doa dois \u00f3rg\u00e3os \u00e0 filha","datePublished":"2026-01-21T12:07:47+00:00","mainEntityOfPage":{"@id":"https:\/\/portaltela.pt\/noticias\/2026\/01\/21\/italia-registra-primeiro-transplante-combinado-pai-doa-dois-orgaos-a-filha\/"},"wordCount":198,"image":{"@id":"https:\/\/portaltela.pt\/noticias\/2026\/01\/21\/italia-registra-primeiro-transplante-combinado-pai-doa-dois-orgaos-a-filha\/#primaryimage"},"thumbnailUrl":"https:\/\/portaltela.pt\/s.01k8rhncp4jt1\/2026\/01\/unnamed-file-4340.jpg","keywords":["doa\u00e7\u00e3o de \u00f3rg\u00e3os","fam\u00edlia","hospital","It\u00e1lia","Pediatria","sa\u00fade"],"articleSection":["Not\u00edcias"],"inLanguage":"pt-PT"},{"@type":"WebPage","@id":"https:\/\/portaltela.pt\/noticias\/2026\/01\/21\/italia-registra-primeiro-transplante-combinado-pai-doa-dois-orgaos-a-filha\/","url":"https:\/\/portaltela.pt\/noticias\/2026\/01\/21\/italia-registra-primeiro-transplante-combinado-pai-doa-dois-orgaos-a-filha\/","name":"It\u00e1lia registra primeiro transplante combinado: pai doa dois \u00f3rg\u00e3os \u00e0 filha - Portal Tela Portugal","isPartOf":{"@id":"https:\/\/portaltela.pt\/#website"},"primaryImageOfPage":{"@id":"https:\/\/portaltela.pt\/noticias\/2026\/01\/21\/italia-registra-primeiro-transplante-combinado-pai-doa-dois-orgaos-a-filha\/#primaryimage"},"image":{"@id":"https:\/\/portaltela.pt\/noticias\/2026\/01\/21\/italia-registra-primeiro-transplante-combinado-pai-doa-dois-orgaos-a-filha\/#primaryimage"},"thumbnailUrl":"https:\/\/portaltela.pt\/s.01k8rhncp4jt1\/2026\/01\/unnamed-file-4340.jpg","datePublished":"2026-01-21T12:07:47+00:00","author":{"@id":"https:\/\/portaltela.pt\/#\/schema\/person\/c4278d4a6028830caff9ee44b42d32ed"},"breadcrumb":{"@id":"https:\/\/portaltela.pt\/noticias\/2026\/01\/21\/italia-registra-primeiro-transplante-combinado-pai-doa-dois-orgaos-a-filha\/#breadcrumb"},"inLanguage":"pt-PT","potentialAction":[{"@type":"ReadAction","target":["https:\/\/portaltela.pt\/noticias\/2026\/01\/21\/italia-registra-primeiro-transplante-combinado-pai-doa-dois-orgaos-a-filha\/"]}]},{"@type":"ImageObject","inLanguage":"pt-PT","@id":"https:\/\/portaltela.pt\/noticias\/2026\/01\/21\/italia-registra-primeiro-transplante-combinado-pai-doa-dois-orgaos-a-filha\/#primaryimage","url":"https:\/\/portaltela.pt\/s.01k8rhncp4jt1\/2026\/01\/unnamed-file-4340.jpg","contentUrl":"https:\/\/portaltela.pt\/s.01k8rhncp4jt1\/2026\/01\/unnamed-file-4340.jpg","width":796,"height":448,"caption":"It\u00e1lia regista primeiro transplante combinado de dador vivo: pai doa dois \u00f3rg\u00e3os \u00e0 filha"},{"@type":"BreadcrumbList","@id":"https:\/\/portaltela.pt\/noticias\/2026\/01\/21\/italia-registra-primeiro-transplante-combinado-pai-doa-dois-orgaos-a-filha\/#breadcrumb","itemListElement":[{"@type":"ListItem","position":1,"name":"In\u00edcio","item":"https:\/\/portaltela.pt\/"},{"@type":"ListItem","position":2,"name":"It\u00e1lia registra primeiro transplante combinado: pai doa dois \u00f3rg\u00e3os \u00e0 filha"}]},{"@type":"WebSite","@id":"https:\/\/portaltela.pt\/#website","url":"https:\/\/portaltela.pt\/","name":"Portal Tela Portugal","description":"","potentialAction":[{"@type":"SearchAction","target":{"@type":"EntryPoint","urlTemplate":"https:\/\/portaltela.pt\/?s={search_term_string}"},"query-input":{"@type":"PropertyValueSpecification","valueRequired":true,"valueName":"search_term_string"}}],"inLanguage":"pt-PT"},{"@type":"Person","@id":"https:\/\/portaltela.pt\/#\/schema\/person\/c4278d4a6028830caff9ee44b42d32ed","name":"Telinha","image":{"@type":"ImageObject","inLanguage":"pt-PT","@id":"https:\/\/portaltela.pt\/s.01k8rhncp4jt1\/2025\/11\/talking-bot-125x125.png","url":"https:\/\/portaltela.pt\/s.01k8rhncp4jt1\/2025\/11\/talking-bot-125x125.png","contentUrl":"https:\/\/portaltela.pt\/s.01k8rhncp4jt1\/2025\/11\/talking-bot-125x125.png","caption":"Telinha"},"sameAs":["https:\/\/portaltela.pt\/"],"url":"https:\/\/portaltela.pt\/por\/367410592786\/"}]}},"_links":{"self":[{"href":"https:\/\/portaltela.pt\/api\/wp\/v2\/posts\/159422","targetHints":{"allow":["GET"]}}],"collection":[{"href":"https:\/\/portaltela.pt\/api\/wp\/v2\/posts"}],"about":[{"href":"https:\/\/portaltela.pt\/api\/wp\/v2\/types\/post"}],"author":[{"embeddable":true,"href":"https:\/\/portaltela.pt\/api\/wp\/v2\/users\/2"}],"replies":[{"embeddable":true,"href":"https:\/\/portaltela.pt\/api\/wp\/v2\/comments?post=159422"}],"version-history":[{"count":0,"href":"https:\/\/portaltela.pt\/api\/wp\/v2\/posts\/159422\/revisions"}],"wp:featuredmedia":[{"embeddable":true,"href":"https:\/\/portaltela.pt\/api\/wp\/v2\/media\/159472"}],"wp:attachment":[{"href":"https:\/\/portaltela.pt\/api\/wp\/v2\/media?parent=159422"}],"wp:term":[{"taxonomy":"category","embeddable":true,"href":"https:\/\/portaltela.pt\/api\/wp\/v2\/categories?post=159422"},{"taxonomy":"post_tag","embeddable":true,"href":"https:\/\/portaltela.pt\/api\/wp\/v2\/tags?post=159422"}],"curies":[{"name":"wp","href":"https:\/\/api.w.org\/{rel}","templated":true}]}}