{"id":159367,"date":"2026-01-21T09:05:00","date_gmt":"2026-01-21T12:05:00","guid":{"rendered":"https:\/\/portaltela.pt\/noticias\/2026\/01\/21\/vinhas-mais-antigas-e-maior-altitude-criam-novo-terroir-em-vinhos-do-tejo\/"},"modified":"2026-01-21T09:05:00","modified_gmt":"2026-01-21T12:05:00","slug":"vinhas-mais-antigas-e-maior-altitude-criam-novo-terroir-em-vinhos-do-tejo","status":"publish","type":"post","link":"https:\/\/portaltela.pt\/noticias\/2026\/01\/21\/vinhas-mais-antigas-e-maior-altitude-criam-novo-terroir-em-vinhos-do-tejo\/","title":{"rendered":"Vinhas mais antigas e maior altitude criam novo terroir em Vinhos do Tejo"},"content":{"rendered":"<p>A Regi\u00e3o Vitivin\u00edcola do Tejo ganhou um novo terroir, o Serras, o quarto definido na \u00e1rea. O estudo de solos conclu\u00eddo no ano passado identificou as caracter\u00edsticas que justificam a delimita\u00e7\u00e3o, com foco nas zonas serranas de maior altitude.<\/p>\n<p>Localizado na zona norte do territ\u00f3rio, o Serras desenvolve-se em solos pedregosos com xisto e granito, bem drenados e pobres. A m\u00e9dia de altitude das vinhas \u00e9 de 232 metros, podendo chegar aos 370, o que favorece matura\u00e7\u00e3o lenta das uvas.<\/p>\n<p>O novo terroir \u00e9 marcado pela maior eleg\u00e2ncia e mineralidade das safras, aliadas a boa estrutura, acidez natural e maior potencial de envelhecimento. Reconhece-se ainda a presen\u00e7a das vinhas mais velhas da regi\u00e3o, com a idade m\u00e9dia de planta\u00e7\u00e3o em 1978.<\/p>\n<p>Al\u00e9m de Serras, o conjunto de terroirs dos Vinhos do Tejo inclui Bairro, Campo e Charneca. Juntos, somam 12 mil hectares em 21 munic\u00edpios da Regi\u00e3o Centro, com apenas 375 hectares atribu\u00eddos a Serras.<\/p>\n<p>A \u00e1rea, dispersa por Ferreira do Z\u00eazere, Tomar, Vila Nova da Barquinha, Const\u00e2ncia, Abrantes, Sardoal e Ma\u00e7\u00e3o, \u00e9 a mais pequena entre os quatro terroirs. As castas privilegiadas incluem Fern\u00e3o Pires, Arinto, Castel\u00e3o e Touriga Nacional.<\/p>\n<p>Jo\u00e3o Silvestre, diretor-geral da Comiss\u00e3o Vitivin\u00edcola Regional do Tejo, explica que a diferencia\u00e7\u00e3o de Serras justificou o estudo. O terroir representa cerca de 3% do territ\u00f3rio dos Vinhos do Tejo, mas distingue-se bastante dos demais pela sua identidade.<\/p>\n<h3>Caracter\u00edsticas do terroir<\/h3>\n<p>As \u00e1reas serranas s\u00e3o associadas a solos pedregosos, xisto e granito, com boa drenagem. A amplitude t\u00e9rmica di\u00e1ria e temperaturas mais moderadas influenciam a matura\u00e7\u00e3o, contribuindo para safras mais elegantes.<\/p>\n<h3>Produtores e impacto regional<\/h3>\n<p>Entre os produtores integrados no novo terroir est\u00e1 a Quinta Vale do Armo, que j\u00e1 trabalha dentro de Serras. A presen\u00e7a do terroir no portf\u00f3lio refor\u00e7a a diversidade e o potencial da Regi\u00e3o Vitivin\u00edcola do Tejo.<\/p>\n","protected":false},"excerpt":{"rendered":"<ul>\n<li>Surge o quarto terroir dos Vinhos do Tejo, batizado de Serras, criado a partir de um estudo de solos que identificou caracter\u00edsticas distintas nas zonas serranas de maior altitude.<\/li>\n<li>Serras situa-se na zona norte do territ\u00f3rio, em solos pedregosos com xisto e granito, bem drenados e pobres, com vinhas mais altas, em m\u00e9dia 232 metros, podendo chegar a 370 metros.<\/li>\n<li>O terroir caracteriza-se por amplitudes t\u00e9rmicas di\u00e1rias e temperaturas moderadas, o que favorece matura\u00e7\u00e3o mais lenta, eleg\u00e2ncia, mineralidade, boa estrutura e acidez natural.<\/li>\n<li>As vinhas velhas (m\u00e9dia de planta\u00e7\u00e3o de 1978) dominam em Serras, que ocupa 375 hectares dispersos por Ferreira do Z\u00eazere, Tomar, Vila Nova da Barquinha, Const\u00e2ncia, Abrantes, Sardoal e Ma\u00e7\u00e3o.<\/li>\n<li>A Quinta Vale do Armo \u00e9 um produtor inserido neste terroir, que representa 3% do territ\u00f3rio dos Vinhos do Tejo e acolhe castas como Fern\u00e3o Pires, Arinto, Castel\u00e3o e Touriga Nacional; o territ\u00f3rio junta-se aos terroirs Bairro, Campo e Charneca.<\/li>\n<\/ul>\n","protected":false},"author":2,"featured_media":159383,"comment_status":"closed","ping_status":"closed","sticky":false,"template":"","format":"standard","meta":{"footnotes":""},"categories":[1],"tags":[3671,3672,1309,3669,3673,779],"class_list":["post-159367","post","type-post","status-publish","format-standard","has-post-thumbnail","hentry","category-noticias","tag-arinto","tag-castelao","tag-centro","tag-fernao-pires","tag-touriga-nacional","tag-vinhos"],"yoast_head":"<!-- This site is optimized with the Yoast SEO plugin v27.2 - https:\/\/yoast.com\/product\/yoast-seo-wordpress\/ -->\n<title>Vinhas mais antigas e maior altitude criam novo terroir em Vinhos do Tejo - Portal Tela Portugal<\/title>\n<meta name=\"robots\" content=\"index, follow, max-snippet:-1, max-image-preview:large, max-video-preview:-1\" \/>\n<meta property=\"og:locale\" content=\"pt_PT\" \/>\n<meta property=\"og:type\" content=\"article\" \/>\n<meta property=\"og:title\" content=\"Vinhas mais antigas e maior altitude criam novo terroir em Vinhos do Tejo - Portal Tela Portugal\" \/>\n<meta property=\"og:description\" content=\"Surge o quarto terroir dos Vinhos do Tejo, batizado de Serras, criado a partir de um estudo de solos que identificou caracter\u00edsticas distintas nas zonas serranas de maior altitude. Serras situa-se na zona norte do territ\u00f3rio, em solos pedregosos com xisto e granito, bem drenados e pobres, com vinhas mais altas, em m\u00e9dia 232 metros, podendo chegar a 370 metros. O terroir caracteriza-se por amplitudes t\u00e9rmicas di\u00e1rias e temperaturas moderadas, o que favorece matura\u00e7\u00e3o mais lenta, eleg\u00e2ncia, mineralidade, boa estrutura e acidez natural. As vinhas velhas (m\u00e9dia de planta\u00e7\u00e3o de 1978) dominam em Serras, que ocupa 375 hectares dispersos por Ferreira do Z\u00eazere, Tomar, Vila Nova da Barquinha, Const\u00e2ncia, Abrantes, Sardoal e Ma\u00e7\u00e3o. A Quinta Vale do Armo \u00e9 um produtor inserido neste terroir, que representa 3% do territ\u00f3rio dos Vinhos do Tejo e acolhe castas como Fern\u00e3o Pires, Arinto, Castel\u00e3o e Touriga Nacional; o territ\u00f3rio junta-se aos terroirs Bairro, Campo e Charneca.\" \/>\n<meta property=\"og:url\" content=\"https:\/\/portaltela.pt\/noticias\/2026\/01\/21\/vinhas-mais-antigas-e-maior-altitude-criam-novo-terroir-em-vinhos-do-tejo\/\" \/>\n<meta property=\"og:site_name\" content=\"Portal Tela Portugal\" \/>\n<meta property=\"article:published_time\" content=\"2026-01-21T12:05:00+00:00\" \/>\n<meta name=\"author\" content=\"Telinha\" \/>\n<meta name=\"twitter:card\" content=\"summary_large_image\" \/>\n<meta name=\"twitter:label1\" content=\"Escrito por\" \/>\n\t<meta name=\"twitter:data1\" content=\"Telinha\" \/>\n\t<meta name=\"twitter:label2\" content=\"Tempo estimado de leitura\" \/>\n\t<meta name=\"twitter:data2\" content=\"2 minutos\" \/>\n<script type=\"application\/ld+json\" class=\"yoast-schema-graph\">{\"@context\":\"https:\/\/schema.org\",\"@graph\":[{\"@type\":\"Article\",\"@id\":\"https:\/\/portaltela.pt\/noticias\/2026\/01\/21\/vinhas-mais-antigas-e-maior-altitude-criam-novo-terroir-em-vinhos-do-tejo\/#article\",\"isPartOf\":{\"@id\":\"https:\/\/portaltela.pt\/noticias\/2026\/01\/21\/vinhas-mais-antigas-e-maior-altitude-criam-novo-terroir-em-vinhos-do-tejo\/\"},\"author\":{\"name\":\"Telinha\",\"@id\":\"https:\/\/portaltela.pt\/#\/schema\/person\/c4278d4a6028830caff9ee44b42d32ed\"},\"headline\":\"Vinhas mais antigas e maior altitude criam novo terroir em Vinhos do Tejo\",\"datePublished\":\"2026-01-21T12:05:00+00:00\",\"mainEntityOfPage\":{\"@id\":\"https:\/\/portaltela.pt\/noticias\/2026\/01\/21\/vinhas-mais-antigas-e-maior-altitude-criam-novo-terroir-em-vinhos-do-tejo\/\"},\"wordCount\":342,\"image\":{\"@id\":\"https:\/\/portaltela.pt\/noticias\/2026\/01\/21\/vinhas-mais-antigas-e-maior-altitude-criam-novo-terroir-em-vinhos-do-tejo\/#primaryimage\"},\"thumbnailUrl\":\"https:\/\/portaltela.pt\/s.01k8rhncp4jt1\/2026\/01\/image-1325.jpg\",\"keywords\":[\"Arinto\",\"Castel\u00e3o\",\"Centro\",\"Fern\u00e3o Pires\",\"Touriga Nacional\",\"vinhos\"],\"articleSection\":[\"Not\u00edcias\"],\"inLanguage\":\"pt-PT\"},{\"@type\":\"WebPage\",\"@id\":\"https:\/\/portaltela.pt\/noticias\/2026\/01\/21\/vinhas-mais-antigas-e-maior-altitude-criam-novo-terroir-em-vinhos-do-tejo\/\",\"url\":\"https:\/\/portaltela.pt\/noticias\/2026\/01\/21\/vinhas-mais-antigas-e-maior-altitude-criam-novo-terroir-em-vinhos-do-tejo\/\",\"name\":\"Vinhas mais antigas e maior altitude criam novo terroir em Vinhos do Tejo - Portal Tela Portugal\",\"isPartOf\":{\"@id\":\"https:\/\/portaltela.pt\/#website\"},\"primaryImageOfPage\":{\"@id\":\"https:\/\/portaltela.pt\/noticias\/2026\/01\/21\/vinhas-mais-antigas-e-maior-altitude-criam-novo-terroir-em-vinhos-do-tejo\/#primaryimage\"},\"image\":{\"@id\":\"https:\/\/portaltela.pt\/noticias\/2026\/01\/21\/vinhas-mais-antigas-e-maior-altitude-criam-novo-terroir-em-vinhos-do-tejo\/#primaryimage\"},\"thumbnailUrl\":\"https:\/\/portaltela.pt\/s.01k8rhncp4jt1\/2026\/01\/image-1325.jpg\",\"datePublished\":\"2026-01-21T12:05:00+00:00\",\"author\":{\"@id\":\"https:\/\/portaltela.pt\/#\/schema\/person\/c4278d4a6028830caff9ee44b42d32ed\"},\"breadcrumb\":{\"@id\":\"https:\/\/portaltela.pt\/noticias\/2026\/01\/21\/vinhas-mais-antigas-e-maior-altitude-criam-novo-terroir-em-vinhos-do-tejo\/#breadcrumb\"},\"inLanguage\":\"pt-PT\",\"potentialAction\":[{\"@type\":\"ReadAction\",\"target\":[\"https:\/\/portaltela.pt\/noticias\/2026\/01\/21\/vinhas-mais-antigas-e-maior-altitude-criam-novo-terroir-em-vinhos-do-tejo\/\"]}]},{\"@type\":\"ImageObject\",\"inLanguage\":\"pt-PT\",\"@id\":\"https:\/\/portaltela.pt\/noticias\/2026\/01\/21\/vinhas-mais-antigas-e-maior-altitude-criam-novo-terroir-em-vinhos-do-tejo\/#primaryimage\",\"url\":\"https:\/\/portaltela.pt\/s.01k8rhncp4jt1\/2026\/01\/image-1325.jpg\",\"contentUrl\":\"https:\/\/portaltela.pt\/s.01k8rhncp4jt1\/2026\/01\/image-1325.jpg\",\"width\":796,\"height\":448,\"caption\":\"Encosta do Sobral, um dos produtores deste terroir.\"},{\"@type\":\"BreadcrumbList\",\"@id\":\"https:\/\/portaltela.pt\/noticias\/2026\/01\/21\/vinhas-mais-antigas-e-maior-altitude-criam-novo-terroir-em-vinhos-do-tejo\/#breadcrumb\",\"itemListElement\":[{\"@type\":\"ListItem\",\"position\":1,\"name\":\"In\u00edcio\",\"item\":\"https:\/\/portaltela.pt\/\"},{\"@type\":\"ListItem\",\"position\":2,\"name\":\"Vinhas mais antigas e maior altitude criam novo terroir em Vinhos do Tejo\"}]},{\"@type\":\"WebSite\",\"@id\":\"https:\/\/portaltela.pt\/#website\",\"url\":\"https:\/\/portaltela.pt\/\",\"name\":\"Portal Tela Portugal\",\"description\":\"\",\"potentialAction\":[{\"@type\":\"SearchAction\",\"target\":{\"@type\":\"EntryPoint\",\"urlTemplate\":\"https:\/\/portaltela.pt\/?s={search_term_string}\"},\"query-input\":{\"@type\":\"PropertyValueSpecification\",\"valueRequired\":true,\"valueName\":\"search_term_string\"}}],\"inLanguage\":\"pt-PT\"},{\"@type\":\"Person\",\"@id\":\"https:\/\/portaltela.pt\/#\/schema\/person\/c4278d4a6028830caff9ee44b42d32ed\",\"name\":\"Telinha\",\"image\":{\"@type\":\"ImageObject\",\"inLanguage\":\"pt-PT\",\"@id\":\"https:\/\/portaltela.pt\/s.01k8rhncp4jt1\/2025\/11\/talking-bot-125x125.png\",\"url\":\"https:\/\/portaltela.pt\/s.01k8rhncp4jt1\/2025\/11\/talking-bot-125x125.png\",\"contentUrl\":\"https:\/\/portaltela.pt\/s.01k8rhncp4jt1\/2025\/11\/talking-bot-125x125.png\",\"caption\":\"Telinha\"},\"sameAs\":[\"https:\/\/portaltela.pt\/\"],\"url\":\"https:\/\/portaltela.pt\/por\/367410592786\/\"}]}<\/script>\n<!-- \/ Yoast SEO plugin. -->","yoast_head_json":{"title":"Vinhas mais antigas e maior altitude criam novo terroir em Vinhos do Tejo - Portal Tela Portugal","robots":{"index":"index","follow":"follow","max-snippet":"max-snippet:-1","max-image-preview":"max-image-preview:large","max-video-preview":"max-video-preview:-1"},"og_locale":"pt_PT","og_type":"article","og_title":"Vinhas mais antigas e maior altitude criam novo terroir em Vinhos do Tejo - Portal Tela Portugal","og_description":"Surge o quarto terroir dos Vinhos do Tejo, batizado de Serras, criado a partir de um estudo de solos que identificou caracter\u00edsticas distintas nas zonas serranas de maior altitude. Serras situa-se na zona norte do territ\u00f3rio, em solos pedregosos com xisto e granito, bem drenados e pobres, com vinhas mais altas, em m\u00e9dia 232 metros, podendo chegar a 370 metros. O terroir caracteriza-se por amplitudes t\u00e9rmicas di\u00e1rias e temperaturas moderadas, o que favorece matura\u00e7\u00e3o mais lenta, eleg\u00e2ncia, mineralidade, boa estrutura e acidez natural. As vinhas velhas (m\u00e9dia de planta\u00e7\u00e3o de 1978) dominam em Serras, que ocupa 375 hectares dispersos por Ferreira do Z\u00eazere, Tomar, Vila Nova da Barquinha, Const\u00e2ncia, Abrantes, Sardoal e Ma\u00e7\u00e3o. A Quinta Vale do Armo \u00e9 um produtor inserido neste terroir, que representa 3% do territ\u00f3rio dos Vinhos do Tejo e acolhe castas como Fern\u00e3o Pires, Arinto, Castel\u00e3o e Touriga Nacional; o territ\u00f3rio junta-se aos terroirs Bairro, Campo e Charneca.","og_url":"https:\/\/portaltela.pt\/noticias\/2026\/01\/21\/vinhas-mais-antigas-e-maior-altitude-criam-novo-terroir-em-vinhos-do-tejo\/","og_site_name":"Portal Tela Portugal","article_published_time":"2026-01-21T12:05:00+00:00","author":"Telinha","twitter_card":"summary_large_image","twitter_misc":{"Escrito por":"Telinha","Tempo estimado de leitura":"2 minutos"},"schema":{"@context":"https:\/\/schema.org","@graph":[{"@type":"Article","@id":"https:\/\/portaltela.pt\/noticias\/2026\/01\/21\/vinhas-mais-antigas-e-maior-altitude-criam-novo-terroir-em-vinhos-do-tejo\/#article","isPartOf":{"@id":"https:\/\/portaltela.pt\/noticias\/2026\/01\/21\/vinhas-mais-antigas-e-maior-altitude-criam-novo-terroir-em-vinhos-do-tejo\/"},"author":{"name":"Telinha","@id":"https:\/\/portaltela.pt\/#\/schema\/person\/c4278d4a6028830caff9ee44b42d32ed"},"headline":"Vinhas mais antigas e maior altitude criam novo terroir em Vinhos do Tejo","datePublished":"2026-01-21T12:05:00+00:00","mainEntityOfPage":{"@id":"https:\/\/portaltela.pt\/noticias\/2026\/01\/21\/vinhas-mais-antigas-e-maior-altitude-criam-novo-terroir-em-vinhos-do-tejo\/"},"wordCount":342,"image":{"@id":"https:\/\/portaltela.pt\/noticias\/2026\/01\/21\/vinhas-mais-antigas-e-maior-altitude-criam-novo-terroir-em-vinhos-do-tejo\/#primaryimage"},"thumbnailUrl":"https:\/\/portaltela.pt\/s.01k8rhncp4jt1\/2026\/01\/image-1325.jpg","keywords":["Arinto","Castel\u00e3o","Centro","Fern\u00e3o Pires","Touriga Nacional","vinhos"],"articleSection":["Not\u00edcias"],"inLanguage":"pt-PT"},{"@type":"WebPage","@id":"https:\/\/portaltela.pt\/noticias\/2026\/01\/21\/vinhas-mais-antigas-e-maior-altitude-criam-novo-terroir-em-vinhos-do-tejo\/","url":"https:\/\/portaltela.pt\/noticias\/2026\/01\/21\/vinhas-mais-antigas-e-maior-altitude-criam-novo-terroir-em-vinhos-do-tejo\/","name":"Vinhas mais antigas e maior altitude criam novo terroir em Vinhos do Tejo - Portal Tela Portugal","isPartOf":{"@id":"https:\/\/portaltela.pt\/#website"},"primaryImageOfPage":{"@id":"https:\/\/portaltela.pt\/noticias\/2026\/01\/21\/vinhas-mais-antigas-e-maior-altitude-criam-novo-terroir-em-vinhos-do-tejo\/#primaryimage"},"image":{"@id":"https:\/\/portaltela.pt\/noticias\/2026\/01\/21\/vinhas-mais-antigas-e-maior-altitude-criam-novo-terroir-em-vinhos-do-tejo\/#primaryimage"},"thumbnailUrl":"https:\/\/portaltela.pt\/s.01k8rhncp4jt1\/2026\/01\/image-1325.jpg","datePublished":"2026-01-21T12:05:00+00:00","author":{"@id":"https:\/\/portaltela.pt\/#\/schema\/person\/c4278d4a6028830caff9ee44b42d32ed"},"breadcrumb":{"@id":"https:\/\/portaltela.pt\/noticias\/2026\/01\/21\/vinhas-mais-antigas-e-maior-altitude-criam-novo-terroir-em-vinhos-do-tejo\/#breadcrumb"},"inLanguage":"pt-PT","potentialAction":[{"@type":"ReadAction","target":["https:\/\/portaltela.pt\/noticias\/2026\/01\/21\/vinhas-mais-antigas-e-maior-altitude-criam-novo-terroir-em-vinhos-do-tejo\/"]}]},{"@type":"ImageObject","inLanguage":"pt-PT","@id":"https:\/\/portaltela.pt\/noticias\/2026\/01\/21\/vinhas-mais-antigas-e-maior-altitude-criam-novo-terroir-em-vinhos-do-tejo\/#primaryimage","url":"https:\/\/portaltela.pt\/s.01k8rhncp4jt1\/2026\/01\/image-1325.jpg","contentUrl":"https:\/\/portaltela.pt\/s.01k8rhncp4jt1\/2026\/01\/image-1325.jpg","width":796,"height":448,"caption":"Encosta do Sobral, um dos produtores deste terroir."},{"@type":"BreadcrumbList","@id":"https:\/\/portaltela.pt\/noticias\/2026\/01\/21\/vinhas-mais-antigas-e-maior-altitude-criam-novo-terroir-em-vinhos-do-tejo\/#breadcrumb","itemListElement":[{"@type":"ListItem","position":1,"name":"In\u00edcio","item":"https:\/\/portaltela.pt\/"},{"@type":"ListItem","position":2,"name":"Vinhas mais antigas e maior altitude criam novo terroir em Vinhos do Tejo"}]},{"@type":"WebSite","@id":"https:\/\/portaltela.pt\/#website","url":"https:\/\/portaltela.pt\/","name":"Portal Tela Portugal","description":"","potentialAction":[{"@type":"SearchAction","target":{"@type":"EntryPoint","urlTemplate":"https:\/\/portaltela.pt\/?s={search_term_string}"},"query-input":{"@type":"PropertyValueSpecification","valueRequired":true,"valueName":"search_term_string"}}],"inLanguage":"pt-PT"},{"@type":"Person","@id":"https:\/\/portaltela.pt\/#\/schema\/person\/c4278d4a6028830caff9ee44b42d32ed","name":"Telinha","image":{"@type":"ImageObject","inLanguage":"pt-PT","@id":"https:\/\/portaltela.pt\/s.01k8rhncp4jt1\/2025\/11\/talking-bot-125x125.png","url":"https:\/\/portaltela.pt\/s.01k8rhncp4jt1\/2025\/11\/talking-bot-125x125.png","contentUrl":"https:\/\/portaltela.pt\/s.01k8rhncp4jt1\/2025\/11\/talking-bot-125x125.png","caption":"Telinha"},"sameAs":["https:\/\/portaltela.pt\/"],"url":"https:\/\/portaltela.pt\/por\/367410592786\/"}]}},"_links":{"self":[{"href":"https:\/\/portaltela.pt\/api\/wp\/v2\/posts\/159367","targetHints":{"allow":["GET"]}}],"collection":[{"href":"https:\/\/portaltela.pt\/api\/wp\/v2\/posts"}],"about":[{"href":"https:\/\/portaltela.pt\/api\/wp\/v2\/types\/post"}],"author":[{"embeddable":true,"href":"https:\/\/portaltela.pt\/api\/wp\/v2\/users\/2"}],"replies":[{"embeddable":true,"href":"https:\/\/portaltela.pt\/api\/wp\/v2\/comments?post=159367"}],"version-history":[{"count":0,"href":"https:\/\/portaltela.pt\/api\/wp\/v2\/posts\/159367\/revisions"}],"wp:featuredmedia":[{"embeddable":true,"href":"https:\/\/portaltela.pt\/api\/wp\/v2\/media\/159383"}],"wp:attachment":[{"href":"https:\/\/portaltela.pt\/api\/wp\/v2\/media?parent=159367"}],"wp:term":[{"taxonomy":"category","embeddable":true,"href":"https:\/\/portaltela.pt\/api\/wp\/v2\/categories?post=159367"},{"taxonomy":"post_tag","embeddable":true,"href":"https:\/\/portaltela.pt\/api\/wp\/v2\/tags?post=159367"}],"curies":[{"name":"wp","href":"https:\/\/api.w.org\/{rel}","templated":true}]}}