{"id":159358,"date":"2026-01-21T08:48:00","date_gmt":"2026-01-21T11:48:00","guid":{"rendered":"https:\/\/portaltela.pt\/noticias\/2026\/01\/21\/elvio-sousa-e-carlos-teles-conversam-durante-o-intervalo\/"},"modified":"2026-01-21T08:48:00","modified_gmt":"2026-01-21T11:48:00","slug":"elvio-sousa-e-carlos-teles-conversam-durante-o-intervalo","status":"publish","type":"post","link":"https:\/\/portaltela.pt\/noticias\/politica\/2026\/01\/21\/elvio-sousa-e-carlos-teles-conversam-durante-o-intervalo\/","title":{"rendered":"\u00c9lvio Sousa e Carlos Teles conversam durante o intervalo"},"content":{"rendered":"<p>Durante o intervalo de uma sess\u00e3o legislativa, \u00c9lvio Sousa e Carlos Teles conversaram por alguns minutos, numa troca que poder\u00e1 ter desbloqueado a pol\u00e9mica que interrompeu os trabalhos. A conversa ocorreu sem detalhes adicionais dispon\u00edveis.<\/p>\n<p>Antes disso, Rubina Leal iniciou os trabalhos e, antes de prosseguir, dirigiu-se a \u00c9lvio Sousa para falar sobre o seu comportamento e um pretendido ato de contri\u00e7\u00e3o. O objetivo era esclarecer a conduta durante a crise anterior.<\/p>\n<p>O l\u00edder parlamentar do JPP afirmou que Sousa deveria pedir desculpas ao deputado social-democrata pela observa\u00e7\u00e3o sobre algemas. Sousa sustentou que as palavras se referiam apenas \u00e0 situa\u00e7\u00e3o de um presidente de Santa Cruz, n\u00e3o a qualquer agress\u00e3o pessoal.<\/p>\n<h3>Declara\u00e7\u00f5es sobre algemas<\/h3>\n<p>Foi explicado que a frase contestada visava a presun\u00e7\u00e3o de inoc\u00eancia, defendendo que ser arguido n\u00e3o equivale a condena\u00e7\u00e3o. A declara\u00e7\u00e3o enfatizou a vontade de manter o debate em termos institucionais.<\/p>\n","protected":false},"excerpt":{"rendered":"<ul>\n<li>Durante o intervalo, \u00c9lvio Sousa falou com Carlos Teles, ap\u00f3s a pol\u00e9mica que levou \u00e0 interrup\u00e7\u00e3o dos trabalhos.<\/li>\n<li>Rubina Leal j\u00e1 tinha come\u00e7ado os trabalhos, mas antes pediu a \u00c9lvio Sousa explica\u00e7\u00f5es sobre o seu comportamento e um &#8220;acto de contri\u00e7\u00e3o&#8221; que pretendia fazer.<\/li>\n<li>O l\u00edder parlamentar do JPP afirmou que devia pedir desculpas ao deputado social-democrata pela afirma\u00e7\u00e3o sobre algemas.<\/li>\n<li>O deputado disse que apenas comentou que \u201cpelo menos os presidente de Santa cruz n\u00e3o andou de algemas\u201d, reiterando que n\u00e3o pretendia ofender.<\/li>\n<li>Garantiu ainda que existe a presun\u00e7\u00e3o de inoc\u00eancia e que ser arguido n\u00e3o \u00e9 ser condenado.<\/li>\n<\/ul>\n","protected":false},"author":2,"featured_media":159381,"comment_status":"closed","ping_status":"closed","sticky":false,"template":"","format":"standard","meta":{"footnotes":""},"categories":[1,5],"tags":[3665,42,67,34,787,2832],"class_list":["post-159358","post","type-post","status-publish","format-standard","has-post-thumbnail","hentry","category-noticias","category-politica","tag-algemas","tag-congresso","tag-deputados","tag-governo","tag-observacao","tag-politica"],"yoast_head":"<!-- This site is optimized with the Yoast SEO plugin v27.2 - https:\/\/yoast.com\/product\/yoast-seo-wordpress\/ -->\n<title>\u00c9lvio Sousa e Carlos Teles conversam durante o intervalo - Portal Tela Portugal<\/title>\n<meta name=\"robots\" content=\"index, follow, max-snippet:-1, max-image-preview:large, max-video-preview:-1\" \/>\n<meta property=\"og:locale\" content=\"pt_PT\" \/>\n<meta property=\"og:type\" content=\"article\" \/>\n<meta property=\"og:title\" content=\"\u00c9lvio Sousa e Carlos Teles conversam durante o intervalo - Portal Tela Portugal\" \/>\n<meta property=\"og:description\" content=\"Durante o intervalo, \u00c9lvio Sousa falou com Carlos Teles, ap\u00f3s a pol\u00e9mica que levou \u00e0 interrup\u00e7\u00e3o dos trabalhos. Rubina Leal j\u00e1 tinha come\u00e7ado os trabalhos, mas antes pediu a \u00c9lvio Sousa explica\u00e7\u00f5es sobre o seu comportamento e um &quot;acto de contri\u00e7\u00e3o&quot; que pretendia fazer. O l\u00edder parlamentar do JPP afirmou que devia pedir desculpas ao deputado social-democrata pela afirma\u00e7\u00e3o sobre algemas. O deputado disse que apenas comentou que \u201cpelo menos os presidente de Santa cruz n\u00e3o andou de algemas\u201d, reiterando que n\u00e3o pretendia ofender. Garantiu ainda que existe a presun\u00e7\u00e3o de inoc\u00eancia e que ser arguido n\u00e3o \u00e9 ser condenado.\" \/>\n<meta property=\"og:url\" content=\"https:\/\/portaltela.pt\/noticias\/2026\/01\/21\/elvio-sousa-e-carlos-teles-conversam-durante-o-intervalo\/\" \/>\n<meta property=\"og:site_name\" content=\"Portal Tela Portugal\" \/>\n<meta property=\"article:published_time\" content=\"2026-01-21T11:48:00+00:00\" \/>\n<meta name=\"author\" content=\"Telinha\" \/>\n<meta name=\"twitter:card\" content=\"summary_large_image\" \/>\n<meta name=\"twitter:label1\" content=\"Escrito por\" \/>\n\t<meta name=\"twitter:data1\" content=\"Telinha\" \/>\n\t<meta name=\"twitter:label2\" content=\"Tempo estimado de leitura\" \/>\n\t<meta name=\"twitter:data2\" content=\"1 minuto\" \/>\n<script type=\"application\/ld+json\" class=\"yoast-schema-graph\">{\"@context\":\"https:\/\/schema.org\",\"@graph\":[{\"@type\":\"Article\",\"@id\":\"https:\/\/portaltela.pt\/noticias\/2026\/01\/21\/elvio-sousa-e-carlos-teles-conversam-durante-o-intervalo\/#article\",\"isPartOf\":{\"@id\":\"https:\/\/portaltela.pt\/noticias\/2026\/01\/21\/elvio-sousa-e-carlos-teles-conversam-durante-o-intervalo\/\"},\"author\":{\"name\":\"Telinha\",\"@id\":\"https:\/\/portaltela.pt\/#\/schema\/person\/c4278d4a6028830caff9ee44b42d32ed\"},\"headline\":\"\u00c9lvio Sousa e Carlos Teles conversam durante o intervalo\",\"datePublished\":\"2026-01-21T11:48:00+00:00\",\"mainEntityOfPage\":{\"@id\":\"https:\/\/portaltela.pt\/noticias\/2026\/01\/21\/elvio-sousa-e-carlos-teles-conversam-durante-o-intervalo\/\"},\"wordCount\":168,\"image\":{\"@id\":\"https:\/\/portaltela.pt\/noticias\/2026\/01\/21\/elvio-sousa-e-carlos-teles-conversam-durante-o-intervalo\/#primaryimage\"},\"thumbnailUrl\":\"https:\/\/portaltela.pt\/s.01k8rhncp4jt1\/2026\/01\/unnamed-file-4328.jpg\",\"keywords\":[\"Algemas\",\"congresso\",\"deputados\",\"governo\",\"observa\u00e7\u00e3o\",\"pol\u00edtica\"],\"articleSection\":[\"Not\u00edcias\",\"Pol\u00edtica\"],\"inLanguage\":\"pt-PT\"},{\"@type\":\"WebPage\",\"@id\":\"https:\/\/portaltela.pt\/noticias\/2026\/01\/21\/elvio-sousa-e-carlos-teles-conversam-durante-o-intervalo\/\",\"url\":\"https:\/\/portaltela.pt\/noticias\/2026\/01\/21\/elvio-sousa-e-carlos-teles-conversam-durante-o-intervalo\/\",\"name\":\"\u00c9lvio Sousa e Carlos Teles conversam durante o intervalo - Portal Tela Portugal\",\"isPartOf\":{\"@id\":\"https:\/\/portaltela.pt\/#website\"},\"primaryImageOfPage\":{\"@id\":\"https:\/\/portaltela.pt\/noticias\/2026\/01\/21\/elvio-sousa-e-carlos-teles-conversam-durante-o-intervalo\/#primaryimage\"},\"image\":{\"@id\":\"https:\/\/portaltela.pt\/noticias\/2026\/01\/21\/elvio-sousa-e-carlos-teles-conversam-durante-o-intervalo\/#primaryimage\"},\"thumbnailUrl\":\"https:\/\/portaltela.pt\/s.01k8rhncp4jt1\/2026\/01\/unnamed-file-4328.jpg\",\"datePublished\":\"2026-01-21T11:48:00+00:00\",\"author\":{\"@id\":\"https:\/\/portaltela.pt\/#\/schema\/person\/c4278d4a6028830caff9ee44b42d32ed\"},\"breadcrumb\":{\"@id\":\"https:\/\/portaltela.pt\/noticias\/2026\/01\/21\/elvio-sousa-e-carlos-teles-conversam-durante-o-intervalo\/#breadcrumb\"},\"inLanguage\":\"pt-PT\",\"potentialAction\":[{\"@type\":\"ReadAction\",\"target\":[\"https:\/\/portaltela.pt\/noticias\/2026\/01\/21\/elvio-sousa-e-carlos-teles-conversam-durante-o-intervalo\/\"]}]},{\"@type\":\"ImageObject\",\"inLanguage\":\"pt-PT\",\"@id\":\"https:\/\/portaltela.pt\/noticias\/2026\/01\/21\/elvio-sousa-e-carlos-teles-conversam-durante-o-intervalo\/#primaryimage\",\"url\":\"https:\/\/portaltela.pt\/s.01k8rhncp4jt1\/2026\/01\/unnamed-file-4328.jpg\",\"contentUrl\":\"https:\/\/portaltela.pt\/s.01k8rhncp4jt1\/2026\/01\/unnamed-file-4328.jpg\",\"width\":796,\"height\":448,\"caption\":\"\u00c9lvio Sousa e Carlos Teles conversam no intervalo\"},{\"@type\":\"BreadcrumbList\",\"@id\":\"https:\/\/portaltela.pt\/noticias\/2026\/01\/21\/elvio-sousa-e-carlos-teles-conversam-durante-o-intervalo\/#breadcrumb\",\"itemListElement\":[{\"@type\":\"ListItem\",\"position\":1,\"name\":\"In\u00edcio\",\"item\":\"https:\/\/portaltela.pt\/\"},{\"@type\":\"ListItem\",\"position\":2,\"name\":\"\u00c9lvio Sousa e Carlos Teles conversam durante o intervalo\"}]},{\"@type\":\"WebSite\",\"@id\":\"https:\/\/portaltela.pt\/#website\",\"url\":\"https:\/\/portaltela.pt\/\",\"name\":\"Portal Tela Portugal\",\"description\":\"\",\"potentialAction\":[{\"@type\":\"SearchAction\",\"target\":{\"@type\":\"EntryPoint\",\"urlTemplate\":\"https:\/\/portaltela.pt\/?s={search_term_string}\"},\"query-input\":{\"@type\":\"PropertyValueSpecification\",\"valueRequired\":true,\"valueName\":\"search_term_string\"}}],\"inLanguage\":\"pt-PT\"},{\"@type\":\"Person\",\"@id\":\"https:\/\/portaltela.pt\/#\/schema\/person\/c4278d4a6028830caff9ee44b42d32ed\",\"name\":\"Telinha\",\"image\":{\"@type\":\"ImageObject\",\"inLanguage\":\"pt-PT\",\"@id\":\"https:\/\/portaltela.pt\/s.01k8rhncp4jt1\/2025\/11\/talking-bot-125x125.png\",\"url\":\"https:\/\/portaltela.pt\/s.01k8rhncp4jt1\/2025\/11\/talking-bot-125x125.png\",\"contentUrl\":\"https:\/\/portaltela.pt\/s.01k8rhncp4jt1\/2025\/11\/talking-bot-125x125.png\",\"caption\":\"Telinha\"},\"sameAs\":[\"https:\/\/portaltela.pt\/\"],\"url\":\"https:\/\/portaltela.pt\/por\/367410592786\/\"}]}<\/script>\n<!-- \/ Yoast SEO plugin. -->","yoast_head_json":{"title":"\u00c9lvio Sousa e Carlos Teles conversam durante o intervalo - Portal Tela Portugal","robots":{"index":"index","follow":"follow","max-snippet":"max-snippet:-1","max-image-preview":"max-image-preview:large","max-video-preview":"max-video-preview:-1"},"og_locale":"pt_PT","og_type":"article","og_title":"\u00c9lvio Sousa e Carlos Teles conversam durante o intervalo - Portal Tela Portugal","og_description":"Durante o intervalo, \u00c9lvio Sousa falou com Carlos Teles, ap\u00f3s a pol\u00e9mica que levou \u00e0 interrup\u00e7\u00e3o dos trabalhos. Rubina Leal j\u00e1 tinha come\u00e7ado os trabalhos, mas antes pediu a \u00c9lvio Sousa explica\u00e7\u00f5es sobre o seu comportamento e um \"acto de contri\u00e7\u00e3o\" que pretendia fazer. O l\u00edder parlamentar do JPP afirmou que devia pedir desculpas ao deputado social-democrata pela afirma\u00e7\u00e3o sobre algemas. O deputado disse que apenas comentou que \u201cpelo menos os presidente de Santa cruz n\u00e3o andou de algemas\u201d, reiterando que n\u00e3o pretendia ofender. Garantiu ainda que existe a presun\u00e7\u00e3o de inoc\u00eancia e que ser arguido n\u00e3o \u00e9 ser condenado.","og_url":"https:\/\/portaltela.pt\/noticias\/2026\/01\/21\/elvio-sousa-e-carlos-teles-conversam-durante-o-intervalo\/","og_site_name":"Portal Tela Portugal","article_published_time":"2026-01-21T11:48:00+00:00","author":"Telinha","twitter_card":"summary_large_image","twitter_misc":{"Escrito por":"Telinha","Tempo estimado de leitura":"1 minuto"},"schema":{"@context":"https:\/\/schema.org","@graph":[{"@type":"Article","@id":"https:\/\/portaltela.pt\/noticias\/2026\/01\/21\/elvio-sousa-e-carlos-teles-conversam-durante-o-intervalo\/#article","isPartOf":{"@id":"https:\/\/portaltela.pt\/noticias\/2026\/01\/21\/elvio-sousa-e-carlos-teles-conversam-durante-o-intervalo\/"},"author":{"name":"Telinha","@id":"https:\/\/portaltela.pt\/#\/schema\/person\/c4278d4a6028830caff9ee44b42d32ed"},"headline":"\u00c9lvio Sousa e Carlos Teles conversam durante o intervalo","datePublished":"2026-01-21T11:48:00+00:00","mainEntityOfPage":{"@id":"https:\/\/portaltela.pt\/noticias\/2026\/01\/21\/elvio-sousa-e-carlos-teles-conversam-durante-o-intervalo\/"},"wordCount":168,"image":{"@id":"https:\/\/portaltela.pt\/noticias\/2026\/01\/21\/elvio-sousa-e-carlos-teles-conversam-durante-o-intervalo\/#primaryimage"},"thumbnailUrl":"https:\/\/portaltela.pt\/s.01k8rhncp4jt1\/2026\/01\/unnamed-file-4328.jpg","keywords":["Algemas","congresso","deputados","governo","observa\u00e7\u00e3o","pol\u00edtica"],"articleSection":["Not\u00edcias","Pol\u00edtica"],"inLanguage":"pt-PT"},{"@type":"WebPage","@id":"https:\/\/portaltela.pt\/noticias\/2026\/01\/21\/elvio-sousa-e-carlos-teles-conversam-durante-o-intervalo\/","url":"https:\/\/portaltela.pt\/noticias\/2026\/01\/21\/elvio-sousa-e-carlos-teles-conversam-durante-o-intervalo\/","name":"\u00c9lvio Sousa e Carlos Teles conversam durante o intervalo - Portal Tela Portugal","isPartOf":{"@id":"https:\/\/portaltela.pt\/#website"},"primaryImageOfPage":{"@id":"https:\/\/portaltela.pt\/noticias\/2026\/01\/21\/elvio-sousa-e-carlos-teles-conversam-durante-o-intervalo\/#primaryimage"},"image":{"@id":"https:\/\/portaltela.pt\/noticias\/2026\/01\/21\/elvio-sousa-e-carlos-teles-conversam-durante-o-intervalo\/#primaryimage"},"thumbnailUrl":"https:\/\/portaltela.pt\/s.01k8rhncp4jt1\/2026\/01\/unnamed-file-4328.jpg","datePublished":"2026-01-21T11:48:00+00:00","author":{"@id":"https:\/\/portaltela.pt\/#\/schema\/person\/c4278d4a6028830caff9ee44b42d32ed"},"breadcrumb":{"@id":"https:\/\/portaltela.pt\/noticias\/2026\/01\/21\/elvio-sousa-e-carlos-teles-conversam-durante-o-intervalo\/#breadcrumb"},"inLanguage":"pt-PT","potentialAction":[{"@type":"ReadAction","target":["https:\/\/portaltela.pt\/noticias\/2026\/01\/21\/elvio-sousa-e-carlos-teles-conversam-durante-o-intervalo\/"]}]},{"@type":"ImageObject","inLanguage":"pt-PT","@id":"https:\/\/portaltela.pt\/noticias\/2026\/01\/21\/elvio-sousa-e-carlos-teles-conversam-durante-o-intervalo\/#primaryimage","url":"https:\/\/portaltela.pt\/s.01k8rhncp4jt1\/2026\/01\/unnamed-file-4328.jpg","contentUrl":"https:\/\/portaltela.pt\/s.01k8rhncp4jt1\/2026\/01\/unnamed-file-4328.jpg","width":796,"height":448,"caption":"\u00c9lvio Sousa e Carlos Teles conversam no intervalo"},{"@type":"BreadcrumbList","@id":"https:\/\/portaltela.pt\/noticias\/2026\/01\/21\/elvio-sousa-e-carlos-teles-conversam-durante-o-intervalo\/#breadcrumb","itemListElement":[{"@type":"ListItem","position":1,"name":"In\u00edcio","item":"https:\/\/portaltela.pt\/"},{"@type":"ListItem","position":2,"name":"\u00c9lvio Sousa e Carlos Teles conversam durante o intervalo"}]},{"@type":"WebSite","@id":"https:\/\/portaltela.pt\/#website","url":"https:\/\/portaltela.pt\/","name":"Portal Tela Portugal","description":"","potentialAction":[{"@type":"SearchAction","target":{"@type":"EntryPoint","urlTemplate":"https:\/\/portaltela.pt\/?s={search_term_string}"},"query-input":{"@type":"PropertyValueSpecification","valueRequired":true,"valueName":"search_term_string"}}],"inLanguage":"pt-PT"},{"@type":"Person","@id":"https:\/\/portaltela.pt\/#\/schema\/person\/c4278d4a6028830caff9ee44b42d32ed","name":"Telinha","image":{"@type":"ImageObject","inLanguage":"pt-PT","@id":"https:\/\/portaltela.pt\/s.01k8rhncp4jt1\/2025\/11\/talking-bot-125x125.png","url":"https:\/\/portaltela.pt\/s.01k8rhncp4jt1\/2025\/11\/talking-bot-125x125.png","contentUrl":"https:\/\/portaltela.pt\/s.01k8rhncp4jt1\/2025\/11\/talking-bot-125x125.png","caption":"Telinha"},"sameAs":["https:\/\/portaltela.pt\/"],"url":"https:\/\/portaltela.pt\/por\/367410592786\/"}]}},"_links":{"self":[{"href":"https:\/\/portaltela.pt\/api\/wp\/v2\/posts\/159358","targetHints":{"allow":["GET"]}}],"collection":[{"href":"https:\/\/portaltela.pt\/api\/wp\/v2\/posts"}],"about":[{"href":"https:\/\/portaltela.pt\/api\/wp\/v2\/types\/post"}],"author":[{"embeddable":true,"href":"https:\/\/portaltela.pt\/api\/wp\/v2\/users\/2"}],"replies":[{"embeddable":true,"href":"https:\/\/portaltela.pt\/api\/wp\/v2\/comments?post=159358"}],"version-history":[{"count":0,"href":"https:\/\/portaltela.pt\/api\/wp\/v2\/posts\/159358\/revisions"}],"wp:featuredmedia":[{"embeddable":true,"href":"https:\/\/portaltela.pt\/api\/wp\/v2\/media\/159381"}],"wp:attachment":[{"href":"https:\/\/portaltela.pt\/api\/wp\/v2\/media?parent=159358"}],"wp:term":[{"taxonomy":"category","embeddable":true,"href":"https:\/\/portaltela.pt\/api\/wp\/v2\/categories?post=159358"},{"taxonomy":"post_tag","embeddable":true,"href":"https:\/\/portaltela.pt\/api\/wp\/v2\/tags?post=159358"}],"curies":[{"name":"wp","href":"https:\/\/api.w.org\/{rel}","templated":true}]}}