{"id":159305,"date":"2026-01-21T08:39:04","date_gmt":"2026-01-21T11:39:04","guid":{"rendered":"https:\/\/portaltela.pt\/noticias\/2026\/01\/21\/acores-comparticipam-100-dispositivos-medicos-para-diabetes-tipo-1\/"},"modified":"2026-01-21T08:39:04","modified_gmt":"2026-01-21T11:39:04","slug":"acores-comparticipam-100-dispositivos-medicos-para-diabetes-tipo-1","status":"publish","type":"post","link":"https:\/\/portaltela.pt\/noticias\/2026\/01\/21\/acores-comparticipam-100-dispositivos-medicos-para-diabetes-tipo-1\/","title":{"rendered":"A\u00e7ores comparticipam 100% dispositivos m\u00e9dicos para diabetes tipo 1"},"content":{"rendered":"<p>O Servi\u00e7o de Sa\u00fade dos A\u00e7ores vai comparticipar a 100% a aquisi\u00e7\u00e3o de dispositivos m\u00e9dicos para o tratamento da diabetes mellitus tipo 1 (DM1). A medida elimina a desigualdade com o regime vigente no continente, segundo legisla\u00e7\u00e3o publicada hoje.<\/p>\n<p>O diploma, publicado no Di\u00e1rio da Rep\u00fablica, segue a Lei do Or\u00e7amento do Estado. A regra anterior n\u00e3o abrangia residentes nos A\u00e7ores, configurando uma discrimina\u00e7\u00e3o que violava o direito \u00e0 sa\u00fade. A nova norma regula a comparticipa\u00e7\u00e3o integral para a regi\u00e3o.<\/p>\n<h3>Abrang\u00eancia e requisitos<\/h3>\n<p>A comparticipa\u00e7\u00e3o total \u00e9 assegurada pelo Servi\u00e7o Regional de Sa\u00fade, mediante prescri\u00e7\u00e3o de m\u00e9dico especialista, dentro dos pre\u00e7os e margens legais. Abrange sistemas h\u00edbridos de perfus\u00e3o subcut\u00e2nea de insulina (PSCI), monitoriza\u00e7\u00e3o cont\u00ednua de glicose compat\u00edvel com PSCI e consum\u00edveis.<\/p>\n<p>A medida inclui a substitui\u00e7\u00e3o de sistemas n\u00e3o h\u00edbridos j\u00e1 atribu\u00eddos e a atribui\u00e7\u00e3o de dispositivos h\u00edbridos a crian\u00e7as e jovens com DM1. A dispensa ocorre em farm\u00e1cias comunit\u00e1rias, seguindo o circuito normal, com prescri\u00e7\u00e3o eletr\u00f3nica.<\/p>\n<h3>Condi\u00e7\u00f5es de aplica\u00e7\u00e3o<\/h3>\n<p>A comparticipa\u00e7\u00e3o aplica-se nos termos de regimes de enfermaria regional, com margens m\u00e1ximas para grossistas e farm\u00e1cias. Em casos excecionais, podem ser autorizadas estrat\u00e9gias que excedam os limites legais, desde que o m\u00e9dico prescritor justifique.<\/p>\n<p>O decreto sublinha que a terap\u00eautica com PSCI visa replicar a secre\u00e7\u00e3o fisiol\u00f3gica de insulina, melhorando o controlo glic\u00e9mico e a qualidade de vida. A medida define ainda a necessidade de eliminar desigualdades de acesso aos dispositivos inovadores.<\/p>\n<p>O diploma entra em vigor no dia seguinte ao da publica\u00e7\u00e3o. A iniciativa pretende assegurar aos a\u00e7orianos com DM1 o acesso igual a dispositivos m\u00e9dicos avan\u00e7ados, dentro de um regime de comparticipa\u00e7\u00e3o integral.<\/p>\n","protected":false},"excerpt":{"rendered":"<ul>\n<li>O Servi\u00e7o Regional de Sa\u00fade dos A\u00e7ores vai comparticipar a 100% dispositivos m\u00e9dicos para diabetes tipo 1, eliminando desigualdades face ao continente.<\/li>\n<li>Abrangem sistemas h\u00edbridos de perfus\u00e3o subcut\u00e2nea de insulina, dispositivos de monitoriza\u00e7\u00e3o cont\u00ednua de glicose compat\u00edveis e consum\u00edveis, com prescri\u00e7\u00e3o por m\u00e9dico especialista.<\/li>\n<li>A medida aplica-se a crian\u00e7as e jovens diagnosticados com diabetes tipo 1 e permite a substitui\u00e7\u00e3o de sistemas n\u00e3o h\u00edbridos por h\u00edbridos.<\/li>\n<li>A comparticipa\u00e7\u00e3o \u00e9 distribu\u00edda pelas farm\u00e1cias comunit\u00e1rias, mediante o circuito normal de distribui\u00e7\u00e3o, com prescri\u00e7\u00e3o eletr\u00f3nica.<\/li>\n<li>O diploma foi publicado no Di\u00e1rio da Rep\u00fablica e entra em vigor no dia seguinte \u00e0 publica\u00e7\u00e3o, com possibilidade de exce\u00e7\u00f5es justificadas pelo m\u00e9dico prescritor.<\/li>\n<\/ul>\n","protected":false},"author":2,"featured_media":159341,"comment_status":"closed","ping_status":"closed","sticky":false,"template":"","format":"standard","meta":{"footnotes":""},"categories":[1],"tags":[822,3631,1859,172,271],"class_list":["post-159305","post","type-post","status-publish","format-standard","has-post-thumbnail","hentry","category-noticias","tag-acores","tag-diabeticos","tag-farmacias-comunitarias","tag-saude","tag-saude-publica"],"yoast_head":"<!-- This site is optimized with the Yoast SEO plugin v27.2 - https:\/\/yoast.com\/product\/yoast-seo-wordpress\/ -->\n<title>A\u00e7ores comparticipam 100% dispositivos m\u00e9dicos para diabetes tipo 1 - Portal Tela Portugal<\/title>\n<meta name=\"robots\" content=\"index, follow, max-snippet:-1, max-image-preview:large, max-video-preview:-1\" \/>\n<meta property=\"og:locale\" content=\"pt_PT\" \/>\n<meta property=\"og:type\" content=\"article\" \/>\n<meta property=\"og:title\" content=\"A\u00e7ores comparticipam 100% dispositivos m\u00e9dicos para diabetes tipo 1 - Portal Tela Portugal\" \/>\n<meta property=\"og:description\" content=\"O Servi\u00e7o Regional de Sa\u00fade dos A\u00e7ores vai comparticipar a 100% dispositivos m\u00e9dicos para diabetes tipo 1, eliminando desigualdades face ao continente. Abrangem sistemas h\u00edbridos de perfus\u00e3o subcut\u00e2nea de insulina, dispositivos de monitoriza\u00e7\u00e3o cont\u00ednua de glicose compat\u00edveis e consum\u00edveis, com prescri\u00e7\u00e3o por m\u00e9dico especialista. A medida aplica-se a crian\u00e7as e jovens diagnosticados com diabetes tipo 1 e permite a substitui\u00e7\u00e3o de sistemas n\u00e3o h\u00edbridos por h\u00edbridos. A comparticipa\u00e7\u00e3o \u00e9 distribu\u00edda pelas farm\u00e1cias comunit\u00e1rias, mediante o circuito normal de distribui\u00e7\u00e3o, com prescri\u00e7\u00e3o eletr\u00f3nica. O diploma foi publicado no Di\u00e1rio da Rep\u00fablica e entra em vigor no dia seguinte \u00e0 publica\u00e7\u00e3o, com possibilidade de exce\u00e7\u00f5es justificadas pelo m\u00e9dico prescritor.\" \/>\n<meta property=\"og:url\" content=\"https:\/\/portaltela.pt\/noticias\/2026\/01\/21\/acores-comparticipam-100-dispositivos-medicos-para-diabetes-tipo-1\/\" \/>\n<meta property=\"og:site_name\" content=\"Portal Tela Portugal\" \/>\n<meta property=\"article:published_time\" content=\"2026-01-21T11:39:04+00:00\" \/>\n<meta name=\"author\" content=\"Telinha\" \/>\n<meta name=\"twitter:card\" content=\"summary_large_image\" \/>\n<meta name=\"twitter:label1\" content=\"Escrito por\" \/>\n\t<meta name=\"twitter:data1\" content=\"Telinha\" \/>\n\t<meta name=\"twitter:label2\" content=\"Tempo estimado de leitura\" \/>\n\t<meta name=\"twitter:data2\" content=\"2 minutos\" \/>\n<script type=\"application\/ld+json\" class=\"yoast-schema-graph\">{\"@context\":\"https:\/\/schema.org\",\"@graph\":[{\"@type\":\"Article\",\"@id\":\"https:\/\/portaltela.pt\/noticias\/2026\/01\/21\/acores-comparticipam-100-dispositivos-medicos-para-diabetes-tipo-1\/#article\",\"isPartOf\":{\"@id\":\"https:\/\/portaltela.pt\/noticias\/2026\/01\/21\/acores-comparticipam-100-dispositivos-medicos-para-diabetes-tipo-1\/\"},\"author\":{\"name\":\"Telinha\",\"@id\":\"https:\/\/portaltela.pt\/#\/schema\/person\/c4278d4a6028830caff9ee44b42d32ed\"},\"headline\":\"A\u00e7ores comparticipam 100% dispositivos m\u00e9dicos para diabetes tipo 1\",\"datePublished\":\"2026-01-21T11:39:04+00:00\",\"mainEntityOfPage\":{\"@id\":\"https:\/\/portaltela.pt\/noticias\/2026\/01\/21\/acores-comparticipam-100-dispositivos-medicos-para-diabetes-tipo-1\/\"},\"wordCount\":328,\"image\":{\"@id\":\"https:\/\/portaltela.pt\/noticias\/2026\/01\/21\/acores-comparticipam-100-dispositivos-medicos-para-diabetes-tipo-1\/#primaryimage\"},\"thumbnailUrl\":\"https:\/\/portaltela.pt\/s.01k8rhncp4jt1\/2026\/01\/unnamed-file-4327.jpg\",\"keywords\":[\"A\u00e7ores\",\"diab\u00e9ticos\",\"farm\u00e1cias comunit\u00e1rias\",\"sa\u00fade\",\"sa\u00fade p\u00fablica\"],\"articleSection\":[\"Not\u00edcias\"],\"inLanguage\":\"pt-PT\"},{\"@type\":\"WebPage\",\"@id\":\"https:\/\/portaltela.pt\/noticias\/2026\/01\/21\/acores-comparticipam-100-dispositivos-medicos-para-diabetes-tipo-1\/\",\"url\":\"https:\/\/portaltela.pt\/noticias\/2026\/01\/21\/acores-comparticipam-100-dispositivos-medicos-para-diabetes-tipo-1\/\",\"name\":\"A\u00e7ores comparticipam 100% dispositivos m\u00e9dicos para diabetes tipo 1 - Portal Tela Portugal\",\"isPartOf\":{\"@id\":\"https:\/\/portaltela.pt\/#website\"},\"primaryImageOfPage\":{\"@id\":\"https:\/\/portaltela.pt\/noticias\/2026\/01\/21\/acores-comparticipam-100-dispositivos-medicos-para-diabetes-tipo-1\/#primaryimage\"},\"image\":{\"@id\":\"https:\/\/portaltela.pt\/noticias\/2026\/01\/21\/acores-comparticipam-100-dispositivos-medicos-para-diabetes-tipo-1\/#primaryimage\"},\"thumbnailUrl\":\"https:\/\/portaltela.pt\/s.01k8rhncp4jt1\/2026\/01\/unnamed-file-4327.jpg\",\"datePublished\":\"2026-01-21T11:39:04+00:00\",\"author\":{\"@id\":\"https:\/\/portaltela.pt\/#\/schema\/person\/c4278d4a6028830caff9ee44b42d32ed\"},\"breadcrumb\":{\"@id\":\"https:\/\/portaltela.pt\/noticias\/2026\/01\/21\/acores-comparticipam-100-dispositivos-medicos-para-diabetes-tipo-1\/#breadcrumb\"},\"inLanguage\":\"pt-PT\",\"potentialAction\":[{\"@type\":\"ReadAction\",\"target\":[\"https:\/\/portaltela.pt\/noticias\/2026\/01\/21\/acores-comparticipam-100-dispositivos-medicos-para-diabetes-tipo-1\/\"]}]},{\"@type\":\"ImageObject\",\"inLanguage\":\"pt-PT\",\"@id\":\"https:\/\/portaltela.pt\/noticias\/2026\/01\/21\/acores-comparticipam-100-dispositivos-medicos-para-diabetes-tipo-1\/#primaryimage\",\"url\":\"https:\/\/portaltela.pt\/s.01k8rhncp4jt1\/2026\/01\/unnamed-file-4327.jpg\",\"contentUrl\":\"https:\/\/portaltela.pt\/s.01k8rhncp4jt1\/2026\/01\/unnamed-file-4327.jpg\",\"width\":796,\"height\":448,\"caption\":\"A\u00e7ores comparticipam a 100% dispositivos m\u00e9dicos para diabetes tipo 1\"},{\"@type\":\"BreadcrumbList\",\"@id\":\"https:\/\/portaltela.pt\/noticias\/2026\/01\/21\/acores-comparticipam-100-dispositivos-medicos-para-diabetes-tipo-1\/#breadcrumb\",\"itemListElement\":[{\"@type\":\"ListItem\",\"position\":1,\"name\":\"In\u00edcio\",\"item\":\"https:\/\/portaltela.pt\/\"},{\"@type\":\"ListItem\",\"position\":2,\"name\":\"A\u00e7ores comparticipam 100% dispositivos m\u00e9dicos para diabetes tipo 1\"}]},{\"@type\":\"WebSite\",\"@id\":\"https:\/\/portaltela.pt\/#website\",\"url\":\"https:\/\/portaltela.pt\/\",\"name\":\"Portal Tela Portugal\",\"description\":\"\",\"potentialAction\":[{\"@type\":\"SearchAction\",\"target\":{\"@type\":\"EntryPoint\",\"urlTemplate\":\"https:\/\/portaltela.pt\/?s={search_term_string}\"},\"query-input\":{\"@type\":\"PropertyValueSpecification\",\"valueRequired\":true,\"valueName\":\"search_term_string\"}}],\"inLanguage\":\"pt-PT\"},{\"@type\":\"Person\",\"@id\":\"https:\/\/portaltela.pt\/#\/schema\/person\/c4278d4a6028830caff9ee44b42d32ed\",\"name\":\"Telinha\",\"image\":{\"@type\":\"ImageObject\",\"inLanguage\":\"pt-PT\",\"@id\":\"https:\/\/portaltela.pt\/s.01k8rhncp4jt1\/2025\/11\/talking-bot-125x125.png\",\"url\":\"https:\/\/portaltela.pt\/s.01k8rhncp4jt1\/2025\/11\/talking-bot-125x125.png\",\"contentUrl\":\"https:\/\/portaltela.pt\/s.01k8rhncp4jt1\/2025\/11\/talking-bot-125x125.png\",\"caption\":\"Telinha\"},\"sameAs\":[\"https:\/\/portaltela.pt\/\"],\"url\":\"https:\/\/portaltela.pt\/por\/367410592786\/\"}]}<\/script>\n<!-- \/ Yoast SEO plugin. -->","yoast_head_json":{"title":"A\u00e7ores comparticipam 100% dispositivos m\u00e9dicos para diabetes tipo 1 - Portal Tela Portugal","robots":{"index":"index","follow":"follow","max-snippet":"max-snippet:-1","max-image-preview":"max-image-preview:large","max-video-preview":"max-video-preview:-1"},"og_locale":"pt_PT","og_type":"article","og_title":"A\u00e7ores comparticipam 100% dispositivos m\u00e9dicos para diabetes tipo 1 - Portal Tela Portugal","og_description":"O Servi\u00e7o Regional de Sa\u00fade dos A\u00e7ores vai comparticipar a 100% dispositivos m\u00e9dicos para diabetes tipo 1, eliminando desigualdades face ao continente. Abrangem sistemas h\u00edbridos de perfus\u00e3o subcut\u00e2nea de insulina, dispositivos de monitoriza\u00e7\u00e3o cont\u00ednua de glicose compat\u00edveis e consum\u00edveis, com prescri\u00e7\u00e3o por m\u00e9dico especialista. A medida aplica-se a crian\u00e7as e jovens diagnosticados com diabetes tipo 1 e permite a substitui\u00e7\u00e3o de sistemas n\u00e3o h\u00edbridos por h\u00edbridos. A comparticipa\u00e7\u00e3o \u00e9 distribu\u00edda pelas farm\u00e1cias comunit\u00e1rias, mediante o circuito normal de distribui\u00e7\u00e3o, com prescri\u00e7\u00e3o eletr\u00f3nica. O diploma foi publicado no Di\u00e1rio da Rep\u00fablica e entra em vigor no dia seguinte \u00e0 publica\u00e7\u00e3o, com possibilidade de exce\u00e7\u00f5es justificadas pelo m\u00e9dico prescritor.","og_url":"https:\/\/portaltela.pt\/noticias\/2026\/01\/21\/acores-comparticipam-100-dispositivos-medicos-para-diabetes-tipo-1\/","og_site_name":"Portal Tela Portugal","article_published_time":"2026-01-21T11:39:04+00:00","author":"Telinha","twitter_card":"summary_large_image","twitter_misc":{"Escrito por":"Telinha","Tempo estimado de leitura":"2 minutos"},"schema":{"@context":"https:\/\/schema.org","@graph":[{"@type":"Article","@id":"https:\/\/portaltela.pt\/noticias\/2026\/01\/21\/acores-comparticipam-100-dispositivos-medicos-para-diabetes-tipo-1\/#article","isPartOf":{"@id":"https:\/\/portaltela.pt\/noticias\/2026\/01\/21\/acores-comparticipam-100-dispositivos-medicos-para-diabetes-tipo-1\/"},"author":{"name":"Telinha","@id":"https:\/\/portaltela.pt\/#\/schema\/person\/c4278d4a6028830caff9ee44b42d32ed"},"headline":"A\u00e7ores comparticipam 100% dispositivos m\u00e9dicos para diabetes tipo 1","datePublished":"2026-01-21T11:39:04+00:00","mainEntityOfPage":{"@id":"https:\/\/portaltela.pt\/noticias\/2026\/01\/21\/acores-comparticipam-100-dispositivos-medicos-para-diabetes-tipo-1\/"},"wordCount":328,"image":{"@id":"https:\/\/portaltela.pt\/noticias\/2026\/01\/21\/acores-comparticipam-100-dispositivos-medicos-para-diabetes-tipo-1\/#primaryimage"},"thumbnailUrl":"https:\/\/portaltela.pt\/s.01k8rhncp4jt1\/2026\/01\/unnamed-file-4327.jpg","keywords":["A\u00e7ores","diab\u00e9ticos","farm\u00e1cias comunit\u00e1rias","sa\u00fade","sa\u00fade p\u00fablica"],"articleSection":["Not\u00edcias"],"inLanguage":"pt-PT"},{"@type":"WebPage","@id":"https:\/\/portaltela.pt\/noticias\/2026\/01\/21\/acores-comparticipam-100-dispositivos-medicos-para-diabetes-tipo-1\/","url":"https:\/\/portaltela.pt\/noticias\/2026\/01\/21\/acores-comparticipam-100-dispositivos-medicos-para-diabetes-tipo-1\/","name":"A\u00e7ores comparticipam 100% dispositivos m\u00e9dicos para diabetes tipo 1 - Portal Tela Portugal","isPartOf":{"@id":"https:\/\/portaltela.pt\/#website"},"primaryImageOfPage":{"@id":"https:\/\/portaltela.pt\/noticias\/2026\/01\/21\/acores-comparticipam-100-dispositivos-medicos-para-diabetes-tipo-1\/#primaryimage"},"image":{"@id":"https:\/\/portaltela.pt\/noticias\/2026\/01\/21\/acores-comparticipam-100-dispositivos-medicos-para-diabetes-tipo-1\/#primaryimage"},"thumbnailUrl":"https:\/\/portaltela.pt\/s.01k8rhncp4jt1\/2026\/01\/unnamed-file-4327.jpg","datePublished":"2026-01-21T11:39:04+00:00","author":{"@id":"https:\/\/portaltela.pt\/#\/schema\/person\/c4278d4a6028830caff9ee44b42d32ed"},"breadcrumb":{"@id":"https:\/\/portaltela.pt\/noticias\/2026\/01\/21\/acores-comparticipam-100-dispositivos-medicos-para-diabetes-tipo-1\/#breadcrumb"},"inLanguage":"pt-PT","potentialAction":[{"@type":"ReadAction","target":["https:\/\/portaltela.pt\/noticias\/2026\/01\/21\/acores-comparticipam-100-dispositivos-medicos-para-diabetes-tipo-1\/"]}]},{"@type":"ImageObject","inLanguage":"pt-PT","@id":"https:\/\/portaltela.pt\/noticias\/2026\/01\/21\/acores-comparticipam-100-dispositivos-medicos-para-diabetes-tipo-1\/#primaryimage","url":"https:\/\/portaltela.pt\/s.01k8rhncp4jt1\/2026\/01\/unnamed-file-4327.jpg","contentUrl":"https:\/\/portaltela.pt\/s.01k8rhncp4jt1\/2026\/01\/unnamed-file-4327.jpg","width":796,"height":448,"caption":"A\u00e7ores comparticipam a 100% dispositivos m\u00e9dicos para diabetes tipo 1"},{"@type":"BreadcrumbList","@id":"https:\/\/portaltela.pt\/noticias\/2026\/01\/21\/acores-comparticipam-100-dispositivos-medicos-para-diabetes-tipo-1\/#breadcrumb","itemListElement":[{"@type":"ListItem","position":1,"name":"In\u00edcio","item":"https:\/\/portaltela.pt\/"},{"@type":"ListItem","position":2,"name":"A\u00e7ores comparticipam 100% dispositivos m\u00e9dicos para diabetes tipo 1"}]},{"@type":"WebSite","@id":"https:\/\/portaltela.pt\/#website","url":"https:\/\/portaltela.pt\/","name":"Portal Tela Portugal","description":"","potentialAction":[{"@type":"SearchAction","target":{"@type":"EntryPoint","urlTemplate":"https:\/\/portaltela.pt\/?s={search_term_string}"},"query-input":{"@type":"PropertyValueSpecification","valueRequired":true,"valueName":"search_term_string"}}],"inLanguage":"pt-PT"},{"@type":"Person","@id":"https:\/\/portaltela.pt\/#\/schema\/person\/c4278d4a6028830caff9ee44b42d32ed","name":"Telinha","image":{"@type":"ImageObject","inLanguage":"pt-PT","@id":"https:\/\/portaltela.pt\/s.01k8rhncp4jt1\/2025\/11\/talking-bot-125x125.png","url":"https:\/\/portaltela.pt\/s.01k8rhncp4jt1\/2025\/11\/talking-bot-125x125.png","contentUrl":"https:\/\/portaltela.pt\/s.01k8rhncp4jt1\/2025\/11\/talking-bot-125x125.png","caption":"Telinha"},"sameAs":["https:\/\/portaltela.pt\/"],"url":"https:\/\/portaltela.pt\/por\/367410592786\/"}]}},"_links":{"self":[{"href":"https:\/\/portaltela.pt\/api\/wp\/v2\/posts\/159305","targetHints":{"allow":["GET"]}}],"collection":[{"href":"https:\/\/portaltela.pt\/api\/wp\/v2\/posts"}],"about":[{"href":"https:\/\/portaltela.pt\/api\/wp\/v2\/types\/post"}],"author":[{"embeddable":true,"href":"https:\/\/portaltela.pt\/api\/wp\/v2\/users\/2"}],"replies":[{"embeddable":true,"href":"https:\/\/portaltela.pt\/api\/wp\/v2\/comments?post=159305"}],"version-history":[{"count":0,"href":"https:\/\/portaltela.pt\/api\/wp\/v2\/posts\/159305\/revisions"}],"wp:featuredmedia":[{"embeddable":true,"href":"https:\/\/portaltela.pt\/api\/wp\/v2\/media\/159341"}],"wp:attachment":[{"href":"https:\/\/portaltela.pt\/api\/wp\/v2\/media?parent=159305"}],"wp:term":[{"taxonomy":"category","embeddable":true,"href":"https:\/\/portaltela.pt\/api\/wp\/v2\/categories?post=159305"},{"taxonomy":"post_tag","embeddable":true,"href":"https:\/\/portaltela.pt\/api\/wp\/v2\/tags?post=159305"}],"curies":[{"name":"wp","href":"https:\/\/api.w.org\/{rel}","templated":true}]}}