{"id":159297,"date":"2026-01-21T08:31:00","date_gmt":"2026-01-21T11:31:00","guid":{"rendered":"https:\/\/portaltela.pt\/noticias\/2026\/01\/21\/homem-de-38-anos-detido-em-coimbra-por-trafico-de-estupefacientes\/"},"modified":"2026-01-21T08:31:00","modified_gmt":"2026-01-21T11:31:00","slug":"homem-de-38-anos-detido-em-coimbra-por-trafico-de-estupefacientes","status":"publish","type":"post","link":"https:\/\/portaltela.pt\/noticias\/2026\/01\/21\/homem-de-38-anos-detido-em-coimbra-por-trafico-de-estupefacientes\/","title":{"rendered":"Homem de 38 anos detido em Coimbra por tr\u00e1fico de estupefacientes"},"content":{"rendered":"<p>O Comando Territorial de Coimbra, atrav\u00e9s do Posto Territorial de Souselas, deteve no dia 17 de janeiro um homem de 38 anos por tr\u00e1fico de estupefacientes, no concelho de Coimbra. A opera\u00e7\u00e3o ocorreu num patrulhamento de rotina.<\/p>\n<p>Durante a fiscaliza\u00e7\u00e3o de um ve\u00edculo, os militares da Guarda perceberam nervosismo no condutor e um odor suspeito proveniente do interior da viatura. Foi efetuada uma busca sum\u00e1ria, seguida de uma revista pessoal de seguran\u00e7a ao suspeito.<\/p>\n<p>Da interven\u00e7\u00e3o resultou a deten\u00e7\u00e3o do suspeito e a apreens\u00e3o de diverso material, incluindo 51,9 doses de haxixe, 1,6 doses de coca\u00edna, 2,3 doses de can\u00e1bis e quatro doses de anfetaminas cristais. O homem foi constitu\u00eddo arguido.<\/p>\n<h3>A\u00e7\u00e3o policial e encaminhamentos<\/h3>\n<p>Os factos foram comunicados ao Tribunal Judicial de Coimbra. Foram ainda elaborados quatro autos de contraordena\u00e7\u00e3o por posse de produto estupefaciente, com o expediente remetido \u00e0 Comiss\u00e3o de Dissuas\u00e3o e Toxicodepend\u00eancia de Coimbra.<\/p>\n","protected":false},"excerpt":{"rendered":"<ul>\n<li>O Comando Territorial de Coimbra, atrav\u00e9s do Posto Territorial de Souselas, deteve no dia 17 de janeiro um homem de 38 anos, por tr\u00e1fico de estupefacientes, no concelho de Coimbra.<\/li>\n<li>A deten\u00e7\u00e3o ocorreu durante uma a\u00e7\u00e3o de patrulhamento, na fiscaliza\u00e7\u00e3o de um ve\u00edculo, com o condutor nervoso e odor suspeito, levando \u00e0 revista ao ve\u00edculo e \u00e0 revista pessoal.<\/li>\n<li>Da opera\u00e7\u00e3o resultou a apreens\u00e3o de 51,9 doses de haxixe, 1,6 doses de coca\u00edna, 2,3 doses de can\u00e1bis e quatro doses de anfetaminas cristais.<\/li>\n<li>O suspeito foi constitu\u00eddo arguido e os factos foram comunicados ao Tribunal Judicial de Coimbra.<\/li>\n<li>Foram elaborados quatro autos de contraordena\u00e7\u00e3o por posse de produto estupefaciente, remetidos \u00e0 Comiss\u00e3o de Dissuas\u00e3o e Toxicodepend\u00eancia de Coimbra.<\/li>\n<\/ul>\n","protected":false},"author":2,"featured_media":159322,"comment_status":"closed","ping_status":"closed","sticky":false,"template":"","format":"standard","meta":{"footnotes":""},"categories":[1],"tags":[3662,1070,1113,96,1442],"class_list":["post-159297","post","type-post","status-publish","format-standard","has-post-thumbnail","hentry","category-noticias","tag-canabis","tag-coimbra","tag-guarda","tag-trafico-de-droga","tag-trafico-de-estupefacientes"],"yoast_head":"<!-- This site is optimized with the Yoast SEO plugin v27.2 - https:\/\/yoast.com\/product\/yoast-seo-wordpress\/ -->\n<title>Homem de 38 anos detido em Coimbra por tr\u00e1fico de estupefacientes - Portal Tela Portugal<\/title>\n<meta name=\"robots\" content=\"index, follow, max-snippet:-1, max-image-preview:large, max-video-preview:-1\" \/>\n<meta property=\"og:locale\" content=\"pt_PT\" \/>\n<meta property=\"og:type\" content=\"article\" \/>\n<meta property=\"og:title\" content=\"Homem de 38 anos detido em Coimbra por tr\u00e1fico de estupefacientes - Portal Tela Portugal\" \/>\n<meta property=\"og:description\" content=\"O Comando Territorial de Coimbra, atrav\u00e9s do Posto Territorial de Souselas, deteve no dia 17 de janeiro um homem de 38 anos, por tr\u00e1fico de estupefacientes, no concelho de Coimbra. A deten\u00e7\u00e3o ocorreu durante uma a\u00e7\u00e3o de patrulhamento, na fiscaliza\u00e7\u00e3o de um ve\u00edculo, com o condutor nervoso e odor suspeito, levando \u00e0 revista ao ve\u00edculo e \u00e0 revista pessoal. Da opera\u00e7\u00e3o resultou a apreens\u00e3o de 51,9 doses de haxixe, 1,6 doses de coca\u00edna, 2,3 doses de can\u00e1bis e quatro doses de anfetaminas cristais. O suspeito foi constitu\u00eddo arguido e os factos foram comunicados ao Tribunal Judicial de Coimbra. Foram elaborados quatro autos de contraordena\u00e7\u00e3o por posse de produto estupefaciente, remetidos \u00e0 Comiss\u00e3o de Dissuas\u00e3o e Toxicodepend\u00eancia de Coimbra.\" \/>\n<meta property=\"og:url\" content=\"https:\/\/portaltela.pt\/noticias\/2026\/01\/21\/homem-de-38-anos-detido-em-coimbra-por-trafico-de-estupefacientes\/\" \/>\n<meta property=\"og:site_name\" content=\"Portal Tela Portugal\" \/>\n<meta property=\"article:published_time\" content=\"2026-01-21T11:31:00+00:00\" \/>\n<meta name=\"author\" content=\"Telinha\" \/>\n<meta name=\"twitter:card\" content=\"summary_large_image\" \/>\n<meta name=\"twitter:label1\" content=\"Escrito por\" \/>\n\t<meta name=\"twitter:data1\" content=\"Telinha\" \/>\n\t<meta name=\"twitter:label2\" content=\"Tempo estimado de leitura\" \/>\n\t<meta name=\"twitter:data2\" content=\"1 minuto\" \/>\n<script type=\"application\/ld+json\" class=\"yoast-schema-graph\">{\"@context\":\"https:\/\/schema.org\",\"@graph\":[{\"@type\":\"Article\",\"@id\":\"https:\/\/portaltela.pt\/noticias\/2026\/01\/21\/homem-de-38-anos-detido-em-coimbra-por-trafico-de-estupefacientes\/#article\",\"isPartOf\":{\"@id\":\"https:\/\/portaltela.pt\/noticias\/2026\/01\/21\/homem-de-38-anos-detido-em-coimbra-por-trafico-de-estupefacientes\/\"},\"author\":{\"name\":\"Telinha\",\"@id\":\"https:\/\/portaltela.pt\/#\/schema\/person\/c4278d4a6028830caff9ee44b42d32ed\"},\"headline\":\"Homem de 38 anos detido em Coimbra por tr\u00e1fico de estupefacientes\",\"datePublished\":\"2026-01-21T11:31:00+00:00\",\"mainEntityOfPage\":{\"@id\":\"https:\/\/portaltela.pt\/noticias\/2026\/01\/21\/homem-de-38-anos-detido-em-coimbra-por-trafico-de-estupefacientes\/\"},\"wordCount\":171,\"image\":{\"@id\":\"https:\/\/portaltela.pt\/noticias\/2026\/01\/21\/homem-de-38-anos-detido-em-coimbra-por-trafico-de-estupefacientes\/#primaryimage\"},\"thumbnailUrl\":\"https:\/\/portaltela.pt\/s.01k8rhncp4jt1\/2026\/01\/GNR-Coimbra-Apreensao-1.jpg\",\"keywords\":[\"can\u00e1bis\",\"Coimbra\",\"Guarda\",\"tr\u00e1fico de droga\",\"tr\u00e1fico de estupefacientes\"],\"articleSection\":[\"Not\u00edcias\"],\"inLanguage\":\"pt-PT\"},{\"@type\":\"WebPage\",\"@id\":\"https:\/\/portaltela.pt\/noticias\/2026\/01\/21\/homem-de-38-anos-detido-em-coimbra-por-trafico-de-estupefacientes\/\",\"url\":\"https:\/\/portaltela.pt\/noticias\/2026\/01\/21\/homem-de-38-anos-detido-em-coimbra-por-trafico-de-estupefacientes\/\",\"name\":\"Homem de 38 anos detido em Coimbra por tr\u00e1fico de estupefacientes - Portal Tela Portugal\",\"isPartOf\":{\"@id\":\"https:\/\/portaltela.pt\/#website\"},\"primaryImageOfPage\":{\"@id\":\"https:\/\/portaltela.pt\/noticias\/2026\/01\/21\/homem-de-38-anos-detido-em-coimbra-por-trafico-de-estupefacientes\/#primaryimage\"},\"image\":{\"@id\":\"https:\/\/portaltela.pt\/noticias\/2026\/01\/21\/homem-de-38-anos-detido-em-coimbra-por-trafico-de-estupefacientes\/#primaryimage\"},\"thumbnailUrl\":\"https:\/\/portaltela.pt\/s.01k8rhncp4jt1\/2026\/01\/GNR-Coimbra-Apreensao-1.jpg\",\"datePublished\":\"2026-01-21T11:31:00+00:00\",\"author\":{\"@id\":\"https:\/\/portaltela.pt\/#\/schema\/person\/c4278d4a6028830caff9ee44b42d32ed\"},\"breadcrumb\":{\"@id\":\"https:\/\/portaltela.pt\/noticias\/2026\/01\/21\/homem-de-38-anos-detido-em-coimbra-por-trafico-de-estupefacientes\/#breadcrumb\"},\"inLanguage\":\"pt-PT\",\"potentialAction\":[{\"@type\":\"ReadAction\",\"target\":[\"https:\/\/portaltela.pt\/noticias\/2026\/01\/21\/homem-de-38-anos-detido-em-coimbra-por-trafico-de-estupefacientes\/\"]}]},{\"@type\":\"ImageObject\",\"inLanguage\":\"pt-PT\",\"@id\":\"https:\/\/portaltela.pt\/noticias\/2026\/01\/21\/homem-de-38-anos-detido-em-coimbra-por-trafico-de-estupefacientes\/#primaryimage\",\"url\":\"https:\/\/portaltela.pt\/s.01k8rhncp4jt1\/2026\/01\/GNR-Coimbra-Apreensao-1.jpg\",\"contentUrl\":\"https:\/\/portaltela.pt\/s.01k8rhncp4jt1\/2026\/01\/GNR-Coimbra-Apreensao-1.jpg\",\"width\":796,\"height\":448,\"caption\":\"Homem de 38 anos detido em Coimbra por tr\u00e1fico de estupefacientes\"},{\"@type\":\"BreadcrumbList\",\"@id\":\"https:\/\/portaltela.pt\/noticias\/2026\/01\/21\/homem-de-38-anos-detido-em-coimbra-por-trafico-de-estupefacientes\/#breadcrumb\",\"itemListElement\":[{\"@type\":\"ListItem\",\"position\":1,\"name\":\"In\u00edcio\",\"item\":\"https:\/\/portaltela.pt\/\"},{\"@type\":\"ListItem\",\"position\":2,\"name\":\"Homem de 38 anos detido em Coimbra por tr\u00e1fico de estupefacientes\"}]},{\"@type\":\"WebSite\",\"@id\":\"https:\/\/portaltela.pt\/#website\",\"url\":\"https:\/\/portaltela.pt\/\",\"name\":\"Portal Tela Portugal\",\"description\":\"\",\"potentialAction\":[{\"@type\":\"SearchAction\",\"target\":{\"@type\":\"EntryPoint\",\"urlTemplate\":\"https:\/\/portaltela.pt\/?s={search_term_string}\"},\"query-input\":{\"@type\":\"PropertyValueSpecification\",\"valueRequired\":true,\"valueName\":\"search_term_string\"}}],\"inLanguage\":\"pt-PT\"},{\"@type\":\"Person\",\"@id\":\"https:\/\/portaltela.pt\/#\/schema\/person\/c4278d4a6028830caff9ee44b42d32ed\",\"name\":\"Telinha\",\"image\":{\"@type\":\"ImageObject\",\"inLanguage\":\"pt-PT\",\"@id\":\"https:\/\/portaltela.pt\/s.01k8rhncp4jt1\/2025\/11\/talking-bot-125x125.png\",\"url\":\"https:\/\/portaltela.pt\/s.01k8rhncp4jt1\/2025\/11\/talking-bot-125x125.png\",\"contentUrl\":\"https:\/\/portaltela.pt\/s.01k8rhncp4jt1\/2025\/11\/talking-bot-125x125.png\",\"caption\":\"Telinha\"},\"sameAs\":[\"https:\/\/portaltela.pt\/\"],\"url\":\"https:\/\/portaltela.pt\/por\/367410592786\/\"}]}<\/script>\n<!-- \/ Yoast SEO plugin. -->","yoast_head_json":{"title":"Homem de 38 anos detido em Coimbra por tr\u00e1fico de estupefacientes - Portal Tela Portugal","robots":{"index":"index","follow":"follow","max-snippet":"max-snippet:-1","max-image-preview":"max-image-preview:large","max-video-preview":"max-video-preview:-1"},"og_locale":"pt_PT","og_type":"article","og_title":"Homem de 38 anos detido em Coimbra por tr\u00e1fico de estupefacientes - Portal Tela Portugal","og_description":"O Comando Territorial de Coimbra, atrav\u00e9s do Posto Territorial de Souselas, deteve no dia 17 de janeiro um homem de 38 anos, por tr\u00e1fico de estupefacientes, no concelho de Coimbra. A deten\u00e7\u00e3o ocorreu durante uma a\u00e7\u00e3o de patrulhamento, na fiscaliza\u00e7\u00e3o de um ve\u00edculo, com o condutor nervoso e odor suspeito, levando \u00e0 revista ao ve\u00edculo e \u00e0 revista pessoal. Da opera\u00e7\u00e3o resultou a apreens\u00e3o de 51,9 doses de haxixe, 1,6 doses de coca\u00edna, 2,3 doses de can\u00e1bis e quatro doses de anfetaminas cristais. O suspeito foi constitu\u00eddo arguido e os factos foram comunicados ao Tribunal Judicial de Coimbra. Foram elaborados quatro autos de contraordena\u00e7\u00e3o por posse de produto estupefaciente, remetidos \u00e0 Comiss\u00e3o de Dissuas\u00e3o e Toxicodepend\u00eancia de Coimbra.","og_url":"https:\/\/portaltela.pt\/noticias\/2026\/01\/21\/homem-de-38-anos-detido-em-coimbra-por-trafico-de-estupefacientes\/","og_site_name":"Portal Tela Portugal","article_published_time":"2026-01-21T11:31:00+00:00","author":"Telinha","twitter_card":"summary_large_image","twitter_misc":{"Escrito por":"Telinha","Tempo estimado de leitura":"1 minuto"},"schema":{"@context":"https:\/\/schema.org","@graph":[{"@type":"Article","@id":"https:\/\/portaltela.pt\/noticias\/2026\/01\/21\/homem-de-38-anos-detido-em-coimbra-por-trafico-de-estupefacientes\/#article","isPartOf":{"@id":"https:\/\/portaltela.pt\/noticias\/2026\/01\/21\/homem-de-38-anos-detido-em-coimbra-por-trafico-de-estupefacientes\/"},"author":{"name":"Telinha","@id":"https:\/\/portaltela.pt\/#\/schema\/person\/c4278d4a6028830caff9ee44b42d32ed"},"headline":"Homem de 38 anos detido em Coimbra por tr\u00e1fico de estupefacientes","datePublished":"2026-01-21T11:31:00+00:00","mainEntityOfPage":{"@id":"https:\/\/portaltela.pt\/noticias\/2026\/01\/21\/homem-de-38-anos-detido-em-coimbra-por-trafico-de-estupefacientes\/"},"wordCount":171,"image":{"@id":"https:\/\/portaltela.pt\/noticias\/2026\/01\/21\/homem-de-38-anos-detido-em-coimbra-por-trafico-de-estupefacientes\/#primaryimage"},"thumbnailUrl":"https:\/\/portaltela.pt\/s.01k8rhncp4jt1\/2026\/01\/GNR-Coimbra-Apreensao-1.jpg","keywords":["can\u00e1bis","Coimbra","Guarda","tr\u00e1fico de droga","tr\u00e1fico de estupefacientes"],"articleSection":["Not\u00edcias"],"inLanguage":"pt-PT"},{"@type":"WebPage","@id":"https:\/\/portaltela.pt\/noticias\/2026\/01\/21\/homem-de-38-anos-detido-em-coimbra-por-trafico-de-estupefacientes\/","url":"https:\/\/portaltela.pt\/noticias\/2026\/01\/21\/homem-de-38-anos-detido-em-coimbra-por-trafico-de-estupefacientes\/","name":"Homem de 38 anos detido em Coimbra por tr\u00e1fico de estupefacientes - Portal Tela Portugal","isPartOf":{"@id":"https:\/\/portaltela.pt\/#website"},"primaryImageOfPage":{"@id":"https:\/\/portaltela.pt\/noticias\/2026\/01\/21\/homem-de-38-anos-detido-em-coimbra-por-trafico-de-estupefacientes\/#primaryimage"},"image":{"@id":"https:\/\/portaltela.pt\/noticias\/2026\/01\/21\/homem-de-38-anos-detido-em-coimbra-por-trafico-de-estupefacientes\/#primaryimage"},"thumbnailUrl":"https:\/\/portaltela.pt\/s.01k8rhncp4jt1\/2026\/01\/GNR-Coimbra-Apreensao-1.jpg","datePublished":"2026-01-21T11:31:00+00:00","author":{"@id":"https:\/\/portaltela.pt\/#\/schema\/person\/c4278d4a6028830caff9ee44b42d32ed"},"breadcrumb":{"@id":"https:\/\/portaltela.pt\/noticias\/2026\/01\/21\/homem-de-38-anos-detido-em-coimbra-por-trafico-de-estupefacientes\/#breadcrumb"},"inLanguage":"pt-PT","potentialAction":[{"@type":"ReadAction","target":["https:\/\/portaltela.pt\/noticias\/2026\/01\/21\/homem-de-38-anos-detido-em-coimbra-por-trafico-de-estupefacientes\/"]}]},{"@type":"ImageObject","inLanguage":"pt-PT","@id":"https:\/\/portaltela.pt\/noticias\/2026\/01\/21\/homem-de-38-anos-detido-em-coimbra-por-trafico-de-estupefacientes\/#primaryimage","url":"https:\/\/portaltela.pt\/s.01k8rhncp4jt1\/2026\/01\/GNR-Coimbra-Apreensao-1.jpg","contentUrl":"https:\/\/portaltela.pt\/s.01k8rhncp4jt1\/2026\/01\/GNR-Coimbra-Apreensao-1.jpg","width":796,"height":448,"caption":"Homem de 38 anos detido em Coimbra por tr\u00e1fico de estupefacientes"},{"@type":"BreadcrumbList","@id":"https:\/\/portaltela.pt\/noticias\/2026\/01\/21\/homem-de-38-anos-detido-em-coimbra-por-trafico-de-estupefacientes\/#breadcrumb","itemListElement":[{"@type":"ListItem","position":1,"name":"In\u00edcio","item":"https:\/\/portaltela.pt\/"},{"@type":"ListItem","position":2,"name":"Homem de 38 anos detido em Coimbra por tr\u00e1fico de estupefacientes"}]},{"@type":"WebSite","@id":"https:\/\/portaltela.pt\/#website","url":"https:\/\/portaltela.pt\/","name":"Portal Tela Portugal","description":"","potentialAction":[{"@type":"SearchAction","target":{"@type":"EntryPoint","urlTemplate":"https:\/\/portaltela.pt\/?s={search_term_string}"},"query-input":{"@type":"PropertyValueSpecification","valueRequired":true,"valueName":"search_term_string"}}],"inLanguage":"pt-PT"},{"@type":"Person","@id":"https:\/\/portaltela.pt\/#\/schema\/person\/c4278d4a6028830caff9ee44b42d32ed","name":"Telinha","image":{"@type":"ImageObject","inLanguage":"pt-PT","@id":"https:\/\/portaltela.pt\/s.01k8rhncp4jt1\/2025\/11\/talking-bot-125x125.png","url":"https:\/\/portaltela.pt\/s.01k8rhncp4jt1\/2025\/11\/talking-bot-125x125.png","contentUrl":"https:\/\/portaltela.pt\/s.01k8rhncp4jt1\/2025\/11\/talking-bot-125x125.png","caption":"Telinha"},"sameAs":["https:\/\/portaltela.pt\/"],"url":"https:\/\/portaltela.pt\/por\/367410592786\/"}]}},"_links":{"self":[{"href":"https:\/\/portaltela.pt\/api\/wp\/v2\/posts\/159297","targetHints":{"allow":["GET"]}}],"collection":[{"href":"https:\/\/portaltela.pt\/api\/wp\/v2\/posts"}],"about":[{"href":"https:\/\/portaltela.pt\/api\/wp\/v2\/types\/post"}],"author":[{"embeddable":true,"href":"https:\/\/portaltela.pt\/api\/wp\/v2\/users\/2"}],"replies":[{"embeddable":true,"href":"https:\/\/portaltela.pt\/api\/wp\/v2\/comments?post=159297"}],"version-history":[{"count":0,"href":"https:\/\/portaltela.pt\/api\/wp\/v2\/posts\/159297\/revisions"}],"wp:featuredmedia":[{"embeddable":true,"href":"https:\/\/portaltela.pt\/api\/wp\/v2\/media\/159322"}],"wp:attachment":[{"href":"https:\/\/portaltela.pt\/api\/wp\/v2\/media?parent=159297"}],"wp:term":[{"taxonomy":"category","embeddable":true,"href":"https:\/\/portaltela.pt\/api\/wp\/v2\/categories?post=159297"},{"taxonomy":"post_tag","embeddable":true,"href":"https:\/\/portaltela.pt\/api\/wp\/v2\/tags?post=159297"}],"curies":[{"name":"wp","href":"https:\/\/api.w.org\/{rel}","templated":true}]}}