{"id":159285,"date":"2026-01-21T08:32:00","date_gmt":"2026-01-21T11:32:00","guid":{"rendered":"https:\/\/portaltela.pt\/noticias\/2026\/01\/21\/maquinista-falecido-na-catalunha-era-de-sevilha-e-concluia-formacao\/"},"modified":"2026-01-21T08:32:00","modified_gmt":"2026-01-21T11:32:00","slug":"maquinista-falecido-na-catalunha-era-de-sevilha-e-concluia-formacao","status":"publish","type":"post","link":"https:\/\/portaltela.pt\/noticias\/internacional\/2026\/01\/21\/maquinista-falecido-na-catalunha-era-de-sevilha-e-concluia-formacao\/","title":{"rendered":"Maquinista falecido na Catalunha era de Sevilha e conclu\u00eda forma\u00e7\u00e3o"},"content":{"rendered":"<p>O maquinista que morreu num acidente de comboio na cidade de Gelida, Catalunha, foi identificado como Fernando Huerta Jim\u00e9nez, 28 anos, natural de Sevilha. Estava a concluir a forma\u00e7\u00e3o profissional na Renfe.<\/p>\n<p>O embate do comboio com um muro de conten\u00e7\u00e3o caiu devido a um temporal que afetou a regi\u00e3o. O choque provocou a morte do jovem e deixou 37 feridos, segundo informa\u00e7\u00f5es de v\u00e1rias fontes locais. No momento do acidente, o maquinista estava na cabine com outros quatro colegas, que ficaram feridos de gravidade.<\/p>\n<p>O jovem tinha sido transferido para Barcelona para completar a forma\u00e7\u00e3o profissional, ap\u00f3s trabalhar em empresa privada de transporte ferrovi\u00e1rio. A imprensa refere que muitos jovens de v\u00e1rias prov\u00edncias escolhem a Catalunha para est\u00e1gios por perceberem a rede mais complexa e os trilhos em condi\u00e7\u00f5es desiguais.<\/p>\n<h3>Rea\u00e7\u00e3o em Sevilha<\/h3>\n<p>O autarca de Sevilha anunciou um minuto de sil\u00eancio em mem\u00f3ria de Fernando Huerta Jim\u00e9nez. Em Sevilha, o jovem era conhecido pela participa\u00e7\u00e3o na Irmandade da Macarena e pela claque do Sevilha, la\u00e7os que motivaram mensagens de pesar na cidade.<\/p>\n<p>O Sevilla Football Club tamb\u00e9m lamentou a morte do antigo s\u00f3cio, que pertenceu ao clube durante 20 anos. A institui\u00e7\u00e3o indicou condol\u00eancias \u00e0 fam\u00edlia e aos amigos, bem como aos membros da Pe\u00f1a Sevillista Triana Fans.<\/p>\n","protected":false},"excerpt":{"rendered":"<ul>\n<li>O maquinista Fernando Huerta Jim\u00e9nez, 28 anos, natural de Sevilha, morreu num acidente de comboio em Gelida, Catalunha, enquanto conclu\u00eda a forma\u00e7\u00e3o profissional na Renfe.<\/li>\n<\/ul>\n<p>\u2022<\/p>\n<ul>\n<li>O embate com um muro de conten\u00e7\u00e3o que caiu num temporal causou a morte do maquinista e deixou 37 feridos; os quatro colegas que estavam na cabine tamb\u00e9m ficaram feridos graves.<\/li>\n<\/ul>\n<p>\u2022<\/p>\n<ul>\n<li>O jovem tinha sido transferido para Barcelona para completar a forma\u00e7\u00e3o profissional, ap\u00f3s trabalhar numa empresa privada de transporte ferrovi\u00e1rio.<\/li>\n<\/ul>\n<p>\u2022<\/p>\n<ul>\n<li>Da\u00e7\u00f5es de solidariedade partiram de Sevilha, com destaque para a C\u00e2mara Municipal, a Irmandade da Macarena e o Sevilla FC, que manifestaram pesar pela v\u00edtima e pela fam\u00edlia.<\/li>\n<\/ul>\n","protected":false},"author":2,"featured_media":159288,"comment_status":"closed","ping_status":"closed","sticky":false,"template":"","format":"standard","meta":{"footnotes":""},"categories":[4,1],"tags":[3622,1511,1290,2844,40,1220],"class_list":["post-159285","post","type-post","status-publish","format-standard","has-post-thumbnail","hentry","category-internacional","category-noticias","tag-acidentes-ferroviarios","tag-ferimentos-graves","tag-formacao","tag-jovens","tag-pessoas","tag-sevilha"],"yoast_head":"<!-- This site is optimized with the Yoast SEO plugin v27.2 - https:\/\/yoast.com\/product\/yoast-seo-wordpress\/ -->\n<title>Maquinista falecido na Catalunha era de Sevilha e conclu\u00eda forma\u00e7\u00e3o - Portal Tela Portugal<\/title>\n<meta name=\"robots\" content=\"index, follow, max-snippet:-1, max-image-preview:large, max-video-preview:-1\" \/>\n<meta property=\"og:locale\" content=\"pt_PT\" \/>\n<meta property=\"og:type\" content=\"article\" \/>\n<meta property=\"og:title\" content=\"Maquinista falecido na Catalunha era de Sevilha e conclu\u00eda forma\u00e7\u00e3o - Portal Tela Portugal\" \/>\n<meta property=\"og:description\" content=\"O maquinista Fernando Huerta Jim\u00e9nez, 28 anos, natural de Sevilha, morreu num acidente de comboio em Gelida, Catalunha, enquanto conclu\u00eda a forma\u00e7\u00e3o profissional na Renfe. \u2022 O embate com um muro de conten\u00e7\u00e3o que caiu num temporal causou a morte do maquinista e deixou 37 feridos; os quatro colegas que estavam na cabine tamb\u00e9m ficaram feridos graves. \u2022 O jovem tinha sido transferido para Barcelona para completar a forma\u00e7\u00e3o profissional, ap\u00f3s trabalhar numa empresa privada de transporte ferrovi\u00e1rio. \u2022 Da\u00e7\u00f5es de solidariedade partiram de Sevilha, com destaque para a C\u00e2mara Municipal, a Irmandade da Macarena e o Sevilla FC, que manifestaram pesar pela v\u00edtima e pela fam\u00edlia.\" \/>\n<meta property=\"og:url\" content=\"https:\/\/portaltela.pt\/noticias\/2026\/01\/21\/maquinista-falecido-na-catalunha-era-de-sevilha-e-concluia-formacao\/\" \/>\n<meta property=\"og:site_name\" content=\"Portal Tela Portugal\" \/>\n<meta property=\"article:published_time\" content=\"2026-01-21T11:32:00+00:00\" \/>\n<meta name=\"author\" content=\"Telinha\" \/>\n<meta name=\"twitter:card\" content=\"summary_large_image\" \/>\n<meta name=\"twitter:label1\" content=\"Escrito por\" \/>\n\t<meta name=\"twitter:data1\" content=\"Telinha\" \/>\n\t<meta name=\"twitter:label2\" content=\"Tempo estimado de leitura\" \/>\n\t<meta name=\"twitter:data2\" content=\"1 minuto\" \/>\n<script type=\"application\/ld+json\" class=\"yoast-schema-graph\">{\"@context\":\"https:\/\/schema.org\",\"@graph\":[{\"@type\":\"Article\",\"@id\":\"https:\/\/portaltela.pt\/noticias\/2026\/01\/21\/maquinista-falecido-na-catalunha-era-de-sevilha-e-concluia-formacao\/#article\",\"isPartOf\":{\"@id\":\"https:\/\/portaltela.pt\/noticias\/2026\/01\/21\/maquinista-falecido-na-catalunha-era-de-sevilha-e-concluia-formacao\/\"},\"author\":{\"name\":\"Telinha\",\"@id\":\"https:\/\/portaltela.pt\/#\/schema\/person\/c4278d4a6028830caff9ee44b42d32ed\"},\"headline\":\"Maquinista falecido na Catalunha era de Sevilha e conclu\u00eda forma\u00e7\u00e3o\",\"datePublished\":\"2026-01-21T11:32:00+00:00\",\"mainEntityOfPage\":{\"@id\":\"https:\/\/portaltela.pt\/noticias\/2026\/01\/21\/maquinista-falecido-na-catalunha-era-de-sevilha-e-concluia-formacao\/\"},\"wordCount\":243,\"image\":{\"@id\":\"https:\/\/portaltela.pt\/noticias\/2026\/01\/21\/maquinista-falecido-na-catalunha-era-de-sevilha-e-concluia-formacao\/#primaryimage\"},\"thumbnailUrl\":\"https:\/\/portaltela.pt\/s.01k8rhncp4jt1\/2026\/01\/image-1323.jpg\",\"keywords\":[\"acidentes ferrovi\u00e1rios\",\"ferimentos graves\",\"forma\u00e7\u00e3o\",\"jovens\",\"pessoas\",\"Sevilha\"],\"articleSection\":[\"Internacional\",\"Not\u00edcias\"],\"inLanguage\":\"pt-PT\"},{\"@type\":\"WebPage\",\"@id\":\"https:\/\/portaltela.pt\/noticias\/2026\/01\/21\/maquinista-falecido-na-catalunha-era-de-sevilha-e-concluia-formacao\/\",\"url\":\"https:\/\/portaltela.pt\/noticias\/2026\/01\/21\/maquinista-falecido-na-catalunha-era-de-sevilha-e-concluia-formacao\/\",\"name\":\"Maquinista falecido na Catalunha era de Sevilha e conclu\u00eda forma\u00e7\u00e3o - Portal Tela Portugal\",\"isPartOf\":{\"@id\":\"https:\/\/portaltela.pt\/#website\"},\"primaryImageOfPage\":{\"@id\":\"https:\/\/portaltela.pt\/noticias\/2026\/01\/21\/maquinista-falecido-na-catalunha-era-de-sevilha-e-concluia-formacao\/#primaryimage\"},\"image\":{\"@id\":\"https:\/\/portaltela.pt\/noticias\/2026\/01\/21\/maquinista-falecido-na-catalunha-era-de-sevilha-e-concluia-formacao\/#primaryimage\"},\"thumbnailUrl\":\"https:\/\/portaltela.pt\/s.01k8rhncp4jt1\/2026\/01\/image-1323.jpg\",\"datePublished\":\"2026-01-21T11:32:00+00:00\",\"author\":{\"@id\":\"https:\/\/portaltela.pt\/#\/schema\/person\/c4278d4a6028830caff9ee44b42d32ed\"},\"breadcrumb\":{\"@id\":\"https:\/\/portaltela.pt\/noticias\/2026\/01\/21\/maquinista-falecido-na-catalunha-era-de-sevilha-e-concluia-formacao\/#breadcrumb\"},\"inLanguage\":\"pt-PT\",\"potentialAction\":[{\"@type\":\"ReadAction\",\"target\":[\"https:\/\/portaltela.pt\/noticias\/2026\/01\/21\/maquinista-falecido-na-catalunha-era-de-sevilha-e-concluia-formacao\/\"]}]},{\"@type\":\"ImageObject\",\"inLanguage\":\"pt-PT\",\"@id\":\"https:\/\/portaltela.pt\/noticias\/2026\/01\/21\/maquinista-falecido-na-catalunha-era-de-sevilha-e-concluia-formacao\/#primaryimage\",\"url\":\"https:\/\/portaltela.pt\/s.01k8rhncp4jt1\/2026\/01\/image-1323.jpg\",\"contentUrl\":\"https:\/\/portaltela.pt\/s.01k8rhncp4jt1\/2026\/01\/image-1323.jpg\",\"width\":796,\"height\":448,\"caption\":\"Maquinista tinha 28 anos\"},{\"@type\":\"BreadcrumbList\",\"@id\":\"https:\/\/portaltela.pt\/noticias\/2026\/01\/21\/maquinista-falecido-na-catalunha-era-de-sevilha-e-concluia-formacao\/#breadcrumb\",\"itemListElement\":[{\"@type\":\"ListItem\",\"position\":1,\"name\":\"In\u00edcio\",\"item\":\"https:\/\/portaltela.pt\/\"},{\"@type\":\"ListItem\",\"position\":2,\"name\":\"Maquinista falecido na Catalunha era de Sevilha e conclu\u00eda forma\u00e7\u00e3o\"}]},{\"@type\":\"WebSite\",\"@id\":\"https:\/\/portaltela.pt\/#website\",\"url\":\"https:\/\/portaltela.pt\/\",\"name\":\"Portal Tela Portugal\",\"description\":\"\",\"potentialAction\":[{\"@type\":\"SearchAction\",\"target\":{\"@type\":\"EntryPoint\",\"urlTemplate\":\"https:\/\/portaltela.pt\/?s={search_term_string}\"},\"query-input\":{\"@type\":\"PropertyValueSpecification\",\"valueRequired\":true,\"valueName\":\"search_term_string\"}}],\"inLanguage\":\"pt-PT\"},{\"@type\":\"Person\",\"@id\":\"https:\/\/portaltela.pt\/#\/schema\/person\/c4278d4a6028830caff9ee44b42d32ed\",\"name\":\"Telinha\",\"image\":{\"@type\":\"ImageObject\",\"inLanguage\":\"pt-PT\",\"@id\":\"https:\/\/portaltela.pt\/s.01k8rhncp4jt1\/2025\/11\/talking-bot-125x125.png\",\"url\":\"https:\/\/portaltela.pt\/s.01k8rhncp4jt1\/2025\/11\/talking-bot-125x125.png\",\"contentUrl\":\"https:\/\/portaltela.pt\/s.01k8rhncp4jt1\/2025\/11\/talking-bot-125x125.png\",\"caption\":\"Telinha\"},\"sameAs\":[\"https:\/\/portaltela.pt\/\"],\"url\":\"https:\/\/portaltela.pt\/por\/367410592786\/\"}]}<\/script>\n<!-- \/ Yoast SEO plugin. -->","yoast_head_json":{"title":"Maquinista falecido na Catalunha era de Sevilha e conclu\u00eda forma\u00e7\u00e3o - Portal Tela Portugal","robots":{"index":"index","follow":"follow","max-snippet":"max-snippet:-1","max-image-preview":"max-image-preview:large","max-video-preview":"max-video-preview:-1"},"og_locale":"pt_PT","og_type":"article","og_title":"Maquinista falecido na Catalunha era de Sevilha e conclu\u00eda forma\u00e7\u00e3o - Portal Tela Portugal","og_description":"O maquinista Fernando Huerta Jim\u00e9nez, 28 anos, natural de Sevilha, morreu num acidente de comboio em Gelida, Catalunha, enquanto conclu\u00eda a forma\u00e7\u00e3o profissional na Renfe. \u2022 O embate com um muro de conten\u00e7\u00e3o que caiu num temporal causou a morte do maquinista e deixou 37 feridos; os quatro colegas que estavam na cabine tamb\u00e9m ficaram feridos graves. \u2022 O jovem tinha sido transferido para Barcelona para completar a forma\u00e7\u00e3o profissional, ap\u00f3s trabalhar numa empresa privada de transporte ferrovi\u00e1rio. \u2022 Da\u00e7\u00f5es de solidariedade partiram de Sevilha, com destaque para a C\u00e2mara Municipal, a Irmandade da Macarena e o Sevilla FC, que manifestaram pesar pela v\u00edtima e pela fam\u00edlia.","og_url":"https:\/\/portaltela.pt\/noticias\/2026\/01\/21\/maquinista-falecido-na-catalunha-era-de-sevilha-e-concluia-formacao\/","og_site_name":"Portal Tela Portugal","article_published_time":"2026-01-21T11:32:00+00:00","author":"Telinha","twitter_card":"summary_large_image","twitter_misc":{"Escrito por":"Telinha","Tempo estimado de leitura":"1 minuto"},"schema":{"@context":"https:\/\/schema.org","@graph":[{"@type":"Article","@id":"https:\/\/portaltela.pt\/noticias\/2026\/01\/21\/maquinista-falecido-na-catalunha-era-de-sevilha-e-concluia-formacao\/#article","isPartOf":{"@id":"https:\/\/portaltela.pt\/noticias\/2026\/01\/21\/maquinista-falecido-na-catalunha-era-de-sevilha-e-concluia-formacao\/"},"author":{"name":"Telinha","@id":"https:\/\/portaltela.pt\/#\/schema\/person\/c4278d4a6028830caff9ee44b42d32ed"},"headline":"Maquinista falecido na Catalunha era de Sevilha e conclu\u00eda forma\u00e7\u00e3o","datePublished":"2026-01-21T11:32:00+00:00","mainEntityOfPage":{"@id":"https:\/\/portaltela.pt\/noticias\/2026\/01\/21\/maquinista-falecido-na-catalunha-era-de-sevilha-e-concluia-formacao\/"},"wordCount":243,"image":{"@id":"https:\/\/portaltela.pt\/noticias\/2026\/01\/21\/maquinista-falecido-na-catalunha-era-de-sevilha-e-concluia-formacao\/#primaryimage"},"thumbnailUrl":"https:\/\/portaltela.pt\/s.01k8rhncp4jt1\/2026\/01\/image-1323.jpg","keywords":["acidentes ferrovi\u00e1rios","ferimentos graves","forma\u00e7\u00e3o","jovens","pessoas","Sevilha"],"articleSection":["Internacional","Not\u00edcias"],"inLanguage":"pt-PT"},{"@type":"WebPage","@id":"https:\/\/portaltela.pt\/noticias\/2026\/01\/21\/maquinista-falecido-na-catalunha-era-de-sevilha-e-concluia-formacao\/","url":"https:\/\/portaltela.pt\/noticias\/2026\/01\/21\/maquinista-falecido-na-catalunha-era-de-sevilha-e-concluia-formacao\/","name":"Maquinista falecido na Catalunha era de Sevilha e conclu\u00eda forma\u00e7\u00e3o - Portal Tela Portugal","isPartOf":{"@id":"https:\/\/portaltela.pt\/#website"},"primaryImageOfPage":{"@id":"https:\/\/portaltela.pt\/noticias\/2026\/01\/21\/maquinista-falecido-na-catalunha-era-de-sevilha-e-concluia-formacao\/#primaryimage"},"image":{"@id":"https:\/\/portaltela.pt\/noticias\/2026\/01\/21\/maquinista-falecido-na-catalunha-era-de-sevilha-e-concluia-formacao\/#primaryimage"},"thumbnailUrl":"https:\/\/portaltela.pt\/s.01k8rhncp4jt1\/2026\/01\/image-1323.jpg","datePublished":"2026-01-21T11:32:00+00:00","author":{"@id":"https:\/\/portaltela.pt\/#\/schema\/person\/c4278d4a6028830caff9ee44b42d32ed"},"breadcrumb":{"@id":"https:\/\/portaltela.pt\/noticias\/2026\/01\/21\/maquinista-falecido-na-catalunha-era-de-sevilha-e-concluia-formacao\/#breadcrumb"},"inLanguage":"pt-PT","potentialAction":[{"@type":"ReadAction","target":["https:\/\/portaltela.pt\/noticias\/2026\/01\/21\/maquinista-falecido-na-catalunha-era-de-sevilha-e-concluia-formacao\/"]}]},{"@type":"ImageObject","inLanguage":"pt-PT","@id":"https:\/\/portaltela.pt\/noticias\/2026\/01\/21\/maquinista-falecido-na-catalunha-era-de-sevilha-e-concluia-formacao\/#primaryimage","url":"https:\/\/portaltela.pt\/s.01k8rhncp4jt1\/2026\/01\/image-1323.jpg","contentUrl":"https:\/\/portaltela.pt\/s.01k8rhncp4jt1\/2026\/01\/image-1323.jpg","width":796,"height":448,"caption":"Maquinista tinha 28 anos"},{"@type":"BreadcrumbList","@id":"https:\/\/portaltela.pt\/noticias\/2026\/01\/21\/maquinista-falecido-na-catalunha-era-de-sevilha-e-concluia-formacao\/#breadcrumb","itemListElement":[{"@type":"ListItem","position":1,"name":"In\u00edcio","item":"https:\/\/portaltela.pt\/"},{"@type":"ListItem","position":2,"name":"Maquinista falecido na Catalunha era de Sevilha e conclu\u00eda forma\u00e7\u00e3o"}]},{"@type":"WebSite","@id":"https:\/\/portaltela.pt\/#website","url":"https:\/\/portaltela.pt\/","name":"Portal Tela Portugal","description":"","potentialAction":[{"@type":"SearchAction","target":{"@type":"EntryPoint","urlTemplate":"https:\/\/portaltela.pt\/?s={search_term_string}"},"query-input":{"@type":"PropertyValueSpecification","valueRequired":true,"valueName":"search_term_string"}}],"inLanguage":"pt-PT"},{"@type":"Person","@id":"https:\/\/portaltela.pt\/#\/schema\/person\/c4278d4a6028830caff9ee44b42d32ed","name":"Telinha","image":{"@type":"ImageObject","inLanguage":"pt-PT","@id":"https:\/\/portaltela.pt\/s.01k8rhncp4jt1\/2025\/11\/talking-bot-125x125.png","url":"https:\/\/portaltela.pt\/s.01k8rhncp4jt1\/2025\/11\/talking-bot-125x125.png","contentUrl":"https:\/\/portaltela.pt\/s.01k8rhncp4jt1\/2025\/11\/talking-bot-125x125.png","caption":"Telinha"},"sameAs":["https:\/\/portaltela.pt\/"],"url":"https:\/\/portaltela.pt\/por\/367410592786\/"}]}},"_links":{"self":[{"href":"https:\/\/portaltela.pt\/api\/wp\/v2\/posts\/159285","targetHints":{"allow":["GET"]}}],"collection":[{"href":"https:\/\/portaltela.pt\/api\/wp\/v2\/posts"}],"about":[{"href":"https:\/\/portaltela.pt\/api\/wp\/v2\/types\/post"}],"author":[{"embeddable":true,"href":"https:\/\/portaltela.pt\/api\/wp\/v2\/users\/2"}],"replies":[{"embeddable":true,"href":"https:\/\/portaltela.pt\/api\/wp\/v2\/comments?post=159285"}],"version-history":[{"count":0,"href":"https:\/\/portaltela.pt\/api\/wp\/v2\/posts\/159285\/revisions"}],"wp:featuredmedia":[{"embeddable":true,"href":"https:\/\/portaltela.pt\/api\/wp\/v2\/media\/159288"}],"wp:attachment":[{"href":"https:\/\/portaltela.pt\/api\/wp\/v2\/media?parent=159285"}],"wp:term":[{"taxonomy":"category","embeddable":true,"href":"https:\/\/portaltela.pt\/api\/wp\/v2\/categories?post=159285"},{"taxonomy":"post_tag","embeddable":true,"href":"https:\/\/portaltela.pt\/api\/wp\/v2\/tags?post=159285"}],"curies":[{"name":"wp","href":"https:\/\/api.w.org\/{rel}","templated":true}]}}