{"id":159181,"date":"2026-01-21T07:59:00","date_gmt":"2026-01-21T10:59:00","guid":{"rendered":"https:\/\/portaltela.pt\/noticias\/2026\/01\/21\/jogador-diz-nao-ser-messi-mas-nao-e-pior-contratacao-do-real\/"},"modified":"2026-01-21T07:59:00","modified_gmt":"2026-01-21T10:59:00","slug":"jogador-diz-nao-ser-messi-mas-nao-e-pior-contratacao-do-real","status":"publish","type":"post","link":"https:\/\/portaltela.pt\/desporto\/futebol\/2026\/01\/21\/jogador-diz-nao-ser-messi-mas-nao-e-pior-contratacao-do-real\/","title":{"rendered":"Jogador diz n\u00e3o ser Messi, mas n\u00e3o \u00e9 pior contrata\u00e7\u00e3o do Real"},"content":{"rendered":"<p>Franco Mastantuono, jovem argentino do Real Madrid, foi titular em dois dos tr\u00eas primeiros jogos com Arbeloa a acompanhar o plantel. Na \u00faltima noite, marcou o seu primeiro golo na Champions League, ajudando a equipa a vencer o Monaco por 6-1.<\/p>\n<p>O atacante chegou ao Real Madrid ainda novo, com 18 anos, e tem visto cr\u00edticas sobre as suas presta\u00e7\u00f5es nos primeiros meses. O clube enfrenta exig\u00eancias altas e o jogador reconhece que a adapta\u00e7\u00e3o n\u00e3o \u00e9 f\u00e1cil.<\/p>\n<p>A defesa das suas pr\u00f3prias expectativas aconteceu sem recorrer a janelas de opini\u00e3o. Mastantuono afirma compreender o peso das cr\u00edticas, desde que sejam justas, e revela que trabalha para justificar a vaga no plantel.<\/p>\n<h3>Resposta \u00e0s cr\u00edticas<\/h3>\n<p>O avan\u00e7ado admite que nem tudo saiu como desejado, mas sustenta que n\u00e3o \u00e9 a pior contrata\u00e7\u00e3o do clube e n\u00e3o \u00e9 o Messi. Enaltece a sua evolu\u00e7\u00e3o recente e reconhece a import\u00e2ncia de superar o per\u00edodo de gl\u00f3ria e de restante foco no treino di\u00e1rio.<\/p>\n<p>O tamb\u00e9m elogia o rendimento de Bellingham, a quem classifica como jogador que trabalha muito e d\u00e1 tudo pelo Real. Mostra respeito pela postura profissional do colega e pela \u00e9tica de trabalho no grupo.<\/p>\n<p>O jovem atleta recorda ainda que chegou a Madrid vindo de uma cultura diferente, e que a adapta\u00e7\u00e3o envolve aprender com o clube, com a exig\u00eancia di\u00e1ria e com o ambiente da cidade.<\/p>\n","protected":false},"excerpt":{"rendered":"<ul>\n<li>Franco Mastantuono marcou o seu primeiro golo na Liga dos Campe\u00f5es pelo Real Madrid na vit\u00f3ria por 6-1 frente ao M\u00f3naco, ap\u00f3s estar em campo em dois dos tr\u00eas primeiros jogos da equipa com Arbeloa no banco.<\/li>\n<li>O jogador argentino respondeu \u00e0s cr\u00edticas recebidas nos seus primeiros meses no clube, reconhecendo as expectativas e defendendo paci\u00eancia.<\/li>\n<li>Disse que n\u00e3o \u00e9 o Messi nem a pior contrata\u00e7\u00e3o da hist\u00f3ria do Real Madrid, refor\u00e7ando que trabalhou para apresentar uma boa exibi\u00e7\u00e3o.<\/li>\n<li>Explicou que chegou ao Real Madrid aos 18 anos e que a adapta\u00e7\u00e3o a um clube exigente e a uma nova vida foi um processo necess\u00e1rio.<\/li>\n<li>Apoiou os seus colegas, nomeadamente Jude Bellingham, elogiando a sua dedica\u00e7\u00e3o ao clube e rejeitando parte das cr\u00edticas como injustas.<\/li>\n<\/ul>\n","protected":false},"author":2,"featured_media":159205,"comment_status":"closed","ping_status":"closed","sticky":false,"template":"","format":"standard","meta":{"footnotes":""},"categories":[21,24],"tags":[2732,3245,3577,32,1770,2714],"class_list":["post-159181","post","type-post","status-publish","format-standard","has-post-thumbnail","hentry","category-desporto","category-futebol","tag-argentina","tag-bellingham","tag-champions-league","tag-futebol","tag-monaco","tag-real-madrid"],"yoast_head":"<!-- This site is optimized with the Yoast SEO plugin v27.2 - https:\/\/yoast.com\/product\/yoast-seo-wordpress\/ -->\n<title>Jogador diz n\u00e3o ser Messi, mas n\u00e3o \u00e9 pior contrata\u00e7\u00e3o do Real - Portal Tela Portugal<\/title>\n<meta name=\"robots\" content=\"index, follow, max-snippet:-1, max-image-preview:large, max-video-preview:-1\" \/>\n<meta property=\"og:locale\" content=\"pt_PT\" \/>\n<meta property=\"og:type\" content=\"article\" \/>\n<meta property=\"og:title\" content=\"Jogador diz n\u00e3o ser Messi, mas n\u00e3o \u00e9 pior contrata\u00e7\u00e3o do Real - Portal Tela Portugal\" \/>\n<meta property=\"og:description\" content=\"Franco Mastantuono marcou o seu primeiro golo na Liga dos Campe\u00f5es pelo Real Madrid na vit\u00f3ria por 6-1 frente ao M\u00f3naco, ap\u00f3s estar em campo em dois dos tr\u00eas primeiros jogos da equipa com Arbeloa no banco. O jogador argentino respondeu \u00e0s cr\u00edticas recebidas nos seus primeiros meses no clube, reconhecendo as expectativas e defendendo paci\u00eancia. Disse que n\u00e3o \u00e9 o Messi nem a pior contrata\u00e7\u00e3o da hist\u00f3ria do Real Madrid, refor\u00e7ando que trabalhou para apresentar uma boa exibi\u00e7\u00e3o. Explicou que chegou ao Real Madrid aos 18 anos e que a adapta\u00e7\u00e3o a um clube exigente e a uma nova vida foi um processo necess\u00e1rio. Apoiou os seus colegas, nomeadamente Jude Bellingham, elogiando a sua dedica\u00e7\u00e3o ao clube e rejeitando parte das cr\u00edticas como injustas.\" \/>\n<meta property=\"og:url\" content=\"https:\/\/portaltela.pt\/noticias\/2026\/01\/21\/jogador-diz-nao-ser-messi-mas-nao-e-pior-contratacao-do-real\/\" \/>\n<meta property=\"og:site_name\" content=\"Portal Tela Portugal\" \/>\n<meta property=\"article:published_time\" content=\"2026-01-21T10:59:00+00:00\" \/>\n<meta name=\"author\" content=\"Telinha\" \/>\n<meta name=\"twitter:card\" content=\"summary_large_image\" \/>\n<meta name=\"twitter:label1\" content=\"Escrito por\" \/>\n\t<meta name=\"twitter:data1\" content=\"Telinha\" \/>\n\t<meta name=\"twitter:label2\" content=\"Tempo estimado de leitura\" \/>\n\t<meta name=\"twitter:data2\" content=\"1 minuto\" \/>\n<script type=\"application\/ld+json\" class=\"yoast-schema-graph\">{\"@context\":\"https:\/\/schema.org\",\"@graph\":[{\"@type\":\"Article\",\"@id\":\"https:\/\/portaltela.pt\/noticias\/2026\/01\/21\/jogador-diz-nao-ser-messi-mas-nao-e-pior-contratacao-do-real\/#article\",\"isPartOf\":{\"@id\":\"https:\/\/portaltela.pt\/noticias\/2026\/01\/21\/jogador-diz-nao-ser-messi-mas-nao-e-pior-contratacao-do-real\/\"},\"author\":{\"name\":\"Telinha\",\"@id\":\"https:\/\/portaltela.pt\/#\/schema\/person\/c4278d4a6028830caff9ee44b42d32ed\"},\"headline\":\"Jogador diz n\u00e3o ser Messi, mas n\u00e3o \u00e9 pior contrata\u00e7\u00e3o do Real\",\"datePublished\":\"2026-01-21T10:59:00+00:00\",\"mainEntityOfPage\":{\"@id\":\"https:\/\/portaltela.pt\/noticias\/2026\/01\/21\/jogador-diz-nao-ser-messi-mas-nao-e-pior-contratacao-do-real\/\"},\"wordCount\":262,\"image\":{\"@id\":\"https:\/\/portaltela.pt\/noticias\/2026\/01\/21\/jogador-diz-nao-ser-messi-mas-nao-e-pior-contratacao-do-real\/#primaryimage\"},\"thumbnailUrl\":\"https:\/\/portaltela.pt\/s.01k8rhncp4jt1\/2026\/01\/a0f05392-c885-4375-8f47-3aa240001ba1.jpg\",\"keywords\":[\"Argentina\",\"Bellingham\",\"Champions League\",\"futebol\",\"Monaco\",\"Real Madrid\"],\"articleSection\":[\"Desporto\",\"Futebol\"],\"inLanguage\":\"pt-PT\"},{\"@type\":\"WebPage\",\"@id\":\"https:\/\/portaltela.pt\/noticias\/2026\/01\/21\/jogador-diz-nao-ser-messi-mas-nao-e-pior-contratacao-do-real\/\",\"url\":\"https:\/\/portaltela.pt\/noticias\/2026\/01\/21\/jogador-diz-nao-ser-messi-mas-nao-e-pior-contratacao-do-real\/\",\"name\":\"Jogador diz n\u00e3o ser Messi, mas n\u00e3o \u00e9 pior contrata\u00e7\u00e3o do Real - Portal Tela Portugal\",\"isPartOf\":{\"@id\":\"https:\/\/portaltela.pt\/#website\"},\"primaryImageOfPage\":{\"@id\":\"https:\/\/portaltela.pt\/noticias\/2026\/01\/21\/jogador-diz-nao-ser-messi-mas-nao-e-pior-contratacao-do-real\/#primaryimage\"},\"image\":{\"@id\":\"https:\/\/portaltela.pt\/noticias\/2026\/01\/21\/jogador-diz-nao-ser-messi-mas-nao-e-pior-contratacao-do-real\/#primaryimage\"},\"thumbnailUrl\":\"https:\/\/portaltela.pt\/s.01k8rhncp4jt1\/2026\/01\/a0f05392-c885-4375-8f47-3aa240001ba1.jpg\",\"datePublished\":\"2026-01-21T10:59:00+00:00\",\"author\":{\"@id\":\"https:\/\/portaltela.pt\/#\/schema\/person\/c4278d4a6028830caff9ee44b42d32ed\"},\"breadcrumb\":{\"@id\":\"https:\/\/portaltela.pt\/noticias\/2026\/01\/21\/jogador-diz-nao-ser-messi-mas-nao-e-pior-contratacao-do-real\/#breadcrumb\"},\"inLanguage\":\"pt-PT\",\"potentialAction\":[{\"@type\":\"ReadAction\",\"target\":[\"https:\/\/portaltela.pt\/noticias\/2026\/01\/21\/jogador-diz-nao-ser-messi-mas-nao-e-pior-contratacao-do-real\/\"]}]},{\"@type\":\"ImageObject\",\"inLanguage\":\"pt-PT\",\"@id\":\"https:\/\/portaltela.pt\/noticias\/2026\/01\/21\/jogador-diz-nao-ser-messi-mas-nao-e-pior-contratacao-do-real\/#primaryimage\",\"url\":\"https:\/\/portaltela.pt\/s.01k8rhncp4jt1\/2026\/01\/a0f05392-c885-4375-8f47-3aa240001ba1.jpg\",\"contentUrl\":\"https:\/\/portaltela.pt\/s.01k8rhncp4jt1\/2026\/01\/a0f05392-c885-4375-8f47-3aa240001ba1.jpg\",\"width\":796,\"height\":448,\"caption\":\"Mastantuono pelo Real Madrid\"},{\"@type\":\"BreadcrumbList\",\"@id\":\"https:\/\/portaltela.pt\/noticias\/2026\/01\/21\/jogador-diz-nao-ser-messi-mas-nao-e-pior-contratacao-do-real\/#breadcrumb\",\"itemListElement\":[{\"@type\":\"ListItem\",\"position\":1,\"name\":\"In\u00edcio\",\"item\":\"https:\/\/portaltela.pt\/\"},{\"@type\":\"ListItem\",\"position\":2,\"name\":\"Jogador diz n\u00e3o ser Messi, mas n\u00e3o \u00e9 pior contrata\u00e7\u00e3o do Real\"}]},{\"@type\":\"WebSite\",\"@id\":\"https:\/\/portaltela.pt\/#website\",\"url\":\"https:\/\/portaltela.pt\/\",\"name\":\"Portal Tela Portugal\",\"description\":\"\",\"potentialAction\":[{\"@type\":\"SearchAction\",\"target\":{\"@type\":\"EntryPoint\",\"urlTemplate\":\"https:\/\/portaltela.pt\/?s={search_term_string}\"},\"query-input\":{\"@type\":\"PropertyValueSpecification\",\"valueRequired\":true,\"valueName\":\"search_term_string\"}}],\"inLanguage\":\"pt-PT\"},{\"@type\":\"Person\",\"@id\":\"https:\/\/portaltela.pt\/#\/schema\/person\/c4278d4a6028830caff9ee44b42d32ed\",\"name\":\"Telinha\",\"image\":{\"@type\":\"ImageObject\",\"inLanguage\":\"pt-PT\",\"@id\":\"https:\/\/portaltela.pt\/s.01k8rhncp4jt1\/2025\/11\/talking-bot-125x125.png\",\"url\":\"https:\/\/portaltela.pt\/s.01k8rhncp4jt1\/2025\/11\/talking-bot-125x125.png\",\"contentUrl\":\"https:\/\/portaltela.pt\/s.01k8rhncp4jt1\/2025\/11\/talking-bot-125x125.png\",\"caption\":\"Telinha\"},\"sameAs\":[\"https:\/\/portaltela.pt\/\"],\"url\":\"https:\/\/portaltela.pt\/por\/367410592786\/\"}]}<\/script>\n<!-- \/ Yoast SEO plugin. -->","yoast_head_json":{"title":"Jogador diz n\u00e3o ser Messi, mas n\u00e3o \u00e9 pior contrata\u00e7\u00e3o do Real - Portal Tela Portugal","robots":{"index":"index","follow":"follow","max-snippet":"max-snippet:-1","max-image-preview":"max-image-preview:large","max-video-preview":"max-video-preview:-1"},"og_locale":"pt_PT","og_type":"article","og_title":"Jogador diz n\u00e3o ser Messi, mas n\u00e3o \u00e9 pior contrata\u00e7\u00e3o do Real - Portal Tela Portugal","og_description":"Franco Mastantuono marcou o seu primeiro golo na Liga dos Campe\u00f5es pelo Real Madrid na vit\u00f3ria por 6-1 frente ao M\u00f3naco, ap\u00f3s estar em campo em dois dos tr\u00eas primeiros jogos da equipa com Arbeloa no banco. O jogador argentino respondeu \u00e0s cr\u00edticas recebidas nos seus primeiros meses no clube, reconhecendo as expectativas e defendendo paci\u00eancia. Disse que n\u00e3o \u00e9 o Messi nem a pior contrata\u00e7\u00e3o da hist\u00f3ria do Real Madrid, refor\u00e7ando que trabalhou para apresentar uma boa exibi\u00e7\u00e3o. Explicou que chegou ao Real Madrid aos 18 anos e que a adapta\u00e7\u00e3o a um clube exigente e a uma nova vida foi um processo necess\u00e1rio. Apoiou os seus colegas, nomeadamente Jude Bellingham, elogiando a sua dedica\u00e7\u00e3o ao clube e rejeitando parte das cr\u00edticas como injustas.","og_url":"https:\/\/portaltela.pt\/noticias\/2026\/01\/21\/jogador-diz-nao-ser-messi-mas-nao-e-pior-contratacao-do-real\/","og_site_name":"Portal Tela Portugal","article_published_time":"2026-01-21T10:59:00+00:00","author":"Telinha","twitter_card":"summary_large_image","twitter_misc":{"Escrito por":"Telinha","Tempo estimado de leitura":"1 minuto"},"schema":{"@context":"https:\/\/schema.org","@graph":[{"@type":"Article","@id":"https:\/\/portaltela.pt\/noticias\/2026\/01\/21\/jogador-diz-nao-ser-messi-mas-nao-e-pior-contratacao-do-real\/#article","isPartOf":{"@id":"https:\/\/portaltela.pt\/noticias\/2026\/01\/21\/jogador-diz-nao-ser-messi-mas-nao-e-pior-contratacao-do-real\/"},"author":{"name":"Telinha","@id":"https:\/\/portaltela.pt\/#\/schema\/person\/c4278d4a6028830caff9ee44b42d32ed"},"headline":"Jogador diz n\u00e3o ser Messi, mas n\u00e3o \u00e9 pior contrata\u00e7\u00e3o do Real","datePublished":"2026-01-21T10:59:00+00:00","mainEntityOfPage":{"@id":"https:\/\/portaltela.pt\/noticias\/2026\/01\/21\/jogador-diz-nao-ser-messi-mas-nao-e-pior-contratacao-do-real\/"},"wordCount":262,"image":{"@id":"https:\/\/portaltela.pt\/noticias\/2026\/01\/21\/jogador-diz-nao-ser-messi-mas-nao-e-pior-contratacao-do-real\/#primaryimage"},"thumbnailUrl":"https:\/\/portaltela.pt\/s.01k8rhncp4jt1\/2026\/01\/a0f05392-c885-4375-8f47-3aa240001ba1.jpg","keywords":["Argentina","Bellingham","Champions League","futebol","Monaco","Real Madrid"],"articleSection":["Desporto","Futebol"],"inLanguage":"pt-PT"},{"@type":"WebPage","@id":"https:\/\/portaltela.pt\/noticias\/2026\/01\/21\/jogador-diz-nao-ser-messi-mas-nao-e-pior-contratacao-do-real\/","url":"https:\/\/portaltela.pt\/noticias\/2026\/01\/21\/jogador-diz-nao-ser-messi-mas-nao-e-pior-contratacao-do-real\/","name":"Jogador diz n\u00e3o ser Messi, mas n\u00e3o \u00e9 pior contrata\u00e7\u00e3o do Real - Portal Tela Portugal","isPartOf":{"@id":"https:\/\/portaltela.pt\/#website"},"primaryImageOfPage":{"@id":"https:\/\/portaltela.pt\/noticias\/2026\/01\/21\/jogador-diz-nao-ser-messi-mas-nao-e-pior-contratacao-do-real\/#primaryimage"},"image":{"@id":"https:\/\/portaltela.pt\/noticias\/2026\/01\/21\/jogador-diz-nao-ser-messi-mas-nao-e-pior-contratacao-do-real\/#primaryimage"},"thumbnailUrl":"https:\/\/portaltela.pt\/s.01k8rhncp4jt1\/2026\/01\/a0f05392-c885-4375-8f47-3aa240001ba1.jpg","datePublished":"2026-01-21T10:59:00+00:00","author":{"@id":"https:\/\/portaltela.pt\/#\/schema\/person\/c4278d4a6028830caff9ee44b42d32ed"},"breadcrumb":{"@id":"https:\/\/portaltela.pt\/noticias\/2026\/01\/21\/jogador-diz-nao-ser-messi-mas-nao-e-pior-contratacao-do-real\/#breadcrumb"},"inLanguage":"pt-PT","potentialAction":[{"@type":"ReadAction","target":["https:\/\/portaltela.pt\/noticias\/2026\/01\/21\/jogador-diz-nao-ser-messi-mas-nao-e-pior-contratacao-do-real\/"]}]},{"@type":"ImageObject","inLanguage":"pt-PT","@id":"https:\/\/portaltela.pt\/noticias\/2026\/01\/21\/jogador-diz-nao-ser-messi-mas-nao-e-pior-contratacao-do-real\/#primaryimage","url":"https:\/\/portaltela.pt\/s.01k8rhncp4jt1\/2026\/01\/a0f05392-c885-4375-8f47-3aa240001ba1.jpg","contentUrl":"https:\/\/portaltela.pt\/s.01k8rhncp4jt1\/2026\/01\/a0f05392-c885-4375-8f47-3aa240001ba1.jpg","width":796,"height":448,"caption":"Mastantuono pelo Real Madrid"},{"@type":"BreadcrumbList","@id":"https:\/\/portaltela.pt\/noticias\/2026\/01\/21\/jogador-diz-nao-ser-messi-mas-nao-e-pior-contratacao-do-real\/#breadcrumb","itemListElement":[{"@type":"ListItem","position":1,"name":"In\u00edcio","item":"https:\/\/portaltela.pt\/"},{"@type":"ListItem","position":2,"name":"Jogador diz n\u00e3o ser Messi, mas n\u00e3o \u00e9 pior contrata\u00e7\u00e3o do Real"}]},{"@type":"WebSite","@id":"https:\/\/portaltela.pt\/#website","url":"https:\/\/portaltela.pt\/","name":"Portal Tela Portugal","description":"","potentialAction":[{"@type":"SearchAction","target":{"@type":"EntryPoint","urlTemplate":"https:\/\/portaltela.pt\/?s={search_term_string}"},"query-input":{"@type":"PropertyValueSpecification","valueRequired":true,"valueName":"search_term_string"}}],"inLanguage":"pt-PT"},{"@type":"Person","@id":"https:\/\/portaltela.pt\/#\/schema\/person\/c4278d4a6028830caff9ee44b42d32ed","name":"Telinha","image":{"@type":"ImageObject","inLanguage":"pt-PT","@id":"https:\/\/portaltela.pt\/s.01k8rhncp4jt1\/2025\/11\/talking-bot-125x125.png","url":"https:\/\/portaltela.pt\/s.01k8rhncp4jt1\/2025\/11\/talking-bot-125x125.png","contentUrl":"https:\/\/portaltela.pt\/s.01k8rhncp4jt1\/2025\/11\/talking-bot-125x125.png","caption":"Telinha"},"sameAs":["https:\/\/portaltela.pt\/"],"url":"https:\/\/portaltela.pt\/por\/367410592786\/"}]}},"_links":{"self":[{"href":"https:\/\/portaltela.pt\/api\/wp\/v2\/posts\/159181","targetHints":{"allow":["GET"]}}],"collection":[{"href":"https:\/\/portaltela.pt\/api\/wp\/v2\/posts"}],"about":[{"href":"https:\/\/portaltela.pt\/api\/wp\/v2\/types\/post"}],"author":[{"embeddable":true,"href":"https:\/\/portaltela.pt\/api\/wp\/v2\/users\/2"}],"replies":[{"embeddable":true,"href":"https:\/\/portaltela.pt\/api\/wp\/v2\/comments?post=159181"}],"version-history":[{"count":0,"href":"https:\/\/portaltela.pt\/api\/wp\/v2\/posts\/159181\/revisions"}],"wp:featuredmedia":[{"embeddable":true,"href":"https:\/\/portaltela.pt\/api\/wp\/v2\/media\/159205"}],"wp:attachment":[{"href":"https:\/\/portaltela.pt\/api\/wp\/v2\/media?parent=159181"}],"wp:term":[{"taxonomy":"category","embeddable":true,"href":"https:\/\/portaltela.pt\/api\/wp\/v2\/categories?post=159181"},{"taxonomy":"post_tag","embeddable":true,"href":"https:\/\/portaltela.pt\/api\/wp\/v2\/tags?post=159181"}],"curies":[{"name":"wp","href":"https:\/\/api.w.org\/{rel}","templated":true}]}}