{"id":159175,"date":"2026-01-21T07:50:00","date_gmt":"2026-01-21T10:50:00","guid":{"rendered":"https:\/\/portaltela.pt\/noticias\/2026\/01\/21\/mais-de-87-das-pessoas-com-85-anos-vacinadas-contra-a-gripe\/"},"modified":"2026-01-21T07:50:00","modified_gmt":"2026-01-21T10:50:00","slug":"mais-de-87-das-pessoas-com-85-anos-vacinadas-contra-a-gripe","status":"publish","type":"post","link":"https:\/\/portaltela.pt\/noticias\/2026\/01\/21\/mais-de-87-das-pessoas-com-85-anos-vacinadas-contra-a-gripe\/","title":{"rendered":"Mais de 87% das pessoas com 85+ anos vacinadas contra a gripe"},"content":{"rendered":"<p>Mais de 87% das pessoas com 85 anos ou mais j\u00e1 foram vacinadas contra a gripe, segundo a terceira vaga do Vacin\u00f3metro. A monitoriza\u00e7\u00e3o, respondente pela SPP e pela APMGF, aponta para uma taxa de 87,1% nessa faixa et\u00e1ria, com 47,8% das vacinas recebidas por recomenda\u00e7\u00e3o m\u00e9dica.<\/p>\n<p>A iniciativa destaca que a vacina de dose elevada, indicada para 85+, oferece maior prote\u00e7\u00e3o contra complica\u00e7\u00f5es e hospitaliza\u00e7\u00f5es. O presidente da SPP, Jorge Ferreira, descreve os resultados como robustos e refor\u00e7a a import\u00e2ncia da vacina\u00e7\u00e3o gratuita para este grupo.<\/p>\n<p>Os dados indicam que Portugal est\u00e1 perto da meta da OMS de 75% para pessoas com 65 anos ou mais, situando-se agora em 72,6%. Ferreira afirma que o pa\u00eds est\u00e1 muito acima da m\u00e9dia europeia, mesmo num contexto de fadiga e desinforma\u00e7\u00e3o sobre a vacina\u00e7\u00e3o.<\/p>\n<p>Entre os grupos de risco, 71% da popula\u00e7\u00e3o com doen\u00e7a cr\u00f3nica j\u00e1 est\u00e1 vacinada, com 75,6% dos portadores de doen\u00e7a respirat\u00f3ria, 75% dos diab\u00e9ticos e 73,7% da popula\u00e7\u00e3o com doen\u00e7a cardiovascular vacinados. A ades\u00e3o entre profissionais de sa\u00fade em contacto direto \u00e9 de 62,9%.<\/p>\n<p>As gr\u00e1vidas que foram vacinadas representam 57,5%, das quais 82,8% o fizeram por recomenda\u00e7\u00e3o m\u00e9dica. Entre as crian\u00e7as de seis a 24 meses, a ades\u00e3o \u00e9 de apenas 38,6%, destacando a necessidade de campanhas junto dos pais para aumentar a prote\u00e7\u00e3o infantil.<\/p>\n<p>Quanto \u00e0s inten\u00e7\u00f5es de vacina\u00e7\u00e3o, 22,9% dos n\u00e3o vacinados com 85 ou mais anos e 22,1% dos profissionais de sa\u00fade n\u00e3o vacinados pretendem vacinar-se. Entre doentes cr\u00f3nicos n\u00e3o vacinados, a propor\u00e7\u00e3o \u00e9 de 13,9%.<\/p>\n<p>A coadministra\u00e7\u00e3o da vacina da gripe com a COVID-19 subiu ligeiramente, de 57% para 64% entre os grupos com recomenda\u00e7\u00e3o. O vacin\u00f3metro monitora, em tempo real, a cobertura vacinal desde 2009.<\/p>\n","protected":false},"excerpt":{"rendered":"<ul>\n<li>Mais de 87% das pessoas com 85 anos ou mais j\u00e1 tomaram a vacina contra a gripe (87,1%), com 47,8% destes casos por recomenda\u00e7\u00e3o m\u00e9dica.<\/li>\n<li>A estimativa do vacin\u00f3metro indica que 72,6% da popula\u00e7\u00e3o com 65 anos ou mais j\u00e1 est\u00e1 vacinada, aproximando-se da meta de 75% da Organiza\u00e7\u00e3o Mundial de Sa\u00fade.<\/li>\n<li>A terceira vaga do vacin\u00f3metro mostra subida da vacina\u00e7\u00e3o face ao ano anterior, passando de 47,4% para 60% no total; entre profissionais de sa\u00fade, a ades\u00e3o \u00e9 de 62,9% e entre gr\u00e1vidas \u00e9 de 57,5%.<\/li>\n<li>Em doentes cr\u00f3nicos, 75,6% com doen\u00e7a respirat\u00f3ria, 75% com diabetes e 73,7% com doen\u00e7a cardiovascular j\u00e1 foram vacinados.<\/li>\n<li>O grupo et\u00e1rio mais jovem vacinado \u00e9 o das crian\u00e7as entre seis meses e 24 meses, com apenas 38,6% at\u00e9 ao momento. A coadministra\u00e7\u00e3o gripe\/covid aparece em 64% dos grupos com indica\u00e7\u00e3o.<\/li>\n<\/ul>\n","protected":false},"author":2,"featured_media":159202,"comment_status":"closed","ping_status":"closed","sticky":false,"template":"","format":"standard","meta":{"footnotes":""},"categories":[1],"tags":[3631,2802,3639,2736,1698,271],"class_list":["post-159175","post","type-post","status-publish","format-standard","has-post-thumbnail","hentry","category-noticias","tag-diabeticos","tag-doenca-cardiaca","tag-doentes-cronicos","tag-idosos","tag-infantil","tag-saude-publica"],"yoast_head":"<!-- This site is optimized with the Yoast SEO plugin v27.2 - https:\/\/yoast.com\/product\/yoast-seo-wordpress\/ -->\n<title>Mais de 87% das pessoas com 85+ anos vacinadas contra a gripe - Portal Tela Portugal<\/title>\n<meta name=\"robots\" content=\"index, follow, max-snippet:-1, max-image-preview:large, max-video-preview:-1\" \/>\n<meta property=\"og:locale\" content=\"pt_PT\" \/>\n<meta property=\"og:type\" content=\"article\" \/>\n<meta property=\"og:title\" content=\"Mais de 87% das pessoas com 85+ anos vacinadas contra a gripe - Portal Tela Portugal\" \/>\n<meta property=\"og:description\" content=\"Mais de 87% das pessoas com 85 anos ou mais j\u00e1 tomaram a vacina contra a gripe (87,1%), com 47,8% destes casos por recomenda\u00e7\u00e3o m\u00e9dica. A estimativa do vacin\u00f3metro indica que 72,6% da popula\u00e7\u00e3o com 65 anos ou mais j\u00e1 est\u00e1 vacinada, aproximando-se da meta de 75% da Organiza\u00e7\u00e3o Mundial de Sa\u00fade. A terceira vaga do vacin\u00f3metro mostra subida da vacina\u00e7\u00e3o face ao ano anterior, passando de 47,4% para 60% no total; entre profissionais de sa\u00fade, a ades\u00e3o \u00e9 de 62,9% e entre gr\u00e1vidas \u00e9 de 57,5%. Em doentes cr\u00f3nicos, 75,6% com doen\u00e7a respirat\u00f3ria, 75% com diabetes e 73,7% com doen\u00e7a cardiovascular j\u00e1 foram vacinados. O grupo et\u00e1rio mais jovem vacinado \u00e9 o das crian\u00e7as entre seis meses e 24 meses, com apenas 38,6% at\u00e9 ao momento. A coadministra\u00e7\u00e3o gripe\/covid aparece em 64% dos grupos com indica\u00e7\u00e3o.\" \/>\n<meta property=\"og:url\" content=\"https:\/\/portaltela.pt\/noticias\/2026\/01\/21\/mais-de-87-das-pessoas-com-85-anos-vacinadas-contra-a-gripe\/\" \/>\n<meta property=\"og:site_name\" content=\"Portal Tela Portugal\" \/>\n<meta property=\"article:published_time\" content=\"2026-01-21T10:50:00+00:00\" \/>\n<meta name=\"author\" content=\"Telinha\" \/>\n<meta name=\"twitter:card\" content=\"summary_large_image\" \/>\n<meta name=\"twitter:label1\" content=\"Escrito por\" \/>\n\t<meta name=\"twitter:data1\" content=\"Telinha\" \/>\n\t<meta name=\"twitter:label2\" content=\"Tempo estimado de leitura\" \/>\n\t<meta name=\"twitter:data2\" content=\"1 minuto\" \/>\n<script type=\"application\/ld+json\" class=\"yoast-schema-graph\">{\"@context\":\"https:\/\/schema.org\",\"@graph\":[{\"@type\":\"Article\",\"@id\":\"https:\/\/portaltela.pt\/noticias\/2026\/01\/21\/mais-de-87-das-pessoas-com-85-anos-vacinadas-contra-a-gripe\/#article\",\"isPartOf\":{\"@id\":\"https:\/\/portaltela.pt\/noticias\/2026\/01\/21\/mais-de-87-das-pessoas-com-85-anos-vacinadas-contra-a-gripe\/\"},\"author\":{\"name\":\"Telinha\",\"@id\":\"https:\/\/portaltela.pt\/#\/schema\/person\/c4278d4a6028830caff9ee44b42d32ed\"},\"headline\":\"Mais de 87% das pessoas com 85+ anos vacinadas contra a gripe\",\"datePublished\":\"2026-01-21T10:50:00+00:00\",\"mainEntityOfPage\":{\"@id\":\"https:\/\/portaltela.pt\/noticias\/2026\/01\/21\/mais-de-87-das-pessoas-com-85-anos-vacinadas-contra-a-gripe\/\"},\"wordCount\":308,\"image\":{\"@id\":\"https:\/\/portaltela.pt\/noticias\/2026\/01\/21\/mais-de-87-das-pessoas-com-85-anos-vacinadas-contra-a-gripe\/#primaryimage\"},\"thumbnailUrl\":\"https:\/\/portaltela.pt\/s.01k8rhncp4jt1\/2026\/01\/unnamed-file-4318.jpg\",\"keywords\":[\"diab\u00e9ticos\",\"doen\u00e7a card\u00edaca\",\"doentes cr\u00f3nicos\",\"idosos\",\"infantil\",\"sa\u00fade p\u00fablica\"],\"articleSection\":[\"Not\u00edcias\"],\"inLanguage\":\"pt-PT\"},{\"@type\":\"WebPage\",\"@id\":\"https:\/\/portaltela.pt\/noticias\/2026\/01\/21\/mais-de-87-das-pessoas-com-85-anos-vacinadas-contra-a-gripe\/\",\"url\":\"https:\/\/portaltela.pt\/noticias\/2026\/01\/21\/mais-de-87-das-pessoas-com-85-anos-vacinadas-contra-a-gripe\/\",\"name\":\"Mais de 87% das pessoas com 85+ anos vacinadas contra a gripe - Portal Tela Portugal\",\"isPartOf\":{\"@id\":\"https:\/\/portaltela.pt\/#website\"},\"primaryImageOfPage\":{\"@id\":\"https:\/\/portaltela.pt\/noticias\/2026\/01\/21\/mais-de-87-das-pessoas-com-85-anos-vacinadas-contra-a-gripe\/#primaryimage\"},\"image\":{\"@id\":\"https:\/\/portaltela.pt\/noticias\/2026\/01\/21\/mais-de-87-das-pessoas-com-85-anos-vacinadas-contra-a-gripe\/#primaryimage\"},\"thumbnailUrl\":\"https:\/\/portaltela.pt\/s.01k8rhncp4jt1\/2026\/01\/unnamed-file-4318.jpg\",\"datePublished\":\"2026-01-21T10:50:00+00:00\",\"author\":{\"@id\":\"https:\/\/portaltela.pt\/#\/schema\/person\/c4278d4a6028830caff9ee44b42d32ed\"},\"breadcrumb\":{\"@id\":\"https:\/\/portaltela.pt\/noticias\/2026\/01\/21\/mais-de-87-das-pessoas-com-85-anos-vacinadas-contra-a-gripe\/#breadcrumb\"},\"inLanguage\":\"pt-PT\",\"potentialAction\":[{\"@type\":\"ReadAction\",\"target\":[\"https:\/\/portaltela.pt\/noticias\/2026\/01\/21\/mais-de-87-das-pessoas-com-85-anos-vacinadas-contra-a-gripe\/\"]}]},{\"@type\":\"ImageObject\",\"inLanguage\":\"pt-PT\",\"@id\":\"https:\/\/portaltela.pt\/noticias\/2026\/01\/21\/mais-de-87-das-pessoas-com-85-anos-vacinadas-contra-a-gripe\/#primaryimage\",\"url\":\"https:\/\/portaltela.pt\/s.01k8rhncp4jt1\/2026\/01\/unnamed-file-4318.jpg\",\"contentUrl\":\"https:\/\/portaltela.pt\/s.01k8rhncp4jt1\/2026\/01\/unnamed-file-4318.jpg\",\"width\":796,\"height\":448,\"caption\":\"Vacina\u00e7\u00e3o contra a gripe bate recorde de ades\u00e3o das pessoas com 85 e mais anos\"},{\"@type\":\"BreadcrumbList\",\"@id\":\"https:\/\/portaltela.pt\/noticias\/2026\/01\/21\/mais-de-87-das-pessoas-com-85-anos-vacinadas-contra-a-gripe\/#breadcrumb\",\"itemListElement\":[{\"@type\":\"ListItem\",\"position\":1,\"name\":\"In\u00edcio\",\"item\":\"https:\/\/portaltela.pt\/\"},{\"@type\":\"ListItem\",\"position\":2,\"name\":\"Mais de 87% das pessoas com 85+ anos vacinadas contra a gripe\"}]},{\"@type\":\"WebSite\",\"@id\":\"https:\/\/portaltela.pt\/#website\",\"url\":\"https:\/\/portaltela.pt\/\",\"name\":\"Portal Tela Portugal\",\"description\":\"\",\"potentialAction\":[{\"@type\":\"SearchAction\",\"target\":{\"@type\":\"EntryPoint\",\"urlTemplate\":\"https:\/\/portaltela.pt\/?s={search_term_string}\"},\"query-input\":{\"@type\":\"PropertyValueSpecification\",\"valueRequired\":true,\"valueName\":\"search_term_string\"}}],\"inLanguage\":\"pt-PT\"},{\"@type\":\"Person\",\"@id\":\"https:\/\/portaltela.pt\/#\/schema\/person\/c4278d4a6028830caff9ee44b42d32ed\",\"name\":\"Telinha\",\"image\":{\"@type\":\"ImageObject\",\"inLanguage\":\"pt-PT\",\"@id\":\"https:\/\/portaltela.pt\/s.01k8rhncp4jt1\/2025\/11\/talking-bot-125x125.png\",\"url\":\"https:\/\/portaltela.pt\/s.01k8rhncp4jt1\/2025\/11\/talking-bot-125x125.png\",\"contentUrl\":\"https:\/\/portaltela.pt\/s.01k8rhncp4jt1\/2025\/11\/talking-bot-125x125.png\",\"caption\":\"Telinha\"},\"sameAs\":[\"https:\/\/portaltela.pt\/\"],\"url\":\"https:\/\/portaltela.pt\/por\/367410592786\/\"}]}<\/script>\n<!-- \/ Yoast SEO plugin. -->","yoast_head_json":{"title":"Mais de 87% das pessoas com 85+ anos vacinadas contra a gripe - Portal Tela Portugal","robots":{"index":"index","follow":"follow","max-snippet":"max-snippet:-1","max-image-preview":"max-image-preview:large","max-video-preview":"max-video-preview:-1"},"og_locale":"pt_PT","og_type":"article","og_title":"Mais de 87% das pessoas com 85+ anos vacinadas contra a gripe - Portal Tela Portugal","og_description":"Mais de 87% das pessoas com 85 anos ou mais j\u00e1 tomaram a vacina contra a gripe (87,1%), com 47,8% destes casos por recomenda\u00e7\u00e3o m\u00e9dica. A estimativa do vacin\u00f3metro indica que 72,6% da popula\u00e7\u00e3o com 65 anos ou mais j\u00e1 est\u00e1 vacinada, aproximando-se da meta de 75% da Organiza\u00e7\u00e3o Mundial de Sa\u00fade. A terceira vaga do vacin\u00f3metro mostra subida da vacina\u00e7\u00e3o face ao ano anterior, passando de 47,4% para 60% no total; entre profissionais de sa\u00fade, a ades\u00e3o \u00e9 de 62,9% e entre gr\u00e1vidas \u00e9 de 57,5%. Em doentes cr\u00f3nicos, 75,6% com doen\u00e7a respirat\u00f3ria, 75% com diabetes e 73,7% com doen\u00e7a cardiovascular j\u00e1 foram vacinados. O grupo et\u00e1rio mais jovem vacinado \u00e9 o das crian\u00e7as entre seis meses e 24 meses, com apenas 38,6% at\u00e9 ao momento. A coadministra\u00e7\u00e3o gripe\/covid aparece em 64% dos grupos com indica\u00e7\u00e3o.","og_url":"https:\/\/portaltela.pt\/noticias\/2026\/01\/21\/mais-de-87-das-pessoas-com-85-anos-vacinadas-contra-a-gripe\/","og_site_name":"Portal Tela Portugal","article_published_time":"2026-01-21T10:50:00+00:00","author":"Telinha","twitter_card":"summary_large_image","twitter_misc":{"Escrito por":"Telinha","Tempo estimado de leitura":"1 minuto"},"schema":{"@context":"https:\/\/schema.org","@graph":[{"@type":"Article","@id":"https:\/\/portaltela.pt\/noticias\/2026\/01\/21\/mais-de-87-das-pessoas-com-85-anos-vacinadas-contra-a-gripe\/#article","isPartOf":{"@id":"https:\/\/portaltela.pt\/noticias\/2026\/01\/21\/mais-de-87-das-pessoas-com-85-anos-vacinadas-contra-a-gripe\/"},"author":{"name":"Telinha","@id":"https:\/\/portaltela.pt\/#\/schema\/person\/c4278d4a6028830caff9ee44b42d32ed"},"headline":"Mais de 87% das pessoas com 85+ anos vacinadas contra a gripe","datePublished":"2026-01-21T10:50:00+00:00","mainEntityOfPage":{"@id":"https:\/\/portaltela.pt\/noticias\/2026\/01\/21\/mais-de-87-das-pessoas-com-85-anos-vacinadas-contra-a-gripe\/"},"wordCount":308,"image":{"@id":"https:\/\/portaltela.pt\/noticias\/2026\/01\/21\/mais-de-87-das-pessoas-com-85-anos-vacinadas-contra-a-gripe\/#primaryimage"},"thumbnailUrl":"https:\/\/portaltela.pt\/s.01k8rhncp4jt1\/2026\/01\/unnamed-file-4318.jpg","keywords":["diab\u00e9ticos","doen\u00e7a card\u00edaca","doentes cr\u00f3nicos","idosos","infantil","sa\u00fade p\u00fablica"],"articleSection":["Not\u00edcias"],"inLanguage":"pt-PT"},{"@type":"WebPage","@id":"https:\/\/portaltela.pt\/noticias\/2026\/01\/21\/mais-de-87-das-pessoas-com-85-anos-vacinadas-contra-a-gripe\/","url":"https:\/\/portaltela.pt\/noticias\/2026\/01\/21\/mais-de-87-das-pessoas-com-85-anos-vacinadas-contra-a-gripe\/","name":"Mais de 87% das pessoas com 85+ anos vacinadas contra a gripe - Portal Tela Portugal","isPartOf":{"@id":"https:\/\/portaltela.pt\/#website"},"primaryImageOfPage":{"@id":"https:\/\/portaltela.pt\/noticias\/2026\/01\/21\/mais-de-87-das-pessoas-com-85-anos-vacinadas-contra-a-gripe\/#primaryimage"},"image":{"@id":"https:\/\/portaltela.pt\/noticias\/2026\/01\/21\/mais-de-87-das-pessoas-com-85-anos-vacinadas-contra-a-gripe\/#primaryimage"},"thumbnailUrl":"https:\/\/portaltela.pt\/s.01k8rhncp4jt1\/2026\/01\/unnamed-file-4318.jpg","datePublished":"2026-01-21T10:50:00+00:00","author":{"@id":"https:\/\/portaltela.pt\/#\/schema\/person\/c4278d4a6028830caff9ee44b42d32ed"},"breadcrumb":{"@id":"https:\/\/portaltela.pt\/noticias\/2026\/01\/21\/mais-de-87-das-pessoas-com-85-anos-vacinadas-contra-a-gripe\/#breadcrumb"},"inLanguage":"pt-PT","potentialAction":[{"@type":"ReadAction","target":["https:\/\/portaltela.pt\/noticias\/2026\/01\/21\/mais-de-87-das-pessoas-com-85-anos-vacinadas-contra-a-gripe\/"]}]},{"@type":"ImageObject","inLanguage":"pt-PT","@id":"https:\/\/portaltela.pt\/noticias\/2026\/01\/21\/mais-de-87-das-pessoas-com-85-anos-vacinadas-contra-a-gripe\/#primaryimage","url":"https:\/\/portaltela.pt\/s.01k8rhncp4jt1\/2026\/01\/unnamed-file-4318.jpg","contentUrl":"https:\/\/portaltela.pt\/s.01k8rhncp4jt1\/2026\/01\/unnamed-file-4318.jpg","width":796,"height":448,"caption":"Vacina\u00e7\u00e3o contra a gripe bate recorde de ades\u00e3o das pessoas com 85 e mais anos"},{"@type":"BreadcrumbList","@id":"https:\/\/portaltela.pt\/noticias\/2026\/01\/21\/mais-de-87-das-pessoas-com-85-anos-vacinadas-contra-a-gripe\/#breadcrumb","itemListElement":[{"@type":"ListItem","position":1,"name":"In\u00edcio","item":"https:\/\/portaltela.pt\/"},{"@type":"ListItem","position":2,"name":"Mais de 87% das pessoas com 85+ anos vacinadas contra a gripe"}]},{"@type":"WebSite","@id":"https:\/\/portaltela.pt\/#website","url":"https:\/\/portaltela.pt\/","name":"Portal Tela Portugal","description":"","potentialAction":[{"@type":"SearchAction","target":{"@type":"EntryPoint","urlTemplate":"https:\/\/portaltela.pt\/?s={search_term_string}"},"query-input":{"@type":"PropertyValueSpecification","valueRequired":true,"valueName":"search_term_string"}}],"inLanguage":"pt-PT"},{"@type":"Person","@id":"https:\/\/portaltela.pt\/#\/schema\/person\/c4278d4a6028830caff9ee44b42d32ed","name":"Telinha","image":{"@type":"ImageObject","inLanguage":"pt-PT","@id":"https:\/\/portaltela.pt\/s.01k8rhncp4jt1\/2025\/11\/talking-bot-125x125.png","url":"https:\/\/portaltela.pt\/s.01k8rhncp4jt1\/2025\/11\/talking-bot-125x125.png","contentUrl":"https:\/\/portaltela.pt\/s.01k8rhncp4jt1\/2025\/11\/talking-bot-125x125.png","caption":"Telinha"},"sameAs":["https:\/\/portaltela.pt\/"],"url":"https:\/\/portaltela.pt\/por\/367410592786\/"}]}},"_links":{"self":[{"href":"https:\/\/portaltela.pt\/api\/wp\/v2\/posts\/159175","targetHints":{"allow":["GET"]}}],"collection":[{"href":"https:\/\/portaltela.pt\/api\/wp\/v2\/posts"}],"about":[{"href":"https:\/\/portaltela.pt\/api\/wp\/v2\/types\/post"}],"author":[{"embeddable":true,"href":"https:\/\/portaltela.pt\/api\/wp\/v2\/users\/2"}],"replies":[{"embeddable":true,"href":"https:\/\/portaltela.pt\/api\/wp\/v2\/comments?post=159175"}],"version-history":[{"count":0,"href":"https:\/\/portaltela.pt\/api\/wp\/v2\/posts\/159175\/revisions"}],"wp:featuredmedia":[{"embeddable":true,"href":"https:\/\/portaltela.pt\/api\/wp\/v2\/media\/159202"}],"wp:attachment":[{"href":"https:\/\/portaltela.pt\/api\/wp\/v2\/media?parent=159175"}],"wp:term":[{"taxonomy":"category","embeddable":true,"href":"https:\/\/portaltela.pt\/api\/wp\/v2\/categories?post=159175"},{"taxonomy":"post_tag","embeddable":true,"href":"https:\/\/portaltela.pt\/api\/wp\/v2\/tags?post=159175"}],"curies":[{"name":"wp","href":"https:\/\/api.w.org\/{rel}","templated":true}]}}