{"id":159168,"date":"2026-01-21T07:38:00","date_gmt":"2026-01-21T10:38:00","guid":{"rendered":"https:\/\/portaltela.pt\/noticias\/2026\/01\/21\/desenho-revela-a-ansiedade-da-mae-e-a-internet-fica-impressionada\/"},"modified":"2026-01-21T07:38:00","modified_gmt":"2026-01-21T10:38:00","slug":"desenho-revela-a-ansiedade-da-mae-e-a-internet-fica-impressionada","status":"publish","type":"post","link":"https:\/\/portaltela.pt\/noticias\/2026\/01\/21\/desenho-revela-a-ansiedade-da-mae-e-a-internet-fica-impressionada\/","title":{"rendered":"Desenho revela a ansiedade da m\u00e3e e a Internet fica impressionada"},"content":{"rendered":"<p>Natasha Melton partilhou no TikTok um momento vivido em fam\u00edlia que se tornou viral. O filho de seis anos desenhou a fam\u00edlia, incluindo uma figura feminina com vestido vermelho e ondas ao redor. Ao pedir quem era, a crian\u00e7a respondeu que era a m\u00e3e, devido \u00e0 ansiedade que ela demonstra.<\/p>\n<p>O desenho chamou a aten\u00e7\u00e3o pela maneira como representa o nervosismo da m\u00e3e, com a crian\u00e7a a colocar as m\u00e3os na boca. Natasha explicou que decidiu questionar o filho para entender o significado das imagens e revelou a resposta dele.<\/p>\n<p>Ao publicar o v\u00eddeo, Natasha descreveu a presen\u00e7a de uma figura que simboliza a ansiedade e partilhou que a rea\u00e7\u00e3o do p\u00fablico a surpreendeu. Muitos internautas comentaram os detalhes do desenho e a forma de express\u00e3o emocional da m\u00e3e.<\/p>\n<h3>Rea\u00e7\u00e3o online e perspetivas sobre parentalidade<\/h3>\n<p>A m\u00e3e afirmou que foi \u00fatil ouvir as opini\u00f5es dos seguidores para entender diferentes experi\u00eancias parentais. Embora tenha ficado surpreendida inicialmente, reconheceu o humor da situa\u00e7\u00e3o e agradeceu o apoio recebido.<\/p>\n<p>Especialistas destacam que a ansiedade \u00e9 um estado que pode evoluir ao longo do tempo e requer reconhecimento e estrat\u00e9gias de gest\u00e3o. Pesquisas sugerem abordar sinais precocemente e considerar mudan\u00e7as no estilo de vida para reduzir o nervosismo excessivo.<\/p>\n","protected":false},"excerpt":{"rendered":"<ul>\n<li>Natasha Melton, m\u00e3e de dois filhos, partilhou no TikTok um momento da fam\u00edlia relacionado com um desenho feito pelo filho de seis anos.<\/li>\n<li>No desenho surge uma mulher de vestido vermelho com v\u00e1rias ondas \u00e0 volta; a crian\u00e7a disse que era Natasha, por causa da ansiedade dela.<\/li>\n<li>Natasha publicou o v\u00eddeo com o t\u00edtulo &#8220;a minha ansiedade est\u00e1 \u00e0 vista&#8221;, gerando coment\u00e1rios sobre os pormenores do desenho.<\/li>\n<li>Os internautas destacaram v\u00e1rios detalhes que, segundo eles, representam o nervosismo da m\u00e3e, incluindo a posi\u00e7\u00e3o das m\u00e3os junto da boca.<\/li>\n<li>A m\u00e3e explicou que, mesmo com o susto inicial, os coment\u00e1rios a fizeram olhar para a situa\u00e7\u00e3o com humor e refletir sobre parentalidade e ansiedade em m\u00e3es jovens.<\/li>\n<\/ul>\n","protected":false},"author":2,"featured_media":159207,"comment_status":"closed","ping_status":"closed","sticky":false,"template":"","format":"standard","meta":{"footnotes":""},"categories":[1],"tags":[3350,969,148,39,1140,55],"class_list":["post-159168","post","type-post","status-publish","format-standard","has-post-thumbnail","hentry","category-noticias","tag-ansiedade","tag-dinamicas-familiares","tag-familias","tag-internet","tag-parentalidade","tag-saude-mental"],"yoast_head":"<!-- This site is optimized with the Yoast SEO plugin v27.2 - https:\/\/yoast.com\/product\/yoast-seo-wordpress\/ -->\n<title>Desenho revela a ansiedade da m\u00e3e e a Internet fica impressionada - Portal Tela Portugal<\/title>\n<meta name=\"robots\" content=\"index, follow, max-snippet:-1, max-image-preview:large, max-video-preview:-1\" \/>\n<meta property=\"og:locale\" content=\"pt_PT\" \/>\n<meta property=\"og:type\" content=\"article\" \/>\n<meta property=\"og:title\" content=\"Desenho revela a ansiedade da m\u00e3e e a Internet fica impressionada - Portal Tela Portugal\" \/>\n<meta property=\"og:description\" content=\"Natasha Melton, m\u00e3e de dois filhos, partilhou no TikTok um momento da fam\u00edlia relacionado com um desenho feito pelo filho de seis anos. No desenho surge uma mulher de vestido vermelho com v\u00e1rias ondas \u00e0 volta; a crian\u00e7a disse que era Natasha, por causa da ansiedade dela. Natasha publicou o v\u00eddeo com o t\u00edtulo &quot;a minha ansiedade est\u00e1 \u00e0 vista&quot;, gerando coment\u00e1rios sobre os pormenores do desenho. Os internautas destacaram v\u00e1rios detalhes que, segundo eles, representam o nervosismo da m\u00e3e, incluindo a posi\u00e7\u00e3o das m\u00e3os junto da boca. A m\u00e3e explicou que, mesmo com o susto inicial, os coment\u00e1rios a fizeram olhar para a situa\u00e7\u00e3o com humor e refletir sobre parentalidade e ansiedade em m\u00e3es jovens.\" \/>\n<meta property=\"og:url\" content=\"https:\/\/portaltela.pt\/noticias\/2026\/01\/21\/desenho-revela-a-ansiedade-da-mae-e-a-internet-fica-impressionada\/\" \/>\n<meta property=\"og:site_name\" content=\"Portal Tela Portugal\" \/>\n<meta property=\"article:published_time\" content=\"2026-01-21T10:38:00+00:00\" \/>\n<meta name=\"author\" content=\"Telinha\" \/>\n<meta name=\"twitter:card\" content=\"summary_large_image\" \/>\n<meta name=\"twitter:label1\" content=\"Escrito por\" \/>\n\t<meta name=\"twitter:data1\" content=\"Telinha\" \/>\n\t<meta name=\"twitter:label2\" content=\"Tempo estimado de leitura\" \/>\n\t<meta name=\"twitter:data2\" content=\"1 minuto\" \/>\n<script type=\"application\/ld+json\" class=\"yoast-schema-graph\">{\"@context\":\"https:\/\/schema.org\",\"@graph\":[{\"@type\":\"Article\",\"@id\":\"https:\/\/portaltela.pt\/noticias\/2026\/01\/21\/desenho-revela-a-ansiedade-da-mae-e-a-internet-fica-impressionada\/#article\",\"isPartOf\":{\"@id\":\"https:\/\/portaltela.pt\/noticias\/2026\/01\/21\/desenho-revela-a-ansiedade-da-mae-e-a-internet-fica-impressionada\/\"},\"author\":{\"name\":\"Telinha\",\"@id\":\"https:\/\/portaltela.pt\/#\/schema\/person\/c4278d4a6028830caff9ee44b42d32ed\"},\"headline\":\"Desenho revela a ansiedade da m\u00e3e e a Internet fica impressionada\",\"datePublished\":\"2026-01-21T10:38:00+00:00\",\"mainEntityOfPage\":{\"@id\":\"https:\/\/portaltela.pt\/noticias\/2026\/01\/21\/desenho-revela-a-ansiedade-da-mae-e-a-internet-fica-impressionada\/\"},\"wordCount\":237,\"image\":{\"@id\":\"https:\/\/portaltela.pt\/noticias\/2026\/01\/21\/desenho-revela-a-ansiedade-da-mae-e-a-internet-fica-impressionada\/#primaryimage\"},\"thumbnailUrl\":\"https:\/\/portaltela.pt\/s.01k8rhncp4jt1\/2026\/01\/unnamed-file-4320.jpg\",\"keywords\":[\"ansiedade\",\"din\u00e2micas familiares\",\"fam\u00edlias\",\"internet\",\"parentalidade\",\"sa\u00fade mental\"],\"articleSection\":[\"Not\u00edcias\"],\"inLanguage\":\"pt-PT\"},{\"@type\":\"WebPage\",\"@id\":\"https:\/\/portaltela.pt\/noticias\/2026\/01\/21\/desenho-revela-a-ansiedade-da-mae-e-a-internet-fica-impressionada\/\",\"url\":\"https:\/\/portaltela.pt\/noticias\/2026\/01\/21\/desenho-revela-a-ansiedade-da-mae-e-a-internet-fica-impressionada\/\",\"name\":\"Desenho revela a ansiedade da m\u00e3e e a Internet fica impressionada - Portal Tela Portugal\",\"isPartOf\":{\"@id\":\"https:\/\/portaltela.pt\/#website\"},\"primaryImageOfPage\":{\"@id\":\"https:\/\/portaltela.pt\/noticias\/2026\/01\/21\/desenho-revela-a-ansiedade-da-mae-e-a-internet-fica-impressionada\/#primaryimage\"},\"image\":{\"@id\":\"https:\/\/portaltela.pt\/noticias\/2026\/01\/21\/desenho-revela-a-ansiedade-da-mae-e-a-internet-fica-impressionada\/#primaryimage\"},\"thumbnailUrl\":\"https:\/\/portaltela.pt\/s.01k8rhncp4jt1\/2026\/01\/unnamed-file-4320.jpg\",\"datePublished\":\"2026-01-21T10:38:00+00:00\",\"author\":{\"@id\":\"https:\/\/portaltela.pt\/#\/schema\/person\/c4278d4a6028830caff9ee44b42d32ed\"},\"breadcrumb\":{\"@id\":\"https:\/\/portaltela.pt\/noticias\/2026\/01\/21\/desenho-revela-a-ansiedade-da-mae-e-a-internet-fica-impressionada\/#breadcrumb\"},\"inLanguage\":\"pt-PT\",\"potentialAction\":[{\"@type\":\"ReadAction\",\"target\":[\"https:\/\/portaltela.pt\/noticias\/2026\/01\/21\/desenho-revela-a-ansiedade-da-mae-e-a-internet-fica-impressionada\/\"]}]},{\"@type\":\"ImageObject\",\"inLanguage\":\"pt-PT\",\"@id\":\"https:\/\/portaltela.pt\/noticias\/2026\/01\/21\/desenho-revela-a-ansiedade-da-mae-e-a-internet-fica-impressionada\/#primaryimage\",\"url\":\"https:\/\/portaltela.pt\/s.01k8rhncp4jt1\/2026\/01\/unnamed-file-4320.jpg\",\"contentUrl\":\"https:\/\/portaltela.pt\/s.01k8rhncp4jt1\/2026\/01\/unnamed-file-4320.jpg\",\"width\":796,\"height\":448,\"caption\":\"Faz desenho que torna patente a ansiedade da m\u00e3e. Internet impressionada\"},{\"@type\":\"BreadcrumbList\",\"@id\":\"https:\/\/portaltela.pt\/noticias\/2026\/01\/21\/desenho-revela-a-ansiedade-da-mae-e-a-internet-fica-impressionada\/#breadcrumb\",\"itemListElement\":[{\"@type\":\"ListItem\",\"position\":1,\"name\":\"In\u00edcio\",\"item\":\"https:\/\/portaltela.pt\/\"},{\"@type\":\"ListItem\",\"position\":2,\"name\":\"Desenho revela a ansiedade da m\u00e3e e a Internet fica impressionada\"}]},{\"@type\":\"WebSite\",\"@id\":\"https:\/\/portaltela.pt\/#website\",\"url\":\"https:\/\/portaltela.pt\/\",\"name\":\"Portal Tela Portugal\",\"description\":\"\",\"potentialAction\":[{\"@type\":\"SearchAction\",\"target\":{\"@type\":\"EntryPoint\",\"urlTemplate\":\"https:\/\/portaltela.pt\/?s={search_term_string}\"},\"query-input\":{\"@type\":\"PropertyValueSpecification\",\"valueRequired\":true,\"valueName\":\"search_term_string\"}}],\"inLanguage\":\"pt-PT\"},{\"@type\":\"Person\",\"@id\":\"https:\/\/portaltela.pt\/#\/schema\/person\/c4278d4a6028830caff9ee44b42d32ed\",\"name\":\"Telinha\",\"image\":{\"@type\":\"ImageObject\",\"inLanguage\":\"pt-PT\",\"@id\":\"https:\/\/portaltela.pt\/s.01k8rhncp4jt1\/2025\/11\/talking-bot-125x125.png\",\"url\":\"https:\/\/portaltela.pt\/s.01k8rhncp4jt1\/2025\/11\/talking-bot-125x125.png\",\"contentUrl\":\"https:\/\/portaltela.pt\/s.01k8rhncp4jt1\/2025\/11\/talking-bot-125x125.png\",\"caption\":\"Telinha\"},\"sameAs\":[\"https:\/\/portaltela.pt\/\"],\"url\":\"https:\/\/portaltela.pt\/por\/367410592786\/\"}]}<\/script>\n<!-- \/ Yoast SEO plugin. -->","yoast_head_json":{"title":"Desenho revela a ansiedade da m\u00e3e e a Internet fica impressionada - Portal Tela Portugal","robots":{"index":"index","follow":"follow","max-snippet":"max-snippet:-1","max-image-preview":"max-image-preview:large","max-video-preview":"max-video-preview:-1"},"og_locale":"pt_PT","og_type":"article","og_title":"Desenho revela a ansiedade da m\u00e3e e a Internet fica impressionada - Portal Tela Portugal","og_description":"Natasha Melton, m\u00e3e de dois filhos, partilhou no TikTok um momento da fam\u00edlia relacionado com um desenho feito pelo filho de seis anos. No desenho surge uma mulher de vestido vermelho com v\u00e1rias ondas \u00e0 volta; a crian\u00e7a disse que era Natasha, por causa da ansiedade dela. Natasha publicou o v\u00eddeo com o t\u00edtulo \"a minha ansiedade est\u00e1 \u00e0 vista\", gerando coment\u00e1rios sobre os pormenores do desenho. Os internautas destacaram v\u00e1rios detalhes que, segundo eles, representam o nervosismo da m\u00e3e, incluindo a posi\u00e7\u00e3o das m\u00e3os junto da boca. A m\u00e3e explicou que, mesmo com o susto inicial, os coment\u00e1rios a fizeram olhar para a situa\u00e7\u00e3o com humor e refletir sobre parentalidade e ansiedade em m\u00e3es jovens.","og_url":"https:\/\/portaltela.pt\/noticias\/2026\/01\/21\/desenho-revela-a-ansiedade-da-mae-e-a-internet-fica-impressionada\/","og_site_name":"Portal Tela Portugal","article_published_time":"2026-01-21T10:38:00+00:00","author":"Telinha","twitter_card":"summary_large_image","twitter_misc":{"Escrito por":"Telinha","Tempo estimado de leitura":"1 minuto"},"schema":{"@context":"https:\/\/schema.org","@graph":[{"@type":"Article","@id":"https:\/\/portaltela.pt\/noticias\/2026\/01\/21\/desenho-revela-a-ansiedade-da-mae-e-a-internet-fica-impressionada\/#article","isPartOf":{"@id":"https:\/\/portaltela.pt\/noticias\/2026\/01\/21\/desenho-revela-a-ansiedade-da-mae-e-a-internet-fica-impressionada\/"},"author":{"name":"Telinha","@id":"https:\/\/portaltela.pt\/#\/schema\/person\/c4278d4a6028830caff9ee44b42d32ed"},"headline":"Desenho revela a ansiedade da m\u00e3e e a Internet fica impressionada","datePublished":"2026-01-21T10:38:00+00:00","mainEntityOfPage":{"@id":"https:\/\/portaltela.pt\/noticias\/2026\/01\/21\/desenho-revela-a-ansiedade-da-mae-e-a-internet-fica-impressionada\/"},"wordCount":237,"image":{"@id":"https:\/\/portaltela.pt\/noticias\/2026\/01\/21\/desenho-revela-a-ansiedade-da-mae-e-a-internet-fica-impressionada\/#primaryimage"},"thumbnailUrl":"https:\/\/portaltela.pt\/s.01k8rhncp4jt1\/2026\/01\/unnamed-file-4320.jpg","keywords":["ansiedade","din\u00e2micas familiares","fam\u00edlias","internet","parentalidade","sa\u00fade mental"],"articleSection":["Not\u00edcias"],"inLanguage":"pt-PT"},{"@type":"WebPage","@id":"https:\/\/portaltela.pt\/noticias\/2026\/01\/21\/desenho-revela-a-ansiedade-da-mae-e-a-internet-fica-impressionada\/","url":"https:\/\/portaltela.pt\/noticias\/2026\/01\/21\/desenho-revela-a-ansiedade-da-mae-e-a-internet-fica-impressionada\/","name":"Desenho revela a ansiedade da m\u00e3e e a Internet fica impressionada - Portal Tela Portugal","isPartOf":{"@id":"https:\/\/portaltela.pt\/#website"},"primaryImageOfPage":{"@id":"https:\/\/portaltela.pt\/noticias\/2026\/01\/21\/desenho-revela-a-ansiedade-da-mae-e-a-internet-fica-impressionada\/#primaryimage"},"image":{"@id":"https:\/\/portaltela.pt\/noticias\/2026\/01\/21\/desenho-revela-a-ansiedade-da-mae-e-a-internet-fica-impressionada\/#primaryimage"},"thumbnailUrl":"https:\/\/portaltela.pt\/s.01k8rhncp4jt1\/2026\/01\/unnamed-file-4320.jpg","datePublished":"2026-01-21T10:38:00+00:00","author":{"@id":"https:\/\/portaltela.pt\/#\/schema\/person\/c4278d4a6028830caff9ee44b42d32ed"},"breadcrumb":{"@id":"https:\/\/portaltela.pt\/noticias\/2026\/01\/21\/desenho-revela-a-ansiedade-da-mae-e-a-internet-fica-impressionada\/#breadcrumb"},"inLanguage":"pt-PT","potentialAction":[{"@type":"ReadAction","target":["https:\/\/portaltela.pt\/noticias\/2026\/01\/21\/desenho-revela-a-ansiedade-da-mae-e-a-internet-fica-impressionada\/"]}]},{"@type":"ImageObject","inLanguage":"pt-PT","@id":"https:\/\/portaltela.pt\/noticias\/2026\/01\/21\/desenho-revela-a-ansiedade-da-mae-e-a-internet-fica-impressionada\/#primaryimage","url":"https:\/\/portaltela.pt\/s.01k8rhncp4jt1\/2026\/01\/unnamed-file-4320.jpg","contentUrl":"https:\/\/portaltela.pt\/s.01k8rhncp4jt1\/2026\/01\/unnamed-file-4320.jpg","width":796,"height":448,"caption":"Faz desenho que torna patente a ansiedade da m\u00e3e. Internet impressionada"},{"@type":"BreadcrumbList","@id":"https:\/\/portaltela.pt\/noticias\/2026\/01\/21\/desenho-revela-a-ansiedade-da-mae-e-a-internet-fica-impressionada\/#breadcrumb","itemListElement":[{"@type":"ListItem","position":1,"name":"In\u00edcio","item":"https:\/\/portaltela.pt\/"},{"@type":"ListItem","position":2,"name":"Desenho revela a ansiedade da m\u00e3e e a Internet fica impressionada"}]},{"@type":"WebSite","@id":"https:\/\/portaltela.pt\/#website","url":"https:\/\/portaltela.pt\/","name":"Portal Tela Portugal","description":"","potentialAction":[{"@type":"SearchAction","target":{"@type":"EntryPoint","urlTemplate":"https:\/\/portaltela.pt\/?s={search_term_string}"},"query-input":{"@type":"PropertyValueSpecification","valueRequired":true,"valueName":"search_term_string"}}],"inLanguage":"pt-PT"},{"@type":"Person","@id":"https:\/\/portaltela.pt\/#\/schema\/person\/c4278d4a6028830caff9ee44b42d32ed","name":"Telinha","image":{"@type":"ImageObject","inLanguage":"pt-PT","@id":"https:\/\/portaltela.pt\/s.01k8rhncp4jt1\/2025\/11\/talking-bot-125x125.png","url":"https:\/\/portaltela.pt\/s.01k8rhncp4jt1\/2025\/11\/talking-bot-125x125.png","contentUrl":"https:\/\/portaltela.pt\/s.01k8rhncp4jt1\/2025\/11\/talking-bot-125x125.png","caption":"Telinha"},"sameAs":["https:\/\/portaltela.pt\/"],"url":"https:\/\/portaltela.pt\/por\/367410592786\/"}]}},"_links":{"self":[{"href":"https:\/\/portaltela.pt\/api\/wp\/v2\/posts\/159168","targetHints":{"allow":["GET"]}}],"collection":[{"href":"https:\/\/portaltela.pt\/api\/wp\/v2\/posts"}],"about":[{"href":"https:\/\/portaltela.pt\/api\/wp\/v2\/types\/post"}],"author":[{"embeddable":true,"href":"https:\/\/portaltela.pt\/api\/wp\/v2\/users\/2"}],"replies":[{"embeddable":true,"href":"https:\/\/portaltela.pt\/api\/wp\/v2\/comments?post=159168"}],"version-history":[{"count":0,"href":"https:\/\/portaltela.pt\/api\/wp\/v2\/posts\/159168\/revisions"}],"wp:featuredmedia":[{"embeddable":true,"href":"https:\/\/portaltela.pt\/api\/wp\/v2\/media\/159207"}],"wp:attachment":[{"href":"https:\/\/portaltela.pt\/api\/wp\/v2\/media?parent=159168"}],"wp:term":[{"taxonomy":"category","embeddable":true,"href":"https:\/\/portaltela.pt\/api\/wp\/v2\/categories?post=159168"},{"taxonomy":"post_tag","embeddable":true,"href":"https:\/\/portaltela.pt\/api\/wp\/v2\/tags?post=159168"}],"curies":[{"name":"wp","href":"https:\/\/api.w.org\/{rel}","templated":true}]}}