{"id":159146,"date":"2026-01-21T07:48:00","date_gmt":"2026-01-21T10:48:00","guid":{"rendered":"https:\/\/portaltela.pt\/noticias\/2026\/01\/21\/manuel-marques-reconduzido-a-frente-da-ancose-com-larga-vantagem\/"},"modified":"2026-01-21T07:48:00","modified_gmt":"2026-01-21T10:48:00","slug":"manuel-marques-reconduzido-a-frente-da-ancose-com-larga-vantagem","status":"publish","type":"post","link":"https:\/\/portaltela.pt\/noticias\/2026\/01\/21\/manuel-marques-reconduzido-a-frente-da-ancose-com-larga-vantagem\/","title":{"rendered":"Manuel Marques reconduzido \u00e0 frente da ANCOSE com larga vantagem"},"content":{"rendered":"<p>Manuel Marques foi reconduzido \u00e0 lideran\u00e7a da ANCOSE, ao vencer as elei\u00e7\u00f5es de ontem com 267 votos, frente aos 72 obtidos pela lista B, liderada por Jo\u00e3o Pires. A vota\u00e7\u00e3o confirmou uma larga vantagem do incumbente.<\/p>\n<p>As elei\u00e7\u00f5es decorreram na sede da ANCOSE, em Negrelos (Oliveira do Hospital), com delega\u00e7\u00f5es em Nelas e Celorico da Beira. Participaram 339 dos cerca de 600 associados aptos a votar, o que representou a maior participa\u00e7\u00e3o desde o in\u00edcio das listas advers\u00e1rias.<\/p>\n<p>Marques, presidente da ANCOSE desde 2004, anunciou que este ser\u00e1 o seu \u00faltimo mandato para assegurar uma transi\u00e7\u00e3o est\u00e1vel. O l\u00edder afirma ter encontrado a associa\u00e7\u00e3o com d\u00edvidas, mas hoje encontra-a sem d\u00edvidas e financeiramente est\u00e1vel, promovendo continuidade do trabalho.<\/p>\n","protected":false},"excerpt":{"rendered":"<ul>\n<li>Manuel Marques, da Lista A, venceu as elei\u00e7\u00f5es da ANCOSE ao obter 267 votos, frente aos 72 da Lista B.<\/li>\n<li>O escrut\u00ednio contou com 339 votos, numa participa\u00e7\u00e3o superior \u00e0 de elei\u00e7\u00f5es anteriores, de um total de quase 600 associados aptos a votar.<\/li>\n<li>A vota\u00e7\u00e3o ocorreu na sede da ANCOSE, em Negrelos, Oliveira do Hospital, com delega\u00e7\u00f5es em Nelas e Celorico da Beira.<\/li>\n<li>Este ser\u00e1 o \u00faltimo mandato de Manuel Marques \u00e0 frente da associa\u00e7\u00e3o, que lidera desde 2004, tendo encontrado a ANCOSE sem d\u00edvidas e em estabilidade financeira.<\/li>\n<li>O presidente reeleito pretende assegurar uma transi\u00e7\u00e3o segura para evitar que a organiza\u00e7\u00e3o regresse a situa\u00e7\u00f5es de instabilidade.<\/li>\n<\/ul>\n","protected":false},"author":2,"featured_media":159188,"comment_status":"closed","ping_status":"closed","sticky":false,"template":"","format":"standard","meta":{"footnotes":""},"categories":[1],"tags":[679,1966,68,2415,1307],"class_list":["post-159146","post","type-post","status-publish","format-standard","has-post-thumbnail","hentry","category-noticias","tag-associacoes","tag-celorico-da-beira","tag-eleicoes","tag-gestao","tag-nelas"],"yoast_head":"<!-- This site is optimized with the Yoast SEO plugin v27.2 - https:\/\/yoast.com\/product\/yoast-seo-wordpress\/ -->\n<title>Manuel Marques reconduzido \u00e0 frente da ANCOSE com larga vantagem - Portal Tela Portugal<\/title>\n<meta name=\"robots\" content=\"index, follow, max-snippet:-1, max-image-preview:large, max-video-preview:-1\" \/>\n<meta property=\"og:locale\" content=\"pt_PT\" \/>\n<meta property=\"og:type\" content=\"article\" \/>\n<meta property=\"og:title\" content=\"Manuel Marques reconduzido \u00e0 frente da ANCOSE com larga vantagem - Portal Tela Portugal\" \/>\n<meta property=\"og:description\" content=\"Manuel Marques, da Lista A, venceu as elei\u00e7\u00f5es da ANCOSE ao obter 267 votos, frente aos 72 da Lista B. O escrut\u00ednio contou com 339 votos, numa participa\u00e7\u00e3o superior \u00e0 de elei\u00e7\u00f5es anteriores, de um total de quase 600 associados aptos a votar. A vota\u00e7\u00e3o ocorreu na sede da ANCOSE, em Negrelos, Oliveira do Hospital, com delega\u00e7\u00f5es em Nelas e Celorico da Beira. Este ser\u00e1 o \u00faltimo mandato de Manuel Marques \u00e0 frente da associa\u00e7\u00e3o, que lidera desde 2004, tendo encontrado a ANCOSE sem d\u00edvidas e em estabilidade financeira. O presidente reeleito pretende assegurar uma transi\u00e7\u00e3o segura para evitar que a organiza\u00e7\u00e3o regresse a situa\u00e7\u00f5es de instabilidade.\" \/>\n<meta property=\"og:url\" content=\"https:\/\/portaltela.pt\/noticias\/2026\/01\/21\/manuel-marques-reconduzido-a-frente-da-ancose-com-larga-vantagem\/\" \/>\n<meta property=\"og:site_name\" content=\"Portal Tela Portugal\" \/>\n<meta property=\"article:published_time\" content=\"2026-01-21T10:48:00+00:00\" \/>\n<meta name=\"author\" content=\"Telinha\" \/>\n<meta name=\"twitter:card\" content=\"summary_large_image\" \/>\n<meta name=\"twitter:label1\" content=\"Escrito por\" \/>\n\t<meta name=\"twitter:data1\" content=\"Telinha\" \/>\n\t<meta name=\"twitter:label2\" content=\"Tempo estimado de leitura\" \/>\n\t<meta name=\"twitter:data2\" content=\"1 minuto\" \/>\n<script type=\"application\/ld+json\" class=\"yoast-schema-graph\">{\"@context\":\"https:\/\/schema.org\",\"@graph\":[{\"@type\":\"Article\",\"@id\":\"https:\/\/portaltela.pt\/noticias\/2026\/01\/21\/manuel-marques-reconduzido-a-frente-da-ancose-com-larga-vantagem\/#article\",\"isPartOf\":{\"@id\":\"https:\/\/portaltela.pt\/noticias\/2026\/01\/21\/manuel-marques-reconduzido-a-frente-da-ancose-com-larga-vantagem\/\"},\"author\":{\"name\":\"Telinha\",\"@id\":\"https:\/\/portaltela.pt\/#\/schema\/person\/c4278d4a6028830caff9ee44b42d32ed\"},\"headline\":\"Manuel Marques reconduzido \u00e0 frente da ANCOSE com larga vantagem\",\"datePublished\":\"2026-01-21T10:48:00+00:00\",\"mainEntityOfPage\":{\"@id\":\"https:\/\/portaltela.pt\/noticias\/2026\/01\/21\/manuel-marques-reconduzido-a-frente-da-ancose-com-larga-vantagem\/\"},\"wordCount\":137,\"image\":{\"@id\":\"https:\/\/portaltela.pt\/noticias\/2026\/01\/21\/manuel-marques-reconduzido-a-frente-da-ancose-com-larga-vantagem\/#primaryimage\"},\"thumbnailUrl\":\"https:\/\/portaltela.pt\/s.01k8rhncp4jt1\/2026\/01\/manuel-marques-1.jpg\",\"keywords\":[\"associa\u00e7\u00f5es\",\"Celorico da Beira\",\"elei\u00e7\u00f5es\",\"gest\u00e3o\",\"Nelas\"],\"articleSection\":[\"Not\u00edcias\"],\"inLanguage\":\"pt-PT\"},{\"@type\":\"WebPage\",\"@id\":\"https:\/\/portaltela.pt\/noticias\/2026\/01\/21\/manuel-marques-reconduzido-a-frente-da-ancose-com-larga-vantagem\/\",\"url\":\"https:\/\/portaltela.pt\/noticias\/2026\/01\/21\/manuel-marques-reconduzido-a-frente-da-ancose-com-larga-vantagem\/\",\"name\":\"Manuel Marques reconduzido \u00e0 frente da ANCOSE com larga vantagem - Portal Tela Portugal\",\"isPartOf\":{\"@id\":\"https:\/\/portaltela.pt\/#website\"},\"primaryImageOfPage\":{\"@id\":\"https:\/\/portaltela.pt\/noticias\/2026\/01\/21\/manuel-marques-reconduzido-a-frente-da-ancose-com-larga-vantagem\/#primaryimage\"},\"image\":{\"@id\":\"https:\/\/portaltela.pt\/noticias\/2026\/01\/21\/manuel-marques-reconduzido-a-frente-da-ancose-com-larga-vantagem\/#primaryimage\"},\"thumbnailUrl\":\"https:\/\/portaltela.pt\/s.01k8rhncp4jt1\/2026\/01\/manuel-marques-1.jpg\",\"datePublished\":\"2026-01-21T10:48:00+00:00\",\"author\":{\"@id\":\"https:\/\/portaltela.pt\/#\/schema\/person\/c4278d4a6028830caff9ee44b42d32ed\"},\"breadcrumb\":{\"@id\":\"https:\/\/portaltela.pt\/noticias\/2026\/01\/21\/manuel-marques-reconduzido-a-frente-da-ancose-com-larga-vantagem\/#breadcrumb\"},\"inLanguage\":\"pt-PT\",\"potentialAction\":[{\"@type\":\"ReadAction\",\"target\":[\"https:\/\/portaltela.pt\/noticias\/2026\/01\/21\/manuel-marques-reconduzido-a-frente-da-ancose-com-larga-vantagem\/\"]}]},{\"@type\":\"ImageObject\",\"inLanguage\":\"pt-PT\",\"@id\":\"https:\/\/portaltela.pt\/noticias\/2026\/01\/21\/manuel-marques-reconduzido-a-frente-da-ancose-com-larga-vantagem\/#primaryimage\",\"url\":\"https:\/\/portaltela.pt\/s.01k8rhncp4jt1\/2026\/01\/manuel-marques-1.jpg\",\"contentUrl\":\"https:\/\/portaltela.pt\/s.01k8rhncp4jt1\/2026\/01\/manuel-marques-1.jpg\",\"width\":796,\"height\":448,\"caption\":\"Manuel Marques reconduzido na lideran\u00e7a da ANCOSE. Vence elei\u00e7\u00f5es com larga vantagem\"},{\"@type\":\"BreadcrumbList\",\"@id\":\"https:\/\/portaltela.pt\/noticias\/2026\/01\/21\/manuel-marques-reconduzido-a-frente-da-ancose-com-larga-vantagem\/#breadcrumb\",\"itemListElement\":[{\"@type\":\"ListItem\",\"position\":1,\"name\":\"In\u00edcio\",\"item\":\"https:\/\/portaltela.pt\/\"},{\"@type\":\"ListItem\",\"position\":2,\"name\":\"Manuel Marques reconduzido \u00e0 frente da ANCOSE com larga vantagem\"}]},{\"@type\":\"WebSite\",\"@id\":\"https:\/\/portaltela.pt\/#website\",\"url\":\"https:\/\/portaltela.pt\/\",\"name\":\"Portal Tela Portugal\",\"description\":\"\",\"potentialAction\":[{\"@type\":\"SearchAction\",\"target\":{\"@type\":\"EntryPoint\",\"urlTemplate\":\"https:\/\/portaltela.pt\/?s={search_term_string}\"},\"query-input\":{\"@type\":\"PropertyValueSpecification\",\"valueRequired\":true,\"valueName\":\"search_term_string\"}}],\"inLanguage\":\"pt-PT\"},{\"@type\":\"Person\",\"@id\":\"https:\/\/portaltela.pt\/#\/schema\/person\/c4278d4a6028830caff9ee44b42d32ed\",\"name\":\"Telinha\",\"image\":{\"@type\":\"ImageObject\",\"inLanguage\":\"pt-PT\",\"@id\":\"https:\/\/portaltela.pt\/s.01k8rhncp4jt1\/2025\/11\/talking-bot-125x125.png\",\"url\":\"https:\/\/portaltela.pt\/s.01k8rhncp4jt1\/2025\/11\/talking-bot-125x125.png\",\"contentUrl\":\"https:\/\/portaltela.pt\/s.01k8rhncp4jt1\/2025\/11\/talking-bot-125x125.png\",\"caption\":\"Telinha\"},\"sameAs\":[\"https:\/\/portaltela.pt\/\"],\"url\":\"https:\/\/portaltela.pt\/por\/367410592786\/\"}]}<\/script>\n<!-- \/ Yoast SEO plugin. -->","yoast_head_json":{"title":"Manuel Marques reconduzido \u00e0 frente da ANCOSE com larga vantagem - Portal Tela Portugal","robots":{"index":"index","follow":"follow","max-snippet":"max-snippet:-1","max-image-preview":"max-image-preview:large","max-video-preview":"max-video-preview:-1"},"og_locale":"pt_PT","og_type":"article","og_title":"Manuel Marques reconduzido \u00e0 frente da ANCOSE com larga vantagem - Portal Tela Portugal","og_description":"Manuel Marques, da Lista A, venceu as elei\u00e7\u00f5es da ANCOSE ao obter 267 votos, frente aos 72 da Lista B. O escrut\u00ednio contou com 339 votos, numa participa\u00e7\u00e3o superior \u00e0 de elei\u00e7\u00f5es anteriores, de um total de quase 600 associados aptos a votar. A vota\u00e7\u00e3o ocorreu na sede da ANCOSE, em Negrelos, Oliveira do Hospital, com delega\u00e7\u00f5es em Nelas e Celorico da Beira. Este ser\u00e1 o \u00faltimo mandato de Manuel Marques \u00e0 frente da associa\u00e7\u00e3o, que lidera desde 2004, tendo encontrado a ANCOSE sem d\u00edvidas e em estabilidade financeira. O presidente reeleito pretende assegurar uma transi\u00e7\u00e3o segura para evitar que a organiza\u00e7\u00e3o regresse a situa\u00e7\u00f5es de instabilidade.","og_url":"https:\/\/portaltela.pt\/noticias\/2026\/01\/21\/manuel-marques-reconduzido-a-frente-da-ancose-com-larga-vantagem\/","og_site_name":"Portal Tela Portugal","article_published_time":"2026-01-21T10:48:00+00:00","author":"Telinha","twitter_card":"summary_large_image","twitter_misc":{"Escrito por":"Telinha","Tempo estimado de leitura":"1 minuto"},"schema":{"@context":"https:\/\/schema.org","@graph":[{"@type":"Article","@id":"https:\/\/portaltela.pt\/noticias\/2026\/01\/21\/manuel-marques-reconduzido-a-frente-da-ancose-com-larga-vantagem\/#article","isPartOf":{"@id":"https:\/\/portaltela.pt\/noticias\/2026\/01\/21\/manuel-marques-reconduzido-a-frente-da-ancose-com-larga-vantagem\/"},"author":{"name":"Telinha","@id":"https:\/\/portaltela.pt\/#\/schema\/person\/c4278d4a6028830caff9ee44b42d32ed"},"headline":"Manuel Marques reconduzido \u00e0 frente da ANCOSE com larga vantagem","datePublished":"2026-01-21T10:48:00+00:00","mainEntityOfPage":{"@id":"https:\/\/portaltela.pt\/noticias\/2026\/01\/21\/manuel-marques-reconduzido-a-frente-da-ancose-com-larga-vantagem\/"},"wordCount":137,"image":{"@id":"https:\/\/portaltela.pt\/noticias\/2026\/01\/21\/manuel-marques-reconduzido-a-frente-da-ancose-com-larga-vantagem\/#primaryimage"},"thumbnailUrl":"https:\/\/portaltela.pt\/s.01k8rhncp4jt1\/2026\/01\/manuel-marques-1.jpg","keywords":["associa\u00e7\u00f5es","Celorico da Beira","elei\u00e7\u00f5es","gest\u00e3o","Nelas"],"articleSection":["Not\u00edcias"],"inLanguage":"pt-PT"},{"@type":"WebPage","@id":"https:\/\/portaltela.pt\/noticias\/2026\/01\/21\/manuel-marques-reconduzido-a-frente-da-ancose-com-larga-vantagem\/","url":"https:\/\/portaltela.pt\/noticias\/2026\/01\/21\/manuel-marques-reconduzido-a-frente-da-ancose-com-larga-vantagem\/","name":"Manuel Marques reconduzido \u00e0 frente da ANCOSE com larga vantagem - Portal Tela Portugal","isPartOf":{"@id":"https:\/\/portaltela.pt\/#website"},"primaryImageOfPage":{"@id":"https:\/\/portaltela.pt\/noticias\/2026\/01\/21\/manuel-marques-reconduzido-a-frente-da-ancose-com-larga-vantagem\/#primaryimage"},"image":{"@id":"https:\/\/portaltela.pt\/noticias\/2026\/01\/21\/manuel-marques-reconduzido-a-frente-da-ancose-com-larga-vantagem\/#primaryimage"},"thumbnailUrl":"https:\/\/portaltela.pt\/s.01k8rhncp4jt1\/2026\/01\/manuel-marques-1.jpg","datePublished":"2026-01-21T10:48:00+00:00","author":{"@id":"https:\/\/portaltela.pt\/#\/schema\/person\/c4278d4a6028830caff9ee44b42d32ed"},"breadcrumb":{"@id":"https:\/\/portaltela.pt\/noticias\/2026\/01\/21\/manuel-marques-reconduzido-a-frente-da-ancose-com-larga-vantagem\/#breadcrumb"},"inLanguage":"pt-PT","potentialAction":[{"@type":"ReadAction","target":["https:\/\/portaltela.pt\/noticias\/2026\/01\/21\/manuel-marques-reconduzido-a-frente-da-ancose-com-larga-vantagem\/"]}]},{"@type":"ImageObject","inLanguage":"pt-PT","@id":"https:\/\/portaltela.pt\/noticias\/2026\/01\/21\/manuel-marques-reconduzido-a-frente-da-ancose-com-larga-vantagem\/#primaryimage","url":"https:\/\/portaltela.pt\/s.01k8rhncp4jt1\/2026\/01\/manuel-marques-1.jpg","contentUrl":"https:\/\/portaltela.pt\/s.01k8rhncp4jt1\/2026\/01\/manuel-marques-1.jpg","width":796,"height":448,"caption":"Manuel Marques reconduzido na lideran\u00e7a da ANCOSE. Vence elei\u00e7\u00f5es com larga vantagem"},{"@type":"BreadcrumbList","@id":"https:\/\/portaltela.pt\/noticias\/2026\/01\/21\/manuel-marques-reconduzido-a-frente-da-ancose-com-larga-vantagem\/#breadcrumb","itemListElement":[{"@type":"ListItem","position":1,"name":"In\u00edcio","item":"https:\/\/portaltela.pt\/"},{"@type":"ListItem","position":2,"name":"Manuel Marques reconduzido \u00e0 frente da ANCOSE com larga vantagem"}]},{"@type":"WebSite","@id":"https:\/\/portaltela.pt\/#website","url":"https:\/\/portaltela.pt\/","name":"Portal Tela Portugal","description":"","potentialAction":[{"@type":"SearchAction","target":{"@type":"EntryPoint","urlTemplate":"https:\/\/portaltela.pt\/?s={search_term_string}"},"query-input":{"@type":"PropertyValueSpecification","valueRequired":true,"valueName":"search_term_string"}}],"inLanguage":"pt-PT"},{"@type":"Person","@id":"https:\/\/portaltela.pt\/#\/schema\/person\/c4278d4a6028830caff9ee44b42d32ed","name":"Telinha","image":{"@type":"ImageObject","inLanguage":"pt-PT","@id":"https:\/\/portaltela.pt\/s.01k8rhncp4jt1\/2025\/11\/talking-bot-125x125.png","url":"https:\/\/portaltela.pt\/s.01k8rhncp4jt1\/2025\/11\/talking-bot-125x125.png","contentUrl":"https:\/\/portaltela.pt\/s.01k8rhncp4jt1\/2025\/11\/talking-bot-125x125.png","caption":"Telinha"},"sameAs":["https:\/\/portaltela.pt\/"],"url":"https:\/\/portaltela.pt\/por\/367410592786\/"}]}},"_links":{"self":[{"href":"https:\/\/portaltela.pt\/api\/wp\/v2\/posts\/159146","targetHints":{"allow":["GET"]}}],"collection":[{"href":"https:\/\/portaltela.pt\/api\/wp\/v2\/posts"}],"about":[{"href":"https:\/\/portaltela.pt\/api\/wp\/v2\/types\/post"}],"author":[{"embeddable":true,"href":"https:\/\/portaltela.pt\/api\/wp\/v2\/users\/2"}],"replies":[{"embeddable":true,"href":"https:\/\/portaltela.pt\/api\/wp\/v2\/comments?post=159146"}],"version-history":[{"count":0,"href":"https:\/\/portaltela.pt\/api\/wp\/v2\/posts\/159146\/revisions"}],"wp:featuredmedia":[{"embeddable":true,"href":"https:\/\/portaltela.pt\/api\/wp\/v2\/media\/159188"}],"wp:attachment":[{"href":"https:\/\/portaltela.pt\/api\/wp\/v2\/media?parent=159146"}],"wp:term":[{"taxonomy":"category","embeddable":true,"href":"https:\/\/portaltela.pt\/api\/wp\/v2\/categories?post=159146"},{"taxonomy":"post_tag","embeddable":true,"href":"https:\/\/portaltela.pt\/api\/wp\/v2\/tags?post=159146"}],"curies":[{"name":"wp","href":"https:\/\/api.w.org\/{rel}","templated":true}]}}