{"id":159141,"date":"2026-01-21T08:03:00","date_gmt":"2026-01-21T11:03:00","guid":{"rendered":"https:\/\/portaltela.pt\/noticias\/2026\/01\/21\/brancos-e-nulos-somam-mais-votos-que-catarina-martins\/"},"modified":"2026-01-21T08:03:00","modified_gmt":"2026-01-21T11:03:00","slug":"brancos-e-nulos-somam-mais-votos-que-catarina-martins","status":"publish","type":"post","link":"https:\/\/portaltela.pt\/noticias\/politica\/2026\/01\/21\/brancos-e-nulos-somam-mais-votos-que-catarina-martins\/","title":{"rendered":"Brancos e nulos somam mais votos que Catarina Martins"},"content":{"rendered":"<p>Catarina Martins, candidata apoiada pelo Bloco de Esquerda, registou o pior resultado de sempre entre os candidatos apoiados pelo partido. No conjunto, os votos nulos e brancos superaram a soma de votos recebidos pela antiga coordenadora bloquista. O novo resultado evidencia uma vulnerabilidade eleitoral dentro do espa\u00e7o \u00e0 esquerda do PS. O facto ocorreu durante as elei\u00e7\u00f5es presidenciais de 2026.<\/p>\n<p>Apesar do recorte negativo, a campanha de Martins alcan\u00e7ou a vota\u00e7\u00e3o mais alta entre as candidaturas apoiadas por partidos com assento parlamentar \u00e0 esquerda do PS. O registo foi acompanhado por aplausos aos apoiantes no F\u00f3rum Lisboa, no domingo, 18 de janeiro, numa sess\u00e3o marcada por mensagens de motiva\u00e7\u00e3o e defesa de op\u00e7\u00f5es de voto seguro.<\/p>\n<p>Paralelamente, outras candidaturas de esquerda tamb\u00e9m registaram n\u00fameros adversos, nomeadamente as candidaturas apoiadas pelo Partido Comunista Portugu\u00eas e pelo Livre. Os dados finais ainda est\u00e3o a ser apurados, mas os sinais iniciais apontam para recordes de resultados negativos nesses quadrantes pol\u00edticos.<\/p>\n<h3>Resultados e contexto<\/h3>\n<ul>\n<li>O evento decorreu em Lisboa, durante a sequ\u00eancia de apoio p\u00fablico a Catarina Martins.<\/li>\n<li>O referencial de compara\u00e7\u00e3o mant\u00e9m-se com elei\u00e7\u00f5es presidenciais anteriores.<\/li>\n<li>A aferi\u00e7\u00e3o dos n\u00fameros oficiais continua a cargo das entidades eleitorais competentes.<\/li>\n<\/ul>\n","protected":false},"excerpt":{"rendered":"<ul>\n<li>Brancos e nulos juntos superaram a vota\u00e7\u00e3o de Catarina Martins, em 2026, nas presidenciais.<\/li>\n<li>Catarina Martins, apoiada pelo Bloco de Esquerda, teve o pior resultado de sempre.<\/li>\n<li>Foi a vota\u00e7\u00e3o mais elevada entre os candidatos apoiados por partidos \u00e0 esquerda do Partido Socialista (PS).<\/li>\n<li>Catarina Martins foi recebida com aplausos no F\u00f3rum Lisboa no domingo, 18 de janeiro.<\/li>\n<li>As candidaturas apoiadas pelo Partido Comunista Portugu\u00eas (PCP) e pelo Livre registaram recordes negativos.<\/li>\n<\/ul>\n","protected":false},"author":2,"featured_media":159150,"comment_status":"closed","ping_status":"closed","sticky":false,"template":"","format":"standard","meta":{"footnotes":""},"categories":[1,5],"tags":[2578,68,981,1732,2832,2144],"class_list":["post-159141","post","type-post","status-publish","format-standard","has-post-thumbnail","hentry","category-noticias","category-politica","tag-catarina-martins","tag-eleicoes","tag-lisboa","tag-partidos","tag-politica","tag-ps"],"yoast_head":"<!-- This site is optimized with the Yoast SEO plugin v27.2 - https:\/\/yoast.com\/product\/yoast-seo-wordpress\/ -->\n<title>Brancos e nulos somam mais votos que Catarina Martins - Portal Tela Portugal<\/title>\n<meta name=\"robots\" content=\"index, follow, max-snippet:-1, max-image-preview:large, max-video-preview:-1\" \/>\n<meta property=\"og:locale\" content=\"pt_PT\" \/>\n<meta property=\"og:type\" content=\"article\" \/>\n<meta property=\"og:title\" content=\"Brancos e nulos somam mais votos que Catarina Martins - Portal Tela Portugal\" \/>\n<meta property=\"og:description\" content=\"Brancos e nulos juntos superaram a vota\u00e7\u00e3o de Catarina Martins, em 2026, nas presidenciais. Catarina Martins, apoiada pelo Bloco de Esquerda, teve o pior resultado de sempre. Foi a vota\u00e7\u00e3o mais elevada entre os candidatos apoiados por partidos \u00e0 esquerda do Partido Socialista (PS). Catarina Martins foi recebida com aplausos no F\u00f3rum Lisboa no domingo, 18 de janeiro. As candidaturas apoiadas pelo Partido Comunista Portugu\u00eas (PCP) e pelo Livre registaram recordes negativos.\" \/>\n<meta property=\"og:url\" content=\"https:\/\/portaltela.pt\/noticias\/2026\/01\/21\/brancos-e-nulos-somam-mais-votos-que-catarina-martins\/\" \/>\n<meta property=\"og:site_name\" content=\"Portal Tela Portugal\" \/>\n<meta property=\"article:published_time\" content=\"2026-01-21T11:03:00+00:00\" \/>\n<meta name=\"author\" content=\"Telinha\" \/>\n<meta name=\"twitter:card\" content=\"summary_large_image\" \/>\n<meta name=\"twitter:label1\" content=\"Escrito por\" \/>\n\t<meta name=\"twitter:data1\" content=\"Telinha\" \/>\n\t<meta name=\"twitter:label2\" content=\"Tempo estimado de leitura\" \/>\n\t<meta name=\"twitter:data2\" content=\"1 minuto\" \/>\n<script type=\"application\/ld+json\" class=\"yoast-schema-graph\">{\"@context\":\"https:\/\/schema.org\",\"@graph\":[{\"@type\":\"Article\",\"@id\":\"https:\/\/portaltela.pt\/noticias\/2026\/01\/21\/brancos-e-nulos-somam-mais-votos-que-catarina-martins\/#article\",\"isPartOf\":{\"@id\":\"https:\/\/portaltela.pt\/noticias\/2026\/01\/21\/brancos-e-nulos-somam-mais-votos-que-catarina-martins\/\"},\"author\":{\"name\":\"Telinha\",\"@id\":\"https:\/\/portaltela.pt\/#\/schema\/person\/c4278d4a6028830caff9ee44b42d32ed\"},\"headline\":\"Brancos e nulos somam mais votos que Catarina Martins\",\"datePublished\":\"2026-01-21T11:03:00+00:00\",\"mainEntityOfPage\":{\"@id\":\"https:\/\/portaltela.pt\/noticias\/2026\/01\/21\/brancos-e-nulos-somam-mais-votos-que-catarina-martins\/\"},\"wordCount\":220,\"image\":{\"@id\":\"https:\/\/portaltela.pt\/noticias\/2026\/01\/21\/brancos-e-nulos-somam-mais-votos-que-catarina-martins\/#primaryimage\"},\"thumbnailUrl\":\"https:\/\/portaltela.pt\/s.01k8rhncp4jt1\/2026\/01\/2060325.jpg\",\"keywords\":[\"Catarina Martins\",\"elei\u00e7\u00f5es\",\"Lisboa\",\"partidos\",\"pol\u00edtica\",\"PS\"],\"articleSection\":[\"Not\u00edcias\",\"Pol\u00edtica\"],\"inLanguage\":\"pt-PT\"},{\"@type\":\"WebPage\",\"@id\":\"https:\/\/portaltela.pt\/noticias\/2026\/01\/21\/brancos-e-nulos-somam-mais-votos-que-catarina-martins\/\",\"url\":\"https:\/\/portaltela.pt\/noticias\/2026\/01\/21\/brancos-e-nulos-somam-mais-votos-que-catarina-martins\/\",\"name\":\"Brancos e nulos somam mais votos que Catarina Martins - Portal Tela Portugal\",\"isPartOf\":{\"@id\":\"https:\/\/portaltela.pt\/#website\"},\"primaryImageOfPage\":{\"@id\":\"https:\/\/portaltela.pt\/noticias\/2026\/01\/21\/brancos-e-nulos-somam-mais-votos-que-catarina-martins\/#primaryimage\"},\"image\":{\"@id\":\"https:\/\/portaltela.pt\/noticias\/2026\/01\/21\/brancos-e-nulos-somam-mais-votos-que-catarina-martins\/#primaryimage\"},\"thumbnailUrl\":\"https:\/\/portaltela.pt\/s.01k8rhncp4jt1\/2026\/01\/2060325.jpg\",\"datePublished\":\"2026-01-21T11:03:00+00:00\",\"author\":{\"@id\":\"https:\/\/portaltela.pt\/#\/schema\/person\/c4278d4a6028830caff9ee44b42d32ed\"},\"breadcrumb\":{\"@id\":\"https:\/\/portaltela.pt\/noticias\/2026\/01\/21\/brancos-e-nulos-somam-mais-votos-que-catarina-martins\/#breadcrumb\"},\"inLanguage\":\"pt-PT\",\"potentialAction\":[{\"@type\":\"ReadAction\",\"target\":[\"https:\/\/portaltela.pt\/noticias\/2026\/01\/21\/brancos-e-nulos-somam-mais-votos-que-catarina-martins\/\"]}]},{\"@type\":\"ImageObject\",\"inLanguage\":\"pt-PT\",\"@id\":\"https:\/\/portaltela.pt\/noticias\/2026\/01\/21\/brancos-e-nulos-somam-mais-votos-que-catarina-martins\/#primaryimage\",\"url\":\"https:\/\/portaltela.pt\/s.01k8rhncp4jt1\/2026\/01\/2060325.jpg\",\"contentUrl\":\"https:\/\/portaltela.pt\/s.01k8rhncp4jt1\/2026\/01\/2060325.jpg\",\"width\":796,\"height\":448,\"caption\":\"Catarina Martins \u00e9 a candidata apoiada pelo Bloco de Esquerda com o pior resultado de sempre em presidenciais\"},{\"@type\":\"BreadcrumbList\",\"@id\":\"https:\/\/portaltela.pt\/noticias\/2026\/01\/21\/brancos-e-nulos-somam-mais-votos-que-catarina-martins\/#breadcrumb\",\"itemListElement\":[{\"@type\":\"ListItem\",\"position\":1,\"name\":\"In\u00edcio\",\"item\":\"https:\/\/portaltela.pt\/\"},{\"@type\":\"ListItem\",\"position\":2,\"name\":\"Brancos e nulos somam mais votos que Catarina Martins\"}]},{\"@type\":\"WebSite\",\"@id\":\"https:\/\/portaltela.pt\/#website\",\"url\":\"https:\/\/portaltela.pt\/\",\"name\":\"Portal Tela Portugal\",\"description\":\"\",\"potentialAction\":[{\"@type\":\"SearchAction\",\"target\":{\"@type\":\"EntryPoint\",\"urlTemplate\":\"https:\/\/portaltela.pt\/?s={search_term_string}\"},\"query-input\":{\"@type\":\"PropertyValueSpecification\",\"valueRequired\":true,\"valueName\":\"search_term_string\"}}],\"inLanguage\":\"pt-PT\"},{\"@type\":\"Person\",\"@id\":\"https:\/\/portaltela.pt\/#\/schema\/person\/c4278d4a6028830caff9ee44b42d32ed\",\"name\":\"Telinha\",\"image\":{\"@type\":\"ImageObject\",\"inLanguage\":\"pt-PT\",\"@id\":\"https:\/\/portaltela.pt\/s.01k8rhncp4jt1\/2025\/11\/talking-bot-125x125.png\",\"url\":\"https:\/\/portaltela.pt\/s.01k8rhncp4jt1\/2025\/11\/talking-bot-125x125.png\",\"contentUrl\":\"https:\/\/portaltela.pt\/s.01k8rhncp4jt1\/2025\/11\/talking-bot-125x125.png\",\"caption\":\"Telinha\"},\"sameAs\":[\"https:\/\/portaltela.pt\/\"],\"url\":\"https:\/\/portaltela.pt\/por\/367410592786\/\"}]}<\/script>\n<!-- \/ Yoast SEO plugin. -->","yoast_head_json":{"title":"Brancos e nulos somam mais votos que Catarina Martins - Portal Tela Portugal","robots":{"index":"index","follow":"follow","max-snippet":"max-snippet:-1","max-image-preview":"max-image-preview:large","max-video-preview":"max-video-preview:-1"},"og_locale":"pt_PT","og_type":"article","og_title":"Brancos e nulos somam mais votos que Catarina Martins - Portal Tela Portugal","og_description":"Brancos e nulos juntos superaram a vota\u00e7\u00e3o de Catarina Martins, em 2026, nas presidenciais. Catarina Martins, apoiada pelo Bloco de Esquerda, teve o pior resultado de sempre. Foi a vota\u00e7\u00e3o mais elevada entre os candidatos apoiados por partidos \u00e0 esquerda do Partido Socialista (PS). Catarina Martins foi recebida com aplausos no F\u00f3rum Lisboa no domingo, 18 de janeiro. As candidaturas apoiadas pelo Partido Comunista Portugu\u00eas (PCP) e pelo Livre registaram recordes negativos.","og_url":"https:\/\/portaltela.pt\/noticias\/2026\/01\/21\/brancos-e-nulos-somam-mais-votos-que-catarina-martins\/","og_site_name":"Portal Tela Portugal","article_published_time":"2026-01-21T11:03:00+00:00","author":"Telinha","twitter_card":"summary_large_image","twitter_misc":{"Escrito por":"Telinha","Tempo estimado de leitura":"1 minuto"},"schema":{"@context":"https:\/\/schema.org","@graph":[{"@type":"Article","@id":"https:\/\/portaltela.pt\/noticias\/2026\/01\/21\/brancos-e-nulos-somam-mais-votos-que-catarina-martins\/#article","isPartOf":{"@id":"https:\/\/portaltela.pt\/noticias\/2026\/01\/21\/brancos-e-nulos-somam-mais-votos-que-catarina-martins\/"},"author":{"name":"Telinha","@id":"https:\/\/portaltela.pt\/#\/schema\/person\/c4278d4a6028830caff9ee44b42d32ed"},"headline":"Brancos e nulos somam mais votos que Catarina Martins","datePublished":"2026-01-21T11:03:00+00:00","mainEntityOfPage":{"@id":"https:\/\/portaltela.pt\/noticias\/2026\/01\/21\/brancos-e-nulos-somam-mais-votos-que-catarina-martins\/"},"wordCount":220,"image":{"@id":"https:\/\/portaltela.pt\/noticias\/2026\/01\/21\/brancos-e-nulos-somam-mais-votos-que-catarina-martins\/#primaryimage"},"thumbnailUrl":"https:\/\/portaltela.pt\/s.01k8rhncp4jt1\/2026\/01\/2060325.jpg","keywords":["Catarina Martins","elei\u00e7\u00f5es","Lisboa","partidos","pol\u00edtica","PS"],"articleSection":["Not\u00edcias","Pol\u00edtica"],"inLanguage":"pt-PT"},{"@type":"WebPage","@id":"https:\/\/portaltela.pt\/noticias\/2026\/01\/21\/brancos-e-nulos-somam-mais-votos-que-catarina-martins\/","url":"https:\/\/portaltela.pt\/noticias\/2026\/01\/21\/brancos-e-nulos-somam-mais-votos-que-catarina-martins\/","name":"Brancos e nulos somam mais votos que Catarina Martins - Portal Tela Portugal","isPartOf":{"@id":"https:\/\/portaltela.pt\/#website"},"primaryImageOfPage":{"@id":"https:\/\/portaltela.pt\/noticias\/2026\/01\/21\/brancos-e-nulos-somam-mais-votos-que-catarina-martins\/#primaryimage"},"image":{"@id":"https:\/\/portaltela.pt\/noticias\/2026\/01\/21\/brancos-e-nulos-somam-mais-votos-que-catarina-martins\/#primaryimage"},"thumbnailUrl":"https:\/\/portaltela.pt\/s.01k8rhncp4jt1\/2026\/01\/2060325.jpg","datePublished":"2026-01-21T11:03:00+00:00","author":{"@id":"https:\/\/portaltela.pt\/#\/schema\/person\/c4278d4a6028830caff9ee44b42d32ed"},"breadcrumb":{"@id":"https:\/\/portaltela.pt\/noticias\/2026\/01\/21\/brancos-e-nulos-somam-mais-votos-que-catarina-martins\/#breadcrumb"},"inLanguage":"pt-PT","potentialAction":[{"@type":"ReadAction","target":["https:\/\/portaltela.pt\/noticias\/2026\/01\/21\/brancos-e-nulos-somam-mais-votos-que-catarina-martins\/"]}]},{"@type":"ImageObject","inLanguage":"pt-PT","@id":"https:\/\/portaltela.pt\/noticias\/2026\/01\/21\/brancos-e-nulos-somam-mais-votos-que-catarina-martins\/#primaryimage","url":"https:\/\/portaltela.pt\/s.01k8rhncp4jt1\/2026\/01\/2060325.jpg","contentUrl":"https:\/\/portaltela.pt\/s.01k8rhncp4jt1\/2026\/01\/2060325.jpg","width":796,"height":448,"caption":"Catarina Martins \u00e9 a candidata apoiada pelo Bloco de Esquerda com o pior resultado de sempre em presidenciais"},{"@type":"BreadcrumbList","@id":"https:\/\/portaltela.pt\/noticias\/2026\/01\/21\/brancos-e-nulos-somam-mais-votos-que-catarina-martins\/#breadcrumb","itemListElement":[{"@type":"ListItem","position":1,"name":"In\u00edcio","item":"https:\/\/portaltela.pt\/"},{"@type":"ListItem","position":2,"name":"Brancos e nulos somam mais votos que Catarina Martins"}]},{"@type":"WebSite","@id":"https:\/\/portaltela.pt\/#website","url":"https:\/\/portaltela.pt\/","name":"Portal Tela Portugal","description":"","potentialAction":[{"@type":"SearchAction","target":{"@type":"EntryPoint","urlTemplate":"https:\/\/portaltela.pt\/?s={search_term_string}"},"query-input":{"@type":"PropertyValueSpecification","valueRequired":true,"valueName":"search_term_string"}}],"inLanguage":"pt-PT"},{"@type":"Person","@id":"https:\/\/portaltela.pt\/#\/schema\/person\/c4278d4a6028830caff9ee44b42d32ed","name":"Telinha","image":{"@type":"ImageObject","inLanguage":"pt-PT","@id":"https:\/\/portaltela.pt\/s.01k8rhncp4jt1\/2025\/11\/talking-bot-125x125.png","url":"https:\/\/portaltela.pt\/s.01k8rhncp4jt1\/2025\/11\/talking-bot-125x125.png","contentUrl":"https:\/\/portaltela.pt\/s.01k8rhncp4jt1\/2025\/11\/talking-bot-125x125.png","caption":"Telinha"},"sameAs":["https:\/\/portaltela.pt\/"],"url":"https:\/\/portaltela.pt\/por\/367410592786\/"}]}},"_links":{"self":[{"href":"https:\/\/portaltela.pt\/api\/wp\/v2\/posts\/159141","targetHints":{"allow":["GET"]}}],"collection":[{"href":"https:\/\/portaltela.pt\/api\/wp\/v2\/posts"}],"about":[{"href":"https:\/\/portaltela.pt\/api\/wp\/v2\/types\/post"}],"author":[{"embeddable":true,"href":"https:\/\/portaltela.pt\/api\/wp\/v2\/users\/2"}],"replies":[{"embeddable":true,"href":"https:\/\/portaltela.pt\/api\/wp\/v2\/comments?post=159141"}],"version-history":[{"count":0,"href":"https:\/\/portaltela.pt\/api\/wp\/v2\/posts\/159141\/revisions"}],"wp:featuredmedia":[{"embeddable":true,"href":"https:\/\/portaltela.pt\/api\/wp\/v2\/media\/159150"}],"wp:attachment":[{"href":"https:\/\/portaltela.pt\/api\/wp\/v2\/media?parent=159141"}],"wp:term":[{"taxonomy":"category","embeddable":true,"href":"https:\/\/portaltela.pt\/api\/wp\/v2\/categories?post=159141"},{"taxonomy":"post_tag","embeddable":true,"href":"https:\/\/portaltela.pt\/api\/wp\/v2\/tags?post=159141"}],"curies":[{"name":"wp","href":"https:\/\/api.w.org\/{rel}","templated":true}]}}