{"id":159105,"date":"2026-01-21T07:18:00","date_gmt":"2026-01-21T10:18:00","guid":{"rendered":"https:\/\/portaltela.pt\/noticias\/2026\/01\/21\/ex-primeiro-ministro-da-coreia-do-sul-condenado-a-23-anos-por-lei-marcial\/"},"modified":"2026-01-21T07:18:00","modified_gmt":"2026-01-21T10:18:00","slug":"ex-primeiro-ministro-da-coreia-do-sul-condenado-a-23-anos-por-lei-marcial","status":"publish","type":"post","link":"https:\/\/portaltela.pt\/noticias\/politica\/2026\/01\/21\/ex-primeiro-ministro-da-coreia-do-sul-condenado-a-23-anos-por-lei-marcial\/","title":{"rendered":"Ex-primeiro-ministro da Coreia do Sul condenado a 23 anos por lei marcial"},"content":{"rendered":"<p>En Seul, o ex-primeiro-ministro Han Duck-soo foi condenado a 23 anos de pris\u00e3o pela participa\u00e7\u00e3o na imposi\u00e7\u00e3o da lei marcial em 3 de Dezembro de 2024. A decis\u00e3o culpabiliza o pol\u00edtico por induzir uma insurrei\u00e7\u00e3o e por falsificar documentos. O veredicto foi proferido pelo Tribunal Central do Distrito de Seul.<\/p>\n<p>O tribunal considerou que, na qualidade de chefe do governo, Han tinha legitimidade democr\u00e1tica e responsabilidade, mas optou por fechar os olhos e atuar como membro na declara\u00e7\u00e3o da lei marcial. A acusa\u00e7\u00e3o apontou, entre outros crimes, perj\u00fario e planos para bloquear institui\u00e7\u00f5es, nomeadamente a Assembleia Nacional.<\/p>\n<p>O Minist\u00e9rio P\u00fablico tinha pedido 15 anos de pris\u00e3o para Han, por cumplicidade com o ent\u00e3o l\u00edder do plano insurrecto, o ex-Presidente Yoon Suk-yeol. A pena divulgada supera essa solicita\u00e7\u00e3o, aumentando a press\u00e3o sobre Yoon, que j\u00e1 enfrenta v\u00e1rias acusa\u00e7\u00f5es.<\/p>\n<h3>Contexto pol\u00edtico<\/h3>\n<p>Desde o in\u00edcio dos anos 1960, a Coreia do Sul viveu v\u00e1rias ditaduras militares. O caso de Han enquadra-se num per\u00edodo de tens\u00f5es entre o governo e a oposi\u00e7\u00e3o, ap\u00f3s a destitui\u00e7\u00e3o de Yoon e a sua substitui\u00e7\u00e3o interina por Han, que mais tarde deixou o cargo.<\/p>\n<p>O Supremo Tribunal Constitucional confirmou a destitui\u00e7\u00e3o de Yoon e Han manteve-se com cargos diversos no governo, tendo sido, em parte, alvo de um processo de impeachment que acabou por n\u00e3o se validar. Han mostrou-se dispon\u00edvel para se candidatar, mas o partido apoiou outro candidato.<\/p>\n<p>Yoon enfrenta ainda m\u00faltiplas acusa\u00e7\u00f5es, incluindo obstru\u00e7\u00e3o \u00e0 justi\u00e7a e abuso de poder. No passado recente, o pa\u00eds acompanhou o debate entre o PD e o PPP sobre o rumo pol\u00edtico, com elei\u00e7\u00f5es antecipadas em 2025.<\/p>\n","protected":false},"excerpt":{"rendered":"<ul>\n<li>Han Duck-soo, ex-primeiro-ministro e ex-Presidente interino da Coreia do Sul, foi condenado a 23 anos de pris\u00e3o por alegada participa\u00e7\u00e3o chave na imposi\u00e7\u00e3o da lei marcial em 2024.<\/li>\n<li>O tribunal considerou que, na qualidade de chefe de governo, ele teve responsabilidade democr\u00e1tica e, ainda assim, fechou os olhos e atuou como membro na declara\u00e7\u00e3o da lei marcial, cometendo perj\u00fario e falsifica\u00e7\u00e3o de documentos.<\/li>\n<li>A pena \u00e9 superior \u00e0 pedida pela acusa\u00e7\u00e3o, que pedia 15 anos por cumplicidade com o \u201cl\u00edder\u201d do plano insurrecto, o ent\u00e3o Presidente Yoon Suk-yeol.<\/li>\n<li>A decis\u00e3o aumenta a press\u00e3o sobre Yoon Suk-yeol, que \u00e9 acusado de v\u00e1rios crimes em diferentes processos, incluindo obstru\u00e7\u00e3o \u00e0 justi\u00e7a, insurrei\u00e7\u00e3o e abuso de poder.<\/li>\n<li>Han, de 76 anos, j\u00e1 tinha sido alvo de processo de destitui\u00e7\u00e3o, que foi temporariamente suspenso pelo Constitucional, e n\u00e3o foi condenado por outros cargos al\u00e9m do perj\u00fario neste veredicto.<\/li>\n<\/ul>\n","protected":false},"author":2,"featured_media":159121,"comment_status":"closed","ping_status":"closed","sticky":false,"template":"","format":"standard","meta":{"footnotes":""},"categories":[1,5],"tags":[212,2633,34,803,909,2832],"class_list":["post-159105","post","type-post","status-publish","format-standard","has-post-thumbnail","hentry","category-noticias","category-politica","tag-abuso-de-poder","tag-direitos-humanos","tag-governo","tag-justica","tag-obstrucao-da-justica","tag-politica"],"yoast_head":"<!-- This site is optimized with the Yoast SEO plugin v27.2 - https:\/\/yoast.com\/product\/yoast-seo-wordpress\/ -->\n<title>Ex-primeiro-ministro da Coreia do Sul condenado a 23 anos por lei marcial - Portal Tela Portugal<\/title>\n<meta name=\"robots\" content=\"index, follow, max-snippet:-1, max-image-preview:large, max-video-preview:-1\" \/>\n<meta property=\"og:locale\" content=\"pt_PT\" \/>\n<meta property=\"og:type\" content=\"article\" \/>\n<meta property=\"og:title\" content=\"Ex-primeiro-ministro da Coreia do Sul condenado a 23 anos por lei marcial - Portal Tela Portugal\" \/>\n<meta property=\"og:description\" content=\"Han Duck-soo, ex-primeiro-ministro e ex-Presidente interino da Coreia do Sul, foi condenado a 23 anos de pris\u00e3o por alegada participa\u00e7\u00e3o chave na imposi\u00e7\u00e3o da lei marcial em 2024. O tribunal considerou que, na qualidade de chefe de governo, ele teve responsabilidade democr\u00e1tica e, ainda assim, fechou os olhos e atuou como membro na declara\u00e7\u00e3o da lei marcial, cometendo perj\u00fario e falsifica\u00e7\u00e3o de documentos. A pena \u00e9 superior \u00e0 pedida pela acusa\u00e7\u00e3o, que pedia 15 anos por cumplicidade com o \u201cl\u00edder\u201d do plano insurrecto, o ent\u00e3o Presidente Yoon Suk-yeol. A decis\u00e3o aumenta a press\u00e3o sobre Yoon Suk-yeol, que \u00e9 acusado de v\u00e1rios crimes em diferentes processos, incluindo obstru\u00e7\u00e3o \u00e0 justi\u00e7a, insurrei\u00e7\u00e3o e abuso de poder. Han, de 76 anos, j\u00e1 tinha sido alvo de processo de destitui\u00e7\u00e3o, que foi temporariamente suspenso pelo Constitucional, e n\u00e3o foi condenado por outros cargos al\u00e9m do perj\u00fario neste veredicto.\" \/>\n<meta property=\"og:url\" content=\"https:\/\/portaltela.pt\/noticias\/2026\/01\/21\/ex-primeiro-ministro-da-coreia-do-sul-condenado-a-23-anos-por-lei-marcial\/\" \/>\n<meta property=\"og:site_name\" content=\"Portal Tela Portugal\" \/>\n<meta property=\"article:published_time\" content=\"2026-01-21T10:18:00+00:00\" \/>\n<meta name=\"author\" content=\"Telinha\" \/>\n<meta name=\"twitter:card\" content=\"summary_large_image\" \/>\n<meta name=\"twitter:label1\" content=\"Escrito por\" \/>\n\t<meta name=\"twitter:data1\" content=\"Telinha\" \/>\n\t<meta name=\"twitter:label2\" content=\"Tempo estimado de leitura\" \/>\n\t<meta name=\"twitter:data2\" content=\"1 minuto\" \/>\n<script type=\"application\/ld+json\" class=\"yoast-schema-graph\">{\"@context\":\"https:\/\/schema.org\",\"@graph\":[{\"@type\":\"Article\",\"@id\":\"https:\/\/portaltela.pt\/noticias\/2026\/01\/21\/ex-primeiro-ministro-da-coreia-do-sul-condenado-a-23-anos-por-lei-marcial\/#article\",\"isPartOf\":{\"@id\":\"https:\/\/portaltela.pt\/noticias\/2026\/01\/21\/ex-primeiro-ministro-da-coreia-do-sul-condenado-a-23-anos-por-lei-marcial\/\"},\"author\":{\"name\":\"Telinha\",\"@id\":\"https:\/\/portaltela.pt\/#\/schema\/person\/c4278d4a6028830caff9ee44b42d32ed\"},\"headline\":\"Ex-primeiro-ministro da Coreia do Sul condenado a 23 anos por lei marcial\",\"datePublished\":\"2026-01-21T10:18:00+00:00\",\"mainEntityOfPage\":{\"@id\":\"https:\/\/portaltela.pt\/noticias\/2026\/01\/21\/ex-primeiro-ministro-da-coreia-do-sul-condenado-a-23-anos-por-lei-marcial\/\"},\"wordCount\":310,\"image\":{\"@id\":\"https:\/\/portaltela.pt\/noticias\/2026\/01\/21\/ex-primeiro-ministro-da-coreia-do-sul-condenado-a-23-anos-por-lei-marcial\/#primaryimage\"},\"thumbnailUrl\":\"https:\/\/portaltela.pt\/s.01k8rhncp4jt1\/2026\/01\/2060867.jpg\",\"keywords\":[\"abuso de poder\",\"direitos humanos\",\"governo\",\"justi\u00e7a\",\"obstru\u00e7\u00e3o da justi\u00e7a\",\"pol\u00edtica\"],\"articleSection\":[\"Not\u00edcias\",\"Pol\u00edtica\"],\"inLanguage\":\"pt-PT\"},{\"@type\":\"WebPage\",\"@id\":\"https:\/\/portaltela.pt\/noticias\/2026\/01\/21\/ex-primeiro-ministro-da-coreia-do-sul-condenado-a-23-anos-por-lei-marcial\/\",\"url\":\"https:\/\/portaltela.pt\/noticias\/2026\/01\/21\/ex-primeiro-ministro-da-coreia-do-sul-condenado-a-23-anos-por-lei-marcial\/\",\"name\":\"Ex-primeiro-ministro da Coreia do Sul condenado a 23 anos por lei marcial - Portal Tela Portugal\",\"isPartOf\":{\"@id\":\"https:\/\/portaltela.pt\/#website\"},\"primaryImageOfPage\":{\"@id\":\"https:\/\/portaltela.pt\/noticias\/2026\/01\/21\/ex-primeiro-ministro-da-coreia-do-sul-condenado-a-23-anos-por-lei-marcial\/#primaryimage\"},\"image\":{\"@id\":\"https:\/\/portaltela.pt\/noticias\/2026\/01\/21\/ex-primeiro-ministro-da-coreia-do-sul-condenado-a-23-anos-por-lei-marcial\/#primaryimage\"},\"thumbnailUrl\":\"https:\/\/portaltela.pt\/s.01k8rhncp4jt1\/2026\/01\/2060867.jpg\",\"datePublished\":\"2026-01-21T10:18:00+00:00\",\"author\":{\"@id\":\"https:\/\/portaltela.pt\/#\/schema\/person\/c4278d4a6028830caff9ee44b42d32ed\"},\"breadcrumb\":{\"@id\":\"https:\/\/portaltela.pt\/noticias\/2026\/01\/21\/ex-primeiro-ministro-da-coreia-do-sul-condenado-a-23-anos-por-lei-marcial\/#breadcrumb\"},\"inLanguage\":\"pt-PT\",\"potentialAction\":[{\"@type\":\"ReadAction\",\"target\":[\"https:\/\/portaltela.pt\/noticias\/2026\/01\/21\/ex-primeiro-ministro-da-coreia-do-sul-condenado-a-23-anos-por-lei-marcial\/\"]}]},{\"@type\":\"ImageObject\",\"inLanguage\":\"pt-PT\",\"@id\":\"https:\/\/portaltela.pt\/noticias\/2026\/01\/21\/ex-primeiro-ministro-da-coreia-do-sul-condenado-a-23-anos-por-lei-marcial\/#primaryimage\",\"url\":\"https:\/\/portaltela.pt\/s.01k8rhncp4jt1\/2026\/01\/2060867.jpg\",\"contentUrl\":\"https:\/\/portaltela.pt\/s.01k8rhncp4jt1\/2026\/01\/2060867.jpg\",\"width\":796,\"height\":448,\"caption\":\"Han Duck-soo exerceu cargos nos governos de cinco presidentes sul-coreanos\"},{\"@type\":\"BreadcrumbList\",\"@id\":\"https:\/\/portaltela.pt\/noticias\/2026\/01\/21\/ex-primeiro-ministro-da-coreia-do-sul-condenado-a-23-anos-por-lei-marcial\/#breadcrumb\",\"itemListElement\":[{\"@type\":\"ListItem\",\"position\":1,\"name\":\"In\u00edcio\",\"item\":\"https:\/\/portaltela.pt\/\"},{\"@type\":\"ListItem\",\"position\":2,\"name\":\"Ex-primeiro-ministro da Coreia do Sul condenado a 23 anos por lei marcial\"}]},{\"@type\":\"WebSite\",\"@id\":\"https:\/\/portaltela.pt\/#website\",\"url\":\"https:\/\/portaltela.pt\/\",\"name\":\"Portal Tela Portugal\",\"description\":\"\",\"potentialAction\":[{\"@type\":\"SearchAction\",\"target\":{\"@type\":\"EntryPoint\",\"urlTemplate\":\"https:\/\/portaltela.pt\/?s={search_term_string}\"},\"query-input\":{\"@type\":\"PropertyValueSpecification\",\"valueRequired\":true,\"valueName\":\"search_term_string\"}}],\"inLanguage\":\"pt-PT\"},{\"@type\":\"Person\",\"@id\":\"https:\/\/portaltela.pt\/#\/schema\/person\/c4278d4a6028830caff9ee44b42d32ed\",\"name\":\"Telinha\",\"image\":{\"@type\":\"ImageObject\",\"inLanguage\":\"pt-PT\",\"@id\":\"https:\/\/portaltela.pt\/s.01k8rhncp4jt1\/2025\/11\/talking-bot-125x125.png\",\"url\":\"https:\/\/portaltela.pt\/s.01k8rhncp4jt1\/2025\/11\/talking-bot-125x125.png\",\"contentUrl\":\"https:\/\/portaltela.pt\/s.01k8rhncp4jt1\/2025\/11\/talking-bot-125x125.png\",\"caption\":\"Telinha\"},\"sameAs\":[\"https:\/\/portaltela.pt\/\"],\"url\":\"https:\/\/portaltela.pt\/por\/367410592786\/\"}]}<\/script>\n<!-- \/ Yoast SEO plugin. -->","yoast_head_json":{"title":"Ex-primeiro-ministro da Coreia do Sul condenado a 23 anos por lei marcial - Portal Tela Portugal","robots":{"index":"index","follow":"follow","max-snippet":"max-snippet:-1","max-image-preview":"max-image-preview:large","max-video-preview":"max-video-preview:-1"},"og_locale":"pt_PT","og_type":"article","og_title":"Ex-primeiro-ministro da Coreia do Sul condenado a 23 anos por lei marcial - Portal Tela Portugal","og_description":"Han Duck-soo, ex-primeiro-ministro e ex-Presidente interino da Coreia do Sul, foi condenado a 23 anos de pris\u00e3o por alegada participa\u00e7\u00e3o chave na imposi\u00e7\u00e3o da lei marcial em 2024. O tribunal considerou que, na qualidade de chefe de governo, ele teve responsabilidade democr\u00e1tica e, ainda assim, fechou os olhos e atuou como membro na declara\u00e7\u00e3o da lei marcial, cometendo perj\u00fario e falsifica\u00e7\u00e3o de documentos. A pena \u00e9 superior \u00e0 pedida pela acusa\u00e7\u00e3o, que pedia 15 anos por cumplicidade com o \u201cl\u00edder\u201d do plano insurrecto, o ent\u00e3o Presidente Yoon Suk-yeol. A decis\u00e3o aumenta a press\u00e3o sobre Yoon Suk-yeol, que \u00e9 acusado de v\u00e1rios crimes em diferentes processos, incluindo obstru\u00e7\u00e3o \u00e0 justi\u00e7a, insurrei\u00e7\u00e3o e abuso de poder. Han, de 76 anos, j\u00e1 tinha sido alvo de processo de destitui\u00e7\u00e3o, que foi temporariamente suspenso pelo Constitucional, e n\u00e3o foi condenado por outros cargos al\u00e9m do perj\u00fario neste veredicto.","og_url":"https:\/\/portaltela.pt\/noticias\/2026\/01\/21\/ex-primeiro-ministro-da-coreia-do-sul-condenado-a-23-anos-por-lei-marcial\/","og_site_name":"Portal Tela Portugal","article_published_time":"2026-01-21T10:18:00+00:00","author":"Telinha","twitter_card":"summary_large_image","twitter_misc":{"Escrito por":"Telinha","Tempo estimado de leitura":"1 minuto"},"schema":{"@context":"https:\/\/schema.org","@graph":[{"@type":"Article","@id":"https:\/\/portaltela.pt\/noticias\/2026\/01\/21\/ex-primeiro-ministro-da-coreia-do-sul-condenado-a-23-anos-por-lei-marcial\/#article","isPartOf":{"@id":"https:\/\/portaltela.pt\/noticias\/2026\/01\/21\/ex-primeiro-ministro-da-coreia-do-sul-condenado-a-23-anos-por-lei-marcial\/"},"author":{"name":"Telinha","@id":"https:\/\/portaltela.pt\/#\/schema\/person\/c4278d4a6028830caff9ee44b42d32ed"},"headline":"Ex-primeiro-ministro da Coreia do Sul condenado a 23 anos por lei marcial","datePublished":"2026-01-21T10:18:00+00:00","mainEntityOfPage":{"@id":"https:\/\/portaltela.pt\/noticias\/2026\/01\/21\/ex-primeiro-ministro-da-coreia-do-sul-condenado-a-23-anos-por-lei-marcial\/"},"wordCount":310,"image":{"@id":"https:\/\/portaltela.pt\/noticias\/2026\/01\/21\/ex-primeiro-ministro-da-coreia-do-sul-condenado-a-23-anos-por-lei-marcial\/#primaryimage"},"thumbnailUrl":"https:\/\/portaltela.pt\/s.01k8rhncp4jt1\/2026\/01\/2060867.jpg","keywords":["abuso de poder","direitos humanos","governo","justi\u00e7a","obstru\u00e7\u00e3o da justi\u00e7a","pol\u00edtica"],"articleSection":["Not\u00edcias","Pol\u00edtica"],"inLanguage":"pt-PT"},{"@type":"WebPage","@id":"https:\/\/portaltela.pt\/noticias\/2026\/01\/21\/ex-primeiro-ministro-da-coreia-do-sul-condenado-a-23-anos-por-lei-marcial\/","url":"https:\/\/portaltela.pt\/noticias\/2026\/01\/21\/ex-primeiro-ministro-da-coreia-do-sul-condenado-a-23-anos-por-lei-marcial\/","name":"Ex-primeiro-ministro da Coreia do Sul condenado a 23 anos por lei marcial - Portal Tela Portugal","isPartOf":{"@id":"https:\/\/portaltela.pt\/#website"},"primaryImageOfPage":{"@id":"https:\/\/portaltela.pt\/noticias\/2026\/01\/21\/ex-primeiro-ministro-da-coreia-do-sul-condenado-a-23-anos-por-lei-marcial\/#primaryimage"},"image":{"@id":"https:\/\/portaltela.pt\/noticias\/2026\/01\/21\/ex-primeiro-ministro-da-coreia-do-sul-condenado-a-23-anos-por-lei-marcial\/#primaryimage"},"thumbnailUrl":"https:\/\/portaltela.pt\/s.01k8rhncp4jt1\/2026\/01\/2060867.jpg","datePublished":"2026-01-21T10:18:00+00:00","author":{"@id":"https:\/\/portaltela.pt\/#\/schema\/person\/c4278d4a6028830caff9ee44b42d32ed"},"breadcrumb":{"@id":"https:\/\/portaltela.pt\/noticias\/2026\/01\/21\/ex-primeiro-ministro-da-coreia-do-sul-condenado-a-23-anos-por-lei-marcial\/#breadcrumb"},"inLanguage":"pt-PT","potentialAction":[{"@type":"ReadAction","target":["https:\/\/portaltela.pt\/noticias\/2026\/01\/21\/ex-primeiro-ministro-da-coreia-do-sul-condenado-a-23-anos-por-lei-marcial\/"]}]},{"@type":"ImageObject","inLanguage":"pt-PT","@id":"https:\/\/portaltela.pt\/noticias\/2026\/01\/21\/ex-primeiro-ministro-da-coreia-do-sul-condenado-a-23-anos-por-lei-marcial\/#primaryimage","url":"https:\/\/portaltela.pt\/s.01k8rhncp4jt1\/2026\/01\/2060867.jpg","contentUrl":"https:\/\/portaltela.pt\/s.01k8rhncp4jt1\/2026\/01\/2060867.jpg","width":796,"height":448,"caption":"Han Duck-soo exerceu cargos nos governos de cinco presidentes sul-coreanos"},{"@type":"BreadcrumbList","@id":"https:\/\/portaltela.pt\/noticias\/2026\/01\/21\/ex-primeiro-ministro-da-coreia-do-sul-condenado-a-23-anos-por-lei-marcial\/#breadcrumb","itemListElement":[{"@type":"ListItem","position":1,"name":"In\u00edcio","item":"https:\/\/portaltela.pt\/"},{"@type":"ListItem","position":2,"name":"Ex-primeiro-ministro da Coreia do Sul condenado a 23 anos por lei marcial"}]},{"@type":"WebSite","@id":"https:\/\/portaltela.pt\/#website","url":"https:\/\/portaltela.pt\/","name":"Portal Tela Portugal","description":"","potentialAction":[{"@type":"SearchAction","target":{"@type":"EntryPoint","urlTemplate":"https:\/\/portaltela.pt\/?s={search_term_string}"},"query-input":{"@type":"PropertyValueSpecification","valueRequired":true,"valueName":"search_term_string"}}],"inLanguage":"pt-PT"},{"@type":"Person","@id":"https:\/\/portaltela.pt\/#\/schema\/person\/c4278d4a6028830caff9ee44b42d32ed","name":"Telinha","image":{"@type":"ImageObject","inLanguage":"pt-PT","@id":"https:\/\/portaltela.pt\/s.01k8rhncp4jt1\/2025\/11\/talking-bot-125x125.png","url":"https:\/\/portaltela.pt\/s.01k8rhncp4jt1\/2025\/11\/talking-bot-125x125.png","contentUrl":"https:\/\/portaltela.pt\/s.01k8rhncp4jt1\/2025\/11\/talking-bot-125x125.png","caption":"Telinha"},"sameAs":["https:\/\/portaltela.pt\/"],"url":"https:\/\/portaltela.pt\/por\/367410592786\/"}]}},"_links":{"self":[{"href":"https:\/\/portaltela.pt\/api\/wp\/v2\/posts\/159105","targetHints":{"allow":["GET"]}}],"collection":[{"href":"https:\/\/portaltela.pt\/api\/wp\/v2\/posts"}],"about":[{"href":"https:\/\/portaltela.pt\/api\/wp\/v2\/types\/post"}],"author":[{"embeddable":true,"href":"https:\/\/portaltela.pt\/api\/wp\/v2\/users\/2"}],"replies":[{"embeddable":true,"href":"https:\/\/portaltela.pt\/api\/wp\/v2\/comments?post=159105"}],"version-history":[{"count":0,"href":"https:\/\/portaltela.pt\/api\/wp\/v2\/posts\/159105\/revisions"}],"wp:featuredmedia":[{"embeddable":true,"href":"https:\/\/portaltela.pt\/api\/wp\/v2\/media\/159121"}],"wp:attachment":[{"href":"https:\/\/portaltela.pt\/api\/wp\/v2\/media?parent=159105"}],"wp:term":[{"taxonomy":"category","embeddable":true,"href":"https:\/\/portaltela.pt\/api\/wp\/v2\/categories?post=159105"},{"taxonomy":"post_tag","embeddable":true,"href":"https:\/\/portaltela.pt\/api\/wp\/v2\/tags?post=159105"}],"curies":[{"name":"wp","href":"https:\/\/api.w.org\/{rel}","templated":true}]}}