{"id":159103,"date":"2026-01-21T03:48:13","date_gmt":"2026-01-21T06:48:13","guid":{"rendered":"https:\/\/portaltela.pt\/noticias\/2026\/01\/21\/ministra-da-justica-preve-plano-de-reorganizacao-das-prisoes-ate-marco\/"},"modified":"2026-01-21T03:48:13","modified_gmt":"2026-01-21T06:48:13","slug":"ministra-da-justica-preve-plano-de-reorganizacao-das-prisoes-ate-marco","status":"publish","type":"post","link":"https:\/\/portaltela.pt\/noticias\/2026\/01\/21\/ministra-da-justica-preve-plano-de-reorganizacao-das-prisoes-ate-marco\/","title":{"rendered":"Ministra da Justi\u00e7a prev\u00ea plano de reorganiza\u00e7\u00e3o das pris\u00f5es at\u00e9 mar\u00e7o"},"content":{"rendered":"<p>A ministra da Justi\u00e7a afirmou no parlamento que o plano de reorganiza\u00e7\u00e3o das pris\u00f5es ficar\u00e1 pronto at\u00e9 mar\u00e7o e que os inibidores de sinal j\u00e1 est\u00e3o a ser instalados na cadeia de Vale de Judeus. O objetivo \u00e9 impedir comunica\u00e7\u00f5es fora da cadeia e dar resposta \u00e0s fugas ocorridas.<\/p>\n<p>O projeto-piloto relaciona-se com a instala\u00e7\u00e3o de inibidores de sinal na cadeia de Vale de Judeus, de onde fugiram cinco presos em 2024. Caso haja sucesso, o sistema ser\u00e1 aplicado nos restantes estabelecimentos prisionais do pa\u00eds.<\/p>\n<p>A instala\u00e7\u00e3o deveria ter ficado conclu\u00edda no final de 2025. A respons\u00e1vel explicou que o contrato teve de ser celebrado por via de contrata\u00e7\u00e3o exclu\u00edda por motivos de seguran\u00e7a, e houve entraves na desalfandega\u00e7\u00e3o dos equipamentos, que foram importados.<\/p>\n<h3>Obten\u00e7\u00e3o de apoio e pr\u00f3ximos passos<\/h3>\n<p>Al\u00e9m de restringir o sinal de telem\u00f3veis, os dispositivos tamb\u00e9m bloqueiam drones, usados para introduzir droga e telem\u00f3veis nas pris\u00f5es. Deputados apontaram falhas de seguran\u00e7a e quest\u00f5es de superlota\u00e7\u00e3o.<\/p>\n<p>Rita Alarc\u00e3o J\u00fadice avan\u00e7ou que o plano de reorganiza\u00e7\u00e3o deve contemplar solu\u00e7\u00f5es estruturais, com propostas j\u00e1 reunidas pela Dire\u00e7\u00e3o-Geral de Reinser\u00e7\u00e3o e Servi\u00e7os Prisionais. Algumas discordam de eventuais caminhos propostos.<\/p>\n<h3>Medidas, condi\u00e7\u00f5es e reorganiza\u00e7\u00e3o<\/h3>\n<p>A ministra citou a poss\u00edvel cria\u00e7\u00e3o de uma unidade de sa\u00fade mental na cadeia de Santa Cruz do Bispo. Sobre o encerramento do Estabelecimento Prisional de Lisboa, admitiu o desafio por haver mais de 800 presos acima da lota\u00e7\u00e3o atual.<\/p>\n<p>Uma das op\u00e7\u00f5es para reorganizar o sistema passa pela requalifica\u00e7\u00e3o do reduto sul da pris\u00e3o de Caxias, atualmente devoluto, para remodelar o que j\u00e1 existe sem construir do zero.<\/p>\n<h3>Indultos e prazos<\/h3>\n<p>Em rela\u00e7\u00e3o aos indultos solicitados, a ministra explicou que os pedidos recebidos foram analisados, mas nenhum reuniu os m\u00e9ritos para envio ao Presidente da Rep\u00fablica. Mais de metade dos casos envolviam viol\u00eancia contra menores e mulheres.<\/p>\n","protected":false},"excerpt":{"rendered":"<ul>\n<li>A ministra da Justi\u00e7a, Rita Alarc\u00e3o J\u00fadice, anunciou que j\u00e1 est\u00e3o a ser instalados inibidores de sinal na cadeia de Vale de Judeus, com um plano de reorganiza\u00e7\u00e3o das pris\u00f5es para ficar fechado at\u00e9 mar\u00e7o.<\/li>\n<li>O projeto-piloto de inibidores de sinal visa, se bem-sucedido, ser aplicado aos restantes estabelecimentos prisionais; a instala\u00e7\u00e3o em Vale de Judeus ocorreu ap\u00f3s fugas de cinco reclusos em 2024.<\/li>\n<li>A instala\u00e7\u00e3o deveria ter ficado conclu\u00edda no final de 2025, mas houve atrasos devido a contrato de seguran\u00e7a e \u00e0 dificuldade em desalfandegar os equipamentos, que s\u00e3o importados.<\/li>\n<li>Al\u00e9m de bloquear telem\u00f3veis, os inibidores impedem o uso de drones, que atualmente caem droga e telefones nas pris\u00f5es.<\/li>\n<li>A ministra indicou que pretende incluir numa reorganiza\u00e7\u00e3o ajustes estruturais, como a cria\u00e7\u00e3o de uma unidade de sa\u00fade mental em Santa Cruz do Bispo, e considerou simples a ideia de requalificar o reduto sul da pris\u00e3o de Caxias em vez de construir do zero.<\/li>\n<\/ul>\n","protected":false},"author":2,"featured_media":159122,"comment_status":"closed","ping_status":"closed","sticky":false,"template":"","format":"standard","meta":{"footnotes":""},"categories":[1],"tags":[3604,803,981,2659,1269,250],"class_list":["post-159103","post","type-post","status-publish","format-standard","has-post-thumbnail","hentry","category-noticias","tag-indultos","tag-justica","tag-lisboa","tag-reinsercao-social","tag-santa-cruz","tag-seguranca-publica"],"yoast_head":"<!-- This site is optimized with the Yoast SEO plugin v27.2 - https:\/\/yoast.com\/product\/yoast-seo-wordpress\/ -->\n<title>Ministra da Justi\u00e7a prev\u00ea plano de reorganiza\u00e7\u00e3o das pris\u00f5es at\u00e9 mar\u00e7o - Portal Tela Portugal<\/title>\n<meta name=\"robots\" content=\"index, follow, max-snippet:-1, max-image-preview:large, max-video-preview:-1\" \/>\n<meta property=\"og:locale\" content=\"pt_PT\" \/>\n<meta property=\"og:type\" content=\"article\" \/>\n<meta property=\"og:title\" content=\"Ministra da Justi\u00e7a prev\u00ea plano de reorganiza\u00e7\u00e3o das pris\u00f5es at\u00e9 mar\u00e7o - Portal Tela Portugal\" \/>\n<meta property=\"og:description\" content=\"A ministra da Justi\u00e7a, Rita Alarc\u00e3o J\u00fadice, anunciou que j\u00e1 est\u00e3o a ser instalados inibidores de sinal na cadeia de Vale de Judeus, com um plano de reorganiza\u00e7\u00e3o das pris\u00f5es para ficar fechado at\u00e9 mar\u00e7o. O projeto-piloto de inibidores de sinal visa, se bem-sucedido, ser aplicado aos restantes estabelecimentos prisionais; a instala\u00e7\u00e3o em Vale de Judeus ocorreu ap\u00f3s fugas de cinco reclusos em 2024. A instala\u00e7\u00e3o deveria ter ficado conclu\u00edda no final de 2025, mas houve atrasos devido a contrato de seguran\u00e7a e \u00e0 dificuldade em desalfandegar os equipamentos, que s\u00e3o importados. Al\u00e9m de bloquear telem\u00f3veis, os inibidores impedem o uso de drones, que atualmente caem droga e telefones nas pris\u00f5es. A ministra indicou que pretende incluir numa reorganiza\u00e7\u00e3o ajustes estruturais, como a cria\u00e7\u00e3o de uma unidade de sa\u00fade mental em Santa Cruz do Bispo, e considerou simples a ideia de requalificar o reduto sul da pris\u00e3o de Caxias em vez de construir do zero.\" \/>\n<meta property=\"og:url\" content=\"https:\/\/portaltela.pt\/noticias\/2026\/01\/21\/ministra-da-justica-preve-plano-de-reorganizacao-das-prisoes-ate-marco\/\" \/>\n<meta property=\"og:site_name\" content=\"Portal Tela Portugal\" \/>\n<meta property=\"article:published_time\" content=\"2026-01-21T06:48:13+00:00\" \/>\n<meta name=\"author\" content=\"Telinha\" \/>\n<meta name=\"twitter:card\" content=\"summary_large_image\" \/>\n<meta name=\"twitter:label1\" content=\"Escrito por\" \/>\n\t<meta name=\"twitter:data1\" content=\"Telinha\" \/>\n\t<meta name=\"twitter:label2\" content=\"Tempo estimado de leitura\" \/>\n\t<meta name=\"twitter:data2\" content=\"2 minutos\" \/>\n<script type=\"application\/ld+json\" class=\"yoast-schema-graph\">{\"@context\":\"https:\/\/schema.org\",\"@graph\":[{\"@type\":\"Article\",\"@id\":\"https:\/\/portaltela.pt\/noticias\/2026\/01\/21\/ministra-da-justica-preve-plano-de-reorganizacao-das-prisoes-ate-marco\/#article\",\"isPartOf\":{\"@id\":\"https:\/\/portaltela.pt\/noticias\/2026\/01\/21\/ministra-da-justica-preve-plano-de-reorganizacao-das-prisoes-ate-marco\/\"},\"author\":{\"name\":\"Telinha\",\"@id\":\"https:\/\/portaltela.pt\/#\/schema\/person\/c4278d4a6028830caff9ee44b42d32ed\"},\"headline\":\"Ministra da Justi\u00e7a prev\u00ea plano de reorganiza\u00e7\u00e3o das pris\u00f5es at\u00e9 mar\u00e7o\",\"datePublished\":\"2026-01-21T06:48:13+00:00\",\"mainEntityOfPage\":{\"@id\":\"https:\/\/portaltela.pt\/noticias\/2026\/01\/21\/ministra-da-justica-preve-plano-de-reorganizacao-das-prisoes-ate-marco\/\"},\"wordCount\":358,\"image\":{\"@id\":\"https:\/\/portaltela.pt\/noticias\/2026\/01\/21\/ministra-da-justica-preve-plano-de-reorganizacao-das-prisoes-ate-marco\/#primaryimage\"},\"thumbnailUrl\":\"https:\/\/portaltela.pt\/s.01k8rhncp4jt1\/2026\/01\/unnamed-file-4315.jpg\",\"keywords\":[\"indultos\",\"justi\u00e7a\",\"Lisboa\",\"Reinser\u00e7\u00e3o Social\",\"Santa Cruz\",\"seguran\u00e7a p\u00fablica\"],\"articleSection\":[\"Not\u00edcias\"],\"inLanguage\":\"pt-PT\"},{\"@type\":\"WebPage\",\"@id\":\"https:\/\/portaltela.pt\/noticias\/2026\/01\/21\/ministra-da-justica-preve-plano-de-reorganizacao-das-prisoes-ate-marco\/\",\"url\":\"https:\/\/portaltela.pt\/noticias\/2026\/01\/21\/ministra-da-justica-preve-plano-de-reorganizacao-das-prisoes-ate-marco\/\",\"name\":\"Ministra da Justi\u00e7a prev\u00ea plano de reorganiza\u00e7\u00e3o das pris\u00f5es at\u00e9 mar\u00e7o - Portal Tela Portugal\",\"isPartOf\":{\"@id\":\"https:\/\/portaltela.pt\/#website\"},\"primaryImageOfPage\":{\"@id\":\"https:\/\/portaltela.pt\/noticias\/2026\/01\/21\/ministra-da-justica-preve-plano-de-reorganizacao-das-prisoes-ate-marco\/#primaryimage\"},\"image\":{\"@id\":\"https:\/\/portaltela.pt\/noticias\/2026\/01\/21\/ministra-da-justica-preve-plano-de-reorganizacao-das-prisoes-ate-marco\/#primaryimage\"},\"thumbnailUrl\":\"https:\/\/portaltela.pt\/s.01k8rhncp4jt1\/2026\/01\/unnamed-file-4315.jpg\",\"datePublished\":\"2026-01-21T06:48:13+00:00\",\"author\":{\"@id\":\"https:\/\/portaltela.pt\/#\/schema\/person\/c4278d4a6028830caff9ee44b42d32ed\"},\"breadcrumb\":{\"@id\":\"https:\/\/portaltela.pt\/noticias\/2026\/01\/21\/ministra-da-justica-preve-plano-de-reorganizacao-das-prisoes-ate-marco\/#breadcrumb\"},\"inLanguage\":\"pt-PT\",\"potentialAction\":[{\"@type\":\"ReadAction\",\"target\":[\"https:\/\/portaltela.pt\/noticias\/2026\/01\/21\/ministra-da-justica-preve-plano-de-reorganizacao-das-prisoes-ate-marco\/\"]}]},{\"@type\":\"ImageObject\",\"inLanguage\":\"pt-PT\",\"@id\":\"https:\/\/portaltela.pt\/noticias\/2026\/01\/21\/ministra-da-justica-preve-plano-de-reorganizacao-das-prisoes-ate-marco\/#primaryimage\",\"url\":\"https:\/\/portaltela.pt\/s.01k8rhncp4jt1\/2026\/01\/unnamed-file-4315.jpg\",\"contentUrl\":\"https:\/\/portaltela.pt\/s.01k8rhncp4jt1\/2026\/01\/unnamed-file-4315.jpg\",\"width\":796,\"height\":448,\"caption\":\"Ministra da Justi\u00e7a espera ter plano de reorganiza\u00e7\u00e3o das pris\u00f5es at\u00e9 mar\u00e7o\"},{\"@type\":\"BreadcrumbList\",\"@id\":\"https:\/\/portaltela.pt\/noticias\/2026\/01\/21\/ministra-da-justica-preve-plano-de-reorganizacao-das-prisoes-ate-marco\/#breadcrumb\",\"itemListElement\":[{\"@type\":\"ListItem\",\"position\":1,\"name\":\"In\u00edcio\",\"item\":\"https:\/\/portaltela.pt\/\"},{\"@type\":\"ListItem\",\"position\":2,\"name\":\"Ministra da Justi\u00e7a prev\u00ea plano de reorganiza\u00e7\u00e3o das pris\u00f5es at\u00e9 mar\u00e7o\"}]},{\"@type\":\"WebSite\",\"@id\":\"https:\/\/portaltela.pt\/#website\",\"url\":\"https:\/\/portaltela.pt\/\",\"name\":\"Portal Tela Portugal\",\"description\":\"\",\"potentialAction\":[{\"@type\":\"SearchAction\",\"target\":{\"@type\":\"EntryPoint\",\"urlTemplate\":\"https:\/\/portaltela.pt\/?s={search_term_string}\"},\"query-input\":{\"@type\":\"PropertyValueSpecification\",\"valueRequired\":true,\"valueName\":\"search_term_string\"}}],\"inLanguage\":\"pt-PT\"},{\"@type\":\"Person\",\"@id\":\"https:\/\/portaltela.pt\/#\/schema\/person\/c4278d4a6028830caff9ee44b42d32ed\",\"name\":\"Telinha\",\"image\":{\"@type\":\"ImageObject\",\"inLanguage\":\"pt-PT\",\"@id\":\"https:\/\/portaltela.pt\/s.01k8rhncp4jt1\/2025\/11\/talking-bot-125x125.png\",\"url\":\"https:\/\/portaltela.pt\/s.01k8rhncp4jt1\/2025\/11\/talking-bot-125x125.png\",\"contentUrl\":\"https:\/\/portaltela.pt\/s.01k8rhncp4jt1\/2025\/11\/talking-bot-125x125.png\",\"caption\":\"Telinha\"},\"sameAs\":[\"https:\/\/portaltela.pt\/\"],\"url\":\"https:\/\/portaltela.pt\/por\/367410592786\/\"}]}<\/script>\n<!-- \/ Yoast SEO plugin. -->","yoast_head_json":{"title":"Ministra da Justi\u00e7a prev\u00ea plano de reorganiza\u00e7\u00e3o das pris\u00f5es at\u00e9 mar\u00e7o - Portal Tela Portugal","robots":{"index":"index","follow":"follow","max-snippet":"max-snippet:-1","max-image-preview":"max-image-preview:large","max-video-preview":"max-video-preview:-1"},"og_locale":"pt_PT","og_type":"article","og_title":"Ministra da Justi\u00e7a prev\u00ea plano de reorganiza\u00e7\u00e3o das pris\u00f5es at\u00e9 mar\u00e7o - Portal Tela Portugal","og_description":"A ministra da Justi\u00e7a, Rita Alarc\u00e3o J\u00fadice, anunciou que j\u00e1 est\u00e3o a ser instalados inibidores de sinal na cadeia de Vale de Judeus, com um plano de reorganiza\u00e7\u00e3o das pris\u00f5es para ficar fechado at\u00e9 mar\u00e7o. O projeto-piloto de inibidores de sinal visa, se bem-sucedido, ser aplicado aos restantes estabelecimentos prisionais; a instala\u00e7\u00e3o em Vale de Judeus ocorreu ap\u00f3s fugas de cinco reclusos em 2024. A instala\u00e7\u00e3o deveria ter ficado conclu\u00edda no final de 2025, mas houve atrasos devido a contrato de seguran\u00e7a e \u00e0 dificuldade em desalfandegar os equipamentos, que s\u00e3o importados. Al\u00e9m de bloquear telem\u00f3veis, os inibidores impedem o uso de drones, que atualmente caem droga e telefones nas pris\u00f5es. A ministra indicou que pretende incluir numa reorganiza\u00e7\u00e3o ajustes estruturais, como a cria\u00e7\u00e3o de uma unidade de sa\u00fade mental em Santa Cruz do Bispo, e considerou simples a ideia de requalificar o reduto sul da pris\u00e3o de Caxias em vez de construir do zero.","og_url":"https:\/\/portaltela.pt\/noticias\/2026\/01\/21\/ministra-da-justica-preve-plano-de-reorganizacao-das-prisoes-ate-marco\/","og_site_name":"Portal Tela Portugal","article_published_time":"2026-01-21T06:48:13+00:00","author":"Telinha","twitter_card":"summary_large_image","twitter_misc":{"Escrito por":"Telinha","Tempo estimado de leitura":"2 minutos"},"schema":{"@context":"https:\/\/schema.org","@graph":[{"@type":"Article","@id":"https:\/\/portaltela.pt\/noticias\/2026\/01\/21\/ministra-da-justica-preve-plano-de-reorganizacao-das-prisoes-ate-marco\/#article","isPartOf":{"@id":"https:\/\/portaltela.pt\/noticias\/2026\/01\/21\/ministra-da-justica-preve-plano-de-reorganizacao-das-prisoes-ate-marco\/"},"author":{"name":"Telinha","@id":"https:\/\/portaltela.pt\/#\/schema\/person\/c4278d4a6028830caff9ee44b42d32ed"},"headline":"Ministra da Justi\u00e7a prev\u00ea plano de reorganiza\u00e7\u00e3o das pris\u00f5es at\u00e9 mar\u00e7o","datePublished":"2026-01-21T06:48:13+00:00","mainEntityOfPage":{"@id":"https:\/\/portaltela.pt\/noticias\/2026\/01\/21\/ministra-da-justica-preve-plano-de-reorganizacao-das-prisoes-ate-marco\/"},"wordCount":358,"image":{"@id":"https:\/\/portaltela.pt\/noticias\/2026\/01\/21\/ministra-da-justica-preve-plano-de-reorganizacao-das-prisoes-ate-marco\/#primaryimage"},"thumbnailUrl":"https:\/\/portaltela.pt\/s.01k8rhncp4jt1\/2026\/01\/unnamed-file-4315.jpg","keywords":["indultos","justi\u00e7a","Lisboa","Reinser\u00e7\u00e3o Social","Santa Cruz","seguran\u00e7a p\u00fablica"],"articleSection":["Not\u00edcias"],"inLanguage":"pt-PT"},{"@type":"WebPage","@id":"https:\/\/portaltela.pt\/noticias\/2026\/01\/21\/ministra-da-justica-preve-plano-de-reorganizacao-das-prisoes-ate-marco\/","url":"https:\/\/portaltela.pt\/noticias\/2026\/01\/21\/ministra-da-justica-preve-plano-de-reorganizacao-das-prisoes-ate-marco\/","name":"Ministra da Justi\u00e7a prev\u00ea plano de reorganiza\u00e7\u00e3o das pris\u00f5es at\u00e9 mar\u00e7o - Portal Tela Portugal","isPartOf":{"@id":"https:\/\/portaltela.pt\/#website"},"primaryImageOfPage":{"@id":"https:\/\/portaltela.pt\/noticias\/2026\/01\/21\/ministra-da-justica-preve-plano-de-reorganizacao-das-prisoes-ate-marco\/#primaryimage"},"image":{"@id":"https:\/\/portaltela.pt\/noticias\/2026\/01\/21\/ministra-da-justica-preve-plano-de-reorganizacao-das-prisoes-ate-marco\/#primaryimage"},"thumbnailUrl":"https:\/\/portaltela.pt\/s.01k8rhncp4jt1\/2026\/01\/unnamed-file-4315.jpg","datePublished":"2026-01-21T06:48:13+00:00","author":{"@id":"https:\/\/portaltela.pt\/#\/schema\/person\/c4278d4a6028830caff9ee44b42d32ed"},"breadcrumb":{"@id":"https:\/\/portaltela.pt\/noticias\/2026\/01\/21\/ministra-da-justica-preve-plano-de-reorganizacao-das-prisoes-ate-marco\/#breadcrumb"},"inLanguage":"pt-PT","potentialAction":[{"@type":"ReadAction","target":["https:\/\/portaltela.pt\/noticias\/2026\/01\/21\/ministra-da-justica-preve-plano-de-reorganizacao-das-prisoes-ate-marco\/"]}]},{"@type":"ImageObject","inLanguage":"pt-PT","@id":"https:\/\/portaltela.pt\/noticias\/2026\/01\/21\/ministra-da-justica-preve-plano-de-reorganizacao-das-prisoes-ate-marco\/#primaryimage","url":"https:\/\/portaltela.pt\/s.01k8rhncp4jt1\/2026\/01\/unnamed-file-4315.jpg","contentUrl":"https:\/\/portaltela.pt\/s.01k8rhncp4jt1\/2026\/01\/unnamed-file-4315.jpg","width":796,"height":448,"caption":"Ministra da Justi\u00e7a espera ter plano de reorganiza\u00e7\u00e3o das pris\u00f5es at\u00e9 mar\u00e7o"},{"@type":"BreadcrumbList","@id":"https:\/\/portaltela.pt\/noticias\/2026\/01\/21\/ministra-da-justica-preve-plano-de-reorganizacao-das-prisoes-ate-marco\/#breadcrumb","itemListElement":[{"@type":"ListItem","position":1,"name":"In\u00edcio","item":"https:\/\/portaltela.pt\/"},{"@type":"ListItem","position":2,"name":"Ministra da Justi\u00e7a prev\u00ea plano de reorganiza\u00e7\u00e3o das pris\u00f5es at\u00e9 mar\u00e7o"}]},{"@type":"WebSite","@id":"https:\/\/portaltela.pt\/#website","url":"https:\/\/portaltela.pt\/","name":"Portal Tela Portugal","description":"","potentialAction":[{"@type":"SearchAction","target":{"@type":"EntryPoint","urlTemplate":"https:\/\/portaltela.pt\/?s={search_term_string}"},"query-input":{"@type":"PropertyValueSpecification","valueRequired":true,"valueName":"search_term_string"}}],"inLanguage":"pt-PT"},{"@type":"Person","@id":"https:\/\/portaltela.pt\/#\/schema\/person\/c4278d4a6028830caff9ee44b42d32ed","name":"Telinha","image":{"@type":"ImageObject","inLanguage":"pt-PT","@id":"https:\/\/portaltela.pt\/s.01k8rhncp4jt1\/2025\/11\/talking-bot-125x125.png","url":"https:\/\/portaltela.pt\/s.01k8rhncp4jt1\/2025\/11\/talking-bot-125x125.png","contentUrl":"https:\/\/portaltela.pt\/s.01k8rhncp4jt1\/2025\/11\/talking-bot-125x125.png","caption":"Telinha"},"sameAs":["https:\/\/portaltela.pt\/"],"url":"https:\/\/portaltela.pt\/por\/367410592786\/"}]}},"_links":{"self":[{"href":"https:\/\/portaltela.pt\/api\/wp\/v2\/posts\/159103","targetHints":{"allow":["GET"]}}],"collection":[{"href":"https:\/\/portaltela.pt\/api\/wp\/v2\/posts"}],"about":[{"href":"https:\/\/portaltela.pt\/api\/wp\/v2\/types\/post"}],"author":[{"embeddable":true,"href":"https:\/\/portaltela.pt\/api\/wp\/v2\/users\/2"}],"replies":[{"embeddable":true,"href":"https:\/\/portaltela.pt\/api\/wp\/v2\/comments?post=159103"}],"version-history":[{"count":0,"href":"https:\/\/portaltela.pt\/api\/wp\/v2\/posts\/159103\/revisions"}],"wp:featuredmedia":[{"embeddable":true,"href":"https:\/\/portaltela.pt\/api\/wp\/v2\/media\/159122"}],"wp:attachment":[{"href":"https:\/\/portaltela.pt\/api\/wp\/v2\/media?parent=159103"}],"wp:term":[{"taxonomy":"category","embeddable":true,"href":"https:\/\/portaltela.pt\/api\/wp\/v2\/categories?post=159103"},{"taxonomy":"post_tag","embeddable":true,"href":"https:\/\/portaltela.pt\/api\/wp\/v2\/tags?post=159103"}],"curies":[{"name":"wp","href":"https:\/\/api.w.org\/{rel}","templated":true}]}}