{"id":158935,"date":"2026-01-21T06:38:00","date_gmt":"2026-01-21T09:38:00","guid":{"rendered":"https:\/\/portaltela.pt\/noticias\/2026\/01\/21\/paulo-reis-lanca-candidatura-a-lideranca-do-psd-em-famalicao\/"},"modified":"2026-01-21T06:38:00","modified_gmt":"2026-01-21T09:38:00","slug":"paulo-reis-lanca-candidatura-a-lideranca-do-psd-em-famalicao","status":"publish","type":"post","link":"https:\/\/portaltela.pt\/noticias\/politica\/2026\/01\/21\/paulo-reis-lanca-candidatura-a-lideranca-do-psd-em-famalicao\/","title":{"rendered":"Paulo Reis lan\u00e7a candidatura \u00e0 lideran\u00e7a do PSD em Famalic\u00e3o"},"content":{"rendered":"<p>Paulo Reis \u00e9 o candidato \u00e0 lideran\u00e7a do PSD de Famalic\u00e3o para as elei\u00e7\u00f5es de 28 de fevereiro. Ele surge como \u00fanico concorrente, quase um ano ap\u00f3s M\u00e1rio Passos ter concorrido \u00e0 presid\u00eancia da C\u00e2mara local e Sofia Fernandes ter disputado o cargo. Sofia Fernandes tornou-se deputada e deixou o executivo de Passos.<\/p>\n<p>A candidatura de Reis afirma procurar um PSD mais forte e mais unido. Em nota enviada \u00e0 imprensa, o candidato aponta a necessidade de uma lista que agregue a diversidade do partido em Famalic\u00e3o e garanta a autonomia do trabalho realizado.<\/p>\n<p>Segundo a mesma nota, o perfil proposto aponta para lideran\u00e7a capaz de manter proximidade com militantes e n\u00facleos territoriais, facilitar contactos com \u00f3rg\u00e3os dentro e fora do PSD e manter o respeito pelos valores da Social-Democracia.<\/p>\n<p>Paulo Reis j\u00e1 integrou v\u00e1rias comiss\u00f5es pol\u00edticas da JSD e do PSD e atuou como coordenador de campanhas eleitorais, acrescenta o documento.<\/p>\n<h3>Perfil do candidato<\/h3>\n<p>A mensagem enfatiza ainda que a candidatura pretende construir pontes e assegurar uma vis\u00e3o pol\u00edtica coerente com a tradi\u00e7\u00e3o do partido em Famalic\u00e3o. O objetivo \u00e9 representar a diversidade interna do PSD local e manter autonomia institucional.<\/p>\n","protected":false},"excerpt":{"rendered":"<ul>\n<li>Paulo Reis \u00e9 o \u00fanico candidato \u00e0 lideran\u00e7a do PSD de Famalic\u00e3o, com as elei\u00e7\u00f5es marcadas para 28 de fevereiro.<\/li>\n<li>A candidatura surge quase um ano depois de M\u00e1rio Passos, atual presidente da C\u00e2mara de Famalic\u00e3o, e Sofia Fernandes terem concorrido ao cargo; Sofia Fernandes \u00e9 hoje deputada na Assembleia da Rep\u00fablica.<\/li>\n<li>Reis pretende um PSD mais forte e mais unido, com uma lista que seja agregadora e representativa da diversidade do partido em Famalic\u00e3o, mantendo a autonomia do trabalho dos militantes.<\/li>\n<li>O candidato defende um perfil de lideran\u00e7a que assegure proximidade com os militantes de base, contacto com os \u00f3rg\u00e3os internos e externos do PSD e respeito pelos valores da Social Democracia.<\/li>\n<li>Paulo Reis j\u00e1 integrou v\u00e1rias comiss\u00f5es pol\u00edticas da JSD e do PSD e foi coordenador de campanhas eleitorais.<\/li>\n<\/ul>\n","protected":false},"author":2,"featured_media":158947,"comment_status":"closed","ping_status":"closed","sticky":false,"template":"","format":"standard","meta":{"footnotes":""},"categories":[1,5],"tags":[68,1396,1732,2832,2458,3536],"class_list":["post-158935","post","type-post","status-publish","format-standard","has-post-thumbnail","hentry","category-noticias","category-politica","tag-eleicoes","tag-famalicao","tag-partidos","tag-politica","tag-psd-cds","tag-social-democracia"],"yoast_head":"<!-- This site is optimized with the Yoast SEO plugin v27.2 - https:\/\/yoast.com\/product\/yoast-seo-wordpress\/ -->\n<title>Paulo Reis lan\u00e7a candidatura \u00e0 lideran\u00e7a do PSD em Famalic\u00e3o - Portal Tela Portugal<\/title>\n<meta name=\"robots\" content=\"index, follow, max-snippet:-1, max-image-preview:large, max-video-preview:-1\" \/>\n<meta property=\"og:locale\" content=\"pt_PT\" \/>\n<meta property=\"og:type\" content=\"article\" \/>\n<meta property=\"og:title\" content=\"Paulo Reis lan\u00e7a candidatura \u00e0 lideran\u00e7a do PSD em Famalic\u00e3o - Portal Tela Portugal\" \/>\n<meta property=\"og:description\" content=\"Paulo Reis \u00e9 o \u00fanico candidato \u00e0 lideran\u00e7a do PSD de Famalic\u00e3o, com as elei\u00e7\u00f5es marcadas para 28 de fevereiro. A candidatura surge quase um ano depois de M\u00e1rio Passos, atual presidente da C\u00e2mara de Famalic\u00e3o, e Sofia Fernandes terem concorrido ao cargo; Sofia Fernandes \u00e9 hoje deputada na Assembleia da Rep\u00fablica. Reis pretende um PSD mais forte e mais unido, com uma lista que seja agregadora e representativa da diversidade do partido em Famalic\u00e3o, mantendo a autonomia do trabalho dos militantes. O candidato defende um perfil de lideran\u00e7a que assegure proximidade com os militantes de base, contacto com os \u00f3rg\u00e3os internos e externos do PSD e respeito pelos valores da Social Democracia. Paulo Reis j\u00e1 integrou v\u00e1rias comiss\u00f5es pol\u00edticas da JSD e do PSD e foi coordenador de campanhas eleitorais.\" \/>\n<meta property=\"og:url\" content=\"https:\/\/portaltela.pt\/noticias\/2026\/01\/21\/paulo-reis-lanca-candidatura-a-lideranca-do-psd-em-famalicao\/\" \/>\n<meta property=\"og:site_name\" content=\"Portal Tela Portugal\" \/>\n<meta property=\"article:published_time\" content=\"2026-01-21T09:38:00+00:00\" \/>\n<meta name=\"author\" content=\"Telinha\" \/>\n<meta name=\"twitter:card\" content=\"summary_large_image\" \/>\n<meta name=\"twitter:label1\" content=\"Escrito por\" \/>\n\t<meta name=\"twitter:data1\" content=\"Telinha\" \/>\n\t<meta name=\"twitter:label2\" content=\"Tempo estimado de leitura\" \/>\n\t<meta name=\"twitter:data2\" content=\"1 minuto\" \/>\n<script type=\"application\/ld+json\" class=\"yoast-schema-graph\">{\"@context\":\"https:\/\/schema.org\",\"@graph\":[{\"@type\":\"Article\",\"@id\":\"https:\/\/portaltela.pt\/noticias\/2026\/01\/21\/paulo-reis-lanca-candidatura-a-lideranca-do-psd-em-famalicao\/#article\",\"isPartOf\":{\"@id\":\"https:\/\/portaltela.pt\/noticias\/2026\/01\/21\/paulo-reis-lanca-candidatura-a-lideranca-do-psd-em-famalicao\/\"},\"author\":{\"name\":\"Telinha\",\"@id\":\"https:\/\/portaltela.pt\/#\/schema\/person\/c4278d4a6028830caff9ee44b42d32ed\"},\"headline\":\"Paulo Reis lan\u00e7a candidatura \u00e0 lideran\u00e7a do PSD em Famalic\u00e3o\",\"datePublished\":\"2026-01-21T09:38:00+00:00\",\"mainEntityOfPage\":{\"@id\":\"https:\/\/portaltela.pt\/noticias\/2026\/01\/21\/paulo-reis-lanca-candidatura-a-lideranca-do-psd-em-famalicao\/\"},\"wordCount\":216,\"image\":{\"@id\":\"https:\/\/portaltela.pt\/noticias\/2026\/01\/21\/paulo-reis-lanca-candidatura-a-lideranca-do-psd-em-famalicao\/#primaryimage\"},\"thumbnailUrl\":\"https:\/\/portaltela.pt\/s.01k8rhncp4jt1\/2026\/01\/image-1310.jpg\",\"keywords\":[\"elei\u00e7\u00f5es\",\"Famalic\u00e3o\",\"partidos\",\"pol\u00edtica\",\"PSD\/CDS\",\"Social Democracia\"],\"articleSection\":[\"Not\u00edcias\",\"Pol\u00edtica\"],\"inLanguage\":\"pt-PT\"},{\"@type\":\"WebPage\",\"@id\":\"https:\/\/portaltela.pt\/noticias\/2026\/01\/21\/paulo-reis-lanca-candidatura-a-lideranca-do-psd-em-famalicao\/\",\"url\":\"https:\/\/portaltela.pt\/noticias\/2026\/01\/21\/paulo-reis-lanca-candidatura-a-lideranca-do-psd-em-famalicao\/\",\"name\":\"Paulo Reis lan\u00e7a candidatura \u00e0 lideran\u00e7a do PSD em Famalic\u00e3o - Portal Tela Portugal\",\"isPartOf\":{\"@id\":\"https:\/\/portaltela.pt\/#website\"},\"primaryImageOfPage\":{\"@id\":\"https:\/\/portaltela.pt\/noticias\/2026\/01\/21\/paulo-reis-lanca-candidatura-a-lideranca-do-psd-em-famalicao\/#primaryimage\"},\"image\":{\"@id\":\"https:\/\/portaltela.pt\/noticias\/2026\/01\/21\/paulo-reis-lanca-candidatura-a-lideranca-do-psd-em-famalicao\/#primaryimage\"},\"thumbnailUrl\":\"https:\/\/portaltela.pt\/s.01k8rhncp4jt1\/2026\/01\/image-1310.jpg\",\"datePublished\":\"2026-01-21T09:38:00+00:00\",\"author\":{\"@id\":\"https:\/\/portaltela.pt\/#\/schema\/person\/c4278d4a6028830caff9ee44b42d32ed\"},\"breadcrumb\":{\"@id\":\"https:\/\/portaltela.pt\/noticias\/2026\/01\/21\/paulo-reis-lanca-candidatura-a-lideranca-do-psd-em-famalicao\/#breadcrumb\"},\"inLanguage\":\"pt-PT\",\"potentialAction\":[{\"@type\":\"ReadAction\",\"target\":[\"https:\/\/portaltela.pt\/noticias\/2026\/01\/21\/paulo-reis-lanca-candidatura-a-lideranca-do-psd-em-famalicao\/\"]}]},{\"@type\":\"ImageObject\",\"inLanguage\":\"pt-PT\",\"@id\":\"https:\/\/portaltela.pt\/noticias\/2026\/01\/21\/paulo-reis-lanca-candidatura-a-lideranca-do-psd-em-famalicao\/#primaryimage\",\"url\":\"https:\/\/portaltela.pt\/s.01k8rhncp4jt1\/2026\/01\/image-1310.jpg\",\"contentUrl\":\"https:\/\/portaltela.pt\/s.01k8rhncp4jt1\/2026\/01\/image-1310.jpg\",\"width\":796,\"height\":448,\"caption\":\"Paulo Reis \u00e9 o \u00fanico candidato para j\u00e1\"},{\"@type\":\"BreadcrumbList\",\"@id\":\"https:\/\/portaltela.pt\/noticias\/2026\/01\/21\/paulo-reis-lanca-candidatura-a-lideranca-do-psd-em-famalicao\/#breadcrumb\",\"itemListElement\":[{\"@type\":\"ListItem\",\"position\":1,\"name\":\"In\u00edcio\",\"item\":\"https:\/\/portaltela.pt\/\"},{\"@type\":\"ListItem\",\"position\":2,\"name\":\"Paulo Reis lan\u00e7a candidatura \u00e0 lideran\u00e7a do PSD em Famalic\u00e3o\"}]},{\"@type\":\"WebSite\",\"@id\":\"https:\/\/portaltela.pt\/#website\",\"url\":\"https:\/\/portaltela.pt\/\",\"name\":\"Portal Tela Portugal\",\"description\":\"\",\"potentialAction\":[{\"@type\":\"SearchAction\",\"target\":{\"@type\":\"EntryPoint\",\"urlTemplate\":\"https:\/\/portaltela.pt\/?s={search_term_string}\"},\"query-input\":{\"@type\":\"PropertyValueSpecification\",\"valueRequired\":true,\"valueName\":\"search_term_string\"}}],\"inLanguage\":\"pt-PT\"},{\"@type\":\"Person\",\"@id\":\"https:\/\/portaltela.pt\/#\/schema\/person\/c4278d4a6028830caff9ee44b42d32ed\",\"name\":\"Telinha\",\"image\":{\"@type\":\"ImageObject\",\"inLanguage\":\"pt-PT\",\"@id\":\"https:\/\/portaltela.pt\/s.01k8rhncp4jt1\/2025\/11\/talking-bot-125x125.png\",\"url\":\"https:\/\/portaltela.pt\/s.01k8rhncp4jt1\/2025\/11\/talking-bot-125x125.png\",\"contentUrl\":\"https:\/\/portaltela.pt\/s.01k8rhncp4jt1\/2025\/11\/talking-bot-125x125.png\",\"caption\":\"Telinha\"},\"sameAs\":[\"https:\/\/portaltela.pt\/\"],\"url\":\"https:\/\/portaltela.pt\/por\/367410592786\/\"}]}<\/script>\n<!-- \/ Yoast SEO plugin. -->","yoast_head_json":{"title":"Paulo Reis lan\u00e7a candidatura \u00e0 lideran\u00e7a do PSD em Famalic\u00e3o - Portal Tela Portugal","robots":{"index":"index","follow":"follow","max-snippet":"max-snippet:-1","max-image-preview":"max-image-preview:large","max-video-preview":"max-video-preview:-1"},"og_locale":"pt_PT","og_type":"article","og_title":"Paulo Reis lan\u00e7a candidatura \u00e0 lideran\u00e7a do PSD em Famalic\u00e3o - Portal Tela Portugal","og_description":"Paulo Reis \u00e9 o \u00fanico candidato \u00e0 lideran\u00e7a do PSD de Famalic\u00e3o, com as elei\u00e7\u00f5es marcadas para 28 de fevereiro. A candidatura surge quase um ano depois de M\u00e1rio Passos, atual presidente da C\u00e2mara de Famalic\u00e3o, e Sofia Fernandes terem concorrido ao cargo; Sofia Fernandes \u00e9 hoje deputada na Assembleia da Rep\u00fablica. Reis pretende um PSD mais forte e mais unido, com uma lista que seja agregadora e representativa da diversidade do partido em Famalic\u00e3o, mantendo a autonomia do trabalho dos militantes. O candidato defende um perfil de lideran\u00e7a que assegure proximidade com os militantes de base, contacto com os \u00f3rg\u00e3os internos e externos do PSD e respeito pelos valores da Social Democracia. Paulo Reis j\u00e1 integrou v\u00e1rias comiss\u00f5es pol\u00edticas da JSD e do PSD e foi coordenador de campanhas eleitorais.","og_url":"https:\/\/portaltela.pt\/noticias\/2026\/01\/21\/paulo-reis-lanca-candidatura-a-lideranca-do-psd-em-famalicao\/","og_site_name":"Portal Tela Portugal","article_published_time":"2026-01-21T09:38:00+00:00","author":"Telinha","twitter_card":"summary_large_image","twitter_misc":{"Escrito por":"Telinha","Tempo estimado de leitura":"1 minuto"},"schema":{"@context":"https:\/\/schema.org","@graph":[{"@type":"Article","@id":"https:\/\/portaltela.pt\/noticias\/2026\/01\/21\/paulo-reis-lanca-candidatura-a-lideranca-do-psd-em-famalicao\/#article","isPartOf":{"@id":"https:\/\/portaltela.pt\/noticias\/2026\/01\/21\/paulo-reis-lanca-candidatura-a-lideranca-do-psd-em-famalicao\/"},"author":{"name":"Telinha","@id":"https:\/\/portaltela.pt\/#\/schema\/person\/c4278d4a6028830caff9ee44b42d32ed"},"headline":"Paulo Reis lan\u00e7a candidatura \u00e0 lideran\u00e7a do PSD em Famalic\u00e3o","datePublished":"2026-01-21T09:38:00+00:00","mainEntityOfPage":{"@id":"https:\/\/portaltela.pt\/noticias\/2026\/01\/21\/paulo-reis-lanca-candidatura-a-lideranca-do-psd-em-famalicao\/"},"wordCount":216,"image":{"@id":"https:\/\/portaltela.pt\/noticias\/2026\/01\/21\/paulo-reis-lanca-candidatura-a-lideranca-do-psd-em-famalicao\/#primaryimage"},"thumbnailUrl":"https:\/\/portaltela.pt\/s.01k8rhncp4jt1\/2026\/01\/image-1310.jpg","keywords":["elei\u00e7\u00f5es","Famalic\u00e3o","partidos","pol\u00edtica","PSD\/CDS","Social Democracia"],"articleSection":["Not\u00edcias","Pol\u00edtica"],"inLanguage":"pt-PT"},{"@type":"WebPage","@id":"https:\/\/portaltela.pt\/noticias\/2026\/01\/21\/paulo-reis-lanca-candidatura-a-lideranca-do-psd-em-famalicao\/","url":"https:\/\/portaltela.pt\/noticias\/2026\/01\/21\/paulo-reis-lanca-candidatura-a-lideranca-do-psd-em-famalicao\/","name":"Paulo Reis lan\u00e7a candidatura \u00e0 lideran\u00e7a do PSD em Famalic\u00e3o - Portal Tela Portugal","isPartOf":{"@id":"https:\/\/portaltela.pt\/#website"},"primaryImageOfPage":{"@id":"https:\/\/portaltela.pt\/noticias\/2026\/01\/21\/paulo-reis-lanca-candidatura-a-lideranca-do-psd-em-famalicao\/#primaryimage"},"image":{"@id":"https:\/\/portaltela.pt\/noticias\/2026\/01\/21\/paulo-reis-lanca-candidatura-a-lideranca-do-psd-em-famalicao\/#primaryimage"},"thumbnailUrl":"https:\/\/portaltela.pt\/s.01k8rhncp4jt1\/2026\/01\/image-1310.jpg","datePublished":"2026-01-21T09:38:00+00:00","author":{"@id":"https:\/\/portaltela.pt\/#\/schema\/person\/c4278d4a6028830caff9ee44b42d32ed"},"breadcrumb":{"@id":"https:\/\/portaltela.pt\/noticias\/2026\/01\/21\/paulo-reis-lanca-candidatura-a-lideranca-do-psd-em-famalicao\/#breadcrumb"},"inLanguage":"pt-PT","potentialAction":[{"@type":"ReadAction","target":["https:\/\/portaltela.pt\/noticias\/2026\/01\/21\/paulo-reis-lanca-candidatura-a-lideranca-do-psd-em-famalicao\/"]}]},{"@type":"ImageObject","inLanguage":"pt-PT","@id":"https:\/\/portaltela.pt\/noticias\/2026\/01\/21\/paulo-reis-lanca-candidatura-a-lideranca-do-psd-em-famalicao\/#primaryimage","url":"https:\/\/portaltela.pt\/s.01k8rhncp4jt1\/2026\/01\/image-1310.jpg","contentUrl":"https:\/\/portaltela.pt\/s.01k8rhncp4jt1\/2026\/01\/image-1310.jpg","width":796,"height":448,"caption":"Paulo Reis \u00e9 o \u00fanico candidato para j\u00e1"},{"@type":"BreadcrumbList","@id":"https:\/\/portaltela.pt\/noticias\/2026\/01\/21\/paulo-reis-lanca-candidatura-a-lideranca-do-psd-em-famalicao\/#breadcrumb","itemListElement":[{"@type":"ListItem","position":1,"name":"In\u00edcio","item":"https:\/\/portaltela.pt\/"},{"@type":"ListItem","position":2,"name":"Paulo Reis lan\u00e7a candidatura \u00e0 lideran\u00e7a do PSD em Famalic\u00e3o"}]},{"@type":"WebSite","@id":"https:\/\/portaltela.pt\/#website","url":"https:\/\/portaltela.pt\/","name":"Portal Tela Portugal","description":"","potentialAction":[{"@type":"SearchAction","target":{"@type":"EntryPoint","urlTemplate":"https:\/\/portaltela.pt\/?s={search_term_string}"},"query-input":{"@type":"PropertyValueSpecification","valueRequired":true,"valueName":"search_term_string"}}],"inLanguage":"pt-PT"},{"@type":"Person","@id":"https:\/\/portaltela.pt\/#\/schema\/person\/c4278d4a6028830caff9ee44b42d32ed","name":"Telinha","image":{"@type":"ImageObject","inLanguage":"pt-PT","@id":"https:\/\/portaltela.pt\/s.01k8rhncp4jt1\/2025\/11\/talking-bot-125x125.png","url":"https:\/\/portaltela.pt\/s.01k8rhncp4jt1\/2025\/11\/talking-bot-125x125.png","contentUrl":"https:\/\/portaltela.pt\/s.01k8rhncp4jt1\/2025\/11\/talking-bot-125x125.png","caption":"Telinha"},"sameAs":["https:\/\/portaltela.pt\/"],"url":"https:\/\/portaltela.pt\/por\/367410592786\/"}]}},"_links":{"self":[{"href":"https:\/\/portaltela.pt\/api\/wp\/v2\/posts\/158935","targetHints":{"allow":["GET"]}}],"collection":[{"href":"https:\/\/portaltela.pt\/api\/wp\/v2\/posts"}],"about":[{"href":"https:\/\/portaltela.pt\/api\/wp\/v2\/types\/post"}],"author":[{"embeddable":true,"href":"https:\/\/portaltela.pt\/api\/wp\/v2\/users\/2"}],"replies":[{"embeddable":true,"href":"https:\/\/portaltela.pt\/api\/wp\/v2\/comments?post=158935"}],"version-history":[{"count":0,"href":"https:\/\/portaltela.pt\/api\/wp\/v2\/posts\/158935\/revisions"}],"wp:featuredmedia":[{"embeddable":true,"href":"https:\/\/portaltela.pt\/api\/wp\/v2\/media\/158947"}],"wp:attachment":[{"href":"https:\/\/portaltela.pt\/api\/wp\/v2\/media?parent=158935"}],"wp:term":[{"taxonomy":"category","embeddable":true,"href":"https:\/\/portaltela.pt\/api\/wp\/v2\/categories?post=158935"},{"taxonomy":"post_tag","embeddable":true,"href":"https:\/\/portaltela.pt\/api\/wp\/v2\/tags?post=158935"}],"curies":[{"name":"wp","href":"https:\/\/api.w.org\/{rel}","templated":true}]}}