{"id":158872,"date":"2026-01-21T06:15:00","date_gmt":"2026-01-21T09:15:00","guid":{"rendered":"https:\/\/portaltela.pt\/noticias\/2026\/01\/21\/seguro-teme-debater-com-ventura\/"},"modified":"2026-01-21T06:15:00","modified_gmt":"2026-01-21T09:15:00","slug":"seguro-teme-debater-com-ventura","status":"publish","type":"post","link":"https:\/\/portaltela.pt\/noticias\/politica\/2026\/01\/21\/seguro-teme-debater-com-ventura\/","title":{"rendered":"Seguro teme debater com Ventura"},"content":{"rendered":"<p>Seguro enfrenta uma tens\u00e3o crescente no confronto com Ventura, ap\u00f3s o in\u00edcio da fase decisiva da campanha. A percep\u00e7\u00e3o de dom\u00ednio de Ventura em estrat\u00e9gias psicol\u00f3gicas contrasta com a hesita\u00e7\u00e3o de Seguro em enfrentar esse estilo, criando um debate acalorado entre apoiantes.<\/p>\n<p>Na dire\u00e7\u00e3o da candidatura, observa-se uma fissura entre os indecisos, com a AD a evidenciar uma linha de separa\u00e7\u00e3o entre os dois candidatos. A leitura p\u00fablica aponta para uma disputa marcada por mensagens e estrat\u00e9gias distintas.<\/p>\n<p>Cotirm Figueiredo ganha destaque entre os jovens, enquanto Seguro mant\u00e9m maior apoio entre as mulheres. A din\u00e2mica gera perguntas sobre como esse equil\u00edbrio pode influenciar o rumo da segunda volta.<\/p>\n<p>Montenegro permanece em sil\u00eancio p\u00fablico, o que alimenta leituras cr\u00edticas sobre o apoio de figuras pr\u00f3ximas. Ventura, por outro lado, utiliza megafone para ampliar o discurso junto de diferentes segmentos do eleitorado.<\/p>\n<p>O cen\u00e1rio p\u00f3s-elei\u00e7\u00f5es sugere que Montenegro poder\u00e1 ter impacto na percep\u00e7\u00e3o de voto, caso n\u00e3o se afirme explicitamente com Seguro. A cada dia, a rela\u00e7\u00e3o entre apoios e desfechos ganha mais relev\u00e2ncia.<\/p>\n<p>H\u00e1 quem pergunte se Seguro e Ventura est\u00e3o prontos para uma segunda volta, com mensagens j\u00e1 alinhadas para consolidar apoios. A discuss\u00e3o p\u00fablica continua a evoluir, em ritmo acelerado.<\/p>\n<p>Sondagens continuam a influenciar o eleitorado, ou apenas refletir as estrat\u00e9gias usadas pelos candidatos? As leituras variam conforme a fonte e o m\u00e9todo de recolha de dados.<\/p>\n<p>O dia de reflex\u00e3o \u00e9 visto por muitos como um marco para reajustes de mensagens e posicionamento. Analistas refletem sobre o peso de decis\u00f5es e de propostas apresentadas.<\/p>\n<p>Quais ser\u00e3o os pr\u00f3ximos passos de Cotrim Figueiredo? O candidato mant\u00e9m-se na vitrine medi\u00e1tica, enquanto Marques Mendes e outros nomes da coliga\u00e7\u00e3o ficam sob escrut\u00ednio.<\/p>\n<p>No balan\u00e7o da campanha, Seguro \u00e9 apresentado como vencedor de alguns momentos, enquanto Marques Mendes \u00e9 visto como derrotado por parte do eleitorado. O desfecho permanece aberto.<\/p>\n","protected":false},"excerpt":{"rendered":"<ul>\n<li>Ventura \u00e9 visto como mestre do jogo psicol\u00f3gico; Seguro parece evitar o confronto, com a divis\u00e3o de indecisos entre os dois candidatos a presid\u00eancia cada vez mais clara.<\/li>\n<li>O sil\u00eancio de Montenegro contrasta com o megafone de Ventura, segundo a mat\u00e9ria.<\/li>\n<li>Cotrim Figueiredo aparece como favorito entre os jovens, enquanto Seguro \u00e9 apresentado como o favorito entre as mulheres.<\/li>\n<li>Montenegro pode legitimar o voto em Ventura ao n\u00e3o apoiar Seguro, abrindo caminho para uma segunda volta.<\/li>\n<li>O panorama p\u00f3s-elei\u00e7\u00f5es levanta d\u00favidas sobre se as sondagens influenciam o eleitorado ou se s\u00e3o influenciadas por eleitores e candidatos, com a possibilidade de Cotrim Figueiredo sair vencedor.<\/li>\n<\/ul>\n","protected":false},"author":2,"featured_media":158897,"comment_status":"closed","ping_status":"closed","sticky":false,"template":"","format":"standard","meta":{"footnotes":""},"categories":[1,5],"tags":[3423,823,2678,68,2832,2558],"class_list":["post-158872","post","type-post","status-publish","format-standard","has-post-thumbnail","hentry","category-noticias","category-politica","tag-a-iniciativa-liberal","tag-campanha","tag-cotrim-de-figueiredo","tag-eleicoes","tag-politica","tag-ventura"],"yoast_head":"<!-- This site is optimized with the Yoast SEO plugin v27.2 - https:\/\/yoast.com\/product\/yoast-seo-wordpress\/ -->\n<title>Seguro teme debater com Ventura - Portal Tela Portugal<\/title>\n<meta name=\"robots\" content=\"index, follow, max-snippet:-1, max-image-preview:large, max-video-preview:-1\" \/>\n<meta property=\"og:locale\" content=\"pt_PT\" \/>\n<meta property=\"og:type\" content=\"article\" \/>\n<meta property=\"og:title\" content=\"Seguro teme debater com Ventura - Portal Tela Portugal\" \/>\n<meta property=\"og:description\" content=\"Ventura \u00e9 visto como mestre do jogo psicol\u00f3gico; Seguro parece evitar o confronto, com a divis\u00e3o de indecisos entre os dois candidatos a presid\u00eancia cada vez mais clara. O sil\u00eancio de Montenegro contrasta com o megafone de Ventura, segundo a mat\u00e9ria. Cotrim Figueiredo aparece como favorito entre os jovens, enquanto Seguro \u00e9 apresentado como o favorito entre as mulheres. Montenegro pode legitimar o voto em Ventura ao n\u00e3o apoiar Seguro, abrindo caminho para uma segunda volta. O panorama p\u00f3s-elei\u00e7\u00f5es levanta d\u00favidas sobre se as sondagens influenciam o eleitorado ou se s\u00e3o influenciadas por eleitores e candidatos, com a possibilidade de Cotrim Figueiredo sair vencedor.\" \/>\n<meta property=\"og:url\" content=\"https:\/\/portaltela.pt\/noticias\/2026\/01\/21\/seguro-teme-debater-com-ventura\/\" \/>\n<meta property=\"og:site_name\" content=\"Portal Tela Portugal\" \/>\n<meta property=\"article:published_time\" content=\"2026-01-21T09:15:00+00:00\" \/>\n<meta name=\"author\" content=\"Telinha\" \/>\n<meta name=\"twitter:card\" content=\"summary_large_image\" \/>\n<meta name=\"twitter:label1\" content=\"Escrito por\" \/>\n\t<meta name=\"twitter:data1\" content=\"Telinha\" \/>\n\t<meta name=\"twitter:label2\" content=\"Tempo estimado de leitura\" \/>\n\t<meta name=\"twitter:data2\" content=\"2 minutos\" \/>\n<script type=\"application\/ld+json\" class=\"yoast-schema-graph\">{\"@context\":\"https:\/\/schema.org\",\"@graph\":[{\"@type\":\"Article\",\"@id\":\"https:\/\/portaltela.pt\/noticias\/2026\/01\/21\/seguro-teme-debater-com-ventura\/#article\",\"isPartOf\":{\"@id\":\"https:\/\/portaltela.pt\/noticias\/2026\/01\/21\/seguro-teme-debater-com-ventura\/\"},\"author\":{\"name\":\"Telinha\",\"@id\":\"https:\/\/portaltela.pt\/#\/schema\/person\/c4278d4a6028830caff9ee44b42d32ed\"},\"headline\":\"Seguro teme debater com Ventura\",\"datePublished\":\"2026-01-21T09:15:00+00:00\",\"mainEntityOfPage\":{\"@id\":\"https:\/\/portaltela.pt\/noticias\/2026\/01\/21\/seguro-teme-debater-com-ventura\/\"},\"wordCount\":350,\"image\":{\"@id\":\"https:\/\/portaltela.pt\/noticias\/2026\/01\/21\/seguro-teme-debater-com-ventura\/#primaryimage\"},\"thumbnailUrl\":\"https:\/\/portaltela.pt\/s.01k8rhncp4jt1\/2026\/01\/770-podcast-e-o-vencedor-e-21.jpg\",\"keywords\":[\"A Iniciativa Liberal\",\"campanha\",\"Cotrim de Figueiredo\",\"elei\u00e7\u00f5es\",\"pol\u00edtica\",\"Ventura\"],\"articleSection\":[\"Not\u00edcias\",\"Pol\u00edtica\"],\"inLanguage\":\"pt-PT\"},{\"@type\":\"WebPage\",\"@id\":\"https:\/\/portaltela.pt\/noticias\/2026\/01\/21\/seguro-teme-debater-com-ventura\/\",\"url\":\"https:\/\/portaltela.pt\/noticias\/2026\/01\/21\/seguro-teme-debater-com-ventura\/\",\"name\":\"Seguro teme debater com Ventura - Portal Tela Portugal\",\"isPartOf\":{\"@id\":\"https:\/\/portaltela.pt\/#website\"},\"primaryImageOfPage\":{\"@id\":\"https:\/\/portaltela.pt\/noticias\/2026\/01\/21\/seguro-teme-debater-com-ventura\/#primaryimage\"},\"image\":{\"@id\":\"https:\/\/portaltela.pt\/noticias\/2026\/01\/21\/seguro-teme-debater-com-ventura\/#primaryimage\"},\"thumbnailUrl\":\"https:\/\/portaltela.pt\/s.01k8rhncp4jt1\/2026\/01\/770-podcast-e-o-vencedor-e-21.jpg\",\"datePublished\":\"2026-01-21T09:15:00+00:00\",\"author\":{\"@id\":\"https:\/\/portaltela.pt\/#\/schema\/person\/c4278d4a6028830caff9ee44b42d32ed\"},\"breadcrumb\":{\"@id\":\"https:\/\/portaltela.pt\/noticias\/2026\/01\/21\/seguro-teme-debater-com-ventura\/#breadcrumb\"},\"inLanguage\":\"pt-PT\",\"potentialAction\":[{\"@type\":\"ReadAction\",\"target\":[\"https:\/\/portaltela.pt\/noticias\/2026\/01\/21\/seguro-teme-debater-com-ventura\/\"]}]},{\"@type\":\"ImageObject\",\"inLanguage\":\"pt-PT\",\"@id\":\"https:\/\/portaltela.pt\/noticias\/2026\/01\/21\/seguro-teme-debater-com-ventura\/#primaryimage\",\"url\":\"https:\/\/portaltela.pt\/s.01k8rhncp4jt1\/2026\/01\/770-podcast-e-o-vencedor-e-21.jpg\",\"contentUrl\":\"https:\/\/portaltela.pt\/s.01k8rhncp4jt1\/2026\/01\/770-podcast-e-o-vencedor-e-21.jpg\",\"width\":796,\"height\":448,\"caption\":\"Photo\"},{\"@type\":\"BreadcrumbList\",\"@id\":\"https:\/\/portaltela.pt\/noticias\/2026\/01\/21\/seguro-teme-debater-com-ventura\/#breadcrumb\",\"itemListElement\":[{\"@type\":\"ListItem\",\"position\":1,\"name\":\"In\u00edcio\",\"item\":\"https:\/\/portaltela.pt\/\"},{\"@type\":\"ListItem\",\"position\":2,\"name\":\"Seguro teme debater com Ventura\"}]},{\"@type\":\"WebSite\",\"@id\":\"https:\/\/portaltela.pt\/#website\",\"url\":\"https:\/\/portaltela.pt\/\",\"name\":\"Portal Tela Portugal\",\"description\":\"\",\"potentialAction\":[{\"@type\":\"SearchAction\",\"target\":{\"@type\":\"EntryPoint\",\"urlTemplate\":\"https:\/\/portaltela.pt\/?s={search_term_string}\"},\"query-input\":{\"@type\":\"PropertyValueSpecification\",\"valueRequired\":true,\"valueName\":\"search_term_string\"}}],\"inLanguage\":\"pt-PT\"},{\"@type\":\"Person\",\"@id\":\"https:\/\/portaltela.pt\/#\/schema\/person\/c4278d4a6028830caff9ee44b42d32ed\",\"name\":\"Telinha\",\"image\":{\"@type\":\"ImageObject\",\"inLanguage\":\"pt-PT\",\"@id\":\"https:\/\/portaltela.pt\/s.01k8rhncp4jt1\/2025\/11\/talking-bot-125x125.png\",\"url\":\"https:\/\/portaltela.pt\/s.01k8rhncp4jt1\/2025\/11\/talking-bot-125x125.png\",\"contentUrl\":\"https:\/\/portaltela.pt\/s.01k8rhncp4jt1\/2025\/11\/talking-bot-125x125.png\",\"caption\":\"Telinha\"},\"sameAs\":[\"https:\/\/portaltela.pt\/\"],\"url\":\"https:\/\/portaltela.pt\/por\/367410592786\/\"}]}<\/script>\n<!-- \/ Yoast SEO plugin. -->","yoast_head_json":{"title":"Seguro teme debater com Ventura - Portal Tela Portugal","robots":{"index":"index","follow":"follow","max-snippet":"max-snippet:-1","max-image-preview":"max-image-preview:large","max-video-preview":"max-video-preview:-1"},"og_locale":"pt_PT","og_type":"article","og_title":"Seguro teme debater com Ventura - Portal Tela Portugal","og_description":"Ventura \u00e9 visto como mestre do jogo psicol\u00f3gico; Seguro parece evitar o confronto, com a divis\u00e3o de indecisos entre os dois candidatos a presid\u00eancia cada vez mais clara. O sil\u00eancio de Montenegro contrasta com o megafone de Ventura, segundo a mat\u00e9ria. Cotrim Figueiredo aparece como favorito entre os jovens, enquanto Seguro \u00e9 apresentado como o favorito entre as mulheres. Montenegro pode legitimar o voto em Ventura ao n\u00e3o apoiar Seguro, abrindo caminho para uma segunda volta. O panorama p\u00f3s-elei\u00e7\u00f5es levanta d\u00favidas sobre se as sondagens influenciam o eleitorado ou se s\u00e3o influenciadas por eleitores e candidatos, com a possibilidade de Cotrim Figueiredo sair vencedor.","og_url":"https:\/\/portaltela.pt\/noticias\/2026\/01\/21\/seguro-teme-debater-com-ventura\/","og_site_name":"Portal Tela Portugal","article_published_time":"2026-01-21T09:15:00+00:00","author":"Telinha","twitter_card":"summary_large_image","twitter_misc":{"Escrito por":"Telinha","Tempo estimado de leitura":"2 minutos"},"schema":{"@context":"https:\/\/schema.org","@graph":[{"@type":"Article","@id":"https:\/\/portaltela.pt\/noticias\/2026\/01\/21\/seguro-teme-debater-com-ventura\/#article","isPartOf":{"@id":"https:\/\/portaltela.pt\/noticias\/2026\/01\/21\/seguro-teme-debater-com-ventura\/"},"author":{"name":"Telinha","@id":"https:\/\/portaltela.pt\/#\/schema\/person\/c4278d4a6028830caff9ee44b42d32ed"},"headline":"Seguro teme debater com Ventura","datePublished":"2026-01-21T09:15:00+00:00","mainEntityOfPage":{"@id":"https:\/\/portaltela.pt\/noticias\/2026\/01\/21\/seguro-teme-debater-com-ventura\/"},"wordCount":350,"image":{"@id":"https:\/\/portaltela.pt\/noticias\/2026\/01\/21\/seguro-teme-debater-com-ventura\/#primaryimage"},"thumbnailUrl":"https:\/\/portaltela.pt\/s.01k8rhncp4jt1\/2026\/01\/770-podcast-e-o-vencedor-e-21.jpg","keywords":["A Iniciativa Liberal","campanha","Cotrim de Figueiredo","elei\u00e7\u00f5es","pol\u00edtica","Ventura"],"articleSection":["Not\u00edcias","Pol\u00edtica"],"inLanguage":"pt-PT"},{"@type":"WebPage","@id":"https:\/\/portaltela.pt\/noticias\/2026\/01\/21\/seguro-teme-debater-com-ventura\/","url":"https:\/\/portaltela.pt\/noticias\/2026\/01\/21\/seguro-teme-debater-com-ventura\/","name":"Seguro teme debater com Ventura - Portal Tela Portugal","isPartOf":{"@id":"https:\/\/portaltela.pt\/#website"},"primaryImageOfPage":{"@id":"https:\/\/portaltela.pt\/noticias\/2026\/01\/21\/seguro-teme-debater-com-ventura\/#primaryimage"},"image":{"@id":"https:\/\/portaltela.pt\/noticias\/2026\/01\/21\/seguro-teme-debater-com-ventura\/#primaryimage"},"thumbnailUrl":"https:\/\/portaltela.pt\/s.01k8rhncp4jt1\/2026\/01\/770-podcast-e-o-vencedor-e-21.jpg","datePublished":"2026-01-21T09:15:00+00:00","author":{"@id":"https:\/\/portaltela.pt\/#\/schema\/person\/c4278d4a6028830caff9ee44b42d32ed"},"breadcrumb":{"@id":"https:\/\/portaltela.pt\/noticias\/2026\/01\/21\/seguro-teme-debater-com-ventura\/#breadcrumb"},"inLanguage":"pt-PT","potentialAction":[{"@type":"ReadAction","target":["https:\/\/portaltela.pt\/noticias\/2026\/01\/21\/seguro-teme-debater-com-ventura\/"]}]},{"@type":"ImageObject","inLanguage":"pt-PT","@id":"https:\/\/portaltela.pt\/noticias\/2026\/01\/21\/seguro-teme-debater-com-ventura\/#primaryimage","url":"https:\/\/portaltela.pt\/s.01k8rhncp4jt1\/2026\/01\/770-podcast-e-o-vencedor-e-21.jpg","contentUrl":"https:\/\/portaltela.pt\/s.01k8rhncp4jt1\/2026\/01\/770-podcast-e-o-vencedor-e-21.jpg","width":796,"height":448,"caption":"Photo"},{"@type":"BreadcrumbList","@id":"https:\/\/portaltela.pt\/noticias\/2026\/01\/21\/seguro-teme-debater-com-ventura\/#breadcrumb","itemListElement":[{"@type":"ListItem","position":1,"name":"In\u00edcio","item":"https:\/\/portaltela.pt\/"},{"@type":"ListItem","position":2,"name":"Seguro teme debater com Ventura"}]},{"@type":"WebSite","@id":"https:\/\/portaltela.pt\/#website","url":"https:\/\/portaltela.pt\/","name":"Portal Tela Portugal","description":"","potentialAction":[{"@type":"SearchAction","target":{"@type":"EntryPoint","urlTemplate":"https:\/\/portaltela.pt\/?s={search_term_string}"},"query-input":{"@type":"PropertyValueSpecification","valueRequired":true,"valueName":"search_term_string"}}],"inLanguage":"pt-PT"},{"@type":"Person","@id":"https:\/\/portaltela.pt\/#\/schema\/person\/c4278d4a6028830caff9ee44b42d32ed","name":"Telinha","image":{"@type":"ImageObject","inLanguage":"pt-PT","@id":"https:\/\/portaltela.pt\/s.01k8rhncp4jt1\/2025\/11\/talking-bot-125x125.png","url":"https:\/\/portaltela.pt\/s.01k8rhncp4jt1\/2025\/11\/talking-bot-125x125.png","contentUrl":"https:\/\/portaltela.pt\/s.01k8rhncp4jt1\/2025\/11\/talking-bot-125x125.png","caption":"Telinha"},"sameAs":["https:\/\/portaltela.pt\/"],"url":"https:\/\/portaltela.pt\/por\/367410592786\/"}]}},"_links":{"self":[{"href":"https:\/\/portaltela.pt\/api\/wp\/v2\/posts\/158872","targetHints":{"allow":["GET"]}}],"collection":[{"href":"https:\/\/portaltela.pt\/api\/wp\/v2\/posts"}],"about":[{"href":"https:\/\/portaltela.pt\/api\/wp\/v2\/types\/post"}],"author":[{"embeddable":true,"href":"https:\/\/portaltela.pt\/api\/wp\/v2\/users\/2"}],"replies":[{"embeddable":true,"href":"https:\/\/portaltela.pt\/api\/wp\/v2\/comments?post=158872"}],"version-history":[{"count":0,"href":"https:\/\/portaltela.pt\/api\/wp\/v2\/posts\/158872\/revisions"}],"wp:featuredmedia":[{"embeddable":true,"href":"https:\/\/portaltela.pt\/api\/wp\/v2\/media\/158897"}],"wp:attachment":[{"href":"https:\/\/portaltela.pt\/api\/wp\/v2\/media?parent=158872"}],"wp:term":[{"taxonomy":"category","embeddable":true,"href":"https:\/\/portaltela.pt\/api\/wp\/v2\/categories?post=158872"},{"taxonomy":"post_tag","embeddable":true,"href":"https:\/\/portaltela.pt\/api\/wp\/v2\/tags?post=158872"}],"curies":[{"name":"wp","href":"https:\/\/api.w.org\/{rel}","templated":true}]}}