{"id":158836,"date":"2026-01-21T06:00:00","date_gmt":"2026-01-21T09:00:00","guid":{"rendered":"https:\/\/portaltela.pt\/noticias\/2026\/01\/21\/42-arguidos-vao-a-julgamento-por-burlas-relacionadas-com-viagens-aereas\/"},"modified":"2026-01-21T06:00:00","modified_gmt":"2026-01-21T09:00:00","slug":"42-arguidos-vao-a-julgamento-por-burlas-relacionadas-com-viagens-aereas","status":"publish","type":"post","link":"https:\/\/portaltela.pt\/noticias\/2026\/01\/21\/42-arguidos-vao-a-julgamento-por-burlas-relacionadas-com-viagens-aereas\/","title":{"rendered":"42 arguidos v\u00e3o a julgamento por burlas relacionadas com viagens a\u00e9reas"},"content":{"rendered":"<p>O Tribunal da Comarca da Madeira iniciou na ter\u00e7a-feira o julgamento de uma rede acusada de falsificar viagens a\u00e9reas e de beneficiar indevidamente do Subs\u00eddio Social de Mobilidade nos CTT. Ao todo, 42 arguidos s\u00e3o envolvidos, sendo que 30 estiveram presentes no arranque do processo.<\/p>\n<p>O julgamento decorre num audit\u00f3rio do Instituto de Seguran\u00e7a Social da regi\u00e3o, no Funchal, porque o tribunal n\u00e3o disp\u00f5e de espa\u00e7o para todos os intervenientes. O coletivo de ju\u00edzes \u00e9 presidido por Teresa de Sousa. Alguns arguidos j\u00e1 prestaram declara\u00e7\u00f5es, outros aguardam a sua vez.<\/p>\n<p>A acusa\u00e7\u00e3o, apresentada pelo Minist\u00e9rio P\u00fablico, defende que a rede movimentou cerca de 529 mil euros do Subs\u00eddio Social de Mobilidade. O reembolso destinava-se a cobrir parte do custo de viagens a\u00e9reas entre Madeira, A\u00e7ores e continente.<\/p>\n<p>Entre os crimes imputados est\u00e3o burla qualificada, falsifica\u00e7\u00e3o de documentos e associa\u00e7\u00e3o criminosa. Dos 42 arguidos, dois s\u00e3o residentes no estrangeiro e ser\u00e3o julgados separadamente por terem ficado fora de territ\u00f3rio nacional na altura do processo.<\/p>\n<p>A primeira arguida a depor, ex-namorada do alegado l\u00edder J. Silva, admitiu cerca de 50 levantamentos de reembolsos indicados pelo ent\u00e3o parceiro. A testemunha afirmou ter sido coagida pela rela\u00e7\u00e3o conturbada a cometer os crimes, com o l\u00edder a falsificar documenta\u00e7\u00e3o e a ficar com a maior parte dos valores.<\/p>\n<p>Outros dois arguidos tamb\u00e9m reconheceram a pr\u00e1tica criminosa, afirmando ter sido recrutados por L. Vieira, em pris\u00e3o preventiva. Esses dois homens admitiram que as viagens inclu\u00edam desloca\u00e7\u00f5es ao territ\u00f3rio continental.<\/p>\n<p>Este julgamento resulta da opera\u00e7\u00e3o Rota do Viajante II, com o inqu\u00e9rito a cargo do DIAP de Loures e a colabora\u00e7\u00e3o da Pol\u00edcia Judici\u00e1ria. A investiga\u00e7\u00e3o visa apurar a ilegitimidade de parte dos reembolsos atribu\u00eddos pelo Subs\u00eddio Social de Mobilidade.<\/p>\n<p>O subs\u00eddio \u00e9 destinado a residentes da Madeira e dos A\u00e7ores, para reduzir o custo de viagens entre as ilhas e o continente, dentro de limites definidos para cada arquip\u00e9lago. Uma plataforma eletr\u00f3nica de pedidos entrou em vigor este m\u00eas, substituindo os pedidos presenciais nos CTT.<\/p>\n","protected":false},"excerpt":{"rendered":"<ul>\n<li>O Tribunal da Comarca da Madeira iniciou, na ter\u00e7a-feira, o julgamento de uma rede acusada de falsificar viagens a\u00e9reas e de receber indevidamente o Subs\u00eddio Social de Mobilidade nos CTT, envolvendo 42 arguidos; 30 estiveram presentes, dois em pris\u00e3o preventiva.<\/li>\n<li>A acusa\u00e7\u00e3o aponta crimes de burla qualificada, falsifica\u00e7\u00e3o de documentos e associa\u00e7\u00e3o criminosa, com preju\u00edzo de cerca de 529 mil euros em reembolsos.<\/li>\n<li>Entre os arguidos, duas pessoas declararam-se culpadas; a ex-namorada do alegado l\u00edder, J. Silva, afirmou ter feito cerca de 50 levantamentos e que foi coagida a cometer os crimes.<\/li>\n<li>A testemunha indicou que o l\u00edder falsificava documenta\u00e7\u00e3o e ficava com a maior parte do dinheiro, enquanto outros arguidos admitiram ter viajado para o continente ap\u00f3s surgirem numa lista negra nas esta\u00e7\u00f5es dos CTT.<\/li>\n<li>O caso resulta da opera\u00e7\u00e3o Rota do Viajante II, sob dire\u00e7\u00e3o do Minist\u00e9rio P\u00fablico do DIAP de Loures com a participa\u00e7\u00e3o da Pol\u00edcia Judici\u00e1ria; recentemente entrou em vigor a plataforma eletr\u00f3nica para pedidos de reembolso, substituindo atendimentos nos CTT.<\/li>\n<\/ul>\n","protected":false},"author":2,"featured_media":158856,"comment_status":"closed","ping_status":"closed","sticky":false,"template":"","format":"standard","meta":{"footnotes":""},"categories":[1],"tags":[822,3061,260,859,2575,71],"class_list":["post-158836","post","type-post","status-publish","format-standard","has-post-thumbnail","hentry","category-noticias","tag-acores","tag-burlas-qualificada","tag-falsificacao-de-documentos","tag-madeira","tag-subsidio-social","tag-viagens"],"yoast_head":"<!-- This site is optimized with the Yoast SEO plugin v27.2 - https:\/\/yoast.com\/product\/yoast-seo-wordpress\/ -->\n<title>42 arguidos v\u00e3o a julgamento por burlas relacionadas com viagens a\u00e9reas - Portal Tela Portugal<\/title>\n<meta name=\"robots\" content=\"index, follow, max-snippet:-1, max-image-preview:large, max-video-preview:-1\" \/>\n<meta property=\"og:locale\" content=\"pt_PT\" \/>\n<meta property=\"og:type\" content=\"article\" \/>\n<meta property=\"og:title\" content=\"42 arguidos v\u00e3o a julgamento por burlas relacionadas com viagens a\u00e9reas - Portal Tela Portugal\" \/>\n<meta property=\"og:description\" content=\"O Tribunal da Comarca da Madeira iniciou, na ter\u00e7a-feira, o julgamento de uma rede acusada de falsificar viagens a\u00e9reas e de receber indevidamente o Subs\u00eddio Social de Mobilidade nos CTT, envolvendo 42 arguidos; 30 estiveram presentes, dois em pris\u00e3o preventiva. A acusa\u00e7\u00e3o aponta crimes de burla qualificada, falsifica\u00e7\u00e3o de documentos e associa\u00e7\u00e3o criminosa, com preju\u00edzo de cerca de 529 mil euros em reembolsos. Entre os arguidos, duas pessoas declararam-se culpadas; a ex-namorada do alegado l\u00edder, J. Silva, afirmou ter feito cerca de 50 levantamentos e que foi coagida a cometer os crimes. A testemunha indicou que o l\u00edder falsificava documenta\u00e7\u00e3o e ficava com a maior parte do dinheiro, enquanto outros arguidos admitiram ter viajado para o continente ap\u00f3s surgirem numa lista negra nas esta\u00e7\u00f5es dos CTT. O caso resulta da opera\u00e7\u00e3o Rota do Viajante II, sob dire\u00e7\u00e3o do Minist\u00e9rio P\u00fablico do DIAP de Loures com a participa\u00e7\u00e3o da Pol\u00edcia Judici\u00e1ria; recentemente entrou em vigor a plataforma eletr\u00f3nica para pedidos de reembolso, substituindo atendimentos nos CTT.\" \/>\n<meta property=\"og:url\" content=\"https:\/\/portaltela.pt\/noticias\/2026\/01\/21\/42-arguidos-vao-a-julgamento-por-burlas-relacionadas-com-viagens-aereas\/\" \/>\n<meta property=\"og:site_name\" content=\"Portal Tela Portugal\" \/>\n<meta property=\"article:published_time\" content=\"2026-01-21T09:00:00+00:00\" \/>\n<meta name=\"author\" content=\"Telinha\" \/>\n<meta name=\"twitter:card\" content=\"summary_large_image\" \/>\n<meta name=\"twitter:label1\" content=\"Escrito por\" \/>\n\t<meta name=\"twitter:data1\" content=\"Telinha\" \/>\n\t<meta name=\"twitter:label2\" content=\"Tempo estimado de leitura\" \/>\n\t<meta name=\"twitter:data2\" content=\"2 minutos\" \/>\n<script type=\"application\/ld+json\" class=\"yoast-schema-graph\">{\"@context\":\"https:\/\/schema.org\",\"@graph\":[{\"@type\":\"Article\",\"@id\":\"https:\/\/portaltela.pt\/noticias\/2026\/01\/21\/42-arguidos-vao-a-julgamento-por-burlas-relacionadas-com-viagens-aereas\/#article\",\"isPartOf\":{\"@id\":\"https:\/\/portaltela.pt\/noticias\/2026\/01\/21\/42-arguidos-vao-a-julgamento-por-burlas-relacionadas-com-viagens-aereas\/\"},\"author\":{\"name\":\"Telinha\",\"@id\":\"https:\/\/portaltela.pt\/#\/schema\/person\/c4278d4a6028830caff9ee44b42d32ed\"},\"headline\":\"42 arguidos v\u00e3o a julgamento por burlas relacionadas com viagens a\u00e9reas\",\"datePublished\":\"2026-01-21T09:00:00+00:00\",\"mainEntityOfPage\":{\"@id\":\"https:\/\/portaltela.pt\/noticias\/2026\/01\/21\/42-arguidos-vao-a-julgamento-por-burlas-relacionadas-com-viagens-aereas\/\"},\"wordCount\":382,\"image\":{\"@id\":\"https:\/\/portaltela.pt\/noticias\/2026\/01\/21\/42-arguidos-vao-a-julgamento-por-burlas-relacionadas-com-viagens-aereas\/#primaryimage\"},\"thumbnailUrl\":\"https:\/\/portaltela.pt\/s.01k8rhncp4jt1\/2026\/01\/30554467.jpg\",\"keywords\":[\"A\u00e7ores\",\"burlas qualificada\",\"falsifica\u00e7\u00e3o de documentos\",\"Madeira\",\"Subs\u00eddio Social\",\"viagens\"],\"articleSection\":[\"Not\u00edcias\"],\"inLanguage\":\"pt-PT\"},{\"@type\":\"WebPage\",\"@id\":\"https:\/\/portaltela.pt\/noticias\/2026\/01\/21\/42-arguidos-vao-a-julgamento-por-burlas-relacionadas-com-viagens-aereas\/\",\"url\":\"https:\/\/portaltela.pt\/noticias\/2026\/01\/21\/42-arguidos-vao-a-julgamento-por-burlas-relacionadas-com-viagens-aereas\/\",\"name\":\"42 arguidos v\u00e3o a julgamento por burlas relacionadas com viagens a\u00e9reas - Portal Tela Portugal\",\"isPartOf\":{\"@id\":\"https:\/\/portaltela.pt\/#website\"},\"primaryImageOfPage\":{\"@id\":\"https:\/\/portaltela.pt\/noticias\/2026\/01\/21\/42-arguidos-vao-a-julgamento-por-burlas-relacionadas-com-viagens-aereas\/#primaryimage\"},\"image\":{\"@id\":\"https:\/\/portaltela.pt\/noticias\/2026\/01\/21\/42-arguidos-vao-a-julgamento-por-burlas-relacionadas-com-viagens-aereas\/#primaryimage\"},\"thumbnailUrl\":\"https:\/\/portaltela.pt\/s.01k8rhncp4jt1\/2026\/01\/30554467.jpg\",\"datePublished\":\"2026-01-21T09:00:00+00:00\",\"author\":{\"@id\":\"https:\/\/portaltela.pt\/#\/schema\/person\/c4278d4a6028830caff9ee44b42d32ed\"},\"breadcrumb\":{\"@id\":\"https:\/\/portaltela.pt\/noticias\/2026\/01\/21\/42-arguidos-vao-a-julgamento-por-burlas-relacionadas-com-viagens-aereas\/#breadcrumb\"},\"inLanguage\":\"pt-PT\",\"potentialAction\":[{\"@type\":\"ReadAction\",\"target\":[\"https:\/\/portaltela.pt\/noticias\/2026\/01\/21\/42-arguidos-vao-a-julgamento-por-burlas-relacionadas-com-viagens-aereas\/\"]}]},{\"@type\":\"ImageObject\",\"inLanguage\":\"pt-PT\",\"@id\":\"https:\/\/portaltela.pt\/noticias\/2026\/01\/21\/42-arguidos-vao-a-julgamento-por-burlas-relacionadas-com-viagens-aereas\/#primaryimage\",\"url\":\"https:\/\/portaltela.pt\/s.01k8rhncp4jt1\/2026\/01\/30554467.jpg\",\"contentUrl\":\"https:\/\/portaltela.pt\/s.01k8rhncp4jt1\/2026\/01\/30554467.jpg\",\"width\":796,\"height\":448,\"caption\":\"Chegaram esta noite ao Aeroporto Internacional da Madeira num avi\u00e3o C130 da For\u00e7a A\u00e9rea Portuguesa (FAP) tr\u00eas doentes dos cuidados intensivos de hospitais de Lisboa para o hospital N\u00e9lio Mendon\u00e7a, Santa Cruz, Madeira, 29 de janeiro de 2021. Na quinta-feira, o presidente do Governo da Madeira manifestou a \\\"disponibilidade total\\\" da regi\u00e3o para receber doentes com covid-19 do continente, na sequ\u00eancia da \\\"sobrecarga\\\" que se verifica nos hospitais de Portugal continental. HOMEM DE GOUVEIA\/LUSA\"},{\"@type\":\"BreadcrumbList\",\"@id\":\"https:\/\/portaltela.pt\/noticias\/2026\/01\/21\/42-arguidos-vao-a-julgamento-por-burlas-relacionadas-com-viagens-aereas\/#breadcrumb\",\"itemListElement\":[{\"@type\":\"ListItem\",\"position\":1,\"name\":\"In\u00edcio\",\"item\":\"https:\/\/portaltela.pt\/\"},{\"@type\":\"ListItem\",\"position\":2,\"name\":\"42 arguidos v\u00e3o a julgamento por burlas relacionadas com viagens a\u00e9reas\"}]},{\"@type\":\"WebSite\",\"@id\":\"https:\/\/portaltela.pt\/#website\",\"url\":\"https:\/\/portaltela.pt\/\",\"name\":\"Portal Tela Portugal\",\"description\":\"\",\"potentialAction\":[{\"@type\":\"SearchAction\",\"target\":{\"@type\":\"EntryPoint\",\"urlTemplate\":\"https:\/\/portaltela.pt\/?s={search_term_string}\"},\"query-input\":{\"@type\":\"PropertyValueSpecification\",\"valueRequired\":true,\"valueName\":\"search_term_string\"}}],\"inLanguage\":\"pt-PT\"},{\"@type\":\"Person\",\"@id\":\"https:\/\/portaltela.pt\/#\/schema\/person\/c4278d4a6028830caff9ee44b42d32ed\",\"name\":\"Telinha\",\"image\":{\"@type\":\"ImageObject\",\"inLanguage\":\"pt-PT\",\"@id\":\"https:\/\/portaltela.pt\/s.01k8rhncp4jt1\/2025\/11\/talking-bot-125x125.png\",\"url\":\"https:\/\/portaltela.pt\/s.01k8rhncp4jt1\/2025\/11\/talking-bot-125x125.png\",\"contentUrl\":\"https:\/\/portaltela.pt\/s.01k8rhncp4jt1\/2025\/11\/talking-bot-125x125.png\",\"caption\":\"Telinha\"},\"sameAs\":[\"https:\/\/portaltela.pt\/\"],\"url\":\"https:\/\/portaltela.pt\/por\/367410592786\/\"}]}<\/script>\n<!-- \/ Yoast SEO plugin. -->","yoast_head_json":{"title":"42 arguidos v\u00e3o a julgamento por burlas relacionadas com viagens a\u00e9reas - Portal Tela Portugal","robots":{"index":"index","follow":"follow","max-snippet":"max-snippet:-1","max-image-preview":"max-image-preview:large","max-video-preview":"max-video-preview:-1"},"og_locale":"pt_PT","og_type":"article","og_title":"42 arguidos v\u00e3o a julgamento por burlas relacionadas com viagens a\u00e9reas - Portal Tela Portugal","og_description":"O Tribunal da Comarca da Madeira iniciou, na ter\u00e7a-feira, o julgamento de uma rede acusada de falsificar viagens a\u00e9reas e de receber indevidamente o Subs\u00eddio Social de Mobilidade nos CTT, envolvendo 42 arguidos; 30 estiveram presentes, dois em pris\u00e3o preventiva. A acusa\u00e7\u00e3o aponta crimes de burla qualificada, falsifica\u00e7\u00e3o de documentos e associa\u00e7\u00e3o criminosa, com preju\u00edzo de cerca de 529 mil euros em reembolsos. Entre os arguidos, duas pessoas declararam-se culpadas; a ex-namorada do alegado l\u00edder, J. Silva, afirmou ter feito cerca de 50 levantamentos e que foi coagida a cometer os crimes. A testemunha indicou que o l\u00edder falsificava documenta\u00e7\u00e3o e ficava com a maior parte do dinheiro, enquanto outros arguidos admitiram ter viajado para o continente ap\u00f3s surgirem numa lista negra nas esta\u00e7\u00f5es dos CTT. O caso resulta da opera\u00e7\u00e3o Rota do Viajante II, sob dire\u00e7\u00e3o do Minist\u00e9rio P\u00fablico do DIAP de Loures com a participa\u00e7\u00e3o da Pol\u00edcia Judici\u00e1ria; recentemente entrou em vigor a plataforma eletr\u00f3nica para pedidos de reembolso, substituindo atendimentos nos CTT.","og_url":"https:\/\/portaltela.pt\/noticias\/2026\/01\/21\/42-arguidos-vao-a-julgamento-por-burlas-relacionadas-com-viagens-aereas\/","og_site_name":"Portal Tela Portugal","article_published_time":"2026-01-21T09:00:00+00:00","author":"Telinha","twitter_card":"summary_large_image","twitter_misc":{"Escrito por":"Telinha","Tempo estimado de leitura":"2 minutos"},"schema":{"@context":"https:\/\/schema.org","@graph":[{"@type":"Article","@id":"https:\/\/portaltela.pt\/noticias\/2026\/01\/21\/42-arguidos-vao-a-julgamento-por-burlas-relacionadas-com-viagens-aereas\/#article","isPartOf":{"@id":"https:\/\/portaltela.pt\/noticias\/2026\/01\/21\/42-arguidos-vao-a-julgamento-por-burlas-relacionadas-com-viagens-aereas\/"},"author":{"name":"Telinha","@id":"https:\/\/portaltela.pt\/#\/schema\/person\/c4278d4a6028830caff9ee44b42d32ed"},"headline":"42 arguidos v\u00e3o a julgamento por burlas relacionadas com viagens a\u00e9reas","datePublished":"2026-01-21T09:00:00+00:00","mainEntityOfPage":{"@id":"https:\/\/portaltela.pt\/noticias\/2026\/01\/21\/42-arguidos-vao-a-julgamento-por-burlas-relacionadas-com-viagens-aereas\/"},"wordCount":382,"image":{"@id":"https:\/\/portaltela.pt\/noticias\/2026\/01\/21\/42-arguidos-vao-a-julgamento-por-burlas-relacionadas-com-viagens-aereas\/#primaryimage"},"thumbnailUrl":"https:\/\/portaltela.pt\/s.01k8rhncp4jt1\/2026\/01\/30554467.jpg","keywords":["A\u00e7ores","burlas qualificada","falsifica\u00e7\u00e3o de documentos","Madeira","Subs\u00eddio Social","viagens"],"articleSection":["Not\u00edcias"],"inLanguage":"pt-PT"},{"@type":"WebPage","@id":"https:\/\/portaltela.pt\/noticias\/2026\/01\/21\/42-arguidos-vao-a-julgamento-por-burlas-relacionadas-com-viagens-aereas\/","url":"https:\/\/portaltela.pt\/noticias\/2026\/01\/21\/42-arguidos-vao-a-julgamento-por-burlas-relacionadas-com-viagens-aereas\/","name":"42 arguidos v\u00e3o a julgamento por burlas relacionadas com viagens a\u00e9reas - Portal Tela Portugal","isPartOf":{"@id":"https:\/\/portaltela.pt\/#website"},"primaryImageOfPage":{"@id":"https:\/\/portaltela.pt\/noticias\/2026\/01\/21\/42-arguidos-vao-a-julgamento-por-burlas-relacionadas-com-viagens-aereas\/#primaryimage"},"image":{"@id":"https:\/\/portaltela.pt\/noticias\/2026\/01\/21\/42-arguidos-vao-a-julgamento-por-burlas-relacionadas-com-viagens-aereas\/#primaryimage"},"thumbnailUrl":"https:\/\/portaltela.pt\/s.01k8rhncp4jt1\/2026\/01\/30554467.jpg","datePublished":"2026-01-21T09:00:00+00:00","author":{"@id":"https:\/\/portaltela.pt\/#\/schema\/person\/c4278d4a6028830caff9ee44b42d32ed"},"breadcrumb":{"@id":"https:\/\/portaltela.pt\/noticias\/2026\/01\/21\/42-arguidos-vao-a-julgamento-por-burlas-relacionadas-com-viagens-aereas\/#breadcrumb"},"inLanguage":"pt-PT","potentialAction":[{"@type":"ReadAction","target":["https:\/\/portaltela.pt\/noticias\/2026\/01\/21\/42-arguidos-vao-a-julgamento-por-burlas-relacionadas-com-viagens-aereas\/"]}]},{"@type":"ImageObject","inLanguage":"pt-PT","@id":"https:\/\/portaltela.pt\/noticias\/2026\/01\/21\/42-arguidos-vao-a-julgamento-por-burlas-relacionadas-com-viagens-aereas\/#primaryimage","url":"https:\/\/portaltela.pt\/s.01k8rhncp4jt1\/2026\/01\/30554467.jpg","contentUrl":"https:\/\/portaltela.pt\/s.01k8rhncp4jt1\/2026\/01\/30554467.jpg","width":796,"height":448,"caption":"Chegaram esta noite ao Aeroporto Internacional da Madeira num avi\u00e3o C130 da For\u00e7a A\u00e9rea Portuguesa (FAP) tr\u00eas doentes dos cuidados intensivos de hospitais de Lisboa para o hospital N\u00e9lio Mendon\u00e7a, Santa Cruz, Madeira, 29 de janeiro de 2021. Na quinta-feira, o presidente do Governo da Madeira manifestou a \"disponibilidade total\" da regi\u00e3o para receber doentes com covid-19 do continente, na sequ\u00eancia da \"sobrecarga\" que se verifica nos hospitais de Portugal continental. HOMEM DE GOUVEIA\/LUSA"},{"@type":"BreadcrumbList","@id":"https:\/\/portaltela.pt\/noticias\/2026\/01\/21\/42-arguidos-vao-a-julgamento-por-burlas-relacionadas-com-viagens-aereas\/#breadcrumb","itemListElement":[{"@type":"ListItem","position":1,"name":"In\u00edcio","item":"https:\/\/portaltela.pt\/"},{"@type":"ListItem","position":2,"name":"42 arguidos v\u00e3o a julgamento por burlas relacionadas com viagens a\u00e9reas"}]},{"@type":"WebSite","@id":"https:\/\/portaltela.pt\/#website","url":"https:\/\/portaltela.pt\/","name":"Portal Tela Portugal","description":"","potentialAction":[{"@type":"SearchAction","target":{"@type":"EntryPoint","urlTemplate":"https:\/\/portaltela.pt\/?s={search_term_string}"},"query-input":{"@type":"PropertyValueSpecification","valueRequired":true,"valueName":"search_term_string"}}],"inLanguage":"pt-PT"},{"@type":"Person","@id":"https:\/\/portaltela.pt\/#\/schema\/person\/c4278d4a6028830caff9ee44b42d32ed","name":"Telinha","image":{"@type":"ImageObject","inLanguage":"pt-PT","@id":"https:\/\/portaltela.pt\/s.01k8rhncp4jt1\/2025\/11\/talking-bot-125x125.png","url":"https:\/\/portaltela.pt\/s.01k8rhncp4jt1\/2025\/11\/talking-bot-125x125.png","contentUrl":"https:\/\/portaltela.pt\/s.01k8rhncp4jt1\/2025\/11\/talking-bot-125x125.png","caption":"Telinha"},"sameAs":["https:\/\/portaltela.pt\/"],"url":"https:\/\/portaltela.pt\/por\/367410592786\/"}]}},"_links":{"self":[{"href":"https:\/\/portaltela.pt\/api\/wp\/v2\/posts\/158836","targetHints":{"allow":["GET"]}}],"collection":[{"href":"https:\/\/portaltela.pt\/api\/wp\/v2\/posts"}],"about":[{"href":"https:\/\/portaltela.pt\/api\/wp\/v2\/types\/post"}],"author":[{"embeddable":true,"href":"https:\/\/portaltela.pt\/api\/wp\/v2\/users\/2"}],"replies":[{"embeddable":true,"href":"https:\/\/portaltela.pt\/api\/wp\/v2\/comments?post=158836"}],"version-history":[{"count":0,"href":"https:\/\/portaltela.pt\/api\/wp\/v2\/posts\/158836\/revisions"}],"wp:featuredmedia":[{"embeddable":true,"href":"https:\/\/portaltela.pt\/api\/wp\/v2\/media\/158856"}],"wp:attachment":[{"href":"https:\/\/portaltela.pt\/api\/wp\/v2\/media?parent=158836"}],"wp:term":[{"taxonomy":"category","embeddable":true,"href":"https:\/\/portaltela.pt\/api\/wp\/v2\/categories?post=158836"},{"taxonomy":"post_tag","embeddable":true,"href":"https:\/\/portaltela.pt\/api\/wp\/v2\/tags?post=158836"}],"curies":[{"name":"wp","href":"https:\/\/api.w.org\/{rel}","templated":true}]}}