{"id":158793,"date":"2026-01-21T05:59:27","date_gmt":"2026-01-21T08:59:27","guid":{"rendered":"https:\/\/portaltela.pt\/noticias\/2026\/01\/21\/jaime-faria-eliminado-por-andrey-rublev-na-segunda-ronda-do-open-da-australia\/"},"modified":"2026-01-21T05:59:27","modified_gmt":"2026-01-21T08:59:27","slug":"jaime-faria-eliminado-por-andrey-rublev-na-segunda-ronda-do-open-da-australia","status":"publish","type":"post","link":"https:\/\/portaltela.pt\/desporto\/2026\/01\/21\/jaime-faria-eliminado-por-andrey-rublev-na-segunda-ronda-do-open-da-australia\/","title":{"rendered":"Jaime Faria eliminado por Andrey Rublev na segunda ronda do Open da Austr\u00e1lia"},"content":{"rendered":"<p>O tenista portugu\u00eas Jaime Faria foi eliminado na segunda ronda do Open da Austr\u00e1lia, em Melbourne, frente a Andrey Rublev, n\u00famero 17 do ranking. O duelo, disputado nesta quarta-feira, durou quase tr\u00eas horas e terminou em quatro sets: 6-4, 6-3, 4-6 e 7-5.<\/p>\n<p>O encontro come\u00e7ou equilibrado, mas Rublev quebrou o servi\u00e7o de Faria a meio do primeiro set e assegurou a vit\u00f3ria por 6-4. No segundo parcial, o russo esteve mais consistente e ditou o ritmo, vencendo por 6-3 ap\u00f3s duas quebras de servi\u00e7o do portugu\u00eas.<\/p>\n<p>No terceiro set, Faria respondeu e ganhou por 6-4 ap\u00f3s come\u00e7ar com tr\u00eas jogos consecutivos. No set decisivo, Rublev chegou a ter vantagem de 5-2, mas Faria empatou a 5-5, ainda assim o russo fechou o encontro em 7-5.<\/p>\n<p>Rublev avan\u00e7a para a terceira ronda, onde defrontar\u00e1 Francisco Cerundolo, cabe\u00e7a de s\u00e9rie 18, que derrotou o b\u00f3snio Damir Dzumhur em tr\u00eas parciais, por 6-3, 6-2 e 6-1. Faria, pela quinta vez consecutiva, disputou o quadro principal de um Grand Slam.<\/p>\n","protected":false},"excerpt":{"rendered":"<ul>\n<li>Jaime Faria foi eliminado na segunda ronda do Open da Austr\u00e1lia pelo russo Andrey Rublev, n\u00famero 13 do mundo, em Melbourne Park.<\/li>\n<li>O desafio terminou em quatro sets, com Rublev a vencer por 6-4, 6-3, 4-6 e 7-5, num encontro que durou quase tr\u00eas horas.<\/li>\n<li>Rublev quebrou o servi\u00e7o de Faria a meio do primeiro set e manteve a vantagem para fechar 6-4.<\/li>\n<li>No segundo parcial, Rublev aumentou a consist\u00eancia, quebra de servi\u00e7os duas vezes e ganhou por 6-3.<\/li>\n<li>Faria, de 22 anos, disputava pela quinta vez no quadro principal de um Grand Slam e fica em pleno Open da Austr\u00e1lia na segunda ronda pela segunda vez consecutiva; Rublev vai jogar contra Francisco Cerundolo na terceira ronda.<\/li>\n<\/ul>\n","protected":false},"author":2,"featured_media":158814,"comment_status":"closed","ping_status":"closed","sticky":false,"template":"","format":"standard","meta":{"footnotes":""},"categories":[21],"tags":[152,186,3370,242,40,2713],"class_list":["post-158793","post","type-post","status-publish","format-standard","has-post-thumbnail","hentry","category-desporto","tag-desporto","tag-desportos","tag-jaime-faria","tag-jogadores","tag-pessoas","tag-tenistas"],"yoast_head":"<!-- This site is optimized with the Yoast SEO plugin v27.2 - https:\/\/yoast.com\/product\/yoast-seo-wordpress\/ -->\n<title>Jaime Faria eliminado por Andrey Rublev na segunda ronda do Open da Austr\u00e1lia - Portal Tela Portugal<\/title>\n<meta name=\"robots\" content=\"index, follow, max-snippet:-1, max-image-preview:large, max-video-preview:-1\" \/>\n<meta property=\"og:locale\" content=\"pt_PT\" \/>\n<meta property=\"og:type\" content=\"article\" \/>\n<meta property=\"og:title\" content=\"Jaime Faria eliminado por Andrey Rublev na segunda ronda do Open da Austr\u00e1lia - Portal Tela Portugal\" \/>\n<meta property=\"og:description\" content=\"Jaime Faria foi eliminado na segunda ronda do Open da Austr\u00e1lia pelo russo Andrey Rublev, n\u00famero 13 do mundo, em Melbourne Park. O desafio terminou em quatro sets, com Rublev a vencer por 6-4, 6-3, 4-6 e 7-5, num encontro que durou quase tr\u00eas horas. Rublev quebrou o servi\u00e7o de Faria a meio do primeiro set e manteve a vantagem para fechar 6-4. No segundo parcial, Rublev aumentou a consist\u00eancia, quebra de servi\u00e7os duas vezes e ganhou por 6-3. Faria, de 22 anos, disputava pela quinta vez no quadro principal de um Grand Slam e fica em pleno Open da Austr\u00e1lia na segunda ronda pela segunda vez consecutiva; Rublev vai jogar contra Francisco Cerundolo na terceira ronda.\" \/>\n<meta property=\"og:url\" content=\"https:\/\/portaltela.pt\/noticias\/2026\/01\/21\/jaime-faria-eliminado-por-andrey-rublev-na-segunda-ronda-do-open-da-australia\/\" \/>\n<meta property=\"og:site_name\" content=\"Portal Tela Portugal\" \/>\n<meta property=\"article:published_time\" content=\"2026-01-21T08:59:27+00:00\" \/>\n<meta name=\"author\" content=\"Telinha\" \/>\n<meta name=\"twitter:card\" content=\"summary_large_image\" \/>\n<meta name=\"twitter:label1\" content=\"Escrito por\" \/>\n\t<meta name=\"twitter:data1\" content=\"Telinha\" \/>\n\t<meta name=\"twitter:label2\" content=\"Tempo estimado de leitura\" \/>\n\t<meta name=\"twitter:data2\" content=\"1 minuto\" \/>\n<script type=\"application\/ld+json\" class=\"yoast-schema-graph\">{\"@context\":\"https:\/\/schema.org\",\"@graph\":[{\"@type\":\"Article\",\"@id\":\"https:\/\/portaltela.pt\/noticias\/2026\/01\/21\/jaime-faria-eliminado-por-andrey-rublev-na-segunda-ronda-do-open-da-australia\/#article\",\"isPartOf\":{\"@id\":\"https:\/\/portaltela.pt\/noticias\/2026\/01\/21\/jaime-faria-eliminado-por-andrey-rublev-na-segunda-ronda-do-open-da-australia\/\"},\"author\":{\"name\":\"Telinha\",\"@id\":\"https:\/\/portaltela.pt\/#\/schema\/person\/c4278d4a6028830caff9ee44b42d32ed\"},\"headline\":\"Jaime Faria eliminado por Andrey Rublev na segunda ronda do Open da Austr\u00e1lia\",\"datePublished\":\"2026-01-21T08:59:27+00:00\",\"mainEntityOfPage\":{\"@id\":\"https:\/\/portaltela.pt\/noticias\/2026\/01\/21\/jaime-faria-eliminado-por-andrey-rublev-na-segunda-ronda-do-open-da-australia\/\"},\"wordCount\":197,\"image\":{\"@id\":\"https:\/\/portaltela.pt\/noticias\/2026\/01\/21\/jaime-faria-eliminado-por-andrey-rublev-na-segunda-ronda-do-open-da-australia\/#primaryimage\"},\"thumbnailUrl\":\"https:\/\/portaltela.pt\/s.01k8rhncp4jt1\/2026\/01\/img_1200x721uu2026-01-21-08-57-36-2416203.jpg\",\"keywords\":[\"desporto\",\"desportos\",\"Jaime Faria\",\"jogadores\",\"pessoas\",\"tenistas\"],\"articleSection\":[\"Desporto\"],\"inLanguage\":\"pt-PT\"},{\"@type\":\"WebPage\",\"@id\":\"https:\/\/portaltela.pt\/noticias\/2026\/01\/21\/jaime-faria-eliminado-por-andrey-rublev-na-segunda-ronda-do-open-da-australia\/\",\"url\":\"https:\/\/portaltela.pt\/noticias\/2026\/01\/21\/jaime-faria-eliminado-por-andrey-rublev-na-segunda-ronda-do-open-da-australia\/\",\"name\":\"Jaime Faria eliminado por Andrey Rublev na segunda ronda do Open da Austr\u00e1lia - Portal Tela Portugal\",\"isPartOf\":{\"@id\":\"https:\/\/portaltela.pt\/#website\"},\"primaryImageOfPage\":{\"@id\":\"https:\/\/portaltela.pt\/noticias\/2026\/01\/21\/jaime-faria-eliminado-por-andrey-rublev-na-segunda-ronda-do-open-da-australia\/#primaryimage\"},\"image\":{\"@id\":\"https:\/\/portaltela.pt\/noticias\/2026\/01\/21\/jaime-faria-eliminado-por-andrey-rublev-na-segunda-ronda-do-open-da-australia\/#primaryimage\"},\"thumbnailUrl\":\"https:\/\/portaltela.pt\/s.01k8rhncp4jt1\/2026\/01\/img_1200x721uu2026-01-21-08-57-36-2416203.jpg\",\"datePublished\":\"2026-01-21T08:59:27+00:00\",\"author\":{\"@id\":\"https:\/\/portaltela.pt\/#\/schema\/person\/c4278d4a6028830caff9ee44b42d32ed\"},\"breadcrumb\":{\"@id\":\"https:\/\/portaltela.pt\/noticias\/2026\/01\/21\/jaime-faria-eliminado-por-andrey-rublev-na-segunda-ronda-do-open-da-australia\/#breadcrumb\"},\"inLanguage\":\"pt-PT\",\"potentialAction\":[{\"@type\":\"ReadAction\",\"target\":[\"https:\/\/portaltela.pt\/noticias\/2026\/01\/21\/jaime-faria-eliminado-por-andrey-rublev-na-segunda-ronda-do-open-da-australia\/\"]}]},{\"@type\":\"ImageObject\",\"inLanguage\":\"pt-PT\",\"@id\":\"https:\/\/portaltela.pt\/noticias\/2026\/01\/21\/jaime-faria-eliminado-por-andrey-rublev-na-segunda-ronda-do-open-da-australia\/#primaryimage\",\"url\":\"https:\/\/portaltela.pt\/s.01k8rhncp4jt1\/2026\/01\/img_1200x721uu2026-01-21-08-57-36-2416203.jpg\",\"contentUrl\":\"https:\/\/portaltela.pt\/s.01k8rhncp4jt1\/2026\/01\/img_1200x721uu2026-01-21-08-57-36-2416203.jpg\",\"width\":796,\"height\":448,\"caption\":\"Jaime Faria\"},{\"@type\":\"BreadcrumbList\",\"@id\":\"https:\/\/portaltela.pt\/noticias\/2026\/01\/21\/jaime-faria-eliminado-por-andrey-rublev-na-segunda-ronda-do-open-da-australia\/#breadcrumb\",\"itemListElement\":[{\"@type\":\"ListItem\",\"position\":1,\"name\":\"In\u00edcio\",\"item\":\"https:\/\/portaltela.pt\/\"},{\"@type\":\"ListItem\",\"position\":2,\"name\":\"Jaime Faria eliminado por Andrey Rublev na segunda ronda do Open da Austr\u00e1lia\"}]},{\"@type\":\"WebSite\",\"@id\":\"https:\/\/portaltela.pt\/#website\",\"url\":\"https:\/\/portaltela.pt\/\",\"name\":\"Portal Tela Portugal\",\"description\":\"\",\"potentialAction\":[{\"@type\":\"SearchAction\",\"target\":{\"@type\":\"EntryPoint\",\"urlTemplate\":\"https:\/\/portaltela.pt\/?s={search_term_string}\"},\"query-input\":{\"@type\":\"PropertyValueSpecification\",\"valueRequired\":true,\"valueName\":\"search_term_string\"}}],\"inLanguage\":\"pt-PT\"},{\"@type\":\"Person\",\"@id\":\"https:\/\/portaltela.pt\/#\/schema\/person\/c4278d4a6028830caff9ee44b42d32ed\",\"name\":\"Telinha\",\"image\":{\"@type\":\"ImageObject\",\"inLanguage\":\"pt-PT\",\"@id\":\"https:\/\/portaltela.pt\/s.01k8rhncp4jt1\/2025\/11\/talking-bot-125x125.png\",\"url\":\"https:\/\/portaltela.pt\/s.01k8rhncp4jt1\/2025\/11\/talking-bot-125x125.png\",\"contentUrl\":\"https:\/\/portaltela.pt\/s.01k8rhncp4jt1\/2025\/11\/talking-bot-125x125.png\",\"caption\":\"Telinha\"},\"sameAs\":[\"https:\/\/portaltela.pt\/\"],\"url\":\"https:\/\/portaltela.pt\/por\/367410592786\/\"}]}<\/script>\n<!-- \/ Yoast SEO plugin. -->","yoast_head_json":{"title":"Jaime Faria eliminado por Andrey Rublev na segunda ronda do Open da Austr\u00e1lia - Portal Tela Portugal","robots":{"index":"index","follow":"follow","max-snippet":"max-snippet:-1","max-image-preview":"max-image-preview:large","max-video-preview":"max-video-preview:-1"},"og_locale":"pt_PT","og_type":"article","og_title":"Jaime Faria eliminado por Andrey Rublev na segunda ronda do Open da Austr\u00e1lia - Portal Tela Portugal","og_description":"Jaime Faria foi eliminado na segunda ronda do Open da Austr\u00e1lia pelo russo Andrey Rublev, n\u00famero 13 do mundo, em Melbourne Park. O desafio terminou em quatro sets, com Rublev a vencer por 6-4, 6-3, 4-6 e 7-5, num encontro que durou quase tr\u00eas horas. Rublev quebrou o servi\u00e7o de Faria a meio do primeiro set e manteve a vantagem para fechar 6-4. No segundo parcial, Rublev aumentou a consist\u00eancia, quebra de servi\u00e7os duas vezes e ganhou por 6-3. Faria, de 22 anos, disputava pela quinta vez no quadro principal de um Grand Slam e fica em pleno Open da Austr\u00e1lia na segunda ronda pela segunda vez consecutiva; Rublev vai jogar contra Francisco Cerundolo na terceira ronda.","og_url":"https:\/\/portaltela.pt\/noticias\/2026\/01\/21\/jaime-faria-eliminado-por-andrey-rublev-na-segunda-ronda-do-open-da-australia\/","og_site_name":"Portal Tela Portugal","article_published_time":"2026-01-21T08:59:27+00:00","author":"Telinha","twitter_card":"summary_large_image","twitter_misc":{"Escrito por":"Telinha","Tempo estimado de leitura":"1 minuto"},"schema":{"@context":"https:\/\/schema.org","@graph":[{"@type":"Article","@id":"https:\/\/portaltela.pt\/noticias\/2026\/01\/21\/jaime-faria-eliminado-por-andrey-rublev-na-segunda-ronda-do-open-da-australia\/#article","isPartOf":{"@id":"https:\/\/portaltela.pt\/noticias\/2026\/01\/21\/jaime-faria-eliminado-por-andrey-rublev-na-segunda-ronda-do-open-da-australia\/"},"author":{"name":"Telinha","@id":"https:\/\/portaltela.pt\/#\/schema\/person\/c4278d4a6028830caff9ee44b42d32ed"},"headline":"Jaime Faria eliminado por Andrey Rublev na segunda ronda do Open da Austr\u00e1lia","datePublished":"2026-01-21T08:59:27+00:00","mainEntityOfPage":{"@id":"https:\/\/portaltela.pt\/noticias\/2026\/01\/21\/jaime-faria-eliminado-por-andrey-rublev-na-segunda-ronda-do-open-da-australia\/"},"wordCount":197,"image":{"@id":"https:\/\/portaltela.pt\/noticias\/2026\/01\/21\/jaime-faria-eliminado-por-andrey-rublev-na-segunda-ronda-do-open-da-australia\/#primaryimage"},"thumbnailUrl":"https:\/\/portaltela.pt\/s.01k8rhncp4jt1\/2026\/01\/img_1200x721uu2026-01-21-08-57-36-2416203.jpg","keywords":["desporto","desportos","Jaime Faria","jogadores","pessoas","tenistas"],"articleSection":["Desporto"],"inLanguage":"pt-PT"},{"@type":"WebPage","@id":"https:\/\/portaltela.pt\/noticias\/2026\/01\/21\/jaime-faria-eliminado-por-andrey-rublev-na-segunda-ronda-do-open-da-australia\/","url":"https:\/\/portaltela.pt\/noticias\/2026\/01\/21\/jaime-faria-eliminado-por-andrey-rublev-na-segunda-ronda-do-open-da-australia\/","name":"Jaime Faria eliminado por Andrey Rublev na segunda ronda do Open da Austr\u00e1lia - Portal Tela Portugal","isPartOf":{"@id":"https:\/\/portaltela.pt\/#website"},"primaryImageOfPage":{"@id":"https:\/\/portaltela.pt\/noticias\/2026\/01\/21\/jaime-faria-eliminado-por-andrey-rublev-na-segunda-ronda-do-open-da-australia\/#primaryimage"},"image":{"@id":"https:\/\/portaltela.pt\/noticias\/2026\/01\/21\/jaime-faria-eliminado-por-andrey-rublev-na-segunda-ronda-do-open-da-australia\/#primaryimage"},"thumbnailUrl":"https:\/\/portaltela.pt\/s.01k8rhncp4jt1\/2026\/01\/img_1200x721uu2026-01-21-08-57-36-2416203.jpg","datePublished":"2026-01-21T08:59:27+00:00","author":{"@id":"https:\/\/portaltela.pt\/#\/schema\/person\/c4278d4a6028830caff9ee44b42d32ed"},"breadcrumb":{"@id":"https:\/\/portaltela.pt\/noticias\/2026\/01\/21\/jaime-faria-eliminado-por-andrey-rublev-na-segunda-ronda-do-open-da-australia\/#breadcrumb"},"inLanguage":"pt-PT","potentialAction":[{"@type":"ReadAction","target":["https:\/\/portaltela.pt\/noticias\/2026\/01\/21\/jaime-faria-eliminado-por-andrey-rublev-na-segunda-ronda-do-open-da-australia\/"]}]},{"@type":"ImageObject","inLanguage":"pt-PT","@id":"https:\/\/portaltela.pt\/noticias\/2026\/01\/21\/jaime-faria-eliminado-por-andrey-rublev-na-segunda-ronda-do-open-da-australia\/#primaryimage","url":"https:\/\/portaltela.pt\/s.01k8rhncp4jt1\/2026\/01\/img_1200x721uu2026-01-21-08-57-36-2416203.jpg","contentUrl":"https:\/\/portaltela.pt\/s.01k8rhncp4jt1\/2026\/01\/img_1200x721uu2026-01-21-08-57-36-2416203.jpg","width":796,"height":448,"caption":"Jaime Faria"},{"@type":"BreadcrumbList","@id":"https:\/\/portaltela.pt\/noticias\/2026\/01\/21\/jaime-faria-eliminado-por-andrey-rublev-na-segunda-ronda-do-open-da-australia\/#breadcrumb","itemListElement":[{"@type":"ListItem","position":1,"name":"In\u00edcio","item":"https:\/\/portaltela.pt\/"},{"@type":"ListItem","position":2,"name":"Jaime Faria eliminado por Andrey Rublev na segunda ronda do Open da Austr\u00e1lia"}]},{"@type":"WebSite","@id":"https:\/\/portaltela.pt\/#website","url":"https:\/\/portaltela.pt\/","name":"Portal Tela Portugal","description":"","potentialAction":[{"@type":"SearchAction","target":{"@type":"EntryPoint","urlTemplate":"https:\/\/portaltela.pt\/?s={search_term_string}"},"query-input":{"@type":"PropertyValueSpecification","valueRequired":true,"valueName":"search_term_string"}}],"inLanguage":"pt-PT"},{"@type":"Person","@id":"https:\/\/portaltela.pt\/#\/schema\/person\/c4278d4a6028830caff9ee44b42d32ed","name":"Telinha","image":{"@type":"ImageObject","inLanguage":"pt-PT","@id":"https:\/\/portaltela.pt\/s.01k8rhncp4jt1\/2025\/11\/talking-bot-125x125.png","url":"https:\/\/portaltela.pt\/s.01k8rhncp4jt1\/2025\/11\/talking-bot-125x125.png","contentUrl":"https:\/\/portaltela.pt\/s.01k8rhncp4jt1\/2025\/11\/talking-bot-125x125.png","caption":"Telinha"},"sameAs":["https:\/\/portaltela.pt\/"],"url":"https:\/\/portaltela.pt\/por\/367410592786\/"}]}},"_links":{"self":[{"href":"https:\/\/portaltela.pt\/api\/wp\/v2\/posts\/158793","targetHints":{"allow":["GET"]}}],"collection":[{"href":"https:\/\/portaltela.pt\/api\/wp\/v2\/posts"}],"about":[{"href":"https:\/\/portaltela.pt\/api\/wp\/v2\/types\/post"}],"author":[{"embeddable":true,"href":"https:\/\/portaltela.pt\/api\/wp\/v2\/users\/2"}],"replies":[{"embeddable":true,"href":"https:\/\/portaltela.pt\/api\/wp\/v2\/comments?post=158793"}],"version-history":[{"count":0,"href":"https:\/\/portaltela.pt\/api\/wp\/v2\/posts\/158793\/revisions"}],"wp:featuredmedia":[{"embeddable":true,"href":"https:\/\/portaltela.pt\/api\/wp\/v2\/media\/158814"}],"wp:attachment":[{"href":"https:\/\/portaltela.pt\/api\/wp\/v2\/media?parent=158793"}],"wp:term":[{"taxonomy":"category","embeddable":true,"href":"https:\/\/portaltela.pt\/api\/wp\/v2\/categories?post=158793"},{"taxonomy":"post_tag","embeddable":true,"href":"https:\/\/portaltela.pt\/api\/wp\/v2\/tags?post=158793"}],"curies":[{"name":"wp","href":"https:\/\/api.w.org\/{rel}","templated":true}]}}