{"id":158751,"date":"2026-01-21T05:01:00","date_gmt":"2026-01-21T08:01:00","guid":{"rendered":"https:\/\/portaltela.pt\/noticias\/2026\/01\/21\/homem-na-italia-doa-dois-orgaos-a-filha-de-7-anos\/"},"modified":"2026-01-21T05:01:00","modified_gmt":"2026-01-21T08:01:00","slug":"homem-na-italia-doa-dois-orgaos-a-filha-de-7-anos","status":"publish","type":"post","link":"https:\/\/portaltela.pt\/noticias\/2026\/01\/21\/homem-na-italia-doa-dois-orgaos-a-filha-de-7-anos\/","title":{"rendered":"Homem na It\u00e1lia doa dois \u00f3rg\u00e3os \u00e0 filha de 7 anos"},"content":{"rendered":"<p>O que aconteceu: um homem s\u00e9rvio de 37 anos doa dois \u00f3rg\u00e3os \u00e0 filha de 7 anos, numa transfer\u00eancia combinada de dador vivo. O caso marca o primeiro transplante simult\u00e2neo deste tipo em It\u00e1lia.<\/p>\n<p>Quem est\u00e1 envolvido: a jovem Sofija, filha do doador, que recebia um rim e parte do f\u00edgado. Os m\u00e9dicos do Hospital Papa Giovanni XXIII realizaram o procedimento e acompanharam a recupera\u00e7\u00e3o.<\/p>\n<p>Quando e onde: o transplante ocorreu em It\u00e1lia, com alta de pai e filha na segunda-feira. A not\u00edcia foi publicada pela ag\u00eancia ANSA na ter\u00e7a-feira, 20 de janeiro de 2026.<\/p>\n<p>Por qu\u00ea: a filha sofria de uma doen\u00e7a cong\u00e9nita rara que afeta f\u00edgado e rins, exigindo di\u00e1lise desde os 4 anos. A avalia\u00e7\u00e3o de compatibilidade foi realizada com parecer favor\u00e1vel da Comiss\u00e3o Regional de Terceiros e aprova\u00e7\u00e3o do Minist\u00e9rio P\u00fablico de Bergamo.<\/p>\n<h3>Avalia\u00e7\u00e3o e aprova\u00e7\u00e3o<\/h3>\n<p>A adequada sele\u00e7\u00e3o dos dois pacientes coincidiu com um parecer favor\u00e1vel da Comiss\u00e3o Regional de Terceiros, seguido da aprova\u00e7\u00e3o do Minist\u00e9rio P\u00fablico de Bergamo.<\/p>\n<h3>Situa\u00e7\u00e3o atual<\/h3>\n<p>Pai e filha encontram-se bem e j\u00e1 receberam alta hospitalar, encerrando a fase inicial do acompanhamento m\u00e9dico. O caso destaca o marco t\u00e9cnico do transplante combinado de dador vivo em It\u00e1lia.<\/p>\n","protected":false},"excerpt":{"rendered":"<ul>\n<li>Um homem s\u00e9rvio, 37 anos, doou rim e parte do f\u00edgado \u00e0 filha de 7 anos, Sofija, que sofria de uma doen\u00e7a cong\u00e9nita rara que afeta f\u00edgado e rins.<\/li>\n<li>Trata-se do primeiro transplante combinado de dador vivo j\u00e1 realizado em It\u00e1lia.<\/li>\n<li>A filha recebia di\u00e1lise desde os 4 anos e ficou est\u00e1vel ap\u00f3s o procedimento.<\/li>\n<li>A avalia\u00e7\u00e3o de elegibilidade contou com parecer favor\u00e1vel da Comiss\u00e3o Regional de Terceiros e aprova\u00e7\u00e3o do Minist\u00e9rio P\u00fablico de Bergamo.<\/li>\n<li>Pai e filha tiveram alta do Hospital Papa Giovanni XXIII e encontram-se bem.<\/li>\n<\/ul>\n","protected":false},"author":2,"featured_media":158762,"comment_status":"closed","ping_status":"closed","sticky":false,"template":"","format":"standard","meta":{"footnotes":""},"categories":[1],"tags":[620,3640,3123,633,1857,172],"class_list":["post-158751","post","type-post","status-publish","format-standard","has-post-thumbnail","hentry","category-noticias","tag-doacao","tag-doacao-de-orgaos","tag-doacoes","tag-hospital","tag-italia","tag-saude"],"yoast_head":"<!-- This site is optimized with the Yoast SEO plugin v27.2 - https:\/\/yoast.com\/product\/yoast-seo-wordpress\/ -->\n<title>Homem na It\u00e1lia doa dois \u00f3rg\u00e3os \u00e0 filha de 7 anos - Portal Tela Portugal<\/title>\n<meta name=\"robots\" content=\"index, follow, max-snippet:-1, max-image-preview:large, max-video-preview:-1\" \/>\n<meta property=\"og:locale\" content=\"pt_PT\" \/>\n<meta property=\"og:type\" content=\"article\" \/>\n<meta property=\"og:title\" content=\"Homem na It\u00e1lia doa dois \u00f3rg\u00e3os \u00e0 filha de 7 anos - Portal Tela Portugal\" \/>\n<meta property=\"og:description\" content=\"Um homem s\u00e9rvio, 37 anos, doou rim e parte do f\u00edgado \u00e0 filha de 7 anos, Sofija, que sofria de uma doen\u00e7a cong\u00e9nita rara que afeta f\u00edgado e rins. Trata-se do primeiro transplante combinado de dador vivo j\u00e1 realizado em It\u00e1lia. A filha recebia di\u00e1lise desde os 4 anos e ficou est\u00e1vel ap\u00f3s o procedimento. A avalia\u00e7\u00e3o de elegibilidade contou com parecer favor\u00e1vel da Comiss\u00e3o Regional de Terceiros e aprova\u00e7\u00e3o do Minist\u00e9rio P\u00fablico de Bergamo. Pai e filha tiveram alta do Hospital Papa Giovanni XXIII e encontram-se bem.\" \/>\n<meta property=\"og:url\" content=\"https:\/\/portaltela.pt\/noticias\/2026\/01\/21\/homem-na-italia-doa-dois-orgaos-a-filha-de-7-anos\/\" \/>\n<meta property=\"og:site_name\" content=\"Portal Tela Portugal\" \/>\n<meta property=\"article:published_time\" content=\"2026-01-21T08:01:00+00:00\" \/>\n<meta name=\"author\" content=\"Telinha\" \/>\n<meta name=\"twitter:card\" content=\"summary_large_image\" \/>\n<meta name=\"twitter:label1\" content=\"Escrito por\" \/>\n\t<meta name=\"twitter:data1\" content=\"Telinha\" \/>\n\t<meta name=\"twitter:label2\" content=\"Tempo estimado de leitura\" \/>\n\t<meta name=\"twitter:data2\" content=\"1 minuto\" \/>\n<script type=\"application\/ld+json\" class=\"yoast-schema-graph\">{\"@context\":\"https:\/\/schema.org\",\"@graph\":[{\"@type\":\"Article\",\"@id\":\"https:\/\/portaltela.pt\/noticias\/2026\/01\/21\/homem-na-italia-doa-dois-orgaos-a-filha-de-7-anos\/#article\",\"isPartOf\":{\"@id\":\"https:\/\/portaltela.pt\/noticias\/2026\/01\/21\/homem-na-italia-doa-dois-orgaos-a-filha-de-7-anos\/\"},\"author\":{\"name\":\"Telinha\",\"@id\":\"https:\/\/portaltela.pt\/#\/schema\/person\/c4278d4a6028830caff9ee44b42d32ed\"},\"headline\":\"Homem na It\u00e1lia doa dois \u00f3rg\u00e3os \u00e0 filha de 7 anos\",\"datePublished\":\"2026-01-21T08:01:00+00:00\",\"mainEntityOfPage\":{\"@id\":\"https:\/\/portaltela.pt\/noticias\/2026\/01\/21\/homem-na-italia-doa-dois-orgaos-a-filha-de-7-anos\/\"},\"wordCount\":236,\"image\":{\"@id\":\"https:\/\/portaltela.pt\/noticias\/2026\/01\/21\/homem-na-italia-doa-dois-orgaos-a-filha-de-7-anos\/#primaryimage\"},\"thumbnailUrl\":\"https:\/\/portaltela.pt\/s.01k8rhncp4jt1\/2026\/01\/20250408-hd-010013-aprimorado-nr-scaled-1.jpg\",\"keywords\":[\"doa\u00e7\u00e3o\",\"doa\u00e7\u00e3o de \u00f3rg\u00e3os\",\"doa\u00e7\u00f5es\",\"hospital\",\"It\u00e1lia\",\"sa\u00fade\"],\"articleSection\":[\"Not\u00edcias\"],\"inLanguage\":\"pt-PT\"},{\"@type\":\"WebPage\",\"@id\":\"https:\/\/portaltela.pt\/noticias\/2026\/01\/21\/homem-na-italia-doa-dois-orgaos-a-filha-de-7-anos\/\",\"url\":\"https:\/\/portaltela.pt\/noticias\/2026\/01\/21\/homem-na-italia-doa-dois-orgaos-a-filha-de-7-anos\/\",\"name\":\"Homem na It\u00e1lia doa dois \u00f3rg\u00e3os \u00e0 filha de 7 anos - Portal Tela Portugal\",\"isPartOf\":{\"@id\":\"https:\/\/portaltela.pt\/#website\"},\"primaryImageOfPage\":{\"@id\":\"https:\/\/portaltela.pt\/noticias\/2026\/01\/21\/homem-na-italia-doa-dois-orgaos-a-filha-de-7-anos\/#primaryimage\"},\"image\":{\"@id\":\"https:\/\/portaltela.pt\/noticias\/2026\/01\/21\/homem-na-italia-doa-dois-orgaos-a-filha-de-7-anos\/#primaryimage\"},\"thumbnailUrl\":\"https:\/\/portaltela.pt\/s.01k8rhncp4jt1\/2026\/01\/20250408-hd-010013-aprimorado-nr-scaled-1.jpg\",\"datePublished\":\"2026-01-21T08:01:00+00:00\",\"author\":{\"@id\":\"https:\/\/portaltela.pt\/#\/schema\/person\/c4278d4a6028830caff9ee44b42d32ed\"},\"breadcrumb\":{\"@id\":\"https:\/\/portaltela.pt\/noticias\/2026\/01\/21\/homem-na-italia-doa-dois-orgaos-a-filha-de-7-anos\/#breadcrumb\"},\"inLanguage\":\"pt-PT\",\"potentialAction\":[{\"@type\":\"ReadAction\",\"target\":[\"https:\/\/portaltela.pt\/noticias\/2026\/01\/21\/homem-na-italia-doa-dois-orgaos-a-filha-de-7-anos\/\"]}]},{\"@type\":\"ImageObject\",\"inLanguage\":\"pt-PT\",\"@id\":\"https:\/\/portaltela.pt\/noticias\/2026\/01\/21\/homem-na-italia-doa-dois-orgaos-a-filha-de-7-anos\/#primaryimage\",\"url\":\"https:\/\/portaltela.pt\/s.01k8rhncp4jt1\/2026\/01\/20250408-hd-010013-aprimorado-nr-scaled-1.jpg\",\"contentUrl\":\"https:\/\/portaltela.pt\/s.01k8rhncp4jt1\/2026\/01\/20250408-hd-010013-aprimorado-nr-scaled-1.jpg\",\"width\":796,\"height\":448,\"caption\":\"Transplante foi realizado no Hospital Papa Giovanni XXIII na segunda-feira\"},{\"@type\":\"BreadcrumbList\",\"@id\":\"https:\/\/portaltela.pt\/noticias\/2026\/01\/21\/homem-na-italia-doa-dois-orgaos-a-filha-de-7-anos\/#breadcrumb\",\"itemListElement\":[{\"@type\":\"ListItem\",\"position\":1,\"name\":\"In\u00edcio\",\"item\":\"https:\/\/portaltela.pt\/\"},{\"@type\":\"ListItem\",\"position\":2,\"name\":\"Homem na It\u00e1lia doa dois \u00f3rg\u00e3os \u00e0 filha de 7 anos\"}]},{\"@type\":\"WebSite\",\"@id\":\"https:\/\/portaltela.pt\/#website\",\"url\":\"https:\/\/portaltela.pt\/\",\"name\":\"Portal Tela Portugal\",\"description\":\"\",\"potentialAction\":[{\"@type\":\"SearchAction\",\"target\":{\"@type\":\"EntryPoint\",\"urlTemplate\":\"https:\/\/portaltela.pt\/?s={search_term_string}\"},\"query-input\":{\"@type\":\"PropertyValueSpecification\",\"valueRequired\":true,\"valueName\":\"search_term_string\"}}],\"inLanguage\":\"pt-PT\"},{\"@type\":\"Person\",\"@id\":\"https:\/\/portaltela.pt\/#\/schema\/person\/c4278d4a6028830caff9ee44b42d32ed\",\"name\":\"Telinha\",\"image\":{\"@type\":\"ImageObject\",\"inLanguage\":\"pt-PT\",\"@id\":\"https:\/\/portaltela.pt\/s.01k8rhncp4jt1\/2025\/11\/talking-bot-125x125.png\",\"url\":\"https:\/\/portaltela.pt\/s.01k8rhncp4jt1\/2025\/11\/talking-bot-125x125.png\",\"contentUrl\":\"https:\/\/portaltela.pt\/s.01k8rhncp4jt1\/2025\/11\/talking-bot-125x125.png\",\"caption\":\"Telinha\"},\"sameAs\":[\"https:\/\/portaltela.pt\/\"],\"url\":\"https:\/\/portaltela.pt\/por\/367410592786\/\"}]}<\/script>\n<!-- \/ Yoast SEO plugin. -->","yoast_head_json":{"title":"Homem na It\u00e1lia doa dois \u00f3rg\u00e3os \u00e0 filha de 7 anos - Portal Tela Portugal","robots":{"index":"index","follow":"follow","max-snippet":"max-snippet:-1","max-image-preview":"max-image-preview:large","max-video-preview":"max-video-preview:-1"},"og_locale":"pt_PT","og_type":"article","og_title":"Homem na It\u00e1lia doa dois \u00f3rg\u00e3os \u00e0 filha de 7 anos - Portal Tela Portugal","og_description":"Um homem s\u00e9rvio, 37 anos, doou rim e parte do f\u00edgado \u00e0 filha de 7 anos, Sofija, que sofria de uma doen\u00e7a cong\u00e9nita rara que afeta f\u00edgado e rins. Trata-se do primeiro transplante combinado de dador vivo j\u00e1 realizado em It\u00e1lia. A filha recebia di\u00e1lise desde os 4 anos e ficou est\u00e1vel ap\u00f3s o procedimento. A avalia\u00e7\u00e3o de elegibilidade contou com parecer favor\u00e1vel da Comiss\u00e3o Regional de Terceiros e aprova\u00e7\u00e3o do Minist\u00e9rio P\u00fablico de Bergamo. Pai e filha tiveram alta do Hospital Papa Giovanni XXIII e encontram-se bem.","og_url":"https:\/\/portaltela.pt\/noticias\/2026\/01\/21\/homem-na-italia-doa-dois-orgaos-a-filha-de-7-anos\/","og_site_name":"Portal Tela Portugal","article_published_time":"2026-01-21T08:01:00+00:00","author":"Telinha","twitter_card":"summary_large_image","twitter_misc":{"Escrito por":"Telinha","Tempo estimado de leitura":"1 minuto"},"schema":{"@context":"https:\/\/schema.org","@graph":[{"@type":"Article","@id":"https:\/\/portaltela.pt\/noticias\/2026\/01\/21\/homem-na-italia-doa-dois-orgaos-a-filha-de-7-anos\/#article","isPartOf":{"@id":"https:\/\/portaltela.pt\/noticias\/2026\/01\/21\/homem-na-italia-doa-dois-orgaos-a-filha-de-7-anos\/"},"author":{"name":"Telinha","@id":"https:\/\/portaltela.pt\/#\/schema\/person\/c4278d4a6028830caff9ee44b42d32ed"},"headline":"Homem na It\u00e1lia doa dois \u00f3rg\u00e3os \u00e0 filha de 7 anos","datePublished":"2026-01-21T08:01:00+00:00","mainEntityOfPage":{"@id":"https:\/\/portaltela.pt\/noticias\/2026\/01\/21\/homem-na-italia-doa-dois-orgaos-a-filha-de-7-anos\/"},"wordCount":236,"image":{"@id":"https:\/\/portaltela.pt\/noticias\/2026\/01\/21\/homem-na-italia-doa-dois-orgaos-a-filha-de-7-anos\/#primaryimage"},"thumbnailUrl":"https:\/\/portaltela.pt\/s.01k8rhncp4jt1\/2026\/01\/20250408-hd-010013-aprimorado-nr-scaled-1.jpg","keywords":["doa\u00e7\u00e3o","doa\u00e7\u00e3o de \u00f3rg\u00e3os","doa\u00e7\u00f5es","hospital","It\u00e1lia","sa\u00fade"],"articleSection":["Not\u00edcias"],"inLanguage":"pt-PT"},{"@type":"WebPage","@id":"https:\/\/portaltela.pt\/noticias\/2026\/01\/21\/homem-na-italia-doa-dois-orgaos-a-filha-de-7-anos\/","url":"https:\/\/portaltela.pt\/noticias\/2026\/01\/21\/homem-na-italia-doa-dois-orgaos-a-filha-de-7-anos\/","name":"Homem na It\u00e1lia doa dois \u00f3rg\u00e3os \u00e0 filha de 7 anos - Portal Tela Portugal","isPartOf":{"@id":"https:\/\/portaltela.pt\/#website"},"primaryImageOfPage":{"@id":"https:\/\/portaltela.pt\/noticias\/2026\/01\/21\/homem-na-italia-doa-dois-orgaos-a-filha-de-7-anos\/#primaryimage"},"image":{"@id":"https:\/\/portaltela.pt\/noticias\/2026\/01\/21\/homem-na-italia-doa-dois-orgaos-a-filha-de-7-anos\/#primaryimage"},"thumbnailUrl":"https:\/\/portaltela.pt\/s.01k8rhncp4jt1\/2026\/01\/20250408-hd-010013-aprimorado-nr-scaled-1.jpg","datePublished":"2026-01-21T08:01:00+00:00","author":{"@id":"https:\/\/portaltela.pt\/#\/schema\/person\/c4278d4a6028830caff9ee44b42d32ed"},"breadcrumb":{"@id":"https:\/\/portaltela.pt\/noticias\/2026\/01\/21\/homem-na-italia-doa-dois-orgaos-a-filha-de-7-anos\/#breadcrumb"},"inLanguage":"pt-PT","potentialAction":[{"@type":"ReadAction","target":["https:\/\/portaltela.pt\/noticias\/2026\/01\/21\/homem-na-italia-doa-dois-orgaos-a-filha-de-7-anos\/"]}]},{"@type":"ImageObject","inLanguage":"pt-PT","@id":"https:\/\/portaltela.pt\/noticias\/2026\/01\/21\/homem-na-italia-doa-dois-orgaos-a-filha-de-7-anos\/#primaryimage","url":"https:\/\/portaltela.pt\/s.01k8rhncp4jt1\/2026\/01\/20250408-hd-010013-aprimorado-nr-scaled-1.jpg","contentUrl":"https:\/\/portaltela.pt\/s.01k8rhncp4jt1\/2026\/01\/20250408-hd-010013-aprimorado-nr-scaled-1.jpg","width":796,"height":448,"caption":"Transplante foi realizado no Hospital Papa Giovanni XXIII na segunda-feira"},{"@type":"BreadcrumbList","@id":"https:\/\/portaltela.pt\/noticias\/2026\/01\/21\/homem-na-italia-doa-dois-orgaos-a-filha-de-7-anos\/#breadcrumb","itemListElement":[{"@type":"ListItem","position":1,"name":"In\u00edcio","item":"https:\/\/portaltela.pt\/"},{"@type":"ListItem","position":2,"name":"Homem na It\u00e1lia doa dois \u00f3rg\u00e3os \u00e0 filha de 7 anos"}]},{"@type":"WebSite","@id":"https:\/\/portaltela.pt\/#website","url":"https:\/\/portaltela.pt\/","name":"Portal Tela Portugal","description":"","potentialAction":[{"@type":"SearchAction","target":{"@type":"EntryPoint","urlTemplate":"https:\/\/portaltela.pt\/?s={search_term_string}"},"query-input":{"@type":"PropertyValueSpecification","valueRequired":true,"valueName":"search_term_string"}}],"inLanguage":"pt-PT"},{"@type":"Person","@id":"https:\/\/portaltela.pt\/#\/schema\/person\/c4278d4a6028830caff9ee44b42d32ed","name":"Telinha","image":{"@type":"ImageObject","inLanguage":"pt-PT","@id":"https:\/\/portaltela.pt\/s.01k8rhncp4jt1\/2025\/11\/talking-bot-125x125.png","url":"https:\/\/portaltela.pt\/s.01k8rhncp4jt1\/2025\/11\/talking-bot-125x125.png","contentUrl":"https:\/\/portaltela.pt\/s.01k8rhncp4jt1\/2025\/11\/talking-bot-125x125.png","caption":"Telinha"},"sameAs":["https:\/\/portaltela.pt\/"],"url":"https:\/\/portaltela.pt\/por\/367410592786\/"}]}},"_links":{"self":[{"href":"https:\/\/portaltela.pt\/api\/wp\/v2\/posts\/158751","targetHints":{"allow":["GET"]}}],"collection":[{"href":"https:\/\/portaltela.pt\/api\/wp\/v2\/posts"}],"about":[{"href":"https:\/\/portaltela.pt\/api\/wp\/v2\/types\/post"}],"author":[{"embeddable":true,"href":"https:\/\/portaltela.pt\/api\/wp\/v2\/users\/2"}],"replies":[{"embeddable":true,"href":"https:\/\/portaltela.pt\/api\/wp\/v2\/comments?post=158751"}],"version-history":[{"count":0,"href":"https:\/\/portaltela.pt\/api\/wp\/v2\/posts\/158751\/revisions"}],"wp:featuredmedia":[{"embeddable":true,"href":"https:\/\/portaltela.pt\/api\/wp\/v2\/media\/158762"}],"wp:attachment":[{"href":"https:\/\/portaltela.pt\/api\/wp\/v2\/media?parent=158751"}],"wp:term":[{"taxonomy":"category","embeddable":true,"href":"https:\/\/portaltela.pt\/api\/wp\/v2\/categories?post=158751"},{"taxonomy":"post_tag","embeddable":true,"href":"https:\/\/portaltela.pt\/api\/wp\/v2\/tags?post=158751"}],"curies":[{"name":"wp","href":"https:\/\/api.w.org\/{rel}","templated":true}]}}