{"id":158743,"date":"2026-01-21T05:42:56","date_gmt":"2026-01-21T08:42:56","guid":{"rendered":"https:\/\/portaltela.pt\/noticias\/2026\/01\/21\/mercado-em-movimento-siga-as-movimentacoes-em-tempo-real-5\/"},"modified":"2026-01-21T05:42:56","modified_gmt":"2026-01-21T08:42:56","slug":"mercado-em-movimento-siga-as-movimentacoes-em-tempo-real-5","status":"publish","type":"post","link":"https:\/\/portaltela.pt\/desporto\/futebol\/2026\/01\/21\/mercado-em-movimento-siga-as-movimentacoes-em-tempo-real-5\/","title":{"rendered":"Mercado em movimento: siga as movimenta\u00e7\u00f5es em tempo real"},"content":{"rendered":"<p>Vin\u00edcius J\u00fanior tem o futuro definido pela cabe\u00e7a: Madrid. Em entrevista \u00e0 TNT Sports, o atacante brasileiro disse confiar num horizonte longo no Real Madrid, com renova\u00e7\u00e3o a apenas um ano de dist\u00e2ncia. O tom foi de tranquilidade e de rela\u00e7\u00e3o estreita com o clube.<\/p>\n<p>No que toca ao mercado de forma\u00e7\u00e3o no Brasil, Rui Mota surge como uma das possibilidades para treinar os sub-20 do Botafogo. O t\u00e9cnico portugu\u00eas, atual do Sp. Covilh\u00e3, tem uma carreira marcada pela gest\u00e3o de camadas jovens em Portugal e na China.<\/p>\n<h3>Avan\u00e7os nos clubes grandes<\/h3>\n<p>Rui Borges confirmou a assinatura de Faye pelo Sporting. O treinador revelou que o jogador j\u00e1 assinou, ainda sem apresenta\u00e7\u00e3o oficial, ap\u00f3s a passagem de comunica\u00e7\u00e3o ap\u00f3s o jogo com o PSG.<\/p>\n<p>Da mesma ronda de rumores, Rafa j\u00e1 est\u00e1 a caminho de Lisboa para refor\u00e7ar o Benfica. Segundo a imprensa turca, viaja num voo privado com o diretor-desportivo M\u00e1rio Branco, com a transfer\u00eancia estimada em 5 milh\u00f5es fixos e 1,5 milh\u00f5es em b\u00f3nus.<\/p>\n<h3>Outros movimentos e empr\u00e9stimos<\/h3>\n<p>O Barcelona anunciou o empr\u00e9stimo de Ter Stegen ao Girona at\u00e9 30 de junho de 2026. O guarda-redes ir\u00e1 representar o clube catal\u00e3o por empr\u00e9stimo durante o restante da temporada.<\/p>\n<p>Rui Mota \u00e9 apontado como hip\u00f3tese para orientar os sub-20 do Botafogo, mantendo-se como uma das op\u00e7\u00f5es que a dire\u00e7\u00e3o do clube tem em carteira para a equipa de forma\u00e7\u00e3o.<\/p>\n","protected":false},"excerpt":{"rendered":"<ul>\n<li>Vin\u00edcius J\u00fanior afirma que o futuro pr\u00f3ximo passa pelo Real Madrid e que a renova\u00e7\u00e3o n\u00e3o \u00e9 uma prioridade imediata, esperando resolver com o presidente numa altura conveniente.<\/li>\n<li>Rui Mota surge como hip\u00f3tese para treinar os sub-20 do Botafogo, vindo do Sp. Covilh\u00e3, com experi\u00eancia em forma\u00e7\u00e3o em Portugal e na China.<\/li>\n<li>Rui Borges confirma que Faye j\u00e1 \u00e9 jogador do Sporting, ainda sem apresenta\u00e7\u00e3o formal, mas com assinatura j\u00e1 efetuada.<\/li>\n<li>Rafa est\u00e1 a caminho de Lisboa para refor\u00e7ar o Benfica, numa transfer\u00eancia com Besiktas fixada em 5 milh\u00f5es de euros, mais 1,5 milh\u00f5es em b\u00f3nus.<\/li>\n<li>Ter Stegen vai jogar no Girona at\u00e9 ao final desta \u00e9poca, em regime de empr\u00e9stimo do Barcelona, at\u00e9 30 de junho de 2026.<\/li>\n<\/ul>\n","protected":false},"author":2,"featured_media":158773,"comment_status":"closed","ping_status":"closed","sticky":false,"template":"","format":"standard","meta":{"footnotes":""},"categories":[21,24],"tags":[1946,32,2657,2714,1652,2265],"class_list":["post-158743","post","type-post","status-publish","format-standard","has-post-thumbnail","hentry","category-desporto","category-futebol","tag-benfica","tag-futebol","tag-girona","tag-real-madrid","tag-sporting","tag-vinicius-junior"],"yoast_head":"<!-- This site is optimized with the Yoast SEO plugin v27.2 - https:\/\/yoast.com\/product\/yoast-seo-wordpress\/ -->\n<title>Mercado em movimento: siga as movimenta\u00e7\u00f5es em tempo real - Portal Tela Portugal<\/title>\n<meta name=\"robots\" content=\"index, follow, max-snippet:-1, max-image-preview:large, max-video-preview:-1\" \/>\n<meta property=\"og:locale\" content=\"pt_PT\" \/>\n<meta property=\"og:type\" content=\"article\" \/>\n<meta property=\"og:title\" content=\"Mercado em movimento: siga as movimenta\u00e7\u00f5es em tempo real - Portal Tela Portugal\" \/>\n<meta property=\"og:description\" content=\"Vin\u00edcius J\u00fanior afirma que o futuro pr\u00f3ximo passa pelo Real Madrid e que a renova\u00e7\u00e3o n\u00e3o \u00e9 uma prioridade imediata, esperando resolver com o presidente numa altura conveniente. Rui Mota surge como hip\u00f3tese para treinar os sub-20 do Botafogo, vindo do Sp. Covilh\u00e3, com experi\u00eancia em forma\u00e7\u00e3o em Portugal e na China. Rui Borges confirma que Faye j\u00e1 \u00e9 jogador do Sporting, ainda sem apresenta\u00e7\u00e3o formal, mas com assinatura j\u00e1 efetuada. Rafa est\u00e1 a caminho de Lisboa para refor\u00e7ar o Benfica, numa transfer\u00eancia com Besiktas fixada em 5 milh\u00f5es de euros, mais 1,5 milh\u00f5es em b\u00f3nus. Ter Stegen vai jogar no Girona at\u00e9 ao final desta \u00e9poca, em regime de empr\u00e9stimo do Barcelona, at\u00e9 30 de junho de 2026.\" \/>\n<meta property=\"og:url\" content=\"https:\/\/portaltela.pt\/noticias\/2026\/01\/21\/mercado-em-movimento-siga-as-movimentacoes-em-tempo-real-5\/\" \/>\n<meta property=\"og:site_name\" content=\"Portal Tela Portugal\" \/>\n<meta property=\"article:published_time\" content=\"2026-01-21T08:42:56+00:00\" \/>\n<meta name=\"author\" content=\"Telinha\" \/>\n<meta name=\"twitter:card\" content=\"summary_large_image\" \/>\n<meta name=\"twitter:label1\" content=\"Escrito por\" \/>\n\t<meta name=\"twitter:data1\" content=\"Telinha\" \/>\n\t<meta name=\"twitter:label2\" content=\"Tempo estimado de leitura\" \/>\n\t<meta name=\"twitter:data2\" content=\"1 minuto\" \/>\n<script type=\"application\/ld+json\" class=\"yoast-schema-graph\">{\"@context\":\"https:\/\/schema.org\",\"@graph\":[{\"@type\":\"Article\",\"@id\":\"https:\/\/portaltela.pt\/noticias\/2026\/01\/21\/mercado-em-movimento-siga-as-movimentacoes-em-tempo-real-5\/#article\",\"isPartOf\":{\"@id\":\"https:\/\/portaltela.pt\/noticias\/2026\/01\/21\/mercado-em-movimento-siga-as-movimentacoes-em-tempo-real-5\/\"},\"author\":{\"name\":\"Telinha\",\"@id\":\"https:\/\/portaltela.pt\/#\/schema\/person\/c4278d4a6028830caff9ee44b42d32ed\"},\"headline\":\"Mercado em movimento: siga as movimenta\u00e7\u00f5es em tempo real\",\"datePublished\":\"2026-01-21T08:42:56+00:00\",\"mainEntityOfPage\":{\"@id\":\"https:\/\/portaltela.pt\/noticias\/2026\/01\/21\/mercado-em-movimento-siga-as-movimentacoes-em-tempo-real-5\/\"},\"wordCount\":263,\"image\":{\"@id\":\"https:\/\/portaltela.pt\/noticias\/2026\/01\/21\/mercado-em-movimento-siga-as-movimentacoes-em-tempo-real-5\/#primaryimage\"},\"thumbnailUrl\":\"https:\/\/portaltela.pt\/s.01k8rhncp4jt1\/2026\/01\/img_1200x721uu2026-01-21-08-42-20-2416201.jpg\",\"keywords\":[\"Benfica\",\"futebol\",\"Girona\",\"Real Madrid\",\"Sporting\",\"Vin\u00edcius J\u00fanior\"],\"articleSection\":[\"Desporto\",\"Futebol\"],\"inLanguage\":\"pt-PT\"},{\"@type\":\"WebPage\",\"@id\":\"https:\/\/portaltela.pt\/noticias\/2026\/01\/21\/mercado-em-movimento-siga-as-movimentacoes-em-tempo-real-5\/\",\"url\":\"https:\/\/portaltela.pt\/noticias\/2026\/01\/21\/mercado-em-movimento-siga-as-movimentacoes-em-tempo-real-5\/\",\"name\":\"Mercado em movimento: siga as movimenta\u00e7\u00f5es em tempo real - Portal Tela Portugal\",\"isPartOf\":{\"@id\":\"https:\/\/portaltela.pt\/#website\"},\"primaryImageOfPage\":{\"@id\":\"https:\/\/portaltela.pt\/noticias\/2026\/01\/21\/mercado-em-movimento-siga-as-movimentacoes-em-tempo-real-5\/#primaryimage\"},\"image\":{\"@id\":\"https:\/\/portaltela.pt\/noticias\/2026\/01\/21\/mercado-em-movimento-siga-as-movimentacoes-em-tempo-real-5\/#primaryimage\"},\"thumbnailUrl\":\"https:\/\/portaltela.pt\/s.01k8rhncp4jt1\/2026\/01\/img_1200x721uu2026-01-21-08-42-20-2416201.jpg\",\"datePublished\":\"2026-01-21T08:42:56+00:00\",\"author\":{\"@id\":\"https:\/\/portaltela.pt\/#\/schema\/person\/c4278d4a6028830caff9ee44b42d32ed\"},\"breadcrumb\":{\"@id\":\"https:\/\/portaltela.pt\/noticias\/2026\/01\/21\/mercado-em-movimento-siga-as-movimentacoes-em-tempo-real-5\/#breadcrumb\"},\"inLanguage\":\"pt-PT\",\"potentialAction\":[{\"@type\":\"ReadAction\",\"target\":[\"https:\/\/portaltela.pt\/noticias\/2026\/01\/21\/mercado-em-movimento-siga-as-movimentacoes-em-tempo-real-5\/\"]}]},{\"@type\":\"ImageObject\",\"inLanguage\":\"pt-PT\",\"@id\":\"https:\/\/portaltela.pt\/noticias\/2026\/01\/21\/mercado-em-movimento-siga-as-movimentacoes-em-tempo-real-5\/#primaryimage\",\"url\":\"https:\/\/portaltela.pt\/s.01k8rhncp4jt1\/2026\/01\/img_1200x721uu2026-01-21-08-42-20-2416201.jpg\",\"contentUrl\":\"https:\/\/portaltela.pt\/s.01k8rhncp4jt1\/2026\/01\/img_1200x721uu2026-01-21-08-42-20-2416201.jpg\",\"width\":796,\"height\":448,\"caption\":\"Rafa de sa\u00edda da Turquia\"},{\"@type\":\"BreadcrumbList\",\"@id\":\"https:\/\/portaltela.pt\/noticias\/2026\/01\/21\/mercado-em-movimento-siga-as-movimentacoes-em-tempo-real-5\/#breadcrumb\",\"itemListElement\":[{\"@type\":\"ListItem\",\"position\":1,\"name\":\"In\u00edcio\",\"item\":\"https:\/\/portaltela.pt\/\"},{\"@type\":\"ListItem\",\"position\":2,\"name\":\"Mercado em movimento: siga as movimenta\u00e7\u00f5es em tempo real\"}]},{\"@type\":\"WebSite\",\"@id\":\"https:\/\/portaltela.pt\/#website\",\"url\":\"https:\/\/portaltela.pt\/\",\"name\":\"Portal Tela Portugal\",\"description\":\"\",\"potentialAction\":[{\"@type\":\"SearchAction\",\"target\":{\"@type\":\"EntryPoint\",\"urlTemplate\":\"https:\/\/portaltela.pt\/?s={search_term_string}\"},\"query-input\":{\"@type\":\"PropertyValueSpecification\",\"valueRequired\":true,\"valueName\":\"search_term_string\"}}],\"inLanguage\":\"pt-PT\"},{\"@type\":\"Person\",\"@id\":\"https:\/\/portaltela.pt\/#\/schema\/person\/c4278d4a6028830caff9ee44b42d32ed\",\"name\":\"Telinha\",\"image\":{\"@type\":\"ImageObject\",\"inLanguage\":\"pt-PT\",\"@id\":\"https:\/\/portaltela.pt\/s.01k8rhncp4jt1\/2025\/11\/talking-bot-125x125.png\",\"url\":\"https:\/\/portaltela.pt\/s.01k8rhncp4jt1\/2025\/11\/talking-bot-125x125.png\",\"contentUrl\":\"https:\/\/portaltela.pt\/s.01k8rhncp4jt1\/2025\/11\/talking-bot-125x125.png\",\"caption\":\"Telinha\"},\"sameAs\":[\"https:\/\/portaltela.pt\/\"],\"url\":\"https:\/\/portaltela.pt\/por\/367410592786\/\"}]}<\/script>\n<!-- \/ Yoast SEO plugin. -->","yoast_head_json":{"title":"Mercado em movimento: siga as movimenta\u00e7\u00f5es em tempo real - Portal Tela Portugal","robots":{"index":"index","follow":"follow","max-snippet":"max-snippet:-1","max-image-preview":"max-image-preview:large","max-video-preview":"max-video-preview:-1"},"og_locale":"pt_PT","og_type":"article","og_title":"Mercado em movimento: siga as movimenta\u00e7\u00f5es em tempo real - Portal Tela Portugal","og_description":"Vin\u00edcius J\u00fanior afirma que o futuro pr\u00f3ximo passa pelo Real Madrid e que a renova\u00e7\u00e3o n\u00e3o \u00e9 uma prioridade imediata, esperando resolver com o presidente numa altura conveniente. Rui Mota surge como hip\u00f3tese para treinar os sub-20 do Botafogo, vindo do Sp. Covilh\u00e3, com experi\u00eancia em forma\u00e7\u00e3o em Portugal e na China. Rui Borges confirma que Faye j\u00e1 \u00e9 jogador do Sporting, ainda sem apresenta\u00e7\u00e3o formal, mas com assinatura j\u00e1 efetuada. Rafa est\u00e1 a caminho de Lisboa para refor\u00e7ar o Benfica, numa transfer\u00eancia com Besiktas fixada em 5 milh\u00f5es de euros, mais 1,5 milh\u00f5es em b\u00f3nus. Ter Stegen vai jogar no Girona at\u00e9 ao final desta \u00e9poca, em regime de empr\u00e9stimo do Barcelona, at\u00e9 30 de junho de 2026.","og_url":"https:\/\/portaltela.pt\/noticias\/2026\/01\/21\/mercado-em-movimento-siga-as-movimentacoes-em-tempo-real-5\/","og_site_name":"Portal Tela Portugal","article_published_time":"2026-01-21T08:42:56+00:00","author":"Telinha","twitter_card":"summary_large_image","twitter_misc":{"Escrito por":"Telinha","Tempo estimado de leitura":"1 minuto"},"schema":{"@context":"https:\/\/schema.org","@graph":[{"@type":"Article","@id":"https:\/\/portaltela.pt\/noticias\/2026\/01\/21\/mercado-em-movimento-siga-as-movimentacoes-em-tempo-real-5\/#article","isPartOf":{"@id":"https:\/\/portaltela.pt\/noticias\/2026\/01\/21\/mercado-em-movimento-siga-as-movimentacoes-em-tempo-real-5\/"},"author":{"name":"Telinha","@id":"https:\/\/portaltela.pt\/#\/schema\/person\/c4278d4a6028830caff9ee44b42d32ed"},"headline":"Mercado em movimento: siga as movimenta\u00e7\u00f5es em tempo real","datePublished":"2026-01-21T08:42:56+00:00","mainEntityOfPage":{"@id":"https:\/\/portaltela.pt\/noticias\/2026\/01\/21\/mercado-em-movimento-siga-as-movimentacoes-em-tempo-real-5\/"},"wordCount":263,"image":{"@id":"https:\/\/portaltela.pt\/noticias\/2026\/01\/21\/mercado-em-movimento-siga-as-movimentacoes-em-tempo-real-5\/#primaryimage"},"thumbnailUrl":"https:\/\/portaltela.pt\/s.01k8rhncp4jt1\/2026\/01\/img_1200x721uu2026-01-21-08-42-20-2416201.jpg","keywords":["Benfica","futebol","Girona","Real Madrid","Sporting","Vin\u00edcius J\u00fanior"],"articleSection":["Desporto","Futebol"],"inLanguage":"pt-PT"},{"@type":"WebPage","@id":"https:\/\/portaltela.pt\/noticias\/2026\/01\/21\/mercado-em-movimento-siga-as-movimentacoes-em-tempo-real-5\/","url":"https:\/\/portaltela.pt\/noticias\/2026\/01\/21\/mercado-em-movimento-siga-as-movimentacoes-em-tempo-real-5\/","name":"Mercado em movimento: siga as movimenta\u00e7\u00f5es em tempo real - Portal Tela Portugal","isPartOf":{"@id":"https:\/\/portaltela.pt\/#website"},"primaryImageOfPage":{"@id":"https:\/\/portaltela.pt\/noticias\/2026\/01\/21\/mercado-em-movimento-siga-as-movimentacoes-em-tempo-real-5\/#primaryimage"},"image":{"@id":"https:\/\/portaltela.pt\/noticias\/2026\/01\/21\/mercado-em-movimento-siga-as-movimentacoes-em-tempo-real-5\/#primaryimage"},"thumbnailUrl":"https:\/\/portaltela.pt\/s.01k8rhncp4jt1\/2026\/01\/img_1200x721uu2026-01-21-08-42-20-2416201.jpg","datePublished":"2026-01-21T08:42:56+00:00","author":{"@id":"https:\/\/portaltela.pt\/#\/schema\/person\/c4278d4a6028830caff9ee44b42d32ed"},"breadcrumb":{"@id":"https:\/\/portaltela.pt\/noticias\/2026\/01\/21\/mercado-em-movimento-siga-as-movimentacoes-em-tempo-real-5\/#breadcrumb"},"inLanguage":"pt-PT","potentialAction":[{"@type":"ReadAction","target":["https:\/\/portaltela.pt\/noticias\/2026\/01\/21\/mercado-em-movimento-siga-as-movimentacoes-em-tempo-real-5\/"]}]},{"@type":"ImageObject","inLanguage":"pt-PT","@id":"https:\/\/portaltela.pt\/noticias\/2026\/01\/21\/mercado-em-movimento-siga-as-movimentacoes-em-tempo-real-5\/#primaryimage","url":"https:\/\/portaltela.pt\/s.01k8rhncp4jt1\/2026\/01\/img_1200x721uu2026-01-21-08-42-20-2416201.jpg","contentUrl":"https:\/\/portaltela.pt\/s.01k8rhncp4jt1\/2026\/01\/img_1200x721uu2026-01-21-08-42-20-2416201.jpg","width":796,"height":448,"caption":"Rafa de sa\u00edda da Turquia"},{"@type":"BreadcrumbList","@id":"https:\/\/portaltela.pt\/noticias\/2026\/01\/21\/mercado-em-movimento-siga-as-movimentacoes-em-tempo-real-5\/#breadcrumb","itemListElement":[{"@type":"ListItem","position":1,"name":"In\u00edcio","item":"https:\/\/portaltela.pt\/"},{"@type":"ListItem","position":2,"name":"Mercado em movimento: siga as movimenta\u00e7\u00f5es em tempo real"}]},{"@type":"WebSite","@id":"https:\/\/portaltela.pt\/#website","url":"https:\/\/portaltela.pt\/","name":"Portal Tela Portugal","description":"","potentialAction":[{"@type":"SearchAction","target":{"@type":"EntryPoint","urlTemplate":"https:\/\/portaltela.pt\/?s={search_term_string}"},"query-input":{"@type":"PropertyValueSpecification","valueRequired":true,"valueName":"search_term_string"}}],"inLanguage":"pt-PT"},{"@type":"Person","@id":"https:\/\/portaltela.pt\/#\/schema\/person\/c4278d4a6028830caff9ee44b42d32ed","name":"Telinha","image":{"@type":"ImageObject","inLanguage":"pt-PT","@id":"https:\/\/portaltela.pt\/s.01k8rhncp4jt1\/2025\/11\/talking-bot-125x125.png","url":"https:\/\/portaltela.pt\/s.01k8rhncp4jt1\/2025\/11\/talking-bot-125x125.png","contentUrl":"https:\/\/portaltela.pt\/s.01k8rhncp4jt1\/2025\/11\/talking-bot-125x125.png","caption":"Telinha"},"sameAs":["https:\/\/portaltela.pt\/"],"url":"https:\/\/portaltela.pt\/por\/367410592786\/"}]}},"_links":{"self":[{"href":"https:\/\/portaltela.pt\/api\/wp\/v2\/posts\/158743","targetHints":{"allow":["GET"]}}],"collection":[{"href":"https:\/\/portaltela.pt\/api\/wp\/v2\/posts"}],"about":[{"href":"https:\/\/portaltela.pt\/api\/wp\/v2\/types\/post"}],"author":[{"embeddable":true,"href":"https:\/\/portaltela.pt\/api\/wp\/v2\/users\/2"}],"replies":[{"embeddable":true,"href":"https:\/\/portaltela.pt\/api\/wp\/v2\/comments?post=158743"}],"version-history":[{"count":0,"href":"https:\/\/portaltela.pt\/api\/wp\/v2\/posts\/158743\/revisions"}],"wp:featuredmedia":[{"embeddable":true,"href":"https:\/\/portaltela.pt\/api\/wp\/v2\/media\/158773"}],"wp:attachment":[{"href":"https:\/\/portaltela.pt\/api\/wp\/v2\/media?parent=158743"}],"wp:term":[{"taxonomy":"category","embeddable":true,"href":"https:\/\/portaltela.pt\/api\/wp\/v2\/categories?post=158743"},{"taxonomy":"post_tag","embeddable":true,"href":"https:\/\/portaltela.pt\/api\/wp\/v2\/tags?post=158743"}],"curies":[{"name":"wp","href":"https:\/\/api.w.org\/{rel}","templated":true}]}}