{"id":158698,"date":"2026-01-20T22:30:00","date_gmt":"2026-01-21T01:30:00","guid":{"rendered":"https:\/\/portaltela.pt\/noticias\/2026\/01\/20\/investigacao-aponta-lucros-de-milhoes-com-furto-de-250-carros-de-aluguer\/"},"modified":"2026-01-20T22:30:00","modified_gmt":"2026-01-21T01:30:00","slug":"investigacao-aponta-lucros-de-milhoes-com-furto-de-250-carros-de-aluguer","status":"publish","type":"post","link":"https:\/\/portaltela.pt\/noticias\/2026\/01\/20\/investigacao-aponta-lucros-de-milhoes-com-furto-de-250-carros-de-aluguer\/","title":{"rendered":"Investiga\u00e7\u00e3o aponta lucros de milh\u00f5es com furto de 250 carros de aluguer"},"content":{"rendered":"<p>Um grupo de 19 homens e cinco mulheres est\u00e1 a ser acusado pelo Minist\u00e9rio P\u00fablico de integrar uma rede que, durante cerca de um ano, furtou pelo menos 250 carros de aluguer em Portugal e noutros pa\u00edses europeus. As viaturas eram transformadas e vendidas noutros mercados europeus e africanos. O MP solicita a apreens\u00e3o de bens resultantes da atividade criminosa, acima de 21 milh\u00f5es de euros. O julgamento dever\u00e1 arrancar em breve no Campus de Justi\u00e7a, em Lisboa. O grupo inclui 19 brasileiros, tr\u00eas portugueses, um moldavo e um guineense.<\/p>\n<p>De acordo com o despacho de acusa\u00e7\u00e3o, o grupo foi constitu\u00eddo por quatro imigrantes brasileiros, liderados por Jo\u00e3o Maciel, de 32 anos, j\u00e1 em pris\u00e3o preventiva desde maio de 2025. A c\u00fapula recrutou mais membros, cada um com fun\u00e7\u00f5es espec\u00edficas: aluguer de viaturas, obten\u00e7\u00e3o de documentos e gest\u00e3o de pagamentos. A opera\u00e7\u00e3o tinha coordena\u00e7\u00e3o para desativar rastreadores GPS dos autom\u00f3veis.<\/p>\n<p>Ap\u00f3s a obten\u00e7\u00e3o das viaturas, os suspeitos removiam oGPS, o que impedia a localiza\u00e7\u00e3o pela empresa propriet\u00e1ria. Seguia-se o envio das viaturas para o estrangeiro, com recupera\u00e7\u00f5es pela PSP em Espanha, Fran\u00e7a, Dakar e G\u00e2mbia. Jo\u00e3o Maciel responde por centenas de casos de burla qualificada, com preju\u00edzo estimado em 2,5 milh\u00f5es de euros; apenas mais um arguido est\u00e1 em pris\u00e3o preventiva.<\/p>\n<h3>Apreens\u00e3o e lucros<\/h3>\n<p>O MP prop\u00f5e a apreens\u00e3o de 16,8 milh\u00f5es de euros em proveitos crimininos aos quatro principais arguidos. Os restantes 20 membros ter\u00e3o uma participa\u00e7\u00e3o que excede quatro milh\u00f5es de euros, segundo a acusa\u00e7\u00e3o. O processo descreve lucros significativos obtidos com o esquema.<\/p>\n<h3>Primeiro teste em Lisboa<\/h3>\n<p>O primeiro epis\u00f3dio descrito pela acusa\u00e7\u00e3o ocorreu a 2 de janeiro de 2024, quando Jo\u00e3o Maciel alugou um carro por tr\u00eas dias num rent-a-car de Lisboa; a viatura permanece desaparecida. A investiga\u00e7\u00e3o da PSP identificou outras viaturas j\u00e1 em territ\u00f3rio estrangeiro.<\/p>\n","protected":false},"excerpt":{"rendered":"<ul>\n<li>Um grupo de 19 homens e cinco mulheres \u00e9 acusado pelo Minist\u00e9rio P\u00fablico de ter furtado pelo menos 250 carros de aluguer em Portugal e noutros pa\u00edses europeus, durante cerca de um ano, com lucro superior a 21 milh\u00f5es de euros.<\/li>\n<li>O n\u00facleo da rede foi criado por quatro imigrantes brasileiros, incluindo Jo\u00e3o Maciel, considerado o cabecilha, em meados de 2023; o grupo contava com membros respons\u00e1veis pelo aluguer, obten\u00e7\u00e3o de documentos e pagamentos.<\/li>\n<li>Ap\u00f3s alugarem as viaturas, os alegados removiam o rastreador GPS e enviavam os carros para o estrangeiro; a PSP recuperou ve\u00edculos em Espanha, Fran\u00e7a, Dakar e G\u00e2mbia.<\/li>\n<li>Jo\u00e3o Maciel \u00e9 o arguido com mais crimes imputados \u2014 215 burlas qualificadas, estimadas em 2,5 milh\u00f5es de euros; apenas mais um arguido est\u00e1 em pris\u00e3o preventiva.<\/li>\n<li>O julgamento deve arrancar em breve no Campus de Justi\u00e7a, em Lisboa; o MP solicita a apreens\u00e3o de 16,8 milh\u00f5es de euros dos quatro principais arguidos, com o restante valor repartido pelos outros vinte.<\/li>\n<li>O caso teve in\u00edcio com um teste de atividade criminosa de Maciel, em 2 de janeiro de 2024, quando alugou um carro num rent-a-car de Lisboa e a viatura permanece desaparecida.<\/li>\n<\/ul>\n","protected":false},"author":2,"featured_media":158715,"comment_status":"closed","ping_status":"closed","sticky":false,"template":"","format":"standard","meta":{"footnotes":""},"categories":[1],"tags":[689,147,1659,217,1014,3237],"class_list":["post-158698","post","type-post","status-publish","format-standard","has-post-thumbnail","hentry","category-noticias","tag-burla-qualificada","tag-crime","tag-furto-qualificado","tag-investigacao-criminal","tag-portugal","tag-roubo-qualificado"],"yoast_head":"<!-- This site is optimized with the Yoast SEO plugin v27.2 - https:\/\/yoast.com\/product\/yoast-seo-wordpress\/ -->\n<title>Investiga\u00e7\u00e3o aponta lucros de milh\u00f5es com furto de 250 carros de aluguer - Portal Tela Portugal<\/title>\n<meta name=\"robots\" content=\"index, follow, max-snippet:-1, max-image-preview:large, max-video-preview:-1\" \/>\n<meta property=\"og:locale\" content=\"pt_PT\" \/>\n<meta property=\"og:type\" content=\"article\" \/>\n<meta property=\"og:title\" content=\"Investiga\u00e7\u00e3o aponta lucros de milh\u00f5es com furto de 250 carros de aluguer - Portal Tela Portugal\" \/>\n<meta property=\"og:description\" content=\"Um grupo de 19 homens e cinco mulheres \u00e9 acusado pelo Minist\u00e9rio P\u00fablico de ter furtado pelo menos 250 carros de aluguer em Portugal e noutros pa\u00edses europeus, durante cerca de um ano, com lucro superior a 21 milh\u00f5es de euros. O n\u00facleo da rede foi criado por quatro imigrantes brasileiros, incluindo Jo\u00e3o Maciel, considerado o cabecilha, em meados de 2023; o grupo contava com membros respons\u00e1veis pelo aluguer, obten\u00e7\u00e3o de documentos e pagamentos. Ap\u00f3s alugarem as viaturas, os alegados removiam o rastreador GPS e enviavam os carros para o estrangeiro; a PSP recuperou ve\u00edculos em Espanha, Fran\u00e7a, Dakar e G\u00e2mbia. Jo\u00e3o Maciel \u00e9 o arguido com mais crimes imputados \u2014 215 burlas qualificadas, estimadas em 2,5 milh\u00f5es de euros; apenas mais um arguido est\u00e1 em pris\u00e3o preventiva. O julgamento deve arrancar em breve no Campus de Justi\u00e7a, em Lisboa; o MP solicita a apreens\u00e3o de 16,8 milh\u00f5es de euros dos quatro principais arguidos, com o restante valor repartido pelos outros vinte. O caso teve in\u00edcio com um teste de atividade criminosa de Maciel, em 2 de janeiro de 2024, quando alugou um carro num rent-a-car de Lisboa e a viatura permanece desaparecida.\" \/>\n<meta property=\"og:url\" content=\"https:\/\/portaltela.pt\/noticias\/2026\/01\/20\/investigacao-aponta-lucros-de-milhoes-com-furto-de-250-carros-de-aluguer\/\" \/>\n<meta property=\"og:site_name\" content=\"Portal Tela Portugal\" \/>\n<meta property=\"article:published_time\" content=\"2026-01-21T01:30:00+00:00\" \/>\n<meta name=\"author\" content=\"Telinha\" \/>\n<meta name=\"twitter:card\" content=\"summary_large_image\" \/>\n<meta name=\"twitter:label1\" content=\"Escrito por\" \/>\n\t<meta name=\"twitter:data1\" content=\"Telinha\" \/>\n\t<meta name=\"twitter:label2\" content=\"Tempo estimado de leitura\" \/>\n\t<meta name=\"twitter:data2\" content=\"2 minutos\" \/>\n<script type=\"application\/ld+json\" class=\"yoast-schema-graph\">{\"@context\":\"https:\/\/schema.org\",\"@graph\":[{\"@type\":\"Article\",\"@id\":\"https:\/\/portaltela.pt\/noticias\/2026\/01\/20\/investigacao-aponta-lucros-de-milhoes-com-furto-de-250-carros-de-aluguer\/#article\",\"isPartOf\":{\"@id\":\"https:\/\/portaltela.pt\/noticias\/2026\/01\/20\/investigacao-aponta-lucros-de-milhoes-com-furto-de-250-carros-de-aluguer\/\"},\"author\":{\"name\":\"Telinha\",\"@id\":\"https:\/\/portaltela.pt\/#\/schema\/person\/c4278d4a6028830caff9ee44b42d32ed\"},\"headline\":\"Investiga\u00e7\u00e3o aponta lucros de milh\u00f5es com furto de 250 carros de aluguer\",\"datePublished\":\"2026-01-21T01:30:00+00:00\",\"mainEntityOfPage\":{\"@id\":\"https:\/\/portaltela.pt\/noticias\/2026\/01\/20\/investigacao-aponta-lucros-de-milhoes-com-furto-de-250-carros-de-aluguer\/\"},\"wordCount\":347,\"image\":{\"@id\":\"https:\/\/portaltela.pt\/noticias\/2026\/01\/20\/investigacao-aponta-lucros-de-milhoes-com-furto-de-250-carros-de-aluguer\/#primaryimage\"},\"thumbnailUrl\":\"https:\/\/portaltela.pt\/s.01k8rhncp4jt1\/2026\/01\/img_1500x1000uu2026-01-20-16-19-00-2261528.jpg\",\"keywords\":[\"burla qualificada\",\"crime\",\"furto qualificado\",\"investiga\u00e7\u00e3o criminal\",\"Portugal\",\"roubo qualificado\"],\"articleSection\":[\"Not\u00edcias\"],\"inLanguage\":\"pt-PT\"},{\"@type\":\"WebPage\",\"@id\":\"https:\/\/portaltela.pt\/noticias\/2026\/01\/20\/investigacao-aponta-lucros-de-milhoes-com-furto-de-250-carros-de-aluguer\/\",\"url\":\"https:\/\/portaltela.pt\/noticias\/2026\/01\/20\/investigacao-aponta-lucros-de-milhoes-com-furto-de-250-carros-de-aluguer\/\",\"name\":\"Investiga\u00e7\u00e3o aponta lucros de milh\u00f5es com furto de 250 carros de aluguer - Portal Tela Portugal\",\"isPartOf\":{\"@id\":\"https:\/\/portaltela.pt\/#website\"},\"primaryImageOfPage\":{\"@id\":\"https:\/\/portaltela.pt\/noticias\/2026\/01\/20\/investigacao-aponta-lucros-de-milhoes-com-furto-de-250-carros-de-aluguer\/#primaryimage\"},\"image\":{\"@id\":\"https:\/\/portaltela.pt\/noticias\/2026\/01\/20\/investigacao-aponta-lucros-de-milhoes-com-furto-de-250-carros-de-aluguer\/#primaryimage\"},\"thumbnailUrl\":\"https:\/\/portaltela.pt\/s.01k8rhncp4jt1\/2026\/01\/img_1500x1000uu2026-01-20-16-19-00-2261528.jpg\",\"datePublished\":\"2026-01-21T01:30:00+00:00\",\"author\":{\"@id\":\"https:\/\/portaltela.pt\/#\/schema\/person\/c4278d4a6028830caff9ee44b42d32ed\"},\"breadcrumb\":{\"@id\":\"https:\/\/portaltela.pt\/noticias\/2026\/01\/20\/investigacao-aponta-lucros-de-milhoes-com-furto-de-250-carros-de-aluguer\/#breadcrumb\"},\"inLanguage\":\"pt-PT\",\"potentialAction\":[{\"@type\":\"ReadAction\",\"target\":[\"https:\/\/portaltela.pt\/noticias\/2026\/01\/20\/investigacao-aponta-lucros-de-milhoes-com-furto-de-250-carros-de-aluguer\/\"]}]},{\"@type\":\"ImageObject\",\"inLanguage\":\"pt-PT\",\"@id\":\"https:\/\/portaltela.pt\/noticias\/2026\/01\/20\/investigacao-aponta-lucros-de-milhoes-com-furto-de-250-carros-de-aluguer\/#primaryimage\",\"url\":\"https:\/\/portaltela.pt\/s.01k8rhncp4jt1\/2026\/01\/img_1500x1000uu2026-01-20-16-19-00-2261528.jpg\",\"contentUrl\":\"https:\/\/portaltela.pt\/s.01k8rhncp4jt1\/2026\/01\/img_1500x1000uu2026-01-20-16-19-00-2261528.jpg\",\"width\":796,\"height\":448,\"caption\":\"V\u00e1rias ag\u00eancias de aluguer de viaturas foram lesadas pela a\u00e7\u00e3o do grupo organizado\"},{\"@type\":\"BreadcrumbList\",\"@id\":\"https:\/\/portaltela.pt\/noticias\/2026\/01\/20\/investigacao-aponta-lucros-de-milhoes-com-furto-de-250-carros-de-aluguer\/#breadcrumb\",\"itemListElement\":[{\"@type\":\"ListItem\",\"position\":1,\"name\":\"In\u00edcio\",\"item\":\"https:\/\/portaltela.pt\/\"},{\"@type\":\"ListItem\",\"position\":2,\"name\":\"Investiga\u00e7\u00e3o aponta lucros de milh\u00f5es com furto de 250 carros de aluguer\"}]},{\"@type\":\"WebSite\",\"@id\":\"https:\/\/portaltela.pt\/#website\",\"url\":\"https:\/\/portaltela.pt\/\",\"name\":\"Portal Tela Portugal\",\"description\":\"\",\"potentialAction\":[{\"@type\":\"SearchAction\",\"target\":{\"@type\":\"EntryPoint\",\"urlTemplate\":\"https:\/\/portaltela.pt\/?s={search_term_string}\"},\"query-input\":{\"@type\":\"PropertyValueSpecification\",\"valueRequired\":true,\"valueName\":\"search_term_string\"}}],\"inLanguage\":\"pt-PT\"},{\"@type\":\"Person\",\"@id\":\"https:\/\/portaltela.pt\/#\/schema\/person\/c4278d4a6028830caff9ee44b42d32ed\",\"name\":\"Telinha\",\"image\":{\"@type\":\"ImageObject\",\"inLanguage\":\"pt-PT\",\"@id\":\"https:\/\/portaltela.pt\/s.01k8rhncp4jt1\/2025\/11\/talking-bot-125x125.png\",\"url\":\"https:\/\/portaltela.pt\/s.01k8rhncp4jt1\/2025\/11\/talking-bot-125x125.png\",\"contentUrl\":\"https:\/\/portaltela.pt\/s.01k8rhncp4jt1\/2025\/11\/talking-bot-125x125.png\",\"caption\":\"Telinha\"},\"sameAs\":[\"https:\/\/portaltela.pt\/\"],\"url\":\"https:\/\/portaltela.pt\/por\/367410592786\/\"}]}<\/script>\n<!-- \/ Yoast SEO plugin. -->","yoast_head_json":{"title":"Investiga\u00e7\u00e3o aponta lucros de milh\u00f5es com furto de 250 carros de aluguer - Portal Tela Portugal","robots":{"index":"index","follow":"follow","max-snippet":"max-snippet:-1","max-image-preview":"max-image-preview:large","max-video-preview":"max-video-preview:-1"},"og_locale":"pt_PT","og_type":"article","og_title":"Investiga\u00e7\u00e3o aponta lucros de milh\u00f5es com furto de 250 carros de aluguer - Portal Tela Portugal","og_description":"Um grupo de 19 homens e cinco mulheres \u00e9 acusado pelo Minist\u00e9rio P\u00fablico de ter furtado pelo menos 250 carros de aluguer em Portugal e noutros pa\u00edses europeus, durante cerca de um ano, com lucro superior a 21 milh\u00f5es de euros. O n\u00facleo da rede foi criado por quatro imigrantes brasileiros, incluindo Jo\u00e3o Maciel, considerado o cabecilha, em meados de 2023; o grupo contava com membros respons\u00e1veis pelo aluguer, obten\u00e7\u00e3o de documentos e pagamentos. Ap\u00f3s alugarem as viaturas, os alegados removiam o rastreador GPS e enviavam os carros para o estrangeiro; a PSP recuperou ve\u00edculos em Espanha, Fran\u00e7a, Dakar e G\u00e2mbia. Jo\u00e3o Maciel \u00e9 o arguido com mais crimes imputados \u2014 215 burlas qualificadas, estimadas em 2,5 milh\u00f5es de euros; apenas mais um arguido est\u00e1 em pris\u00e3o preventiva. O julgamento deve arrancar em breve no Campus de Justi\u00e7a, em Lisboa; o MP solicita a apreens\u00e3o de 16,8 milh\u00f5es de euros dos quatro principais arguidos, com o restante valor repartido pelos outros vinte. O caso teve in\u00edcio com um teste de atividade criminosa de Maciel, em 2 de janeiro de 2024, quando alugou um carro num rent-a-car de Lisboa e a viatura permanece desaparecida.","og_url":"https:\/\/portaltela.pt\/noticias\/2026\/01\/20\/investigacao-aponta-lucros-de-milhoes-com-furto-de-250-carros-de-aluguer\/","og_site_name":"Portal Tela Portugal","article_published_time":"2026-01-21T01:30:00+00:00","author":"Telinha","twitter_card":"summary_large_image","twitter_misc":{"Escrito por":"Telinha","Tempo estimado de leitura":"2 minutos"},"schema":{"@context":"https:\/\/schema.org","@graph":[{"@type":"Article","@id":"https:\/\/portaltela.pt\/noticias\/2026\/01\/20\/investigacao-aponta-lucros-de-milhoes-com-furto-de-250-carros-de-aluguer\/#article","isPartOf":{"@id":"https:\/\/portaltela.pt\/noticias\/2026\/01\/20\/investigacao-aponta-lucros-de-milhoes-com-furto-de-250-carros-de-aluguer\/"},"author":{"name":"Telinha","@id":"https:\/\/portaltela.pt\/#\/schema\/person\/c4278d4a6028830caff9ee44b42d32ed"},"headline":"Investiga\u00e7\u00e3o aponta lucros de milh\u00f5es com furto de 250 carros de aluguer","datePublished":"2026-01-21T01:30:00+00:00","mainEntityOfPage":{"@id":"https:\/\/portaltela.pt\/noticias\/2026\/01\/20\/investigacao-aponta-lucros-de-milhoes-com-furto-de-250-carros-de-aluguer\/"},"wordCount":347,"image":{"@id":"https:\/\/portaltela.pt\/noticias\/2026\/01\/20\/investigacao-aponta-lucros-de-milhoes-com-furto-de-250-carros-de-aluguer\/#primaryimage"},"thumbnailUrl":"https:\/\/portaltela.pt\/s.01k8rhncp4jt1\/2026\/01\/img_1500x1000uu2026-01-20-16-19-00-2261528.jpg","keywords":["burla qualificada","crime","furto qualificado","investiga\u00e7\u00e3o criminal","Portugal","roubo qualificado"],"articleSection":["Not\u00edcias"],"inLanguage":"pt-PT"},{"@type":"WebPage","@id":"https:\/\/portaltela.pt\/noticias\/2026\/01\/20\/investigacao-aponta-lucros-de-milhoes-com-furto-de-250-carros-de-aluguer\/","url":"https:\/\/portaltela.pt\/noticias\/2026\/01\/20\/investigacao-aponta-lucros-de-milhoes-com-furto-de-250-carros-de-aluguer\/","name":"Investiga\u00e7\u00e3o aponta lucros de milh\u00f5es com furto de 250 carros de aluguer - Portal Tela Portugal","isPartOf":{"@id":"https:\/\/portaltela.pt\/#website"},"primaryImageOfPage":{"@id":"https:\/\/portaltela.pt\/noticias\/2026\/01\/20\/investigacao-aponta-lucros-de-milhoes-com-furto-de-250-carros-de-aluguer\/#primaryimage"},"image":{"@id":"https:\/\/portaltela.pt\/noticias\/2026\/01\/20\/investigacao-aponta-lucros-de-milhoes-com-furto-de-250-carros-de-aluguer\/#primaryimage"},"thumbnailUrl":"https:\/\/portaltela.pt\/s.01k8rhncp4jt1\/2026\/01\/img_1500x1000uu2026-01-20-16-19-00-2261528.jpg","datePublished":"2026-01-21T01:30:00+00:00","author":{"@id":"https:\/\/portaltela.pt\/#\/schema\/person\/c4278d4a6028830caff9ee44b42d32ed"},"breadcrumb":{"@id":"https:\/\/portaltela.pt\/noticias\/2026\/01\/20\/investigacao-aponta-lucros-de-milhoes-com-furto-de-250-carros-de-aluguer\/#breadcrumb"},"inLanguage":"pt-PT","potentialAction":[{"@type":"ReadAction","target":["https:\/\/portaltela.pt\/noticias\/2026\/01\/20\/investigacao-aponta-lucros-de-milhoes-com-furto-de-250-carros-de-aluguer\/"]}]},{"@type":"ImageObject","inLanguage":"pt-PT","@id":"https:\/\/portaltela.pt\/noticias\/2026\/01\/20\/investigacao-aponta-lucros-de-milhoes-com-furto-de-250-carros-de-aluguer\/#primaryimage","url":"https:\/\/portaltela.pt\/s.01k8rhncp4jt1\/2026\/01\/img_1500x1000uu2026-01-20-16-19-00-2261528.jpg","contentUrl":"https:\/\/portaltela.pt\/s.01k8rhncp4jt1\/2026\/01\/img_1500x1000uu2026-01-20-16-19-00-2261528.jpg","width":796,"height":448,"caption":"V\u00e1rias ag\u00eancias de aluguer de viaturas foram lesadas pela a\u00e7\u00e3o do grupo organizado"},{"@type":"BreadcrumbList","@id":"https:\/\/portaltela.pt\/noticias\/2026\/01\/20\/investigacao-aponta-lucros-de-milhoes-com-furto-de-250-carros-de-aluguer\/#breadcrumb","itemListElement":[{"@type":"ListItem","position":1,"name":"In\u00edcio","item":"https:\/\/portaltela.pt\/"},{"@type":"ListItem","position":2,"name":"Investiga\u00e7\u00e3o aponta lucros de milh\u00f5es com furto de 250 carros de aluguer"}]},{"@type":"WebSite","@id":"https:\/\/portaltela.pt\/#website","url":"https:\/\/portaltela.pt\/","name":"Portal Tela Portugal","description":"","potentialAction":[{"@type":"SearchAction","target":{"@type":"EntryPoint","urlTemplate":"https:\/\/portaltela.pt\/?s={search_term_string}"},"query-input":{"@type":"PropertyValueSpecification","valueRequired":true,"valueName":"search_term_string"}}],"inLanguage":"pt-PT"},{"@type":"Person","@id":"https:\/\/portaltela.pt\/#\/schema\/person\/c4278d4a6028830caff9ee44b42d32ed","name":"Telinha","image":{"@type":"ImageObject","inLanguage":"pt-PT","@id":"https:\/\/portaltela.pt\/s.01k8rhncp4jt1\/2025\/11\/talking-bot-125x125.png","url":"https:\/\/portaltela.pt\/s.01k8rhncp4jt1\/2025\/11\/talking-bot-125x125.png","contentUrl":"https:\/\/portaltela.pt\/s.01k8rhncp4jt1\/2025\/11\/talking-bot-125x125.png","caption":"Telinha"},"sameAs":["https:\/\/portaltela.pt\/"],"url":"https:\/\/portaltela.pt\/por\/367410592786\/"}]}},"_links":{"self":[{"href":"https:\/\/portaltela.pt\/api\/wp\/v2\/posts\/158698","targetHints":{"allow":["GET"]}}],"collection":[{"href":"https:\/\/portaltela.pt\/api\/wp\/v2\/posts"}],"about":[{"href":"https:\/\/portaltela.pt\/api\/wp\/v2\/types\/post"}],"author":[{"embeddable":true,"href":"https:\/\/portaltela.pt\/api\/wp\/v2\/users\/2"}],"replies":[{"embeddable":true,"href":"https:\/\/portaltela.pt\/api\/wp\/v2\/comments?post=158698"}],"version-history":[{"count":0,"href":"https:\/\/portaltela.pt\/api\/wp\/v2\/posts\/158698\/revisions"}],"wp:featuredmedia":[{"embeddable":true,"href":"https:\/\/portaltela.pt\/api\/wp\/v2\/media\/158715"}],"wp:attachment":[{"href":"https:\/\/portaltela.pt\/api\/wp\/v2\/media?parent=158698"}],"wp:term":[{"taxonomy":"category","embeddable":true,"href":"https:\/\/portaltela.pt\/api\/wp\/v2\/categories?post=158698"},{"taxonomy":"post_tag","embeddable":true,"href":"https:\/\/portaltela.pt\/api\/wp\/v2\/tags?post=158698"}],"curies":[{"name":"wp","href":"https:\/\/api.w.org\/{rel}","templated":true}]}}