{"id":158653,"date":"2026-01-21T05:10:00","date_gmt":"2026-01-21T08:10:00","guid":{"rendered":"https:\/\/portaltela.pt\/noticias\/2026\/01\/21\/comboios-suburbanos-parados-na-catalunha-apos-acidente-que-vitimou-maquinista\/"},"modified":"2026-01-21T05:10:00","modified_gmt":"2026-01-21T08:10:00","slug":"comboios-suburbanos-parados-na-catalunha-apos-acidente-que-vitimou-maquinista","status":"publish","type":"post","link":"https:\/\/portaltela.pt\/noticias\/2026\/01\/21\/comboios-suburbanos-parados-na-catalunha-apos-acidente-que-vitimou-maquinista\/","title":{"rendered":"Comboios suburbanos parados na Catalunha ap\u00f3s acidente que vitimou maquinista"},"content":{"rendered":"<p>Os comboios suburbanos da Catalunha est\u00e3o parados por tempo indeterminado ap\u00f3s um acidente na noite de ter\u00e7a-feira, que causou a morte de um maquinista e deixou 37 feridos, cinco em estado grave. A circula\u00e7\u00e3o foi suspensa para inspecionar todas as vias e garantir que n\u00e3o haja obst\u00e1culos.<\/p>\n<p>Segundo a Administra\u00e7\u00e3o Ferrovi\u00e1ria espanhola (ADIF), as vias est\u00e3o a ser alvo de inspe\u00e7\u00e3o rigorosa antes de permitir o regresso gradual dos servi\u00e7os. A paralisa\u00e7\u00e3o abrange a regi\u00e3o de Rodalies, em toda a Catalunha.<\/p>\n<p>O acidente ocorreu quando um comboio atingiu um muro de conten\u00e7\u00e3o derrubado por um temporais com fortes chuva. Registou-se tamb\u00e9m um segundo choque no mesmo dia, com uma pedra na via, sem v\u00edtimas. Al\u00e9m disso, foi detetada uma \u00e1rvore ca\u00edda numa linha.<\/p>\n<p>Autoridades locais destacaram que a derrocada e as incid\u00eancias associadas est\u00e3o a ser avaliadas, com a ADIF a indicar que trabalha para resolver os problemas com a maior brevidade poss\u00edvel. O caso \u00e9 o segundo acidente com v\u00edtimas mortais em Espanha nesta semana.<\/p>\n<h3>Medidas e desdobramentos<\/h3>\n<ul>\n<li>A ADIF confirmou a abertura de uma investiga\u00e7\u00e3o sobre as causas dos incidentes e sobre o estado das vias.<\/li>\n<li>As autoridades apelam \u00e0 paci\u00eancia dos passageiros e indicam que os hor\u00e1rios s\u00f3 dever\u00e3o ser restabelecidos ap\u00f3s inspe\u00e7\u00f5es completas.<\/li>\n<\/ul>\n","protected":false},"excerpt":{"rendered":"<ul>\n<li>Comboios suburbanos parados na Catalunha por tempo indeterminado ap\u00f3s acidente que matou um maquinista e feriu gravemente cinco passageiros, elevando para dezenas as v\u00edtimas.<\/li>\n<li>A circula\u00e7\u00e3o est\u00e1 suspensa at\u00e9 serem inspecionadas todas as vias para garantir que est\u00e3o livres de obst\u00e1culos, segundo a empresa Adif.<\/li>\n<li>O acidente ocorreu ter\u00e7a-feira \u00e0 noite, quando um comboio chocou com um muro de conten\u00e7\u00e3o derrubado por derrocada provocada pelo temporal com chuvas fortes.<\/li>\n<li>No mesmo dia houve ainda um segundo choque de comboio com uma pedra na via, sem v\u00edtimas, e registou-se uma \u00e1rvore ca\u00edda noutra linha.<\/li>\n<li>O acidente na Catalunha \u00e9 o segundo caso mortal na semana em Espanha, ap\u00f3s o desastre em Adamuz, C\u00f3rdoba, no domingo, que causou pelo menos quarenta e duas mortes em dois comboios de alta velocidade.<\/li>\n<\/ul>\n","protected":false},"author":2,"featured_media":158663,"comment_status":"closed","ping_status":"closed","sticky":false,"template":"","format":"standard","meta":{"footnotes":""},"categories":[1],"tags":[3447,3449,1511,1615,215,363],"class_list":["post-158653","post","type-post","status-publish","format-standard","has-post-thumbnail","hentry","category-noticias","tag-acidente-ferroviario","tag-feridos","tag-ferimentos-graves","tag-infraestrutura","tag-investigacao","tag-transportes"],"yoast_head":"<!-- This site is optimized with the Yoast SEO plugin v27.2 - https:\/\/yoast.com\/product\/yoast-seo-wordpress\/ -->\n<title>Comboios suburbanos parados na Catalunha ap\u00f3s acidente que vitimou maquinista - Portal Tela Portugal<\/title>\n<meta name=\"robots\" content=\"index, follow, max-snippet:-1, max-image-preview:large, max-video-preview:-1\" \/>\n<meta property=\"og:locale\" content=\"pt_PT\" \/>\n<meta property=\"og:type\" content=\"article\" \/>\n<meta property=\"og:title\" content=\"Comboios suburbanos parados na Catalunha ap\u00f3s acidente que vitimou maquinista - Portal Tela Portugal\" \/>\n<meta property=\"og:description\" content=\"Comboios suburbanos parados na Catalunha por tempo indeterminado ap\u00f3s acidente que matou um maquinista e feriu gravemente cinco passageiros, elevando para dezenas as v\u00edtimas. A circula\u00e7\u00e3o est\u00e1 suspensa at\u00e9 serem inspecionadas todas as vias para garantir que est\u00e3o livres de obst\u00e1culos, segundo a empresa Adif. O acidente ocorreu ter\u00e7a-feira \u00e0 noite, quando um comboio chocou com um muro de conten\u00e7\u00e3o derrubado por derrocada provocada pelo temporal com chuvas fortes. No mesmo dia houve ainda um segundo choque de comboio com uma pedra na via, sem v\u00edtimas, e registou-se uma \u00e1rvore ca\u00edda noutra linha. O acidente na Catalunha \u00e9 o segundo caso mortal na semana em Espanha, ap\u00f3s o desastre em Adamuz, C\u00f3rdoba, no domingo, que causou pelo menos quarenta e duas mortes em dois comboios de alta velocidade.\" \/>\n<meta property=\"og:url\" content=\"https:\/\/portaltela.pt\/noticias\/2026\/01\/21\/comboios-suburbanos-parados-na-catalunha-apos-acidente-que-vitimou-maquinista\/\" \/>\n<meta property=\"og:site_name\" content=\"Portal Tela Portugal\" \/>\n<meta property=\"article:published_time\" content=\"2026-01-21T08:10:00+00:00\" \/>\n<meta name=\"author\" content=\"Telinha\" \/>\n<meta name=\"twitter:card\" content=\"summary_large_image\" \/>\n<meta name=\"twitter:label1\" content=\"Escrito por\" \/>\n\t<meta name=\"twitter:data1\" content=\"Telinha\" \/>\n\t<meta name=\"twitter:label2\" content=\"Tempo estimado de leitura\" \/>\n\t<meta name=\"twitter:data2\" content=\"1 minuto\" \/>\n<script type=\"application\/ld+json\" class=\"yoast-schema-graph\">{\"@context\":\"https:\/\/schema.org\",\"@graph\":[{\"@type\":\"Article\",\"@id\":\"https:\/\/portaltela.pt\/noticias\/2026\/01\/21\/comboios-suburbanos-parados-na-catalunha-apos-acidente-que-vitimou-maquinista\/#article\",\"isPartOf\":{\"@id\":\"https:\/\/portaltela.pt\/noticias\/2026\/01\/21\/comboios-suburbanos-parados-na-catalunha-apos-acidente-que-vitimou-maquinista\/\"},\"author\":{\"name\":\"Telinha\",\"@id\":\"https:\/\/portaltela.pt\/#\/schema\/person\/c4278d4a6028830caff9ee44b42d32ed\"},\"headline\":\"Comboios suburbanos parados na Catalunha ap\u00f3s acidente que vitimou maquinista\",\"datePublished\":\"2026-01-21T08:10:00+00:00\",\"mainEntityOfPage\":{\"@id\":\"https:\/\/portaltela.pt\/noticias\/2026\/01\/21\/comboios-suburbanos-parados-na-catalunha-apos-acidente-que-vitimou-maquinista\/\"},\"wordCount\":243,\"image\":{\"@id\":\"https:\/\/portaltela.pt\/noticias\/2026\/01\/21\/comboios-suburbanos-parados-na-catalunha-apos-acidente-que-vitimou-maquinista\/#primaryimage\"},\"thumbnailUrl\":\"https:\/\/portaltela.pt\/s.01k8rhncp4jt1\/2026\/01\/image-1299.jpg\",\"keywords\":[\"acidente ferrovi\u00e1rio\",\"feridos\",\"ferimentos graves\",\"infraestrutura\",\"investiga\u00e7\u00e3o\",\"transportes\"],\"articleSection\":[\"Not\u00edcias\"],\"inLanguage\":\"pt-PT\"},{\"@type\":\"WebPage\",\"@id\":\"https:\/\/portaltela.pt\/noticias\/2026\/01\/21\/comboios-suburbanos-parados-na-catalunha-apos-acidente-que-vitimou-maquinista\/\",\"url\":\"https:\/\/portaltela.pt\/noticias\/2026\/01\/21\/comboios-suburbanos-parados-na-catalunha-apos-acidente-que-vitimou-maquinista\/\",\"name\":\"Comboios suburbanos parados na Catalunha ap\u00f3s acidente que vitimou maquinista - Portal Tela Portugal\",\"isPartOf\":{\"@id\":\"https:\/\/portaltela.pt\/#website\"},\"primaryImageOfPage\":{\"@id\":\"https:\/\/portaltela.pt\/noticias\/2026\/01\/21\/comboios-suburbanos-parados-na-catalunha-apos-acidente-que-vitimou-maquinista\/#primaryimage\"},\"image\":{\"@id\":\"https:\/\/portaltela.pt\/noticias\/2026\/01\/21\/comboios-suburbanos-parados-na-catalunha-apos-acidente-que-vitimou-maquinista\/#primaryimage\"},\"thumbnailUrl\":\"https:\/\/portaltela.pt\/s.01k8rhncp4jt1\/2026\/01\/image-1299.jpg\",\"datePublished\":\"2026-01-21T08:10:00+00:00\",\"author\":{\"@id\":\"https:\/\/portaltela.pt\/#\/schema\/person\/c4278d4a6028830caff9ee44b42d32ed\"},\"breadcrumb\":{\"@id\":\"https:\/\/portaltela.pt\/noticias\/2026\/01\/21\/comboios-suburbanos-parados-na-catalunha-apos-acidente-que-vitimou-maquinista\/#breadcrumb\"},\"inLanguage\":\"pt-PT\",\"potentialAction\":[{\"@type\":\"ReadAction\",\"target\":[\"https:\/\/portaltela.pt\/noticias\/2026\/01\/21\/comboios-suburbanos-parados-na-catalunha-apos-acidente-que-vitimou-maquinista\/\"]}]},{\"@type\":\"ImageObject\",\"inLanguage\":\"pt-PT\",\"@id\":\"https:\/\/portaltela.pt\/noticias\/2026\/01\/21\/comboios-suburbanos-parados-na-catalunha-apos-acidente-que-vitimou-maquinista\/#primaryimage\",\"url\":\"https:\/\/portaltela.pt\/s.01k8rhncp4jt1\/2026\/01\/image-1299.jpg\",\"contentUrl\":\"https:\/\/portaltela.pt\/s.01k8rhncp4jt1\/2026\/01\/image-1299.jpg\",\"width\":796,\"height\":448,\"caption\":\"Imagem de contexto do artigo Comboios suburbanos parados na Catalunha ap\u00f3s acidente que matou maquinista\"},{\"@type\":\"BreadcrumbList\",\"@id\":\"https:\/\/portaltela.pt\/noticias\/2026\/01\/21\/comboios-suburbanos-parados-na-catalunha-apos-acidente-que-vitimou-maquinista\/#breadcrumb\",\"itemListElement\":[{\"@type\":\"ListItem\",\"position\":1,\"name\":\"In\u00edcio\",\"item\":\"https:\/\/portaltela.pt\/\"},{\"@type\":\"ListItem\",\"position\":2,\"name\":\"Comboios suburbanos parados na Catalunha ap\u00f3s acidente que vitimou maquinista\"}]},{\"@type\":\"WebSite\",\"@id\":\"https:\/\/portaltela.pt\/#website\",\"url\":\"https:\/\/portaltela.pt\/\",\"name\":\"Portal Tela Portugal\",\"description\":\"\",\"potentialAction\":[{\"@type\":\"SearchAction\",\"target\":{\"@type\":\"EntryPoint\",\"urlTemplate\":\"https:\/\/portaltela.pt\/?s={search_term_string}\"},\"query-input\":{\"@type\":\"PropertyValueSpecification\",\"valueRequired\":true,\"valueName\":\"search_term_string\"}}],\"inLanguage\":\"pt-PT\"},{\"@type\":\"Person\",\"@id\":\"https:\/\/portaltela.pt\/#\/schema\/person\/c4278d4a6028830caff9ee44b42d32ed\",\"name\":\"Telinha\",\"image\":{\"@type\":\"ImageObject\",\"inLanguage\":\"pt-PT\",\"@id\":\"https:\/\/portaltela.pt\/s.01k8rhncp4jt1\/2025\/11\/talking-bot-125x125.png\",\"url\":\"https:\/\/portaltela.pt\/s.01k8rhncp4jt1\/2025\/11\/talking-bot-125x125.png\",\"contentUrl\":\"https:\/\/portaltela.pt\/s.01k8rhncp4jt1\/2025\/11\/talking-bot-125x125.png\",\"caption\":\"Telinha\"},\"sameAs\":[\"https:\/\/portaltela.pt\/\"],\"url\":\"https:\/\/portaltela.pt\/por\/367410592786\/\"}]}<\/script>\n<!-- \/ Yoast SEO plugin. -->","yoast_head_json":{"title":"Comboios suburbanos parados na Catalunha ap\u00f3s acidente que vitimou maquinista - Portal Tela Portugal","robots":{"index":"index","follow":"follow","max-snippet":"max-snippet:-1","max-image-preview":"max-image-preview:large","max-video-preview":"max-video-preview:-1"},"og_locale":"pt_PT","og_type":"article","og_title":"Comboios suburbanos parados na Catalunha ap\u00f3s acidente que vitimou maquinista - Portal Tela Portugal","og_description":"Comboios suburbanos parados na Catalunha por tempo indeterminado ap\u00f3s acidente que matou um maquinista e feriu gravemente cinco passageiros, elevando para dezenas as v\u00edtimas. A circula\u00e7\u00e3o est\u00e1 suspensa at\u00e9 serem inspecionadas todas as vias para garantir que est\u00e3o livres de obst\u00e1culos, segundo a empresa Adif. O acidente ocorreu ter\u00e7a-feira \u00e0 noite, quando um comboio chocou com um muro de conten\u00e7\u00e3o derrubado por derrocada provocada pelo temporal com chuvas fortes. No mesmo dia houve ainda um segundo choque de comboio com uma pedra na via, sem v\u00edtimas, e registou-se uma \u00e1rvore ca\u00edda noutra linha. O acidente na Catalunha \u00e9 o segundo caso mortal na semana em Espanha, ap\u00f3s o desastre em Adamuz, C\u00f3rdoba, no domingo, que causou pelo menos quarenta e duas mortes em dois comboios de alta velocidade.","og_url":"https:\/\/portaltela.pt\/noticias\/2026\/01\/21\/comboios-suburbanos-parados-na-catalunha-apos-acidente-que-vitimou-maquinista\/","og_site_name":"Portal Tela Portugal","article_published_time":"2026-01-21T08:10:00+00:00","author":"Telinha","twitter_card":"summary_large_image","twitter_misc":{"Escrito por":"Telinha","Tempo estimado de leitura":"1 minuto"},"schema":{"@context":"https:\/\/schema.org","@graph":[{"@type":"Article","@id":"https:\/\/portaltela.pt\/noticias\/2026\/01\/21\/comboios-suburbanos-parados-na-catalunha-apos-acidente-que-vitimou-maquinista\/#article","isPartOf":{"@id":"https:\/\/portaltela.pt\/noticias\/2026\/01\/21\/comboios-suburbanos-parados-na-catalunha-apos-acidente-que-vitimou-maquinista\/"},"author":{"name":"Telinha","@id":"https:\/\/portaltela.pt\/#\/schema\/person\/c4278d4a6028830caff9ee44b42d32ed"},"headline":"Comboios suburbanos parados na Catalunha ap\u00f3s acidente que vitimou maquinista","datePublished":"2026-01-21T08:10:00+00:00","mainEntityOfPage":{"@id":"https:\/\/portaltela.pt\/noticias\/2026\/01\/21\/comboios-suburbanos-parados-na-catalunha-apos-acidente-que-vitimou-maquinista\/"},"wordCount":243,"image":{"@id":"https:\/\/portaltela.pt\/noticias\/2026\/01\/21\/comboios-suburbanos-parados-na-catalunha-apos-acidente-que-vitimou-maquinista\/#primaryimage"},"thumbnailUrl":"https:\/\/portaltela.pt\/s.01k8rhncp4jt1\/2026\/01\/image-1299.jpg","keywords":["acidente ferrovi\u00e1rio","feridos","ferimentos graves","infraestrutura","investiga\u00e7\u00e3o","transportes"],"articleSection":["Not\u00edcias"],"inLanguage":"pt-PT"},{"@type":"WebPage","@id":"https:\/\/portaltela.pt\/noticias\/2026\/01\/21\/comboios-suburbanos-parados-na-catalunha-apos-acidente-que-vitimou-maquinista\/","url":"https:\/\/portaltela.pt\/noticias\/2026\/01\/21\/comboios-suburbanos-parados-na-catalunha-apos-acidente-que-vitimou-maquinista\/","name":"Comboios suburbanos parados na Catalunha ap\u00f3s acidente que vitimou maquinista - Portal Tela Portugal","isPartOf":{"@id":"https:\/\/portaltela.pt\/#website"},"primaryImageOfPage":{"@id":"https:\/\/portaltela.pt\/noticias\/2026\/01\/21\/comboios-suburbanos-parados-na-catalunha-apos-acidente-que-vitimou-maquinista\/#primaryimage"},"image":{"@id":"https:\/\/portaltela.pt\/noticias\/2026\/01\/21\/comboios-suburbanos-parados-na-catalunha-apos-acidente-que-vitimou-maquinista\/#primaryimage"},"thumbnailUrl":"https:\/\/portaltela.pt\/s.01k8rhncp4jt1\/2026\/01\/image-1299.jpg","datePublished":"2026-01-21T08:10:00+00:00","author":{"@id":"https:\/\/portaltela.pt\/#\/schema\/person\/c4278d4a6028830caff9ee44b42d32ed"},"breadcrumb":{"@id":"https:\/\/portaltela.pt\/noticias\/2026\/01\/21\/comboios-suburbanos-parados-na-catalunha-apos-acidente-que-vitimou-maquinista\/#breadcrumb"},"inLanguage":"pt-PT","potentialAction":[{"@type":"ReadAction","target":["https:\/\/portaltela.pt\/noticias\/2026\/01\/21\/comboios-suburbanos-parados-na-catalunha-apos-acidente-que-vitimou-maquinista\/"]}]},{"@type":"ImageObject","inLanguage":"pt-PT","@id":"https:\/\/portaltela.pt\/noticias\/2026\/01\/21\/comboios-suburbanos-parados-na-catalunha-apos-acidente-que-vitimou-maquinista\/#primaryimage","url":"https:\/\/portaltela.pt\/s.01k8rhncp4jt1\/2026\/01\/image-1299.jpg","contentUrl":"https:\/\/portaltela.pt\/s.01k8rhncp4jt1\/2026\/01\/image-1299.jpg","width":796,"height":448,"caption":"Imagem de contexto do artigo Comboios suburbanos parados na Catalunha ap\u00f3s acidente que matou maquinista"},{"@type":"BreadcrumbList","@id":"https:\/\/portaltela.pt\/noticias\/2026\/01\/21\/comboios-suburbanos-parados-na-catalunha-apos-acidente-que-vitimou-maquinista\/#breadcrumb","itemListElement":[{"@type":"ListItem","position":1,"name":"In\u00edcio","item":"https:\/\/portaltela.pt\/"},{"@type":"ListItem","position":2,"name":"Comboios suburbanos parados na Catalunha ap\u00f3s acidente que vitimou maquinista"}]},{"@type":"WebSite","@id":"https:\/\/portaltela.pt\/#website","url":"https:\/\/portaltela.pt\/","name":"Portal Tela Portugal","description":"","potentialAction":[{"@type":"SearchAction","target":{"@type":"EntryPoint","urlTemplate":"https:\/\/portaltela.pt\/?s={search_term_string}"},"query-input":{"@type":"PropertyValueSpecification","valueRequired":true,"valueName":"search_term_string"}}],"inLanguage":"pt-PT"},{"@type":"Person","@id":"https:\/\/portaltela.pt\/#\/schema\/person\/c4278d4a6028830caff9ee44b42d32ed","name":"Telinha","image":{"@type":"ImageObject","inLanguage":"pt-PT","@id":"https:\/\/portaltela.pt\/s.01k8rhncp4jt1\/2025\/11\/talking-bot-125x125.png","url":"https:\/\/portaltela.pt\/s.01k8rhncp4jt1\/2025\/11\/talking-bot-125x125.png","contentUrl":"https:\/\/portaltela.pt\/s.01k8rhncp4jt1\/2025\/11\/talking-bot-125x125.png","caption":"Telinha"},"sameAs":["https:\/\/portaltela.pt\/"],"url":"https:\/\/portaltela.pt\/por\/367410592786\/"}]}},"_links":{"self":[{"href":"https:\/\/portaltela.pt\/api\/wp\/v2\/posts\/158653","targetHints":{"allow":["GET"]}}],"collection":[{"href":"https:\/\/portaltela.pt\/api\/wp\/v2\/posts"}],"about":[{"href":"https:\/\/portaltela.pt\/api\/wp\/v2\/types\/post"}],"author":[{"embeddable":true,"href":"https:\/\/portaltela.pt\/api\/wp\/v2\/users\/2"}],"replies":[{"embeddable":true,"href":"https:\/\/portaltela.pt\/api\/wp\/v2\/comments?post=158653"}],"version-history":[{"count":0,"href":"https:\/\/portaltela.pt\/api\/wp\/v2\/posts\/158653\/revisions"}],"wp:featuredmedia":[{"embeddable":true,"href":"https:\/\/portaltela.pt\/api\/wp\/v2\/media\/158663"}],"wp:attachment":[{"href":"https:\/\/portaltela.pt\/api\/wp\/v2\/media?parent=158653"}],"wp:term":[{"taxonomy":"category","embeddable":true,"href":"https:\/\/portaltela.pt\/api\/wp\/v2\/categories?post=158653"},{"taxonomy":"post_tag","embeddable":true,"href":"https:\/\/portaltela.pt\/api\/wp\/v2\/tags?post=158653"}],"curies":[{"name":"wp","href":"https:\/\/api.w.org\/{rel}","templated":true}]}}