{"id":158614,"date":"2026-01-21T04:53:00","date_gmt":"2026-01-21T07:53:00","guid":{"rendered":"https:\/\/portaltela.pt\/noticias\/2026\/01\/21\/mais-de-87-das-pessoas-com-85-anos-ou-mais-vacinadas-contra-a-gripe\/"},"modified":"2026-01-21T04:53:00","modified_gmt":"2026-01-21T07:53:00","slug":"mais-de-87-das-pessoas-com-85-anos-ou-mais-vacinadas-contra-a-gripe","status":"publish","type":"post","link":"https:\/\/portaltela.pt\/noticias\/2026\/01\/21\/mais-de-87-das-pessoas-com-85-anos-ou-mais-vacinadas-contra-a-gripe\/","title":{"rendered":"Mais de 87% das pessoas com 85 anos ou mais vacinadas contra a gripe"},"content":{"rendered":"<p>O Vac\u00ednometro revelou que mais de 87% das pessoas com 85 anos ou mais j\u00e1 foram vacinadas contra a gripe. O dado surge na terceira vaga da monitoriza\u00e7\u00e3o promovida pela Sociedade Portuguesa de Pneumologia (SPP) e pela Associa\u00e7\u00e3o Portuguesa de Medicina Geral e Familiar (APMGF). A meta da Organiza\u00e7\u00e3o Mundial de Sa\u00fade para pessoas com 65+ aproxima-se de ser atingida em Portugal.<\/p>\n<p>A estimativa indica ainda que 47,8% dos vacinados nesta faixa et\u00e1ria o foram por recomenda\u00e7\u00e3o m\u00e9dica. O presidente da SPP, Jorge Ferreira, considera os resultados muito animadores e robustos, destacando a import\u00e2ncia da dose elevada da vacina para maiores de 65 anos. A prote\u00e7\u00e3o ampliada reduz complica\u00e7\u00f5es e hospitaliza\u00e7\u00f5es.<\/p>\n<p>No conjunto, Portugal aproxima-se da meta de 75% estabelecida pela OMS para a vacina\u00e7\u00e3o de 65+ e fixa-se em 72,6%. Ferreira afirma que o pa\u00eds est\u00e1 num caminho excelente, apesar da fadiga associada \u00e0 vacina\u00e7\u00e3o e \u00e0 circula\u00e7\u00e3o de desinforma\u00e7\u00e3o. A ades\u00e3o tem crescido face ao ano anterior, com 60% dos inquiridos vacinados nesta vaga, contra 47,4% no mesmo per\u00edodo de 2024.<\/p>\n<h3>Dados por grupo<\/h3>\n<p>Entre profissionais de sa\u00fade em contacto directo com doentes, a taxa de vacina\u00e7\u00e3o \u00e9 de 62,9%, e entre gr\u00e1vidas \u00e9 de 57,5%, com 82,8% a vacinarem por recomenda\u00e7\u00e3o m\u00e9dica. Entre doentes cr\u00f3nicos, 71% est\u00e1 vacinado, incluindo 75,6% com doen\u00e7a respirat\u00f3ria, 75% de diab\u00e9ticos e 73,7% com doen\u00e7a cardiovascular. A ades\u00e3o entre crian\u00e7as de 6 a 24 meses permanece baixa, em 38,6%.<\/p>\n<p>Quanto \u00e0s inten\u00e7\u00f5es de vacina\u00e7\u00e3o, 22,9% dos idosos com 85+ n\u00e3o vacinados dizem ainda vacinar-se. A mesma curiosa tend\u00eancia aparece entre profissionais de sa\u00fade n\u00e3o vacinados (22,1%), e entre doentes cr\u00f3nicos n\u00e3o vacinados (13,9%).<\/p>\n<p>A co-administra\u00e7\u00e3o da vacina da gripe com a Covid-19 tamb\u00e9m cresce, subindo de 57% para 64% nos grupos com recomenda\u00e7\u00e3o m\u00e9dica. Ferreira refor\u00e7a que os resultados refletem a disponibilidade gratuita da vacina para a popula\u00e7\u00e3o-alvo e o impacto positivo dessa pol\u00edtica.<\/p>\n","protected":false},"excerpt":{"rendered":"<ul>\n<li>87,1% das pessoas com 85 anos ou mais j\u00e1 foram vacinadas contra a gripe.<\/li>\n<li>A taxa de vacina\u00e7\u00e3o entre pessoas com 65 anos ou mais est\u00e1 em 72,6%, aproximando-se da meta da Organiza\u00e7\u00e3o Mundial de Sa\u00fade de 75%.<\/li>\n<li>71% dos portadores de doen\u00e7a cr\u00f3nica est\u00e3o vacinados, incluindo 75,6% de doen\u00e7as respirat\u00f3rias, 75% de diab\u00e9ticos e 73,7% com doen\u00e7a cardiovascular.<\/li>\n<li>62,9% dos profissionais de sa\u00fade em contacto direto com doentes j\u00e1 receberam a vacina; 57,5% das gr\u00e1vidas, com 82,8% vacinadas por recomenda\u00e7\u00e3o m\u00e9dica.<\/li>\n<li>38,6% das crian\u00e7as entre seis e 24 meses foram vacinadas; 22,9% dos n\u00e3o vacinados com 85 ou mais anos ainda pretendem vacinar-se.<\/li>\n<\/ul>\n","protected":false},"author":2,"featured_media":158641,"comment_status":"closed","ping_status":"closed","sticky":false,"template":"","format":"standard","meta":{"footnotes":""},"categories":[1],"tags":[3639,3638,2736,1014,172,271],"class_list":["post-158614","post","type-post","status-publish","format-standard","has-post-thumbnail","hentry","category-noticias","tag-doentes-cronicos","tag-gravidas","tag-idosos","tag-portugal","tag-saude","tag-saude-publica"],"yoast_head":"<!-- This site is optimized with the Yoast SEO plugin v27.2 - https:\/\/yoast.com\/product\/yoast-seo-wordpress\/ -->\n<title>Mais de 87% das pessoas com 85 anos ou mais vacinadas contra a gripe - Portal Tela Portugal<\/title>\n<meta name=\"robots\" content=\"index, follow, max-snippet:-1, max-image-preview:large, max-video-preview:-1\" \/>\n<meta property=\"og:locale\" content=\"pt_PT\" \/>\n<meta property=\"og:type\" content=\"article\" \/>\n<meta property=\"og:title\" content=\"Mais de 87% das pessoas com 85 anos ou mais vacinadas contra a gripe - Portal Tela Portugal\" \/>\n<meta property=\"og:description\" content=\"87,1% das pessoas com 85 anos ou mais j\u00e1 foram vacinadas contra a gripe. A taxa de vacina\u00e7\u00e3o entre pessoas com 65 anos ou mais est\u00e1 em 72,6%, aproximando-se da meta da Organiza\u00e7\u00e3o Mundial de Sa\u00fade de 75%. 71% dos portadores de doen\u00e7a cr\u00f3nica est\u00e3o vacinados, incluindo 75,6% de doen\u00e7as respirat\u00f3rias, 75% de diab\u00e9ticos e 73,7% com doen\u00e7a cardiovascular. 62,9% dos profissionais de sa\u00fade em contacto direto com doentes j\u00e1 receberam a vacina; 57,5% das gr\u00e1vidas, com 82,8% vacinadas por recomenda\u00e7\u00e3o m\u00e9dica. 38,6% das crian\u00e7as entre seis e 24 meses foram vacinadas; 22,9% dos n\u00e3o vacinados com 85 ou mais anos ainda pretendem vacinar-se.\" \/>\n<meta property=\"og:url\" content=\"https:\/\/portaltela.pt\/noticias\/2026\/01\/21\/mais-de-87-das-pessoas-com-85-anos-ou-mais-vacinadas-contra-a-gripe\/\" \/>\n<meta property=\"og:site_name\" content=\"Portal Tela Portugal\" \/>\n<meta property=\"article:published_time\" content=\"2026-01-21T07:53:00+00:00\" \/>\n<meta name=\"author\" content=\"Telinha\" \/>\n<meta name=\"twitter:card\" content=\"summary_large_image\" \/>\n<meta name=\"twitter:label1\" content=\"Escrito por\" \/>\n\t<meta name=\"twitter:data1\" content=\"Telinha\" \/>\n\t<meta name=\"twitter:label2\" content=\"Tempo estimado de leitura\" \/>\n\t<meta name=\"twitter:data2\" content=\"2 minutos\" \/>\n<script type=\"application\/ld+json\" class=\"yoast-schema-graph\">{\"@context\":\"https:\/\/schema.org\",\"@graph\":[{\"@type\":\"Article\",\"@id\":\"https:\/\/portaltela.pt\/noticias\/2026\/01\/21\/mais-de-87-das-pessoas-com-85-anos-ou-mais-vacinadas-contra-a-gripe\/#article\",\"isPartOf\":{\"@id\":\"https:\/\/portaltela.pt\/noticias\/2026\/01\/21\/mais-de-87-das-pessoas-com-85-anos-ou-mais-vacinadas-contra-a-gripe\/\"},\"author\":{\"name\":\"Telinha\",\"@id\":\"https:\/\/portaltela.pt\/#\/schema\/person\/c4278d4a6028830caff9ee44b42d32ed\"},\"headline\":\"Mais de 87% das pessoas com 85 anos ou mais vacinadas contra a gripe\",\"datePublished\":\"2026-01-21T07:53:00+00:00\",\"mainEntityOfPage\":{\"@id\":\"https:\/\/portaltela.pt\/noticias\/2026\/01\/21\/mais-de-87-das-pessoas-com-85-anos-ou-mais-vacinadas-contra-a-gripe\/\"},\"wordCount\":339,\"image\":{\"@id\":\"https:\/\/portaltela.pt\/noticias\/2026\/01\/21\/mais-de-87-das-pessoas-com-85-anos-ou-mais-vacinadas-contra-a-gripe\/#primaryimage\"},\"thumbnailUrl\":\"https:\/\/portaltela.pt\/s.01k8rhncp4jt1\/2026\/01\/2060852.jpg\",\"keywords\":[\"doentes cr\u00f3nicos\",\"gr\u00e1vidas\",\"idosos\",\"Portugal\",\"sa\u00fade\",\"sa\u00fade p\u00fablica\"],\"articleSection\":[\"Not\u00edcias\"],\"inLanguage\":\"pt-PT\"},{\"@type\":\"WebPage\",\"@id\":\"https:\/\/portaltela.pt\/noticias\/2026\/01\/21\/mais-de-87-das-pessoas-com-85-anos-ou-mais-vacinadas-contra-a-gripe\/\",\"url\":\"https:\/\/portaltela.pt\/noticias\/2026\/01\/21\/mais-de-87-das-pessoas-com-85-anos-ou-mais-vacinadas-contra-a-gripe\/\",\"name\":\"Mais de 87% das pessoas com 85 anos ou mais vacinadas contra a gripe - Portal Tela Portugal\",\"isPartOf\":{\"@id\":\"https:\/\/portaltela.pt\/#website\"},\"primaryImageOfPage\":{\"@id\":\"https:\/\/portaltela.pt\/noticias\/2026\/01\/21\/mais-de-87-das-pessoas-com-85-anos-ou-mais-vacinadas-contra-a-gripe\/#primaryimage\"},\"image\":{\"@id\":\"https:\/\/portaltela.pt\/noticias\/2026\/01\/21\/mais-de-87-das-pessoas-com-85-anos-ou-mais-vacinadas-contra-a-gripe\/#primaryimage\"},\"thumbnailUrl\":\"https:\/\/portaltela.pt\/s.01k8rhncp4jt1\/2026\/01\/2060852.jpg\",\"datePublished\":\"2026-01-21T07:53:00+00:00\",\"author\":{\"@id\":\"https:\/\/portaltela.pt\/#\/schema\/person\/c4278d4a6028830caff9ee44b42d32ed\"},\"breadcrumb\":{\"@id\":\"https:\/\/portaltela.pt\/noticias\/2026\/01\/21\/mais-de-87-das-pessoas-com-85-anos-ou-mais-vacinadas-contra-a-gripe\/#breadcrumb\"},\"inLanguage\":\"pt-PT\",\"potentialAction\":[{\"@type\":\"ReadAction\",\"target\":[\"https:\/\/portaltela.pt\/noticias\/2026\/01\/21\/mais-de-87-das-pessoas-com-85-anos-ou-mais-vacinadas-contra-a-gripe\/\"]}]},{\"@type\":\"ImageObject\",\"inLanguage\":\"pt-PT\",\"@id\":\"https:\/\/portaltela.pt\/noticias\/2026\/01\/21\/mais-de-87-das-pessoas-com-85-anos-ou-mais-vacinadas-contra-a-gripe\/#primaryimage\",\"url\":\"https:\/\/portaltela.pt\/s.01k8rhncp4jt1\/2026\/01\/2060852.jpg\",\"contentUrl\":\"https:\/\/portaltela.pt\/s.01k8rhncp4jt1\/2026\/01\/2060852.jpg\",\"width\":796,\"height\":448,\"caption\":\"Portugal perto da meta da Organiza\u00e7\u00e3o Mundial da Sa\u00fade para pessoas de 65 anos ou mais no que toca \u00e0 vacina\u00e7\u00e3o contra a gripe\"},{\"@type\":\"BreadcrumbList\",\"@id\":\"https:\/\/portaltela.pt\/noticias\/2026\/01\/21\/mais-de-87-das-pessoas-com-85-anos-ou-mais-vacinadas-contra-a-gripe\/#breadcrumb\",\"itemListElement\":[{\"@type\":\"ListItem\",\"position\":1,\"name\":\"In\u00edcio\",\"item\":\"https:\/\/portaltela.pt\/\"},{\"@type\":\"ListItem\",\"position\":2,\"name\":\"Mais de 87% das pessoas com 85 anos ou mais vacinadas contra a gripe\"}]},{\"@type\":\"WebSite\",\"@id\":\"https:\/\/portaltela.pt\/#website\",\"url\":\"https:\/\/portaltela.pt\/\",\"name\":\"Portal Tela Portugal\",\"description\":\"\",\"potentialAction\":[{\"@type\":\"SearchAction\",\"target\":{\"@type\":\"EntryPoint\",\"urlTemplate\":\"https:\/\/portaltela.pt\/?s={search_term_string}\"},\"query-input\":{\"@type\":\"PropertyValueSpecification\",\"valueRequired\":true,\"valueName\":\"search_term_string\"}}],\"inLanguage\":\"pt-PT\"},{\"@type\":\"Person\",\"@id\":\"https:\/\/portaltela.pt\/#\/schema\/person\/c4278d4a6028830caff9ee44b42d32ed\",\"name\":\"Telinha\",\"image\":{\"@type\":\"ImageObject\",\"inLanguage\":\"pt-PT\",\"@id\":\"https:\/\/portaltela.pt\/s.01k8rhncp4jt1\/2025\/11\/talking-bot-125x125.png\",\"url\":\"https:\/\/portaltela.pt\/s.01k8rhncp4jt1\/2025\/11\/talking-bot-125x125.png\",\"contentUrl\":\"https:\/\/portaltela.pt\/s.01k8rhncp4jt1\/2025\/11\/talking-bot-125x125.png\",\"caption\":\"Telinha\"},\"sameAs\":[\"https:\/\/portaltela.pt\/\"],\"url\":\"https:\/\/portaltela.pt\/por\/367410592786\/\"}]}<\/script>\n<!-- \/ Yoast SEO plugin. -->","yoast_head_json":{"title":"Mais de 87% das pessoas com 85 anos ou mais vacinadas contra a gripe - Portal Tela Portugal","robots":{"index":"index","follow":"follow","max-snippet":"max-snippet:-1","max-image-preview":"max-image-preview:large","max-video-preview":"max-video-preview:-1"},"og_locale":"pt_PT","og_type":"article","og_title":"Mais de 87% das pessoas com 85 anos ou mais vacinadas contra a gripe - Portal Tela Portugal","og_description":"87,1% das pessoas com 85 anos ou mais j\u00e1 foram vacinadas contra a gripe. A taxa de vacina\u00e7\u00e3o entre pessoas com 65 anos ou mais est\u00e1 em 72,6%, aproximando-se da meta da Organiza\u00e7\u00e3o Mundial de Sa\u00fade de 75%. 71% dos portadores de doen\u00e7a cr\u00f3nica est\u00e3o vacinados, incluindo 75,6% de doen\u00e7as respirat\u00f3rias, 75% de diab\u00e9ticos e 73,7% com doen\u00e7a cardiovascular. 62,9% dos profissionais de sa\u00fade em contacto direto com doentes j\u00e1 receberam a vacina; 57,5% das gr\u00e1vidas, com 82,8% vacinadas por recomenda\u00e7\u00e3o m\u00e9dica. 38,6% das crian\u00e7as entre seis e 24 meses foram vacinadas; 22,9% dos n\u00e3o vacinados com 85 ou mais anos ainda pretendem vacinar-se.","og_url":"https:\/\/portaltela.pt\/noticias\/2026\/01\/21\/mais-de-87-das-pessoas-com-85-anos-ou-mais-vacinadas-contra-a-gripe\/","og_site_name":"Portal Tela Portugal","article_published_time":"2026-01-21T07:53:00+00:00","author":"Telinha","twitter_card":"summary_large_image","twitter_misc":{"Escrito por":"Telinha","Tempo estimado de leitura":"2 minutos"},"schema":{"@context":"https:\/\/schema.org","@graph":[{"@type":"Article","@id":"https:\/\/portaltela.pt\/noticias\/2026\/01\/21\/mais-de-87-das-pessoas-com-85-anos-ou-mais-vacinadas-contra-a-gripe\/#article","isPartOf":{"@id":"https:\/\/portaltela.pt\/noticias\/2026\/01\/21\/mais-de-87-das-pessoas-com-85-anos-ou-mais-vacinadas-contra-a-gripe\/"},"author":{"name":"Telinha","@id":"https:\/\/portaltela.pt\/#\/schema\/person\/c4278d4a6028830caff9ee44b42d32ed"},"headline":"Mais de 87% das pessoas com 85 anos ou mais vacinadas contra a gripe","datePublished":"2026-01-21T07:53:00+00:00","mainEntityOfPage":{"@id":"https:\/\/portaltela.pt\/noticias\/2026\/01\/21\/mais-de-87-das-pessoas-com-85-anos-ou-mais-vacinadas-contra-a-gripe\/"},"wordCount":339,"image":{"@id":"https:\/\/portaltela.pt\/noticias\/2026\/01\/21\/mais-de-87-das-pessoas-com-85-anos-ou-mais-vacinadas-contra-a-gripe\/#primaryimage"},"thumbnailUrl":"https:\/\/portaltela.pt\/s.01k8rhncp4jt1\/2026\/01\/2060852.jpg","keywords":["doentes cr\u00f3nicos","gr\u00e1vidas","idosos","Portugal","sa\u00fade","sa\u00fade p\u00fablica"],"articleSection":["Not\u00edcias"],"inLanguage":"pt-PT"},{"@type":"WebPage","@id":"https:\/\/portaltela.pt\/noticias\/2026\/01\/21\/mais-de-87-das-pessoas-com-85-anos-ou-mais-vacinadas-contra-a-gripe\/","url":"https:\/\/portaltela.pt\/noticias\/2026\/01\/21\/mais-de-87-das-pessoas-com-85-anos-ou-mais-vacinadas-contra-a-gripe\/","name":"Mais de 87% das pessoas com 85 anos ou mais vacinadas contra a gripe - Portal Tela Portugal","isPartOf":{"@id":"https:\/\/portaltela.pt\/#website"},"primaryImageOfPage":{"@id":"https:\/\/portaltela.pt\/noticias\/2026\/01\/21\/mais-de-87-das-pessoas-com-85-anos-ou-mais-vacinadas-contra-a-gripe\/#primaryimage"},"image":{"@id":"https:\/\/portaltela.pt\/noticias\/2026\/01\/21\/mais-de-87-das-pessoas-com-85-anos-ou-mais-vacinadas-contra-a-gripe\/#primaryimage"},"thumbnailUrl":"https:\/\/portaltela.pt\/s.01k8rhncp4jt1\/2026\/01\/2060852.jpg","datePublished":"2026-01-21T07:53:00+00:00","author":{"@id":"https:\/\/portaltela.pt\/#\/schema\/person\/c4278d4a6028830caff9ee44b42d32ed"},"breadcrumb":{"@id":"https:\/\/portaltela.pt\/noticias\/2026\/01\/21\/mais-de-87-das-pessoas-com-85-anos-ou-mais-vacinadas-contra-a-gripe\/#breadcrumb"},"inLanguage":"pt-PT","potentialAction":[{"@type":"ReadAction","target":["https:\/\/portaltela.pt\/noticias\/2026\/01\/21\/mais-de-87-das-pessoas-com-85-anos-ou-mais-vacinadas-contra-a-gripe\/"]}]},{"@type":"ImageObject","inLanguage":"pt-PT","@id":"https:\/\/portaltela.pt\/noticias\/2026\/01\/21\/mais-de-87-das-pessoas-com-85-anos-ou-mais-vacinadas-contra-a-gripe\/#primaryimage","url":"https:\/\/portaltela.pt\/s.01k8rhncp4jt1\/2026\/01\/2060852.jpg","contentUrl":"https:\/\/portaltela.pt\/s.01k8rhncp4jt1\/2026\/01\/2060852.jpg","width":796,"height":448,"caption":"Portugal perto da meta da Organiza\u00e7\u00e3o Mundial da Sa\u00fade para pessoas de 65 anos ou mais no que toca \u00e0 vacina\u00e7\u00e3o contra a gripe"},{"@type":"BreadcrumbList","@id":"https:\/\/portaltela.pt\/noticias\/2026\/01\/21\/mais-de-87-das-pessoas-com-85-anos-ou-mais-vacinadas-contra-a-gripe\/#breadcrumb","itemListElement":[{"@type":"ListItem","position":1,"name":"In\u00edcio","item":"https:\/\/portaltela.pt\/"},{"@type":"ListItem","position":2,"name":"Mais de 87% das pessoas com 85 anos ou mais vacinadas contra a gripe"}]},{"@type":"WebSite","@id":"https:\/\/portaltela.pt\/#website","url":"https:\/\/portaltela.pt\/","name":"Portal Tela Portugal","description":"","potentialAction":[{"@type":"SearchAction","target":{"@type":"EntryPoint","urlTemplate":"https:\/\/portaltela.pt\/?s={search_term_string}"},"query-input":{"@type":"PropertyValueSpecification","valueRequired":true,"valueName":"search_term_string"}}],"inLanguage":"pt-PT"},{"@type":"Person","@id":"https:\/\/portaltela.pt\/#\/schema\/person\/c4278d4a6028830caff9ee44b42d32ed","name":"Telinha","image":{"@type":"ImageObject","inLanguage":"pt-PT","@id":"https:\/\/portaltela.pt\/s.01k8rhncp4jt1\/2025\/11\/talking-bot-125x125.png","url":"https:\/\/portaltela.pt\/s.01k8rhncp4jt1\/2025\/11\/talking-bot-125x125.png","contentUrl":"https:\/\/portaltela.pt\/s.01k8rhncp4jt1\/2025\/11\/talking-bot-125x125.png","caption":"Telinha"},"sameAs":["https:\/\/portaltela.pt\/"],"url":"https:\/\/portaltela.pt\/por\/367410592786\/"}]}},"_links":{"self":[{"href":"https:\/\/portaltela.pt\/api\/wp\/v2\/posts\/158614","targetHints":{"allow":["GET"]}}],"collection":[{"href":"https:\/\/portaltela.pt\/api\/wp\/v2\/posts"}],"about":[{"href":"https:\/\/portaltela.pt\/api\/wp\/v2\/types\/post"}],"author":[{"embeddable":true,"href":"https:\/\/portaltela.pt\/api\/wp\/v2\/users\/2"}],"replies":[{"embeddable":true,"href":"https:\/\/portaltela.pt\/api\/wp\/v2\/comments?post=158614"}],"version-history":[{"count":0,"href":"https:\/\/portaltela.pt\/api\/wp\/v2\/posts\/158614\/revisions"}],"wp:featuredmedia":[{"embeddable":true,"href":"https:\/\/portaltela.pt\/api\/wp\/v2\/media\/158641"}],"wp:attachment":[{"href":"https:\/\/portaltela.pt\/api\/wp\/v2\/media?parent=158614"}],"wp:term":[{"taxonomy":"category","embeddable":true,"href":"https:\/\/portaltela.pt\/api\/wp\/v2\/categories?post=158614"},{"taxonomy":"post_tag","embeddable":true,"href":"https:\/\/portaltela.pt\/api\/wp\/v2\/tags?post=158614"}],"curies":[{"name":"wp","href":"https:\/\/api.w.org\/{rel}","templated":true}]}}