{"id":158542,"date":"2026-01-21T04:07:58","date_gmt":"2026-01-21T07:07:58","guid":{"rendered":"https:\/\/portaltela.pt\/noticias\/2026\/01\/21\/mais-de-87-das-pessoas-com-85-anos-ou-mais-estao-vacinadas-contra-a-gripe\/"},"modified":"2026-01-21T04:07:58","modified_gmt":"2026-01-21T07:07:58","slug":"mais-de-87-das-pessoas-com-85-anos-ou-mais-estao-vacinadas-contra-a-gripe","status":"publish","type":"post","link":"https:\/\/portaltela.pt\/noticias\/2026\/01\/21\/mais-de-87-das-pessoas-com-85-anos-ou-mais-estao-vacinadas-contra-a-gripe\/","title":{"rendered":"Mais de 87% das pessoas com 85 anos ou mais est\u00e3o vacinadas contra a gripe"},"content":{"rendered":"<p>Mais de 87% das pessoas com 85 anos ou mais j\u00e1 foram vacinadas contra a gripe, refletindo a monitoriza\u00e7\u00e3o da campanha que acompanha a vacina\u00e7\u00e3o em tempo real. Portugal aproxima-se da meta da OMS para 65+ de 75%.<\/p>\n<p>A terceira vaga do Vacin\u00f3metro, iniciativa da Sociedade Portuguesa de Pneumologia e da APMGF, indica 87,1% de vacina\u00e7\u00e3o neste grupo et\u00e1rio. Desses, 47,8% foram vacinados por recomenda\u00e7\u00e3o m\u00e9dica.<\/p>\n<p>O presidente da SPP, Jorge Ferreira, descreveu os resultados como muito animadores, destacando a efic\u00e1cia da dose elevada da vacina para pessoas com resposta imunit\u00e1ria mais fraca. A campanha \u00e9 gratuita para esta popula\u00e7\u00e3o.<\/p>\n<h3>Progresso e contextos<\/h3>\n<p>Mant\u00eam-se n\u00fameros pr\u00f3ximos da meta de 75% para 65+, com a estimativa a situar-se em 72,6%. Ferreira afirma que Portugal tem estado acima da m\u00e9dia europeia, apesar de desafios como desinforma\u00e7\u00e3o na vacina\u00e7\u00e3o.<\/p>\n<p>A compara\u00e7\u00e3o com o ano anterior mostra uma subida: 60% da popula\u00e7\u00e3o de 85+ j\u00e1 est\u00e1 vacinada nesta vaga, face a 47,4% nessa altura. Entre profissionais de sa\u00fade, a vacina\u00e7\u00e3o passou de 49,7% para 62,9%.<\/p>\n<p>Ainda nesta vaga, 71% dos portadores de doen\u00e7a cr\u00f3nica est\u00e3o vacinados, incluindo 75,6% de pessoas com doen\u00e7a respirat\u00f3ria, 75% dos diab\u00e9ticos e 73,7% com doen\u00e7a cardiovascular. Gr\u00e1vidas continuam com 57,5%,, com 82,8% vacinadas por recomenda\u00e7\u00e3o m\u00e9dica.<\/p>\n<p>Entre os profissionais de sa\u00fade em contacto direto com doentes, a ades\u00e3o segue est\u00e1vel em 62,9%. Em crian\u00e7as entre seis meses e 24 meses, a ades\u00e3o \u00e9 de 38,6%, a taxa mais baixa entre os grupos avaliados.<\/p>\n<p>A coadministra\u00e7\u00e3o da gripe com a vacina contra a covid-19 subiu para 64% entre grupos com recomenda\u00e7\u00e3o espec\u00edfica. Os dados refor\u00e7am a import\u00e2ncia de manter a vacina\u00e7\u00e3o como prote\u00e7\u00e3o frente a complica\u00e7\u00f5es.<\/p>\n","protected":false},"excerpt":{"rendered":"<ul>\n<li>Mais de 87,1% das pessoas com 85 anos ou mais j\u00e1 foram vacinadas contra a gripe, com 47,8% a faz\u00ea-lo por recomenda\u00e7\u00e3o m\u00e9dica.<\/li>\n<li>A estimativa da terceira vaga do Vacin\u00f3metro mostra Portugal pr\u00f3ximo da meta da Organiza\u00e7\u00e3o Mundial da Sa\u00fade para 65 anos ou mais, fixando-se em 72,6% a taxa de vacina\u00e7\u00e3o.<\/li>\n<li>A dose elevada da vacina \u00e9 recomendada para esta faixa et\u00e1ria, associando-se a maior efic\u00e1cia e redu\u00e7\u00e3o de hospitaliza\u00e7\u00f5es.<\/li>\n<li>Entre profissionais de sa\u00fade em contacto com doentes, a vacina\u00e7\u00e3o atingiu 62,9%; entre gr\u00e1vidas \u00e9 de 57,5%, com 82,8% a vacinarem por orienta\u00e7\u00e3o m\u00e9dica; 71% das pessoas com doen\u00e7a cr\u00f3nica j\u00e1 est\u00e3o vacinadas.<\/li>\n<li>A coadministra\u00e7\u00e3o gripe\/covid sobe para 64% nos grupos com recomenda\u00e7\u00e3o; crian\u00e7as entre seis e 24 meses apresentam a ades\u00e3o mais baixa, com 38,6%.<\/li>\n<\/ul>\n","protected":false},"author":2,"featured_media":158545,"comment_status":"closed","ping_status":"closed","sticky":false,"template":"","format":"standard","meta":{"footnotes":""},"categories":[1],"tags":[3631,3632,1905,40,1014,271],"class_list":["post-158542","post","type-post","status-publish","format-standard","has-post-thumbnail","hentry","category-noticias","tag-diabeticos","tag-doenca-respiratoria","tag-gripe","tag-pessoas","tag-portugal","tag-saude-publica"],"yoast_head":"<!-- This site is optimized with the Yoast SEO plugin v27.2 - https:\/\/yoast.com\/product\/yoast-seo-wordpress\/ -->\n<title>Mais de 87% das pessoas com 85 anos ou mais est\u00e3o vacinadas contra a gripe - Portal Tela Portugal<\/title>\n<meta name=\"robots\" content=\"index, follow, max-snippet:-1, max-image-preview:large, max-video-preview:-1\" \/>\n<meta property=\"og:locale\" content=\"pt_PT\" \/>\n<meta property=\"og:type\" content=\"article\" \/>\n<meta property=\"og:title\" content=\"Mais de 87% das pessoas com 85 anos ou mais est\u00e3o vacinadas contra a gripe - Portal Tela Portugal\" \/>\n<meta property=\"og:description\" content=\"Mais de 87,1% das pessoas com 85 anos ou mais j\u00e1 foram vacinadas contra a gripe, com 47,8% a faz\u00ea-lo por recomenda\u00e7\u00e3o m\u00e9dica. A estimativa da terceira vaga do Vacin\u00f3metro mostra Portugal pr\u00f3ximo da meta da Organiza\u00e7\u00e3o Mundial da Sa\u00fade para 65 anos ou mais, fixando-se em 72,6% a taxa de vacina\u00e7\u00e3o. A dose elevada da vacina \u00e9 recomendada para esta faixa et\u00e1ria, associando-se a maior efic\u00e1cia e redu\u00e7\u00e3o de hospitaliza\u00e7\u00f5es. Entre profissionais de sa\u00fade em contacto com doentes, a vacina\u00e7\u00e3o atingiu 62,9%; entre gr\u00e1vidas \u00e9 de 57,5%, com 82,8% a vacinarem por orienta\u00e7\u00e3o m\u00e9dica; 71% das pessoas com doen\u00e7a cr\u00f3nica j\u00e1 est\u00e3o vacinadas. A coadministra\u00e7\u00e3o gripe\/covid sobe para 64% nos grupos com recomenda\u00e7\u00e3o; crian\u00e7as entre seis e 24 meses apresentam a ades\u00e3o mais baixa, com 38,6%.\" \/>\n<meta property=\"og:url\" content=\"https:\/\/portaltela.pt\/noticias\/2026\/01\/21\/mais-de-87-das-pessoas-com-85-anos-ou-mais-estao-vacinadas-contra-a-gripe\/\" \/>\n<meta property=\"og:site_name\" content=\"Portal Tela Portugal\" \/>\n<meta property=\"article:published_time\" content=\"2026-01-21T07:07:58+00:00\" \/>\n<meta name=\"author\" content=\"Telinha\" \/>\n<meta name=\"twitter:card\" content=\"summary_large_image\" \/>\n<meta name=\"twitter:label1\" content=\"Escrito por\" \/>\n\t<meta name=\"twitter:data1\" content=\"Telinha\" \/>\n\t<meta name=\"twitter:label2\" content=\"Tempo estimado de leitura\" \/>\n\t<meta name=\"twitter:data2\" content=\"1 minuto\" \/>\n<script type=\"application\/ld+json\" class=\"yoast-schema-graph\">{\"@context\":\"https:\/\/schema.org\",\"@graph\":[{\"@type\":\"Article\",\"@id\":\"https:\/\/portaltela.pt\/noticias\/2026\/01\/21\/mais-de-87-das-pessoas-com-85-anos-ou-mais-estao-vacinadas-contra-a-gripe\/#article\",\"isPartOf\":{\"@id\":\"https:\/\/portaltela.pt\/noticias\/2026\/01\/21\/mais-de-87-das-pessoas-com-85-anos-ou-mais-estao-vacinadas-contra-a-gripe\/\"},\"author\":{\"name\":\"Telinha\",\"@id\":\"https:\/\/portaltela.pt\/#\/schema\/person\/c4278d4a6028830caff9ee44b42d32ed\"},\"headline\":\"Mais de 87% das pessoas com 85 anos ou mais est\u00e3o vacinadas contra a gripe\",\"datePublished\":\"2026-01-21T07:07:58+00:00\",\"mainEntityOfPage\":{\"@id\":\"https:\/\/portaltela.pt\/noticias\/2026\/01\/21\/mais-de-87-das-pessoas-com-85-anos-ou-mais-estao-vacinadas-contra-a-gripe\/\"},\"wordCount\":307,\"image\":{\"@id\":\"https:\/\/portaltela.pt\/noticias\/2026\/01\/21\/mais-de-87-das-pessoas-com-85-anos-ou-mais-estao-vacinadas-contra-a-gripe\/#primaryimage\"},\"thumbnailUrl\":\"https:\/\/portaltela.pt\/s.01k8rhncp4jt1\/2026\/01\/img_1500x1000uu2024-09-24-21-26-28-1755007.jpg\",\"keywords\":[\"diab\u00e9ticos\",\"doen\u00e7a respirat\u00f3ria\",\"gripe\",\"pessoas\",\"Portugal\",\"sa\u00fade p\u00fablica\"],\"articleSection\":[\"Not\u00edcias\"],\"inLanguage\":\"pt-PT\"},{\"@type\":\"WebPage\",\"@id\":\"https:\/\/portaltela.pt\/noticias\/2026\/01\/21\/mais-de-87-das-pessoas-com-85-anos-ou-mais-estao-vacinadas-contra-a-gripe\/\",\"url\":\"https:\/\/portaltela.pt\/noticias\/2026\/01\/21\/mais-de-87-das-pessoas-com-85-anos-ou-mais-estao-vacinadas-contra-a-gripe\/\",\"name\":\"Mais de 87% das pessoas com 85 anos ou mais est\u00e3o vacinadas contra a gripe - Portal Tela Portugal\",\"isPartOf\":{\"@id\":\"https:\/\/portaltela.pt\/#website\"},\"primaryImageOfPage\":{\"@id\":\"https:\/\/portaltela.pt\/noticias\/2026\/01\/21\/mais-de-87-das-pessoas-com-85-anos-ou-mais-estao-vacinadas-contra-a-gripe\/#primaryimage\"},\"image\":{\"@id\":\"https:\/\/portaltela.pt\/noticias\/2026\/01\/21\/mais-de-87-das-pessoas-com-85-anos-ou-mais-estao-vacinadas-contra-a-gripe\/#primaryimage\"},\"thumbnailUrl\":\"https:\/\/portaltela.pt\/s.01k8rhncp4jt1\/2026\/01\/img_1500x1000uu2024-09-24-21-26-28-1755007.jpg\",\"datePublished\":\"2026-01-21T07:07:58+00:00\",\"author\":{\"@id\":\"https:\/\/portaltela.pt\/#\/schema\/person\/c4278d4a6028830caff9ee44b42d32ed\"},\"breadcrumb\":{\"@id\":\"https:\/\/portaltela.pt\/noticias\/2026\/01\/21\/mais-de-87-das-pessoas-com-85-anos-ou-mais-estao-vacinadas-contra-a-gripe\/#breadcrumb\"},\"inLanguage\":\"pt-PT\",\"potentialAction\":[{\"@type\":\"ReadAction\",\"target\":[\"https:\/\/portaltela.pt\/noticias\/2026\/01\/21\/mais-de-87-das-pessoas-com-85-anos-ou-mais-estao-vacinadas-contra-a-gripe\/\"]}]},{\"@type\":\"ImageObject\",\"inLanguage\":\"pt-PT\",\"@id\":\"https:\/\/portaltela.pt\/noticias\/2026\/01\/21\/mais-de-87-das-pessoas-com-85-anos-ou-mais-estao-vacinadas-contra-a-gripe\/#primaryimage\",\"url\":\"https:\/\/portaltela.pt\/s.01k8rhncp4jt1\/2026\/01\/img_1500x1000uu2024-09-24-21-26-28-1755007.jpg\",\"contentUrl\":\"https:\/\/portaltela.pt\/s.01k8rhncp4jt1\/2026\/01\/img_1500x1000uu2024-09-24-21-26-28-1755007.jpg\",\"width\":796,\"height\":448,\"caption\":\"Vacina\u00e7\u00e3o\"},{\"@type\":\"BreadcrumbList\",\"@id\":\"https:\/\/portaltela.pt\/noticias\/2026\/01\/21\/mais-de-87-das-pessoas-com-85-anos-ou-mais-estao-vacinadas-contra-a-gripe\/#breadcrumb\",\"itemListElement\":[{\"@type\":\"ListItem\",\"position\":1,\"name\":\"In\u00edcio\",\"item\":\"https:\/\/portaltela.pt\/\"},{\"@type\":\"ListItem\",\"position\":2,\"name\":\"Mais de 87% das pessoas com 85 anos ou mais est\u00e3o vacinadas contra a gripe\"}]},{\"@type\":\"WebSite\",\"@id\":\"https:\/\/portaltela.pt\/#website\",\"url\":\"https:\/\/portaltela.pt\/\",\"name\":\"Portal Tela Portugal\",\"description\":\"\",\"potentialAction\":[{\"@type\":\"SearchAction\",\"target\":{\"@type\":\"EntryPoint\",\"urlTemplate\":\"https:\/\/portaltela.pt\/?s={search_term_string}\"},\"query-input\":{\"@type\":\"PropertyValueSpecification\",\"valueRequired\":true,\"valueName\":\"search_term_string\"}}],\"inLanguage\":\"pt-PT\"},{\"@type\":\"Person\",\"@id\":\"https:\/\/portaltela.pt\/#\/schema\/person\/c4278d4a6028830caff9ee44b42d32ed\",\"name\":\"Telinha\",\"image\":{\"@type\":\"ImageObject\",\"inLanguage\":\"pt-PT\",\"@id\":\"https:\/\/portaltela.pt\/s.01k8rhncp4jt1\/2025\/11\/talking-bot-125x125.png\",\"url\":\"https:\/\/portaltela.pt\/s.01k8rhncp4jt1\/2025\/11\/talking-bot-125x125.png\",\"contentUrl\":\"https:\/\/portaltela.pt\/s.01k8rhncp4jt1\/2025\/11\/talking-bot-125x125.png\",\"caption\":\"Telinha\"},\"sameAs\":[\"https:\/\/portaltela.pt\/\"],\"url\":\"https:\/\/portaltela.pt\/por\/367410592786\/\"}]}<\/script>\n<!-- \/ Yoast SEO plugin. -->","yoast_head_json":{"title":"Mais de 87% das pessoas com 85 anos ou mais est\u00e3o vacinadas contra a gripe - Portal Tela Portugal","robots":{"index":"index","follow":"follow","max-snippet":"max-snippet:-1","max-image-preview":"max-image-preview:large","max-video-preview":"max-video-preview:-1"},"og_locale":"pt_PT","og_type":"article","og_title":"Mais de 87% das pessoas com 85 anos ou mais est\u00e3o vacinadas contra a gripe - Portal Tela Portugal","og_description":"Mais de 87,1% das pessoas com 85 anos ou mais j\u00e1 foram vacinadas contra a gripe, com 47,8% a faz\u00ea-lo por recomenda\u00e7\u00e3o m\u00e9dica. A estimativa da terceira vaga do Vacin\u00f3metro mostra Portugal pr\u00f3ximo da meta da Organiza\u00e7\u00e3o Mundial da Sa\u00fade para 65 anos ou mais, fixando-se em 72,6% a taxa de vacina\u00e7\u00e3o. A dose elevada da vacina \u00e9 recomendada para esta faixa et\u00e1ria, associando-se a maior efic\u00e1cia e redu\u00e7\u00e3o de hospitaliza\u00e7\u00f5es. Entre profissionais de sa\u00fade em contacto com doentes, a vacina\u00e7\u00e3o atingiu 62,9%; entre gr\u00e1vidas \u00e9 de 57,5%, com 82,8% a vacinarem por orienta\u00e7\u00e3o m\u00e9dica; 71% das pessoas com doen\u00e7a cr\u00f3nica j\u00e1 est\u00e3o vacinadas. A coadministra\u00e7\u00e3o gripe\/covid sobe para 64% nos grupos com recomenda\u00e7\u00e3o; crian\u00e7as entre seis e 24 meses apresentam a ades\u00e3o mais baixa, com 38,6%.","og_url":"https:\/\/portaltela.pt\/noticias\/2026\/01\/21\/mais-de-87-das-pessoas-com-85-anos-ou-mais-estao-vacinadas-contra-a-gripe\/","og_site_name":"Portal Tela Portugal","article_published_time":"2026-01-21T07:07:58+00:00","author":"Telinha","twitter_card":"summary_large_image","twitter_misc":{"Escrito por":"Telinha","Tempo estimado de leitura":"1 minuto"},"schema":{"@context":"https:\/\/schema.org","@graph":[{"@type":"Article","@id":"https:\/\/portaltela.pt\/noticias\/2026\/01\/21\/mais-de-87-das-pessoas-com-85-anos-ou-mais-estao-vacinadas-contra-a-gripe\/#article","isPartOf":{"@id":"https:\/\/portaltela.pt\/noticias\/2026\/01\/21\/mais-de-87-das-pessoas-com-85-anos-ou-mais-estao-vacinadas-contra-a-gripe\/"},"author":{"name":"Telinha","@id":"https:\/\/portaltela.pt\/#\/schema\/person\/c4278d4a6028830caff9ee44b42d32ed"},"headline":"Mais de 87% das pessoas com 85 anos ou mais est\u00e3o vacinadas contra a gripe","datePublished":"2026-01-21T07:07:58+00:00","mainEntityOfPage":{"@id":"https:\/\/portaltela.pt\/noticias\/2026\/01\/21\/mais-de-87-das-pessoas-com-85-anos-ou-mais-estao-vacinadas-contra-a-gripe\/"},"wordCount":307,"image":{"@id":"https:\/\/portaltela.pt\/noticias\/2026\/01\/21\/mais-de-87-das-pessoas-com-85-anos-ou-mais-estao-vacinadas-contra-a-gripe\/#primaryimage"},"thumbnailUrl":"https:\/\/portaltela.pt\/s.01k8rhncp4jt1\/2026\/01\/img_1500x1000uu2024-09-24-21-26-28-1755007.jpg","keywords":["diab\u00e9ticos","doen\u00e7a respirat\u00f3ria","gripe","pessoas","Portugal","sa\u00fade p\u00fablica"],"articleSection":["Not\u00edcias"],"inLanguage":"pt-PT"},{"@type":"WebPage","@id":"https:\/\/portaltela.pt\/noticias\/2026\/01\/21\/mais-de-87-das-pessoas-com-85-anos-ou-mais-estao-vacinadas-contra-a-gripe\/","url":"https:\/\/portaltela.pt\/noticias\/2026\/01\/21\/mais-de-87-das-pessoas-com-85-anos-ou-mais-estao-vacinadas-contra-a-gripe\/","name":"Mais de 87% das pessoas com 85 anos ou mais est\u00e3o vacinadas contra a gripe - Portal Tela Portugal","isPartOf":{"@id":"https:\/\/portaltela.pt\/#website"},"primaryImageOfPage":{"@id":"https:\/\/portaltela.pt\/noticias\/2026\/01\/21\/mais-de-87-das-pessoas-com-85-anos-ou-mais-estao-vacinadas-contra-a-gripe\/#primaryimage"},"image":{"@id":"https:\/\/portaltela.pt\/noticias\/2026\/01\/21\/mais-de-87-das-pessoas-com-85-anos-ou-mais-estao-vacinadas-contra-a-gripe\/#primaryimage"},"thumbnailUrl":"https:\/\/portaltela.pt\/s.01k8rhncp4jt1\/2026\/01\/img_1500x1000uu2024-09-24-21-26-28-1755007.jpg","datePublished":"2026-01-21T07:07:58+00:00","author":{"@id":"https:\/\/portaltela.pt\/#\/schema\/person\/c4278d4a6028830caff9ee44b42d32ed"},"breadcrumb":{"@id":"https:\/\/portaltela.pt\/noticias\/2026\/01\/21\/mais-de-87-das-pessoas-com-85-anos-ou-mais-estao-vacinadas-contra-a-gripe\/#breadcrumb"},"inLanguage":"pt-PT","potentialAction":[{"@type":"ReadAction","target":["https:\/\/portaltela.pt\/noticias\/2026\/01\/21\/mais-de-87-das-pessoas-com-85-anos-ou-mais-estao-vacinadas-contra-a-gripe\/"]}]},{"@type":"ImageObject","inLanguage":"pt-PT","@id":"https:\/\/portaltela.pt\/noticias\/2026\/01\/21\/mais-de-87-das-pessoas-com-85-anos-ou-mais-estao-vacinadas-contra-a-gripe\/#primaryimage","url":"https:\/\/portaltela.pt\/s.01k8rhncp4jt1\/2026\/01\/img_1500x1000uu2024-09-24-21-26-28-1755007.jpg","contentUrl":"https:\/\/portaltela.pt\/s.01k8rhncp4jt1\/2026\/01\/img_1500x1000uu2024-09-24-21-26-28-1755007.jpg","width":796,"height":448,"caption":"Vacina\u00e7\u00e3o"},{"@type":"BreadcrumbList","@id":"https:\/\/portaltela.pt\/noticias\/2026\/01\/21\/mais-de-87-das-pessoas-com-85-anos-ou-mais-estao-vacinadas-contra-a-gripe\/#breadcrumb","itemListElement":[{"@type":"ListItem","position":1,"name":"In\u00edcio","item":"https:\/\/portaltela.pt\/"},{"@type":"ListItem","position":2,"name":"Mais de 87% das pessoas com 85 anos ou mais est\u00e3o vacinadas contra a gripe"}]},{"@type":"WebSite","@id":"https:\/\/portaltela.pt\/#website","url":"https:\/\/portaltela.pt\/","name":"Portal Tela Portugal","description":"","potentialAction":[{"@type":"SearchAction","target":{"@type":"EntryPoint","urlTemplate":"https:\/\/portaltela.pt\/?s={search_term_string}"},"query-input":{"@type":"PropertyValueSpecification","valueRequired":true,"valueName":"search_term_string"}}],"inLanguage":"pt-PT"},{"@type":"Person","@id":"https:\/\/portaltela.pt\/#\/schema\/person\/c4278d4a6028830caff9ee44b42d32ed","name":"Telinha","image":{"@type":"ImageObject","inLanguage":"pt-PT","@id":"https:\/\/portaltela.pt\/s.01k8rhncp4jt1\/2025\/11\/talking-bot-125x125.png","url":"https:\/\/portaltela.pt\/s.01k8rhncp4jt1\/2025\/11\/talking-bot-125x125.png","contentUrl":"https:\/\/portaltela.pt\/s.01k8rhncp4jt1\/2025\/11\/talking-bot-125x125.png","caption":"Telinha"},"sameAs":["https:\/\/portaltela.pt\/"],"url":"https:\/\/portaltela.pt\/por\/367410592786\/"}]}},"_links":{"self":[{"href":"https:\/\/portaltela.pt\/api\/wp\/v2\/posts\/158542","targetHints":{"allow":["GET"]}}],"collection":[{"href":"https:\/\/portaltela.pt\/api\/wp\/v2\/posts"}],"about":[{"href":"https:\/\/portaltela.pt\/api\/wp\/v2\/types\/post"}],"author":[{"embeddable":true,"href":"https:\/\/portaltela.pt\/api\/wp\/v2\/users\/2"}],"replies":[{"embeddable":true,"href":"https:\/\/portaltela.pt\/api\/wp\/v2\/comments?post=158542"}],"version-history":[{"count":0,"href":"https:\/\/portaltela.pt\/api\/wp\/v2\/posts\/158542\/revisions"}],"wp:featuredmedia":[{"embeddable":true,"href":"https:\/\/portaltela.pt\/api\/wp\/v2\/media\/158545"}],"wp:attachment":[{"href":"https:\/\/portaltela.pt\/api\/wp\/v2\/media?parent=158542"}],"wp:term":[{"taxonomy":"category","embeddable":true,"href":"https:\/\/portaltela.pt\/api\/wp\/v2\/categories?post=158542"},{"taxonomy":"post_tag","embeddable":true,"href":"https:\/\/portaltela.pt\/api\/wp\/v2\/tags?post=158542"}],"curies":[{"name":"wp","href":"https:\/\/api.w.org\/{rel}","templated":true}]}}