{"id":158434,"date":"2026-01-21T01:00:00","date_gmt":"2026-01-21T04:00:00","guid":{"rendered":"https:\/\/portaltela.pt\/noticias\/2026\/01\/21\/ter-stegen-emprestado-pelo-fc-barcelona-ao-girona\/"},"modified":"2026-01-21T01:00:00","modified_gmt":"2026-01-21T04:00:00","slug":"ter-stegen-emprestado-pelo-fc-barcelona-ao-girona","status":"publish","type":"post","link":"https:\/\/portaltela.pt\/desporto\/futebol\/2026\/01\/21\/ter-stegen-emprestado-pelo-fc-barcelona-ao-girona\/","title":{"rendered":"Ter Stegen emprestado pelo FC Barcelona ao Girona"},"content":{"rendered":"<p>O FC Barcelona anunciou hoje que o guarda-redes Marc-Andr\u00e9 ter Stegen ser\u00e1 emprestado ao Girona at\u00e9 ao final da presente \u00e9poca, com dura\u00e7\u00e3o at\u00e9 30 de junho de 2026. O acordo foi confirmado pelas redes sociais do clube catal\u00e3o.<\/p>\n<p>Ter Stegen, que est\u00e1 no Barcelona desde a temporada 2015\/16, disputou apenas um jogo na presente \u00e9poca 2025\/26, na Ta\u00e7a do Rei, enquanto o treinador Hans-Dieter Flick proporcionou a titularidade a Joan Garc\u00eda.<\/p>\n<p>O Girona recebe o guarda-redes alem\u00e3o para cobrir a posi\u00e7\u00e3o entre a disputa de competi\u00e7\u00f5es nacionais e a restante \u00e9poca desportiva, mantendo o Barcelona a gest\u00e3o de plantel e a possibilidade de regressar a casa no final do empr\u00e9stimo.<\/p>\n<h3>Detalhes do empr\u00e9stimo<\/h3>\n<ul>\n<li>Dura\u00e7\u00e3o: at\u00e9 30 de junho de 2026<\/li>\n<li>Participantes: FC Barcelona e Girona<\/li>\n<li>Contexto: Ter Stegen n\u00e3o tinha sido titular na maioria da \u00e9poca, ap\u00f3s a aposta em Joan Garc\u00eda pelos respons\u00e1veis t\u00e9cnicos.<\/li>\n<\/ul>\n","protected":false},"excerpt":{"rendered":"<ul>\n<li>O guarda-redes Marc-Andr\u00e9 ter Stegen ir\u00e1 jogar pelo Girona at\u00e9 30 de junho de 2026, por empr\u00e9stimo do FC Barcelona.<\/li>\n<li>A ced\u00eancia foi anunciada hoje pelo FC Barcelona, campe\u00e3o espanhol.<\/li>\n<li>Ter Stegen est\u00e1 no Barcelona desde a \u00e9poca 2015\/16; na presente temporada, apenas participou numa Ta\u00e7a do Rei.<\/li>\n<li>O t\u00e9cnico Hans-Dieter Flick deu a titularidade a Joan Garc\u00eda na \u00e9poca 2025\/26.<\/li>\n<li>O guarda-redes utilizou o Instagram para agradecer ao Barcelona, \u00e0 cidade e ao pa\u00eds, dizendo sentir mem\u00f3rias, emo\u00e7\u00f5es e orgulho pelo percurso.<\/li>\n<\/ul>\n","protected":false},"author":2,"featured_media":158440,"comment_status":"closed","ping_status":"closed","sticky":false,"template":"","format":"standard","meta":{"footnotes":""},"categories":[21,24],"tags":[2587,2457,32,3338,2657,1789],"class_list":["post-158434","post","type-post","status-publish","format-standard","has-post-thumbnail","hentry","category-desporto","category-futebol","tag-barcelona","tag-emprestimos","tag-futebol","tag-futebol-internacional","tag-girona","tag-la-liga"],"yoast_head":"<!-- This site is optimized with the Yoast SEO plugin v27.2 - https:\/\/yoast.com\/product\/yoast-seo-wordpress\/ -->\n<title>Ter Stegen emprestado pelo FC Barcelona ao Girona - Portal Tela Portugal<\/title>\n<meta name=\"robots\" content=\"index, follow, max-snippet:-1, max-image-preview:large, max-video-preview:-1\" \/>\n<meta property=\"og:locale\" content=\"pt_PT\" \/>\n<meta property=\"og:type\" content=\"article\" \/>\n<meta property=\"og:title\" content=\"Ter Stegen emprestado pelo FC Barcelona ao Girona - Portal Tela Portugal\" \/>\n<meta property=\"og:description\" content=\"O guarda-redes Marc-Andr\u00e9 ter Stegen ir\u00e1 jogar pelo Girona at\u00e9 30 de junho de 2026, por empr\u00e9stimo do FC Barcelona. A ced\u00eancia foi anunciada hoje pelo FC Barcelona, campe\u00e3o espanhol. Ter Stegen est\u00e1 no Barcelona desde a \u00e9poca 2015\/16; na presente temporada, apenas participou numa Ta\u00e7a do Rei. O t\u00e9cnico Hans-Dieter Flick deu a titularidade a Joan Garc\u00eda na \u00e9poca 2025\/26. O guarda-redes utilizou o Instagram para agradecer ao Barcelona, \u00e0 cidade e ao pa\u00eds, dizendo sentir mem\u00f3rias, emo\u00e7\u00f5es e orgulho pelo percurso.\" \/>\n<meta property=\"og:url\" content=\"https:\/\/portaltela.pt\/noticias\/2026\/01\/21\/ter-stegen-emprestado-pelo-fc-barcelona-ao-girona\/\" \/>\n<meta property=\"og:site_name\" content=\"Portal Tela Portugal\" \/>\n<meta property=\"article:published_time\" content=\"2026-01-21T04:00:00+00:00\" \/>\n<meta name=\"author\" content=\"Telinha\" \/>\n<meta name=\"twitter:card\" content=\"summary_large_image\" \/>\n<meta name=\"twitter:label1\" content=\"Escrito por\" \/>\n\t<meta name=\"twitter:data1\" content=\"Telinha\" \/>\n\t<meta name=\"twitter:label2\" content=\"Tempo estimado de leitura\" \/>\n\t<meta name=\"twitter:data2\" content=\"1 minuto\" \/>\n<script type=\"application\/ld+json\" class=\"yoast-schema-graph\">{\"@context\":\"https:\/\/schema.org\",\"@graph\":[{\"@type\":\"Article\",\"@id\":\"https:\/\/portaltela.pt\/noticias\/2026\/01\/21\/ter-stegen-emprestado-pelo-fc-barcelona-ao-girona\/#article\",\"isPartOf\":{\"@id\":\"https:\/\/portaltela.pt\/noticias\/2026\/01\/21\/ter-stegen-emprestado-pelo-fc-barcelona-ao-girona\/\"},\"author\":{\"name\":\"Telinha\",\"@id\":\"https:\/\/portaltela.pt\/#\/schema\/person\/c4278d4a6028830caff9ee44b42d32ed\"},\"headline\":\"Ter Stegen emprestado pelo FC Barcelona ao Girona\",\"datePublished\":\"2026-01-21T04:00:00+00:00\",\"mainEntityOfPage\":{\"@id\":\"https:\/\/portaltela.pt\/noticias\/2026\/01\/21\/ter-stegen-emprestado-pelo-fc-barcelona-ao-girona\/\"},\"wordCount\":164,\"image\":{\"@id\":\"https:\/\/portaltela.pt\/noticias\/2026\/01\/21\/ter-stegen-emprestado-pelo-fc-barcelona-ao-girona\/#primaryimage\"},\"thumbnailUrl\":\"https:\/\/portaltela.pt\/s.01k8rhncp4jt1\/2026\/01\/unnamed-file-4260.jpg\",\"keywords\":[\"Barcelona\",\"empr\u00e9stimos\",\"futebol\",\"futebol internacional\",\"Girona\",\"La Liga\"],\"articleSection\":[\"Desporto\",\"Futebol\"],\"inLanguage\":\"pt-PT\"},{\"@type\":\"WebPage\",\"@id\":\"https:\/\/portaltela.pt\/noticias\/2026\/01\/21\/ter-stegen-emprestado-pelo-fc-barcelona-ao-girona\/\",\"url\":\"https:\/\/portaltela.pt\/noticias\/2026\/01\/21\/ter-stegen-emprestado-pelo-fc-barcelona-ao-girona\/\",\"name\":\"Ter Stegen emprestado pelo FC Barcelona ao Girona - Portal Tela Portugal\",\"isPartOf\":{\"@id\":\"https:\/\/portaltela.pt\/#website\"},\"primaryImageOfPage\":{\"@id\":\"https:\/\/portaltela.pt\/noticias\/2026\/01\/21\/ter-stegen-emprestado-pelo-fc-barcelona-ao-girona\/#primaryimage\"},\"image\":{\"@id\":\"https:\/\/portaltela.pt\/noticias\/2026\/01\/21\/ter-stegen-emprestado-pelo-fc-barcelona-ao-girona\/#primaryimage\"},\"thumbnailUrl\":\"https:\/\/portaltela.pt\/s.01k8rhncp4jt1\/2026\/01\/unnamed-file-4260.jpg\",\"datePublished\":\"2026-01-21T04:00:00+00:00\",\"author\":{\"@id\":\"https:\/\/portaltela.pt\/#\/schema\/person\/c4278d4a6028830caff9ee44b42d32ed\"},\"breadcrumb\":{\"@id\":\"https:\/\/portaltela.pt\/noticias\/2026\/01\/21\/ter-stegen-emprestado-pelo-fc-barcelona-ao-girona\/#breadcrumb\"},\"inLanguage\":\"pt-PT\",\"potentialAction\":[{\"@type\":\"ReadAction\",\"target\":[\"https:\/\/portaltela.pt\/noticias\/2026\/01\/21\/ter-stegen-emprestado-pelo-fc-barcelona-ao-girona\/\"]}]},{\"@type\":\"ImageObject\",\"inLanguage\":\"pt-PT\",\"@id\":\"https:\/\/portaltela.pt\/noticias\/2026\/01\/21\/ter-stegen-emprestado-pelo-fc-barcelona-ao-girona\/#primaryimage\",\"url\":\"https:\/\/portaltela.pt\/s.01k8rhncp4jt1\/2026\/01\/unnamed-file-4260.jpg\",\"contentUrl\":\"https:\/\/portaltela.pt\/s.01k8rhncp4jt1\/2026\/01\/unnamed-file-4260.jpg\",\"width\":796,\"height\":448,\"caption\":\"Ter Stegen emprestado pelo FC Barcelona ao Girona\"},{\"@type\":\"BreadcrumbList\",\"@id\":\"https:\/\/portaltela.pt\/noticias\/2026\/01\/21\/ter-stegen-emprestado-pelo-fc-barcelona-ao-girona\/#breadcrumb\",\"itemListElement\":[{\"@type\":\"ListItem\",\"position\":1,\"name\":\"In\u00edcio\",\"item\":\"https:\/\/portaltela.pt\/\"},{\"@type\":\"ListItem\",\"position\":2,\"name\":\"Ter Stegen emprestado pelo FC Barcelona ao Girona\"}]},{\"@type\":\"WebSite\",\"@id\":\"https:\/\/portaltela.pt\/#website\",\"url\":\"https:\/\/portaltela.pt\/\",\"name\":\"Portal Tela Portugal\",\"description\":\"\",\"potentialAction\":[{\"@type\":\"SearchAction\",\"target\":{\"@type\":\"EntryPoint\",\"urlTemplate\":\"https:\/\/portaltela.pt\/?s={search_term_string}\"},\"query-input\":{\"@type\":\"PropertyValueSpecification\",\"valueRequired\":true,\"valueName\":\"search_term_string\"}}],\"inLanguage\":\"pt-PT\"},{\"@type\":\"Person\",\"@id\":\"https:\/\/portaltela.pt\/#\/schema\/person\/c4278d4a6028830caff9ee44b42d32ed\",\"name\":\"Telinha\",\"image\":{\"@type\":\"ImageObject\",\"inLanguage\":\"pt-PT\",\"@id\":\"https:\/\/portaltela.pt\/s.01k8rhncp4jt1\/2025\/11\/talking-bot-125x125.png\",\"url\":\"https:\/\/portaltela.pt\/s.01k8rhncp4jt1\/2025\/11\/talking-bot-125x125.png\",\"contentUrl\":\"https:\/\/portaltela.pt\/s.01k8rhncp4jt1\/2025\/11\/talking-bot-125x125.png\",\"caption\":\"Telinha\"},\"sameAs\":[\"https:\/\/portaltela.pt\/\"],\"url\":\"https:\/\/portaltela.pt\/por\/367410592786\/\"}]}<\/script>\n<!-- \/ Yoast SEO plugin. -->","yoast_head_json":{"title":"Ter Stegen emprestado pelo FC Barcelona ao Girona - Portal Tela Portugal","robots":{"index":"index","follow":"follow","max-snippet":"max-snippet:-1","max-image-preview":"max-image-preview:large","max-video-preview":"max-video-preview:-1"},"og_locale":"pt_PT","og_type":"article","og_title":"Ter Stegen emprestado pelo FC Barcelona ao Girona - Portal Tela Portugal","og_description":"O guarda-redes Marc-Andr\u00e9 ter Stegen ir\u00e1 jogar pelo Girona at\u00e9 30 de junho de 2026, por empr\u00e9stimo do FC Barcelona. A ced\u00eancia foi anunciada hoje pelo FC Barcelona, campe\u00e3o espanhol. Ter Stegen est\u00e1 no Barcelona desde a \u00e9poca 2015\/16; na presente temporada, apenas participou numa Ta\u00e7a do Rei. O t\u00e9cnico Hans-Dieter Flick deu a titularidade a Joan Garc\u00eda na \u00e9poca 2025\/26. O guarda-redes utilizou o Instagram para agradecer ao Barcelona, \u00e0 cidade e ao pa\u00eds, dizendo sentir mem\u00f3rias, emo\u00e7\u00f5es e orgulho pelo percurso.","og_url":"https:\/\/portaltela.pt\/noticias\/2026\/01\/21\/ter-stegen-emprestado-pelo-fc-barcelona-ao-girona\/","og_site_name":"Portal Tela Portugal","article_published_time":"2026-01-21T04:00:00+00:00","author":"Telinha","twitter_card":"summary_large_image","twitter_misc":{"Escrito por":"Telinha","Tempo estimado de leitura":"1 minuto"},"schema":{"@context":"https:\/\/schema.org","@graph":[{"@type":"Article","@id":"https:\/\/portaltela.pt\/noticias\/2026\/01\/21\/ter-stegen-emprestado-pelo-fc-barcelona-ao-girona\/#article","isPartOf":{"@id":"https:\/\/portaltela.pt\/noticias\/2026\/01\/21\/ter-stegen-emprestado-pelo-fc-barcelona-ao-girona\/"},"author":{"name":"Telinha","@id":"https:\/\/portaltela.pt\/#\/schema\/person\/c4278d4a6028830caff9ee44b42d32ed"},"headline":"Ter Stegen emprestado pelo FC Barcelona ao Girona","datePublished":"2026-01-21T04:00:00+00:00","mainEntityOfPage":{"@id":"https:\/\/portaltela.pt\/noticias\/2026\/01\/21\/ter-stegen-emprestado-pelo-fc-barcelona-ao-girona\/"},"wordCount":164,"image":{"@id":"https:\/\/portaltela.pt\/noticias\/2026\/01\/21\/ter-stegen-emprestado-pelo-fc-barcelona-ao-girona\/#primaryimage"},"thumbnailUrl":"https:\/\/portaltela.pt\/s.01k8rhncp4jt1\/2026\/01\/unnamed-file-4260.jpg","keywords":["Barcelona","empr\u00e9stimos","futebol","futebol internacional","Girona","La Liga"],"articleSection":["Desporto","Futebol"],"inLanguage":"pt-PT"},{"@type":"WebPage","@id":"https:\/\/portaltela.pt\/noticias\/2026\/01\/21\/ter-stegen-emprestado-pelo-fc-barcelona-ao-girona\/","url":"https:\/\/portaltela.pt\/noticias\/2026\/01\/21\/ter-stegen-emprestado-pelo-fc-barcelona-ao-girona\/","name":"Ter Stegen emprestado pelo FC Barcelona ao Girona - Portal Tela Portugal","isPartOf":{"@id":"https:\/\/portaltela.pt\/#website"},"primaryImageOfPage":{"@id":"https:\/\/portaltela.pt\/noticias\/2026\/01\/21\/ter-stegen-emprestado-pelo-fc-barcelona-ao-girona\/#primaryimage"},"image":{"@id":"https:\/\/portaltela.pt\/noticias\/2026\/01\/21\/ter-stegen-emprestado-pelo-fc-barcelona-ao-girona\/#primaryimage"},"thumbnailUrl":"https:\/\/portaltela.pt\/s.01k8rhncp4jt1\/2026\/01\/unnamed-file-4260.jpg","datePublished":"2026-01-21T04:00:00+00:00","author":{"@id":"https:\/\/portaltela.pt\/#\/schema\/person\/c4278d4a6028830caff9ee44b42d32ed"},"breadcrumb":{"@id":"https:\/\/portaltela.pt\/noticias\/2026\/01\/21\/ter-stegen-emprestado-pelo-fc-barcelona-ao-girona\/#breadcrumb"},"inLanguage":"pt-PT","potentialAction":[{"@type":"ReadAction","target":["https:\/\/portaltela.pt\/noticias\/2026\/01\/21\/ter-stegen-emprestado-pelo-fc-barcelona-ao-girona\/"]}]},{"@type":"ImageObject","inLanguage":"pt-PT","@id":"https:\/\/portaltela.pt\/noticias\/2026\/01\/21\/ter-stegen-emprestado-pelo-fc-barcelona-ao-girona\/#primaryimage","url":"https:\/\/portaltela.pt\/s.01k8rhncp4jt1\/2026\/01\/unnamed-file-4260.jpg","contentUrl":"https:\/\/portaltela.pt\/s.01k8rhncp4jt1\/2026\/01\/unnamed-file-4260.jpg","width":796,"height":448,"caption":"Ter Stegen emprestado pelo FC Barcelona ao Girona"},{"@type":"BreadcrumbList","@id":"https:\/\/portaltela.pt\/noticias\/2026\/01\/21\/ter-stegen-emprestado-pelo-fc-barcelona-ao-girona\/#breadcrumb","itemListElement":[{"@type":"ListItem","position":1,"name":"In\u00edcio","item":"https:\/\/portaltela.pt\/"},{"@type":"ListItem","position":2,"name":"Ter Stegen emprestado pelo FC Barcelona ao Girona"}]},{"@type":"WebSite","@id":"https:\/\/portaltela.pt\/#website","url":"https:\/\/portaltela.pt\/","name":"Portal Tela Portugal","description":"","potentialAction":[{"@type":"SearchAction","target":{"@type":"EntryPoint","urlTemplate":"https:\/\/portaltela.pt\/?s={search_term_string}"},"query-input":{"@type":"PropertyValueSpecification","valueRequired":true,"valueName":"search_term_string"}}],"inLanguage":"pt-PT"},{"@type":"Person","@id":"https:\/\/portaltela.pt\/#\/schema\/person\/c4278d4a6028830caff9ee44b42d32ed","name":"Telinha","image":{"@type":"ImageObject","inLanguage":"pt-PT","@id":"https:\/\/portaltela.pt\/s.01k8rhncp4jt1\/2025\/11\/talking-bot-125x125.png","url":"https:\/\/portaltela.pt\/s.01k8rhncp4jt1\/2025\/11\/talking-bot-125x125.png","contentUrl":"https:\/\/portaltela.pt\/s.01k8rhncp4jt1\/2025\/11\/talking-bot-125x125.png","caption":"Telinha"},"sameAs":["https:\/\/portaltela.pt\/"],"url":"https:\/\/portaltela.pt\/por\/367410592786\/"}]}},"_links":{"self":[{"href":"https:\/\/portaltela.pt\/api\/wp\/v2\/posts\/158434","targetHints":{"allow":["GET"]}}],"collection":[{"href":"https:\/\/portaltela.pt\/api\/wp\/v2\/posts"}],"about":[{"href":"https:\/\/portaltela.pt\/api\/wp\/v2\/types\/post"}],"author":[{"embeddable":true,"href":"https:\/\/portaltela.pt\/api\/wp\/v2\/users\/2"}],"replies":[{"embeddable":true,"href":"https:\/\/portaltela.pt\/api\/wp\/v2\/comments?post=158434"}],"version-history":[{"count":0,"href":"https:\/\/portaltela.pt\/api\/wp\/v2\/posts\/158434\/revisions"}],"wp:featuredmedia":[{"embeddable":true,"href":"https:\/\/portaltela.pt\/api\/wp\/v2\/media\/158440"}],"wp:attachment":[{"href":"https:\/\/portaltela.pt\/api\/wp\/v2\/media?parent=158434"}],"wp:term":[{"taxonomy":"category","embeddable":true,"href":"https:\/\/portaltela.pt\/api\/wp\/v2\/categories?post=158434"},{"taxonomy":"post_tag","embeddable":true,"href":"https:\/\/portaltela.pt\/api\/wp\/v2\/tags?post=158434"}],"curies":[{"name":"wp","href":"https:\/\/api.w.org\/{rel}","templated":true}]}}