{"id":158414,"date":"2026-01-20T23:07:00","date_gmt":"2026-01-21T02:07:00","guid":{"rendered":"https:\/\/portaltela.pt\/noticias\/2026\/01\/20\/barcelona-nao-pode-falhar-na-rodada-decisiva\/"},"modified":"2026-01-20T23:07:00","modified_gmt":"2026-01-21T02:07:00","slug":"barcelona-nao-pode-falhar-na-rodada-decisiva","status":"publish","type":"post","link":"https:\/\/portaltela.pt\/desporto\/futebol\/2026\/01\/20\/barcelona-nao-pode-falhar-na-rodada-decisiva\/","title":{"rendered":"Barcelona n\u00e3o pode falhar na rodada decisiva"},"content":{"rendered":"<p>Barcelona enfrenta hoje o Slavia Praga, em Praga, na jornada 7 da fase de grupos da Liga dos Campe\u00f5es. O jogo decorre sob temperaturas muito baixas, com a cidade a registar apenas valores pr\u00f3ximos de zero.<\/p>\n<p>A equipa de Hansi Flick chega com 10 pontos em seis partidas e ocupa uma posi\u00e7\u00e3o de risco na classifica\u00e7\u00e3o. A seis pontos de dist\u00e2ncia dos oitavos, tem apenas tr\u00eas de vantagem sobre o primeiro fora da zona de playoff e encara o Copenhague na \u00faltima ronda.<\/p>\n<p>Jo\u00e3o Cancelo est\u00e1 indispon\u00edvel por n\u00e3o estar inscrito na Liga dos Campe\u00f5es. Raphinha pode entrar ap\u00f3s ter falhado a \u00faltima jornada por les\u00e3o, enquanto Yamal fica de fora por castigo. Ter Stegen aproxima-se da sa\u00edda para o Girona.<\/p>\n<p>Do lado do Slavia Praga, a equipa soma tr\u00eas pontos em seis jogos e est\u00e1 entre os \u00faltimos da fase de grupos. Jurasek n\u00e3o foi inscrito e n\u00e3o entra nas escolhas de Jind\u0159ich Trpi\u0161ovsk\u00fd.<\/p>\n<p>O t\u00e9cnico catal\u00e3o destaca que o treino foi adaptado ao frio: viajaram mais cedo para aquecer e adaptar-se \u00e0s temperaturas de Praga, antes do encontro frente aos checos. A derrota recente com o Real Sociedad j\u00e1 \u00e9 passada para o planeamento da partida.<\/p>\n","protected":false},"excerpt":{"rendered":"<ul>\n<li>O Barcelona enfrenta o Slavia Praga hoje, em Praga, na jornada sete da fase de Liga dos Campe\u00f5es, com temperaturas previstas bem abaixo de zero.<\/li>\n<li>Os catal\u00e3es t\u00eam dez pontos em seis jogos, com tr\u00eas pontos de vantagem sobre a equipa fora da zona de playoff e a tr\u00eas do apuramento direto aos oitavos; a pr\u00f3xima ronda \u00e9 frente ao Copenhaga.<\/li>\n<li>Jo\u00e3o Cancelo est\u00e1 fora, n\u00e3o est\u00e1 inscrito na competi\u00e7\u00e3o; Raphinha fica dispon\u00edvel, Yamal fica de fora por castigo e Ter Stegen pode estar de sa\u00edda para o Girona; o treinador Hansi Flick explicou que viajaram cedo para se adaptar ao frio.<\/li>\n<li>Slavia Praga soma tr\u00eas pontos em seis jornadas; Jurasek n\u00e3o est\u00e1 inscrito, e o t\u00e9cnico Jind\u0159ich Trpi\u0161ovsk\u00fd diz que jogar contra o Bar\u00e7a \u00e9 \u201cuma festa do futebol\u201d.<\/li>\n<li>O Bar\u00e7a vem de derrota por dois a um frente \u00e0 Real Sociedad; no outro lado, o Slavia tenta surpreender ap\u00f3s ter somado poucos pontos na fase.<\/li>\n<\/ul>\n","protected":false},"author":2,"featured_media":158416,"comment_status":"closed","ping_status":"closed","sticky":false,"template":"","format":"standard","meta":{"footnotes":""},"categories":[21,24],"tags":[2331,3577,2681,32,3338,253],"class_list":["post-158414","post","type-post","status-publish","format-standard","has-post-thumbnail","hentry","category-desporto","category-futebol","tag-cancelo","tag-champions-league","tag-desporto-internacional","tag-futebol","tag-futebol-internacional","tag-liga-dos-campeoes"],"yoast_head":"<!-- This site is optimized with the Yoast SEO plugin v27.2 - https:\/\/yoast.com\/product\/yoast-seo-wordpress\/ -->\n<title>Barcelona n\u00e3o pode falhar na rodada decisiva - Portal Tela Portugal<\/title>\n<meta name=\"robots\" content=\"index, follow, max-snippet:-1, max-image-preview:large, max-video-preview:-1\" \/>\n<meta property=\"og:locale\" content=\"pt_PT\" \/>\n<meta property=\"og:type\" content=\"article\" \/>\n<meta property=\"og:title\" content=\"Barcelona n\u00e3o pode falhar na rodada decisiva - Portal Tela Portugal\" \/>\n<meta property=\"og:description\" content=\"O Barcelona enfrenta o Slavia Praga hoje, em Praga, na jornada sete da fase de Liga dos Campe\u00f5es, com temperaturas previstas bem abaixo de zero. Os catal\u00e3es t\u00eam dez pontos em seis jogos, com tr\u00eas pontos de vantagem sobre a equipa fora da zona de playoff e a tr\u00eas do apuramento direto aos oitavos; a pr\u00f3xima ronda \u00e9 frente ao Copenhaga. Jo\u00e3o Cancelo est\u00e1 fora, n\u00e3o est\u00e1 inscrito na competi\u00e7\u00e3o; Raphinha fica dispon\u00edvel, Yamal fica de fora por castigo e Ter Stegen pode estar de sa\u00edda para o Girona; o treinador Hansi Flick explicou que viajaram cedo para se adaptar ao frio. Slavia Praga soma tr\u00eas pontos em seis jornadas; Jurasek n\u00e3o est\u00e1 inscrito, e o t\u00e9cnico Jind\u0159ich Trpi\u0161ovsk\u00fd diz que jogar contra o Bar\u00e7a \u00e9 \u201cuma festa do futebol\u201d. O Bar\u00e7a vem de derrota por dois a um frente \u00e0 Real Sociedad; no outro lado, o Slavia tenta surpreender ap\u00f3s ter somado poucos pontos na fase.\" \/>\n<meta property=\"og:url\" content=\"https:\/\/portaltela.pt\/noticias\/2026\/01\/20\/barcelona-nao-pode-falhar-na-rodada-decisiva\/\" \/>\n<meta property=\"og:site_name\" content=\"Portal Tela Portugal\" \/>\n<meta property=\"article:published_time\" content=\"2026-01-21T02:07:00+00:00\" \/>\n<meta name=\"author\" content=\"Telinha\" \/>\n<meta name=\"twitter:card\" content=\"summary_large_image\" \/>\n<meta name=\"twitter:label1\" content=\"Escrito por\" \/>\n\t<meta name=\"twitter:data1\" content=\"Telinha\" \/>\n\t<meta name=\"twitter:label2\" content=\"Tempo estimado de leitura\" \/>\n\t<meta name=\"twitter:data2\" content=\"1 minuto\" \/>\n<script type=\"application\/ld+json\" class=\"yoast-schema-graph\">{\"@context\":\"https:\/\/schema.org\",\"@graph\":[{\"@type\":\"Article\",\"@id\":\"https:\/\/portaltela.pt\/noticias\/2026\/01\/20\/barcelona-nao-pode-falhar-na-rodada-decisiva\/#article\",\"isPartOf\":{\"@id\":\"https:\/\/portaltela.pt\/noticias\/2026\/01\/20\/barcelona-nao-pode-falhar-na-rodada-decisiva\/\"},\"author\":{\"name\":\"Telinha\",\"@id\":\"https:\/\/portaltela.pt\/#\/schema\/person\/c4278d4a6028830caff9ee44b42d32ed\"},\"headline\":\"Barcelona n\u00e3o pode falhar na rodada decisiva\",\"datePublished\":\"2026-01-21T02:07:00+00:00\",\"mainEntityOfPage\":{\"@id\":\"https:\/\/portaltela.pt\/noticias\/2026\/01\/20\/barcelona-nao-pode-falhar-na-rodada-decisiva\/\"},\"wordCount\":223,\"image\":{\"@id\":\"https:\/\/portaltela.pt\/noticias\/2026\/01\/20\/barcelona-nao-pode-falhar-na-rodada-decisiva\/#primaryimage\"},\"thumbnailUrl\":\"https:\/\/portaltela.pt\/s.01k8rhncp4jt1\/2026\/01\/img_920x518uu2026-01-21-00-08-49-2416156-1.jpg\",\"keywords\":[\"Cancelo\",\"Champions League\",\"desporto internacional\",\"futebol\",\"futebol internacional\",\"Liga dos Campe\u00f5es\"],\"articleSection\":[\"Desporto\",\"Futebol\"],\"inLanguage\":\"pt-PT\"},{\"@type\":\"WebPage\",\"@id\":\"https:\/\/portaltela.pt\/noticias\/2026\/01\/20\/barcelona-nao-pode-falhar-na-rodada-decisiva\/\",\"url\":\"https:\/\/portaltela.pt\/noticias\/2026\/01\/20\/barcelona-nao-pode-falhar-na-rodada-decisiva\/\",\"name\":\"Barcelona n\u00e3o pode falhar na rodada decisiva - Portal Tela Portugal\",\"isPartOf\":{\"@id\":\"https:\/\/portaltela.pt\/#website\"},\"primaryImageOfPage\":{\"@id\":\"https:\/\/portaltela.pt\/noticias\/2026\/01\/20\/barcelona-nao-pode-falhar-na-rodada-decisiva\/#primaryimage\"},\"image\":{\"@id\":\"https:\/\/portaltela.pt\/noticias\/2026\/01\/20\/barcelona-nao-pode-falhar-na-rodada-decisiva\/#primaryimage\"},\"thumbnailUrl\":\"https:\/\/portaltela.pt\/s.01k8rhncp4jt1\/2026\/01\/img_920x518uu2026-01-21-00-08-49-2416156-1.jpg\",\"datePublished\":\"2026-01-21T02:07:00+00:00\",\"author\":{\"@id\":\"https:\/\/portaltela.pt\/#\/schema\/person\/c4278d4a6028830caff9ee44b42d32ed\"},\"breadcrumb\":{\"@id\":\"https:\/\/portaltela.pt\/noticias\/2026\/01\/20\/barcelona-nao-pode-falhar-na-rodada-decisiva\/#breadcrumb\"},\"inLanguage\":\"pt-PT\",\"potentialAction\":[{\"@type\":\"ReadAction\",\"target\":[\"https:\/\/portaltela.pt\/noticias\/2026\/01\/20\/barcelona-nao-pode-falhar-na-rodada-decisiva\/\"]}]},{\"@type\":\"ImageObject\",\"inLanguage\":\"pt-PT\",\"@id\":\"https:\/\/portaltela.pt\/noticias\/2026\/01\/20\/barcelona-nao-pode-falhar-na-rodada-decisiva\/#primaryimage\",\"url\":\"https:\/\/portaltela.pt\/s.01k8rhncp4jt1\/2026\/01\/img_920x518uu2026-01-21-00-08-49-2416156-1.jpg\",\"contentUrl\":\"https:\/\/portaltela.pt\/s.01k8rhncp4jt1\/2026\/01\/img_920x518uu2026-01-21-00-08-49-2416156-1.jpg\",\"width\":796,\"height\":448,\"caption\":\"Barcelona prepara jogo com Raphinha, apesar das aus\u00eancias de Cancelo e Yamal\"},{\"@type\":\"BreadcrumbList\",\"@id\":\"https:\/\/portaltela.pt\/noticias\/2026\/01\/20\/barcelona-nao-pode-falhar-na-rodada-decisiva\/#breadcrumb\",\"itemListElement\":[{\"@type\":\"ListItem\",\"position\":1,\"name\":\"In\u00edcio\",\"item\":\"https:\/\/portaltela.pt\/\"},{\"@type\":\"ListItem\",\"position\":2,\"name\":\"Barcelona n\u00e3o pode falhar na rodada decisiva\"}]},{\"@type\":\"WebSite\",\"@id\":\"https:\/\/portaltela.pt\/#website\",\"url\":\"https:\/\/portaltela.pt\/\",\"name\":\"Portal Tela Portugal\",\"description\":\"\",\"potentialAction\":[{\"@type\":\"SearchAction\",\"target\":{\"@type\":\"EntryPoint\",\"urlTemplate\":\"https:\/\/portaltela.pt\/?s={search_term_string}\"},\"query-input\":{\"@type\":\"PropertyValueSpecification\",\"valueRequired\":true,\"valueName\":\"search_term_string\"}}],\"inLanguage\":\"pt-PT\"},{\"@type\":\"Person\",\"@id\":\"https:\/\/portaltela.pt\/#\/schema\/person\/c4278d4a6028830caff9ee44b42d32ed\",\"name\":\"Telinha\",\"image\":{\"@type\":\"ImageObject\",\"inLanguage\":\"pt-PT\",\"@id\":\"https:\/\/portaltela.pt\/s.01k8rhncp4jt1\/2025\/11\/talking-bot-125x125.png\",\"url\":\"https:\/\/portaltela.pt\/s.01k8rhncp4jt1\/2025\/11\/talking-bot-125x125.png\",\"contentUrl\":\"https:\/\/portaltela.pt\/s.01k8rhncp4jt1\/2025\/11\/talking-bot-125x125.png\",\"caption\":\"Telinha\"},\"sameAs\":[\"https:\/\/portaltela.pt\/\"],\"url\":\"https:\/\/portaltela.pt\/por\/367410592786\/\"}]}<\/script>\n<!-- \/ Yoast SEO plugin. -->","yoast_head_json":{"title":"Barcelona n\u00e3o pode falhar na rodada decisiva - Portal Tela Portugal","robots":{"index":"index","follow":"follow","max-snippet":"max-snippet:-1","max-image-preview":"max-image-preview:large","max-video-preview":"max-video-preview:-1"},"og_locale":"pt_PT","og_type":"article","og_title":"Barcelona n\u00e3o pode falhar na rodada decisiva - Portal Tela Portugal","og_description":"O Barcelona enfrenta o Slavia Praga hoje, em Praga, na jornada sete da fase de Liga dos Campe\u00f5es, com temperaturas previstas bem abaixo de zero. Os catal\u00e3es t\u00eam dez pontos em seis jogos, com tr\u00eas pontos de vantagem sobre a equipa fora da zona de playoff e a tr\u00eas do apuramento direto aos oitavos; a pr\u00f3xima ronda \u00e9 frente ao Copenhaga. Jo\u00e3o Cancelo est\u00e1 fora, n\u00e3o est\u00e1 inscrito na competi\u00e7\u00e3o; Raphinha fica dispon\u00edvel, Yamal fica de fora por castigo e Ter Stegen pode estar de sa\u00edda para o Girona; o treinador Hansi Flick explicou que viajaram cedo para se adaptar ao frio. Slavia Praga soma tr\u00eas pontos em seis jornadas; Jurasek n\u00e3o est\u00e1 inscrito, e o t\u00e9cnico Jind\u0159ich Trpi\u0161ovsk\u00fd diz que jogar contra o Bar\u00e7a \u00e9 \u201cuma festa do futebol\u201d. O Bar\u00e7a vem de derrota por dois a um frente \u00e0 Real Sociedad; no outro lado, o Slavia tenta surpreender ap\u00f3s ter somado poucos pontos na fase.","og_url":"https:\/\/portaltela.pt\/noticias\/2026\/01\/20\/barcelona-nao-pode-falhar-na-rodada-decisiva\/","og_site_name":"Portal Tela Portugal","article_published_time":"2026-01-21T02:07:00+00:00","author":"Telinha","twitter_card":"summary_large_image","twitter_misc":{"Escrito por":"Telinha","Tempo estimado de leitura":"1 minuto"},"schema":{"@context":"https:\/\/schema.org","@graph":[{"@type":"Article","@id":"https:\/\/portaltela.pt\/noticias\/2026\/01\/20\/barcelona-nao-pode-falhar-na-rodada-decisiva\/#article","isPartOf":{"@id":"https:\/\/portaltela.pt\/noticias\/2026\/01\/20\/barcelona-nao-pode-falhar-na-rodada-decisiva\/"},"author":{"name":"Telinha","@id":"https:\/\/portaltela.pt\/#\/schema\/person\/c4278d4a6028830caff9ee44b42d32ed"},"headline":"Barcelona n\u00e3o pode falhar na rodada decisiva","datePublished":"2026-01-21T02:07:00+00:00","mainEntityOfPage":{"@id":"https:\/\/portaltela.pt\/noticias\/2026\/01\/20\/barcelona-nao-pode-falhar-na-rodada-decisiva\/"},"wordCount":223,"image":{"@id":"https:\/\/portaltela.pt\/noticias\/2026\/01\/20\/barcelona-nao-pode-falhar-na-rodada-decisiva\/#primaryimage"},"thumbnailUrl":"https:\/\/portaltela.pt\/s.01k8rhncp4jt1\/2026\/01\/img_920x518uu2026-01-21-00-08-49-2416156-1.jpg","keywords":["Cancelo","Champions League","desporto internacional","futebol","futebol internacional","Liga dos Campe\u00f5es"],"articleSection":["Desporto","Futebol"],"inLanguage":"pt-PT"},{"@type":"WebPage","@id":"https:\/\/portaltela.pt\/noticias\/2026\/01\/20\/barcelona-nao-pode-falhar-na-rodada-decisiva\/","url":"https:\/\/portaltela.pt\/noticias\/2026\/01\/20\/barcelona-nao-pode-falhar-na-rodada-decisiva\/","name":"Barcelona n\u00e3o pode falhar na rodada decisiva - Portal Tela Portugal","isPartOf":{"@id":"https:\/\/portaltela.pt\/#website"},"primaryImageOfPage":{"@id":"https:\/\/portaltela.pt\/noticias\/2026\/01\/20\/barcelona-nao-pode-falhar-na-rodada-decisiva\/#primaryimage"},"image":{"@id":"https:\/\/portaltela.pt\/noticias\/2026\/01\/20\/barcelona-nao-pode-falhar-na-rodada-decisiva\/#primaryimage"},"thumbnailUrl":"https:\/\/portaltela.pt\/s.01k8rhncp4jt1\/2026\/01\/img_920x518uu2026-01-21-00-08-49-2416156-1.jpg","datePublished":"2026-01-21T02:07:00+00:00","author":{"@id":"https:\/\/portaltela.pt\/#\/schema\/person\/c4278d4a6028830caff9ee44b42d32ed"},"breadcrumb":{"@id":"https:\/\/portaltela.pt\/noticias\/2026\/01\/20\/barcelona-nao-pode-falhar-na-rodada-decisiva\/#breadcrumb"},"inLanguage":"pt-PT","potentialAction":[{"@type":"ReadAction","target":["https:\/\/portaltela.pt\/noticias\/2026\/01\/20\/barcelona-nao-pode-falhar-na-rodada-decisiva\/"]}]},{"@type":"ImageObject","inLanguage":"pt-PT","@id":"https:\/\/portaltela.pt\/noticias\/2026\/01\/20\/barcelona-nao-pode-falhar-na-rodada-decisiva\/#primaryimage","url":"https:\/\/portaltela.pt\/s.01k8rhncp4jt1\/2026\/01\/img_920x518uu2026-01-21-00-08-49-2416156-1.jpg","contentUrl":"https:\/\/portaltela.pt\/s.01k8rhncp4jt1\/2026\/01\/img_920x518uu2026-01-21-00-08-49-2416156-1.jpg","width":796,"height":448,"caption":"Barcelona prepara jogo com Raphinha, apesar das aus\u00eancias de Cancelo e Yamal"},{"@type":"BreadcrumbList","@id":"https:\/\/portaltela.pt\/noticias\/2026\/01\/20\/barcelona-nao-pode-falhar-na-rodada-decisiva\/#breadcrumb","itemListElement":[{"@type":"ListItem","position":1,"name":"In\u00edcio","item":"https:\/\/portaltela.pt\/"},{"@type":"ListItem","position":2,"name":"Barcelona n\u00e3o pode falhar na rodada decisiva"}]},{"@type":"WebSite","@id":"https:\/\/portaltela.pt\/#website","url":"https:\/\/portaltela.pt\/","name":"Portal Tela Portugal","description":"","potentialAction":[{"@type":"SearchAction","target":{"@type":"EntryPoint","urlTemplate":"https:\/\/portaltela.pt\/?s={search_term_string}"},"query-input":{"@type":"PropertyValueSpecification","valueRequired":true,"valueName":"search_term_string"}}],"inLanguage":"pt-PT"},{"@type":"Person","@id":"https:\/\/portaltela.pt\/#\/schema\/person\/c4278d4a6028830caff9ee44b42d32ed","name":"Telinha","image":{"@type":"ImageObject","inLanguage":"pt-PT","@id":"https:\/\/portaltela.pt\/s.01k8rhncp4jt1\/2025\/11\/talking-bot-125x125.png","url":"https:\/\/portaltela.pt\/s.01k8rhncp4jt1\/2025\/11\/talking-bot-125x125.png","contentUrl":"https:\/\/portaltela.pt\/s.01k8rhncp4jt1\/2025\/11\/talking-bot-125x125.png","caption":"Telinha"},"sameAs":["https:\/\/portaltela.pt\/"],"url":"https:\/\/portaltela.pt\/por\/367410592786\/"}]}},"_links":{"self":[{"href":"https:\/\/portaltela.pt\/api\/wp\/v2\/posts\/158414","targetHints":{"allow":["GET"]}}],"collection":[{"href":"https:\/\/portaltela.pt\/api\/wp\/v2\/posts"}],"about":[{"href":"https:\/\/portaltela.pt\/api\/wp\/v2\/types\/post"}],"author":[{"embeddable":true,"href":"https:\/\/portaltela.pt\/api\/wp\/v2\/users\/2"}],"replies":[{"embeddable":true,"href":"https:\/\/portaltela.pt\/api\/wp\/v2\/comments?post=158414"}],"version-history":[{"count":0,"href":"https:\/\/portaltela.pt\/api\/wp\/v2\/posts\/158414\/revisions"}],"wp:featuredmedia":[{"embeddable":true,"href":"https:\/\/portaltela.pt\/api\/wp\/v2\/media\/158416"}],"wp:attachment":[{"href":"https:\/\/portaltela.pt\/api\/wp\/v2\/media?parent=158414"}],"wp:term":[{"taxonomy":"category","embeddable":true,"href":"https:\/\/portaltela.pt\/api\/wp\/v2\/categories?post=158414"},{"taxonomy":"post_tag","embeddable":true,"href":"https:\/\/portaltela.pt\/api\/wp\/v2\/tags?post=158414"}],"curies":[{"name":"wp","href":"https:\/\/api.w.org\/{rel}","templated":true}]}}