{"id":158335,"date":"2026-01-20T21:37:50","date_gmt":"2026-01-21T00:37:50","guid":{"rendered":"https:\/\/portaltela.pt\/noticias\/2026\/01\/20\/ministro-justifica-sumarios-com-contagem-de-alunos-sem-aulas-2\/"},"modified":"2026-01-20T21:37:50","modified_gmt":"2026-01-21T00:37:50","slug":"ministro-justifica-sumarios-com-contagem-de-alunos-sem-aulas-2","status":"publish","type":"post","link":"https:\/\/portaltela.pt\/noticias\/2026\/01\/20\/ministro-justifica-sumarios-com-contagem-de-alunos-sem-aulas-2\/","title":{"rendered":"Ministro justifica sum\u00e1rios com contagem de alunos sem aulas"},"content":{"rendered":"<p>O ministro da Educa\u00e7\u00e3o, Ci\u00eancia e Inova\u00e7\u00e3o esclareceu que a orienta\u00e7\u00e3o enviada \u00e0s escolas para o preenchimento dos sum\u00e1rios integra um novo sistema de informa\u00e7\u00e3o. Este sistema permitir\u00e1 contabilizar o n\u00famero de alunos sem aulas.<\/p>\n<p>A nota, emitida a 7 de janeiro, exige o registo e exporta\u00e7\u00e3o dos sum\u00e1rios at\u00e9 ao fim do m\u00eas em que as aulas decorrem para o reposit\u00f3rio central de dados. A medida suscitou cr\u00edticas de sindicatos, com a Federa\u00e7\u00e3o Nacional dos Professores a considerar perturba\u00e7\u00e3o ao funcionamento das escolas.<\/p>\n<h3>Auditoria externa indica lacunas no sistema atual<\/h3>\n<p>Durante a audi\u00e7\u00e3o na comiss\u00e3o parlamentar de Educa\u00e7\u00e3o e Ci\u00eancia, o ministro explicou que, hoje, os professores j\u00e1 preenchem os sum\u00e1rios, mas a exporta\u00e7\u00e3o facilitar\u00e1 conhecer as necessidades reais das escolas. A auditoria, solicitada pelo Governo, concluiu que o sistema atual n\u00e3o permite quantificar alunos sem escola por falta de professor.<\/p>\n<p>As conclus\u00f5es, divulgadas em junho, apontaram lacunas que prejudicam a fiabilidade dos dados da Dire\u00e7\u00e3o-Geral dos Estabelecimentos Escolares. A KPMG recomendou um sistema que recolha informa\u00e7\u00e3o diretamente nas escolas, com refer\u00eancia aos sum\u00e1rios das aulas.<\/p>\n<h3>Medidas de refor\u00e7o da classe docente<\/h3>\n<p>O ministro sustentou que fen\u00f3menos de falta de docentes n\u00e3o s\u00e3o exclusivos de Portugal e que o sistema tem de refletir a realidade das atua\u00e7\u00f5es. Dados apresentados indicam que entraram 3 936 novos docentes, 1 609 prolongaram a carreira al\u00e9m da reforma e 825 aposentados regressaram.<\/p>\n<p>Foi tamb\u00e9m anunciada uma medida de apoio \u00e0 desloca\u00e7\u00e3o de docentes, alargada a todos os colocados longe da resid\u00eancia. Este ano, mais de seis mil professores beneficiaram desta medida, o que visa mitigar desequil\u00edbrios regionais.<\/p>\n","protected":false},"excerpt":{"rendered":"<ul>\n<li>O ministro da Educa\u00e7\u00e3o explicou que a orienta\u00e7\u00e3o para preencher sum\u00e1rios faz parte de um novo sistema de informa\u00e7\u00e3o que permite contabilizar o n\u00famero de alunos sem aulas.<\/li>\n<li>Em 7 de janeiro, foi enviada \u00e0s escolas a nota que solicita o registo e exporta\u00e7\u00e3o dos sum\u00e1rios at\u00e9 ao final do m\u00eas em que as aulas s\u00e3o lecionadas para o reposit\u00f3rio central de dados.<\/li>\n<li>Sindicatos de professores criticaram as novas orienta\u00e7\u00f5es, alegando perturba\u00e7\u00e3o no funcionamento das escolas.<\/li>\n<li>O ministro afirmou que, embora os docentes j\u00e1 preencham os sum\u00e1rios, a exporta\u00e7\u00e3o permitir\u00e1 identificar com precis\u00e3o as necessidades das escolas e prev\u00ea o sistema conclu\u00eddo at\u00e9 ao final do ano letivo.<\/li>\n<li>Uma auditoria externa (KPMG), divulgada em junho, indicou lacunas no sistema atual para saber quantos alunos ficam sem aulas, recomendando recolha direta de informa\u00e7\u00e3o nas escolas, com os sum\u00e1rios como exemplo.<\/li>\n<\/ul>\n","protected":false},"author":2,"featured_media":158353,"comment_status":"closed","ping_status":"closed","sticky":false,"template":"","format":"standard","meta":{"footnotes":""},"categories":[1],"tags":[168,163,2443,3389,229,97],"class_list":["post-158335","post","type-post","status-publish","format-standard","has-post-thumbnail","hentry","category-noticias","tag-administracao-publica","tag-educacao","tag-educacao-publica","tag-falta-de-docentes","tag-politica-publica","tag-professores"],"yoast_head":"<!-- This site is optimized with the Yoast SEO plugin v27.2 - https:\/\/yoast.com\/product\/yoast-seo-wordpress\/ -->\n<title>Ministro justifica sum\u00e1rios com contagem de alunos sem aulas - Portal Tela Portugal<\/title>\n<meta name=\"robots\" content=\"index, follow, max-snippet:-1, max-image-preview:large, max-video-preview:-1\" \/>\n<meta property=\"og:locale\" content=\"pt_PT\" \/>\n<meta property=\"og:type\" content=\"article\" \/>\n<meta property=\"og:title\" content=\"Ministro justifica sum\u00e1rios com contagem de alunos sem aulas - Portal Tela Portugal\" \/>\n<meta property=\"og:description\" content=\"O ministro da Educa\u00e7\u00e3o explicou que a orienta\u00e7\u00e3o para preencher sum\u00e1rios faz parte de um novo sistema de informa\u00e7\u00e3o que permite contabilizar o n\u00famero de alunos sem aulas. Em 7 de janeiro, foi enviada \u00e0s escolas a nota que solicita o registo e exporta\u00e7\u00e3o dos sum\u00e1rios at\u00e9 ao final do m\u00eas em que as aulas s\u00e3o lecionadas para o reposit\u00f3rio central de dados. Sindicatos de professores criticaram as novas orienta\u00e7\u00f5es, alegando perturba\u00e7\u00e3o no funcionamento das escolas. O ministro afirmou que, embora os docentes j\u00e1 preencham os sum\u00e1rios, a exporta\u00e7\u00e3o permitir\u00e1 identificar com precis\u00e3o as necessidades das escolas e prev\u00ea o sistema conclu\u00eddo at\u00e9 ao final do ano letivo. Uma auditoria externa (KPMG), divulgada em junho, indicou lacunas no sistema atual para saber quantos alunos ficam sem aulas, recomendando recolha direta de informa\u00e7\u00e3o nas escolas, com os sum\u00e1rios como exemplo.\" \/>\n<meta property=\"og:url\" content=\"https:\/\/portaltela.pt\/noticias\/2026\/01\/20\/ministro-justifica-sumarios-com-contagem-de-alunos-sem-aulas-2\/\" \/>\n<meta property=\"og:site_name\" content=\"Portal Tela Portugal\" \/>\n<meta property=\"article:published_time\" content=\"2026-01-21T00:37:50+00:00\" \/>\n<meta name=\"author\" content=\"Telinha\" \/>\n<meta name=\"twitter:card\" content=\"summary_large_image\" \/>\n<meta name=\"twitter:label1\" content=\"Escrito por\" \/>\n\t<meta name=\"twitter:data1\" content=\"Telinha\" \/>\n\t<meta name=\"twitter:label2\" content=\"Tempo estimado de leitura\" \/>\n\t<meta name=\"twitter:data2\" content=\"1 minuto\" \/>\n<script type=\"application\/ld+json\" class=\"yoast-schema-graph\">{\"@context\":\"https:\/\/schema.org\",\"@graph\":[{\"@type\":\"Article\",\"@id\":\"https:\/\/portaltela.pt\/noticias\/2026\/01\/20\/ministro-justifica-sumarios-com-contagem-de-alunos-sem-aulas-2\/#article\",\"isPartOf\":{\"@id\":\"https:\/\/portaltela.pt\/noticias\/2026\/01\/20\/ministro-justifica-sumarios-com-contagem-de-alunos-sem-aulas-2\/\"},\"author\":{\"name\":\"Telinha\",\"@id\":\"https:\/\/portaltela.pt\/#\/schema\/person\/c4278d4a6028830caff9ee44b42d32ed\"},\"headline\":\"Ministro justifica sum\u00e1rios com contagem de alunos sem aulas\",\"datePublished\":\"2026-01-21T00:37:50+00:00\",\"mainEntityOfPage\":{\"@id\":\"https:\/\/portaltela.pt\/noticias\/2026\/01\/20\/ministro-justifica-sumarios-com-contagem-de-alunos-sem-aulas-2\/\"},\"wordCount\":303,\"image\":{\"@id\":\"https:\/\/portaltela.pt\/noticias\/2026\/01\/20\/ministro-justifica-sumarios-com-contagem-de-alunos-sem-aulas-2\/#primaryimage\"},\"thumbnailUrl\":\"https:\/\/portaltela.pt\/s.01k8rhncp4jt1\/2026\/01\/unnamed-file-4251.jpg\",\"keywords\":[\"administra\u00e7\u00e3o p\u00fablica\",\"educa\u00e7\u00e3o\",\"educa\u00e7\u00e3o p\u00fablica\",\"falta de docentes\",\"pol\u00edtica p\u00fablica\",\"professores\"],\"articleSection\":[\"Not\u00edcias\"],\"inLanguage\":\"pt-PT\"},{\"@type\":\"WebPage\",\"@id\":\"https:\/\/portaltela.pt\/noticias\/2026\/01\/20\/ministro-justifica-sumarios-com-contagem-de-alunos-sem-aulas-2\/\",\"url\":\"https:\/\/portaltela.pt\/noticias\/2026\/01\/20\/ministro-justifica-sumarios-com-contagem-de-alunos-sem-aulas-2\/\",\"name\":\"Ministro justifica sum\u00e1rios com contagem de alunos sem aulas - Portal Tela Portugal\",\"isPartOf\":{\"@id\":\"https:\/\/portaltela.pt\/#website\"},\"primaryImageOfPage\":{\"@id\":\"https:\/\/portaltela.pt\/noticias\/2026\/01\/20\/ministro-justifica-sumarios-com-contagem-de-alunos-sem-aulas-2\/#primaryimage\"},\"image\":{\"@id\":\"https:\/\/portaltela.pt\/noticias\/2026\/01\/20\/ministro-justifica-sumarios-com-contagem-de-alunos-sem-aulas-2\/#primaryimage\"},\"thumbnailUrl\":\"https:\/\/portaltela.pt\/s.01k8rhncp4jt1\/2026\/01\/unnamed-file-4251.jpg\",\"datePublished\":\"2026-01-21T00:37:50+00:00\",\"author\":{\"@id\":\"https:\/\/portaltela.pt\/#\/schema\/person\/c4278d4a6028830caff9ee44b42d32ed\"},\"breadcrumb\":{\"@id\":\"https:\/\/portaltela.pt\/noticias\/2026\/01\/20\/ministro-justifica-sumarios-com-contagem-de-alunos-sem-aulas-2\/#breadcrumb\"},\"inLanguage\":\"pt-PT\",\"potentialAction\":[{\"@type\":\"ReadAction\",\"target\":[\"https:\/\/portaltela.pt\/noticias\/2026\/01\/20\/ministro-justifica-sumarios-com-contagem-de-alunos-sem-aulas-2\/\"]}]},{\"@type\":\"ImageObject\",\"inLanguage\":\"pt-PT\",\"@id\":\"https:\/\/portaltela.pt\/noticias\/2026\/01\/20\/ministro-justifica-sumarios-com-contagem-de-alunos-sem-aulas-2\/#primaryimage\",\"url\":\"https:\/\/portaltela.pt\/s.01k8rhncp4jt1\/2026\/01\/unnamed-file-4251.jpg\",\"contentUrl\":\"https:\/\/portaltela.pt\/s.01k8rhncp4jt1\/2026\/01\/unnamed-file-4251.jpg\",\"width\":796,\"height\":448,\"caption\":\"Em causa est\u00e1 uma nota enviada \u00e0s escolas em 7 de janeiro, que solicita o \\\"registo e exporta\u00e7\u00e3o dos sum\u00e1rios at\u00e9 ao final do m\u00eas em que as aulas s\u00e3o lecionadas para o reposit\u00f3rio central de dados\\\"\"},{\"@type\":\"BreadcrumbList\",\"@id\":\"https:\/\/portaltela.pt\/noticias\/2026\/01\/20\/ministro-justifica-sumarios-com-contagem-de-alunos-sem-aulas-2\/#breadcrumb\",\"itemListElement\":[{\"@type\":\"ListItem\",\"position\":1,\"name\":\"In\u00edcio\",\"item\":\"https:\/\/portaltela.pt\/\"},{\"@type\":\"ListItem\",\"position\":2,\"name\":\"Ministro justifica sum\u00e1rios com contagem de alunos sem aulas\"}]},{\"@type\":\"WebSite\",\"@id\":\"https:\/\/portaltela.pt\/#website\",\"url\":\"https:\/\/portaltela.pt\/\",\"name\":\"Portal Tela Portugal\",\"description\":\"\",\"potentialAction\":[{\"@type\":\"SearchAction\",\"target\":{\"@type\":\"EntryPoint\",\"urlTemplate\":\"https:\/\/portaltela.pt\/?s={search_term_string}\"},\"query-input\":{\"@type\":\"PropertyValueSpecification\",\"valueRequired\":true,\"valueName\":\"search_term_string\"}}],\"inLanguage\":\"pt-PT\"},{\"@type\":\"Person\",\"@id\":\"https:\/\/portaltela.pt\/#\/schema\/person\/c4278d4a6028830caff9ee44b42d32ed\",\"name\":\"Telinha\",\"image\":{\"@type\":\"ImageObject\",\"inLanguage\":\"pt-PT\",\"@id\":\"https:\/\/portaltela.pt\/s.01k8rhncp4jt1\/2025\/11\/talking-bot-125x125.png\",\"url\":\"https:\/\/portaltela.pt\/s.01k8rhncp4jt1\/2025\/11\/talking-bot-125x125.png\",\"contentUrl\":\"https:\/\/portaltela.pt\/s.01k8rhncp4jt1\/2025\/11\/talking-bot-125x125.png\",\"caption\":\"Telinha\"},\"sameAs\":[\"https:\/\/portaltela.pt\/\"],\"url\":\"https:\/\/portaltela.pt\/por\/367410592786\/\"}]}<\/script>\n<!-- \/ Yoast SEO plugin. -->","yoast_head_json":{"title":"Ministro justifica sum\u00e1rios com contagem de alunos sem aulas - Portal Tela Portugal","robots":{"index":"index","follow":"follow","max-snippet":"max-snippet:-1","max-image-preview":"max-image-preview:large","max-video-preview":"max-video-preview:-1"},"og_locale":"pt_PT","og_type":"article","og_title":"Ministro justifica sum\u00e1rios com contagem de alunos sem aulas - Portal Tela Portugal","og_description":"O ministro da Educa\u00e7\u00e3o explicou que a orienta\u00e7\u00e3o para preencher sum\u00e1rios faz parte de um novo sistema de informa\u00e7\u00e3o que permite contabilizar o n\u00famero de alunos sem aulas. Em 7 de janeiro, foi enviada \u00e0s escolas a nota que solicita o registo e exporta\u00e7\u00e3o dos sum\u00e1rios at\u00e9 ao final do m\u00eas em que as aulas s\u00e3o lecionadas para o reposit\u00f3rio central de dados. Sindicatos de professores criticaram as novas orienta\u00e7\u00f5es, alegando perturba\u00e7\u00e3o no funcionamento das escolas. O ministro afirmou que, embora os docentes j\u00e1 preencham os sum\u00e1rios, a exporta\u00e7\u00e3o permitir\u00e1 identificar com precis\u00e3o as necessidades das escolas e prev\u00ea o sistema conclu\u00eddo at\u00e9 ao final do ano letivo. Uma auditoria externa (KPMG), divulgada em junho, indicou lacunas no sistema atual para saber quantos alunos ficam sem aulas, recomendando recolha direta de informa\u00e7\u00e3o nas escolas, com os sum\u00e1rios como exemplo.","og_url":"https:\/\/portaltela.pt\/noticias\/2026\/01\/20\/ministro-justifica-sumarios-com-contagem-de-alunos-sem-aulas-2\/","og_site_name":"Portal Tela Portugal","article_published_time":"2026-01-21T00:37:50+00:00","author":"Telinha","twitter_card":"summary_large_image","twitter_misc":{"Escrito por":"Telinha","Tempo estimado de leitura":"1 minuto"},"schema":{"@context":"https:\/\/schema.org","@graph":[{"@type":"Article","@id":"https:\/\/portaltela.pt\/noticias\/2026\/01\/20\/ministro-justifica-sumarios-com-contagem-de-alunos-sem-aulas-2\/#article","isPartOf":{"@id":"https:\/\/portaltela.pt\/noticias\/2026\/01\/20\/ministro-justifica-sumarios-com-contagem-de-alunos-sem-aulas-2\/"},"author":{"name":"Telinha","@id":"https:\/\/portaltela.pt\/#\/schema\/person\/c4278d4a6028830caff9ee44b42d32ed"},"headline":"Ministro justifica sum\u00e1rios com contagem de alunos sem aulas","datePublished":"2026-01-21T00:37:50+00:00","mainEntityOfPage":{"@id":"https:\/\/portaltela.pt\/noticias\/2026\/01\/20\/ministro-justifica-sumarios-com-contagem-de-alunos-sem-aulas-2\/"},"wordCount":303,"image":{"@id":"https:\/\/portaltela.pt\/noticias\/2026\/01\/20\/ministro-justifica-sumarios-com-contagem-de-alunos-sem-aulas-2\/#primaryimage"},"thumbnailUrl":"https:\/\/portaltela.pt\/s.01k8rhncp4jt1\/2026\/01\/unnamed-file-4251.jpg","keywords":["administra\u00e7\u00e3o p\u00fablica","educa\u00e7\u00e3o","educa\u00e7\u00e3o p\u00fablica","falta de docentes","pol\u00edtica p\u00fablica","professores"],"articleSection":["Not\u00edcias"],"inLanguage":"pt-PT"},{"@type":"WebPage","@id":"https:\/\/portaltela.pt\/noticias\/2026\/01\/20\/ministro-justifica-sumarios-com-contagem-de-alunos-sem-aulas-2\/","url":"https:\/\/portaltela.pt\/noticias\/2026\/01\/20\/ministro-justifica-sumarios-com-contagem-de-alunos-sem-aulas-2\/","name":"Ministro justifica sum\u00e1rios com contagem de alunos sem aulas - Portal Tela Portugal","isPartOf":{"@id":"https:\/\/portaltela.pt\/#website"},"primaryImageOfPage":{"@id":"https:\/\/portaltela.pt\/noticias\/2026\/01\/20\/ministro-justifica-sumarios-com-contagem-de-alunos-sem-aulas-2\/#primaryimage"},"image":{"@id":"https:\/\/portaltela.pt\/noticias\/2026\/01\/20\/ministro-justifica-sumarios-com-contagem-de-alunos-sem-aulas-2\/#primaryimage"},"thumbnailUrl":"https:\/\/portaltela.pt\/s.01k8rhncp4jt1\/2026\/01\/unnamed-file-4251.jpg","datePublished":"2026-01-21T00:37:50+00:00","author":{"@id":"https:\/\/portaltela.pt\/#\/schema\/person\/c4278d4a6028830caff9ee44b42d32ed"},"breadcrumb":{"@id":"https:\/\/portaltela.pt\/noticias\/2026\/01\/20\/ministro-justifica-sumarios-com-contagem-de-alunos-sem-aulas-2\/#breadcrumb"},"inLanguage":"pt-PT","potentialAction":[{"@type":"ReadAction","target":["https:\/\/portaltela.pt\/noticias\/2026\/01\/20\/ministro-justifica-sumarios-com-contagem-de-alunos-sem-aulas-2\/"]}]},{"@type":"ImageObject","inLanguage":"pt-PT","@id":"https:\/\/portaltela.pt\/noticias\/2026\/01\/20\/ministro-justifica-sumarios-com-contagem-de-alunos-sem-aulas-2\/#primaryimage","url":"https:\/\/portaltela.pt\/s.01k8rhncp4jt1\/2026\/01\/unnamed-file-4251.jpg","contentUrl":"https:\/\/portaltela.pt\/s.01k8rhncp4jt1\/2026\/01\/unnamed-file-4251.jpg","width":796,"height":448,"caption":"Em causa est\u00e1 uma nota enviada \u00e0s escolas em 7 de janeiro, que solicita o \"registo e exporta\u00e7\u00e3o dos sum\u00e1rios at\u00e9 ao final do m\u00eas em que as aulas s\u00e3o lecionadas para o reposit\u00f3rio central de dados\""},{"@type":"BreadcrumbList","@id":"https:\/\/portaltela.pt\/noticias\/2026\/01\/20\/ministro-justifica-sumarios-com-contagem-de-alunos-sem-aulas-2\/#breadcrumb","itemListElement":[{"@type":"ListItem","position":1,"name":"In\u00edcio","item":"https:\/\/portaltela.pt\/"},{"@type":"ListItem","position":2,"name":"Ministro justifica sum\u00e1rios com contagem de alunos sem aulas"}]},{"@type":"WebSite","@id":"https:\/\/portaltela.pt\/#website","url":"https:\/\/portaltela.pt\/","name":"Portal Tela Portugal","description":"","potentialAction":[{"@type":"SearchAction","target":{"@type":"EntryPoint","urlTemplate":"https:\/\/portaltela.pt\/?s={search_term_string}"},"query-input":{"@type":"PropertyValueSpecification","valueRequired":true,"valueName":"search_term_string"}}],"inLanguage":"pt-PT"},{"@type":"Person","@id":"https:\/\/portaltela.pt\/#\/schema\/person\/c4278d4a6028830caff9ee44b42d32ed","name":"Telinha","image":{"@type":"ImageObject","inLanguage":"pt-PT","@id":"https:\/\/portaltela.pt\/s.01k8rhncp4jt1\/2025\/11\/talking-bot-125x125.png","url":"https:\/\/portaltela.pt\/s.01k8rhncp4jt1\/2025\/11\/talking-bot-125x125.png","contentUrl":"https:\/\/portaltela.pt\/s.01k8rhncp4jt1\/2025\/11\/talking-bot-125x125.png","caption":"Telinha"},"sameAs":["https:\/\/portaltela.pt\/"],"url":"https:\/\/portaltela.pt\/por\/367410592786\/"}]}},"_links":{"self":[{"href":"https:\/\/portaltela.pt\/api\/wp\/v2\/posts\/158335","targetHints":{"allow":["GET"]}}],"collection":[{"href":"https:\/\/portaltela.pt\/api\/wp\/v2\/posts"}],"about":[{"href":"https:\/\/portaltela.pt\/api\/wp\/v2\/types\/post"}],"author":[{"embeddable":true,"href":"https:\/\/portaltela.pt\/api\/wp\/v2\/users\/2"}],"replies":[{"embeddable":true,"href":"https:\/\/portaltela.pt\/api\/wp\/v2\/comments?post=158335"}],"version-history":[{"count":0,"href":"https:\/\/portaltela.pt\/api\/wp\/v2\/posts\/158335\/revisions"}],"wp:featuredmedia":[{"embeddable":true,"href":"https:\/\/portaltela.pt\/api\/wp\/v2\/media\/158353"}],"wp:attachment":[{"href":"https:\/\/portaltela.pt\/api\/wp\/v2\/media?parent=158335"}],"wp:term":[{"taxonomy":"category","embeddable":true,"href":"https:\/\/portaltela.pt\/api\/wp\/v2\/categories?post=158335"},{"taxonomy":"post_tag","embeddable":true,"href":"https:\/\/portaltela.pt\/api\/wp\/v2\/tags?post=158335"}],"curies":[{"name":"wp","href":"https:\/\/api.w.org\/{rel}","templated":true}]}}