{"id":158301,"date":"2026-01-20T21:37:00","date_gmt":"2026-01-21T00:37:00","guid":{"rendered":"https:\/\/portaltela.pt\/noticias\/2026\/01\/20\/bayern-mira-lugar-no-topo-da-classificacao\/"},"modified":"2026-01-20T21:37:00","modified_gmt":"2026-01-21T00:37:00","slug":"bayern-mira-lugar-no-topo-da-classificacao","status":"publish","type":"post","link":"https:\/\/portaltela.pt\/desporto\/futebol\/2026\/01\/20\/bayern-mira-lugar-no-topo-da-classificacao\/","title":{"rendered":"Bayern mira lugar no topo da classifica\u00e7\u00e3o"},"content":{"rendered":"<p>O Bayern recebe hoje o Union St. Gilloise, em um duelo relevante para a classifica\u00e7\u00e3o. O objetivo \u00e9 terminar entre os dois primeiros da tabela, para disputar a 2\u00aa m\u00e3o das eliminat\u00f3rias em casa. A decis\u00e3o ajuda a manter a vantagem de jogar em territ\u00f3rio pr\u00f3prio na segunda etapa.<\/p>\n<p>Kompany real\u00e7ou a import\u00e2ncia de chegar ao top 2, destacando que as eliminat\u00f3rias t\u00eam um formato diferente, mas que atuar em casa na 2\u00aa m\u00e3o \u00e9 uma vantagem significativa para o Bayern.<\/p>\n<p>A equipa alem\u00e3 pode contar com Rapha\u00ebl Guerreiro, David Daiber e com Luis D\u00edaz, que retorna ap\u00f3s suspens\u00e3o de dois jogos provocada pela expuls\u00e3o na vit\u00f3ria contra o PSG, em novembro. Por outro lado, Joshua Kimmich est\u00e1 em d\u00favida para o encontro com os belgas.<\/p>\n<h3>Condi\u00e7\u00f5es da equipa e d\u00favidas<\/h3>\n<p>O Bayern n\u00e3o confirma a forma\u00e7\u00e3o final at\u00e9 perto do jogo, mas a disponibilidade de jogadores-chave aumenta as op\u00e7\u00f5es de treino. A recupera\u00e7\u00e3o de Luis D\u00edaz refor\u00e7a o disparo ofensivo, enquanto a incerteza sobre Kimmich pode alterar o meio-campo. O jogo decorre em casa para o Bayern, com o objetivo de manter o avan\u00e7o na eliminat\u00f3ria.<\/p>\n","protected":false},"excerpt":{"rendered":"<ul>\n<li>O Bayern recebe hoje o Union St. Gilloise, em busca de terminar entre os dois primeiros da tabela para ter vantagem na 2.\u00aa m\u00e3o das eliminat\u00f3rias, em casa.<\/li>\n<li>Vincent Kompany destacou que as eliminat\u00f3rias funcionam como um torneio \u00e0 parte, mas que jogar em casa na 2.\u00aa m\u00e3o \u00e9 uma grande vantagem.<\/li>\n<li>Os b\u00e1varos podem contar com Rapha\u00ebl Guerreiro, David Daiber e com Luis D\u00edaz, que regressa ap\u00f3s suspens\u00e3o de dois jogos.<\/li>\n<li>Joshua Kimmich encontra-se em d\u00favida para o encontro com os belgas.<\/li>\n<\/ul>\n","protected":false},"author":2,"featured_media":158303,"comment_status":"closed","ping_status":"closed","sticky":false,"template":"","format":"standard","meta":{"footnotes":""},"categories":[21,24],"tags":[1720,3577,32,3338,3627,3626],"class_list":["post-158301","post","type-post","status-publish","format-standard","has-post-thumbnail","hentry","category-desporto","category-futebol","tag-bayern-munique","tag-champions-league","tag-futebol","tag-futebol-internacional","tag-kompany","tag-luis-diaz"],"yoast_head":"<!-- This site is optimized with the Yoast SEO plugin v27.2 - https:\/\/yoast.com\/product\/yoast-seo-wordpress\/ -->\n<title>Bayern mira lugar no topo da classifica\u00e7\u00e3o - Portal Tela Portugal<\/title>\n<meta name=\"robots\" content=\"index, follow, max-snippet:-1, max-image-preview:large, max-video-preview:-1\" \/>\n<meta property=\"og:locale\" content=\"pt_PT\" \/>\n<meta property=\"og:type\" content=\"article\" \/>\n<meta property=\"og:title\" content=\"Bayern mira lugar no topo da classifica\u00e7\u00e3o - Portal Tela Portugal\" \/>\n<meta property=\"og:description\" content=\"O Bayern recebe hoje o Union St. Gilloise, em busca de terminar entre os dois primeiros da tabela para ter vantagem na 2.\u00aa m\u00e3o das eliminat\u00f3rias, em casa. Vincent Kompany destacou que as eliminat\u00f3rias funcionam como um torneio \u00e0 parte, mas que jogar em casa na 2.\u00aa m\u00e3o \u00e9 uma grande vantagem. Os b\u00e1varos podem contar com Rapha\u00ebl Guerreiro, David Daiber e com Luis D\u00edaz, que regressa ap\u00f3s suspens\u00e3o de dois jogos. Joshua Kimmich encontra-se em d\u00favida para o encontro com os belgas.\" \/>\n<meta property=\"og:url\" content=\"https:\/\/portaltela.pt\/noticias\/2026\/01\/20\/bayern-mira-lugar-no-topo-da-classificacao\/\" \/>\n<meta property=\"og:site_name\" content=\"Portal Tela Portugal\" \/>\n<meta property=\"article:published_time\" content=\"2026-01-21T00:37:00+00:00\" \/>\n<meta name=\"author\" content=\"Telinha\" \/>\n<meta name=\"twitter:card\" content=\"summary_large_image\" \/>\n<meta name=\"twitter:label1\" content=\"Escrito por\" \/>\n\t<meta name=\"twitter:data1\" content=\"Telinha\" \/>\n\t<meta name=\"twitter:label2\" content=\"Tempo estimado de leitura\" \/>\n\t<meta name=\"twitter:data2\" content=\"1 minuto\" \/>\n<script type=\"application\/ld+json\" class=\"yoast-schema-graph\">{\"@context\":\"https:\/\/schema.org\",\"@graph\":[{\"@type\":\"Article\",\"@id\":\"https:\/\/portaltela.pt\/noticias\/2026\/01\/20\/bayern-mira-lugar-no-topo-da-classificacao\/#article\",\"isPartOf\":{\"@id\":\"https:\/\/portaltela.pt\/noticias\/2026\/01\/20\/bayern-mira-lugar-no-topo-da-classificacao\/\"},\"author\":{\"name\":\"Telinha\",\"@id\":\"https:\/\/portaltela.pt\/#\/schema\/person\/c4278d4a6028830caff9ee44b42d32ed\"},\"headline\":\"Bayern mira lugar no topo da classifica\u00e7\u00e3o\",\"datePublished\":\"2026-01-21T00:37:00+00:00\",\"mainEntityOfPage\":{\"@id\":\"https:\/\/portaltela.pt\/noticias\/2026\/01\/20\/bayern-mira-lugar-no-topo-da-classificacao\/\"},\"wordCount\":218,\"image\":{\"@id\":\"https:\/\/portaltela.pt\/noticias\/2026\/01\/20\/bayern-mira-lugar-no-topo-da-classificacao\/#primaryimage\"},\"thumbnailUrl\":\"https:\/\/portaltela.pt\/s.01k8rhncp4jt1\/2026\/01\/img_920x518uu2026-01-21-00-10-13-2416157-1.jpg\",\"keywords\":[\"Bayern Munique\",\"Champions League\",\"futebol\",\"futebol internacional\",\"Kompany\",\"Luis D\u00edaz\"],\"articleSection\":[\"Desporto\",\"Futebol\"],\"inLanguage\":\"pt-PT\"},{\"@type\":\"WebPage\",\"@id\":\"https:\/\/portaltela.pt\/noticias\/2026\/01\/20\/bayern-mira-lugar-no-topo-da-classificacao\/\",\"url\":\"https:\/\/portaltela.pt\/noticias\/2026\/01\/20\/bayern-mira-lugar-no-topo-da-classificacao\/\",\"name\":\"Bayern mira lugar no topo da classifica\u00e7\u00e3o - Portal Tela Portugal\",\"isPartOf\":{\"@id\":\"https:\/\/portaltela.pt\/#website\"},\"primaryImageOfPage\":{\"@id\":\"https:\/\/portaltela.pt\/noticias\/2026\/01\/20\/bayern-mira-lugar-no-topo-da-classificacao\/#primaryimage\"},\"image\":{\"@id\":\"https:\/\/portaltela.pt\/noticias\/2026\/01\/20\/bayern-mira-lugar-no-topo-da-classificacao\/#primaryimage\"},\"thumbnailUrl\":\"https:\/\/portaltela.pt\/s.01k8rhncp4jt1\/2026\/01\/img_920x518uu2026-01-21-00-10-13-2416157-1.jpg\",\"datePublished\":\"2026-01-21T00:37:00+00:00\",\"author\":{\"@id\":\"https:\/\/portaltela.pt\/#\/schema\/person\/c4278d4a6028830caff9ee44b42d32ed\"},\"breadcrumb\":{\"@id\":\"https:\/\/portaltela.pt\/noticias\/2026\/01\/20\/bayern-mira-lugar-no-topo-da-classificacao\/#breadcrumb\"},\"inLanguage\":\"pt-PT\",\"potentialAction\":[{\"@type\":\"ReadAction\",\"target\":[\"https:\/\/portaltela.pt\/noticias\/2026\/01\/20\/bayern-mira-lugar-no-topo-da-classificacao\/\"]}]},{\"@type\":\"ImageObject\",\"inLanguage\":\"pt-PT\",\"@id\":\"https:\/\/portaltela.pt\/noticias\/2026\/01\/20\/bayern-mira-lugar-no-topo-da-classificacao\/#primaryimage\",\"url\":\"https:\/\/portaltela.pt\/s.01k8rhncp4jt1\/2026\/01\/img_920x518uu2026-01-21-00-10-13-2416157-1.jpg\",\"contentUrl\":\"https:\/\/portaltela.pt\/s.01k8rhncp4jt1\/2026\/01\/img_920x518uu2026-01-21-00-10-13-2416157-1.jpg\",\"width\":796,\"height\":448,\"caption\":\"Jogadores do Bayern treinam para o duelo com o St. Gilloise\"},{\"@type\":\"BreadcrumbList\",\"@id\":\"https:\/\/portaltela.pt\/noticias\/2026\/01\/20\/bayern-mira-lugar-no-topo-da-classificacao\/#breadcrumb\",\"itemListElement\":[{\"@type\":\"ListItem\",\"position\":1,\"name\":\"In\u00edcio\",\"item\":\"https:\/\/portaltela.pt\/\"},{\"@type\":\"ListItem\",\"position\":2,\"name\":\"Bayern mira lugar no topo da classifica\u00e7\u00e3o\"}]},{\"@type\":\"WebSite\",\"@id\":\"https:\/\/portaltela.pt\/#website\",\"url\":\"https:\/\/portaltela.pt\/\",\"name\":\"Portal Tela Portugal\",\"description\":\"\",\"potentialAction\":[{\"@type\":\"SearchAction\",\"target\":{\"@type\":\"EntryPoint\",\"urlTemplate\":\"https:\/\/portaltela.pt\/?s={search_term_string}\"},\"query-input\":{\"@type\":\"PropertyValueSpecification\",\"valueRequired\":true,\"valueName\":\"search_term_string\"}}],\"inLanguage\":\"pt-PT\"},{\"@type\":\"Person\",\"@id\":\"https:\/\/portaltela.pt\/#\/schema\/person\/c4278d4a6028830caff9ee44b42d32ed\",\"name\":\"Telinha\",\"image\":{\"@type\":\"ImageObject\",\"inLanguage\":\"pt-PT\",\"@id\":\"https:\/\/portaltela.pt\/s.01k8rhncp4jt1\/2025\/11\/talking-bot-125x125.png\",\"url\":\"https:\/\/portaltela.pt\/s.01k8rhncp4jt1\/2025\/11\/talking-bot-125x125.png\",\"contentUrl\":\"https:\/\/portaltela.pt\/s.01k8rhncp4jt1\/2025\/11\/talking-bot-125x125.png\",\"caption\":\"Telinha\"},\"sameAs\":[\"https:\/\/portaltela.pt\/\"],\"url\":\"https:\/\/portaltela.pt\/por\/367410592786\/\"}]}<\/script>\n<!-- \/ Yoast SEO plugin. -->","yoast_head_json":{"title":"Bayern mira lugar no topo da classifica\u00e7\u00e3o - Portal Tela Portugal","robots":{"index":"index","follow":"follow","max-snippet":"max-snippet:-1","max-image-preview":"max-image-preview:large","max-video-preview":"max-video-preview:-1"},"og_locale":"pt_PT","og_type":"article","og_title":"Bayern mira lugar no topo da classifica\u00e7\u00e3o - Portal Tela Portugal","og_description":"O Bayern recebe hoje o Union St. Gilloise, em busca de terminar entre os dois primeiros da tabela para ter vantagem na 2.\u00aa m\u00e3o das eliminat\u00f3rias, em casa. Vincent Kompany destacou que as eliminat\u00f3rias funcionam como um torneio \u00e0 parte, mas que jogar em casa na 2.\u00aa m\u00e3o \u00e9 uma grande vantagem. Os b\u00e1varos podem contar com Rapha\u00ebl Guerreiro, David Daiber e com Luis D\u00edaz, que regressa ap\u00f3s suspens\u00e3o de dois jogos. Joshua Kimmich encontra-se em d\u00favida para o encontro com os belgas.","og_url":"https:\/\/portaltela.pt\/noticias\/2026\/01\/20\/bayern-mira-lugar-no-topo-da-classificacao\/","og_site_name":"Portal Tela Portugal","article_published_time":"2026-01-21T00:37:00+00:00","author":"Telinha","twitter_card":"summary_large_image","twitter_misc":{"Escrito por":"Telinha","Tempo estimado de leitura":"1 minuto"},"schema":{"@context":"https:\/\/schema.org","@graph":[{"@type":"Article","@id":"https:\/\/portaltela.pt\/noticias\/2026\/01\/20\/bayern-mira-lugar-no-topo-da-classificacao\/#article","isPartOf":{"@id":"https:\/\/portaltela.pt\/noticias\/2026\/01\/20\/bayern-mira-lugar-no-topo-da-classificacao\/"},"author":{"name":"Telinha","@id":"https:\/\/portaltela.pt\/#\/schema\/person\/c4278d4a6028830caff9ee44b42d32ed"},"headline":"Bayern mira lugar no topo da classifica\u00e7\u00e3o","datePublished":"2026-01-21T00:37:00+00:00","mainEntityOfPage":{"@id":"https:\/\/portaltela.pt\/noticias\/2026\/01\/20\/bayern-mira-lugar-no-topo-da-classificacao\/"},"wordCount":218,"image":{"@id":"https:\/\/portaltela.pt\/noticias\/2026\/01\/20\/bayern-mira-lugar-no-topo-da-classificacao\/#primaryimage"},"thumbnailUrl":"https:\/\/portaltela.pt\/s.01k8rhncp4jt1\/2026\/01\/img_920x518uu2026-01-21-00-10-13-2416157-1.jpg","keywords":["Bayern Munique","Champions League","futebol","futebol internacional","Kompany","Luis D\u00edaz"],"articleSection":["Desporto","Futebol"],"inLanguage":"pt-PT"},{"@type":"WebPage","@id":"https:\/\/portaltela.pt\/noticias\/2026\/01\/20\/bayern-mira-lugar-no-topo-da-classificacao\/","url":"https:\/\/portaltela.pt\/noticias\/2026\/01\/20\/bayern-mira-lugar-no-topo-da-classificacao\/","name":"Bayern mira lugar no topo da classifica\u00e7\u00e3o - Portal Tela Portugal","isPartOf":{"@id":"https:\/\/portaltela.pt\/#website"},"primaryImageOfPage":{"@id":"https:\/\/portaltela.pt\/noticias\/2026\/01\/20\/bayern-mira-lugar-no-topo-da-classificacao\/#primaryimage"},"image":{"@id":"https:\/\/portaltela.pt\/noticias\/2026\/01\/20\/bayern-mira-lugar-no-topo-da-classificacao\/#primaryimage"},"thumbnailUrl":"https:\/\/portaltela.pt\/s.01k8rhncp4jt1\/2026\/01\/img_920x518uu2026-01-21-00-10-13-2416157-1.jpg","datePublished":"2026-01-21T00:37:00+00:00","author":{"@id":"https:\/\/portaltela.pt\/#\/schema\/person\/c4278d4a6028830caff9ee44b42d32ed"},"breadcrumb":{"@id":"https:\/\/portaltela.pt\/noticias\/2026\/01\/20\/bayern-mira-lugar-no-topo-da-classificacao\/#breadcrumb"},"inLanguage":"pt-PT","potentialAction":[{"@type":"ReadAction","target":["https:\/\/portaltela.pt\/noticias\/2026\/01\/20\/bayern-mira-lugar-no-topo-da-classificacao\/"]}]},{"@type":"ImageObject","inLanguage":"pt-PT","@id":"https:\/\/portaltela.pt\/noticias\/2026\/01\/20\/bayern-mira-lugar-no-topo-da-classificacao\/#primaryimage","url":"https:\/\/portaltela.pt\/s.01k8rhncp4jt1\/2026\/01\/img_920x518uu2026-01-21-00-10-13-2416157-1.jpg","contentUrl":"https:\/\/portaltela.pt\/s.01k8rhncp4jt1\/2026\/01\/img_920x518uu2026-01-21-00-10-13-2416157-1.jpg","width":796,"height":448,"caption":"Jogadores do Bayern treinam para o duelo com o St. Gilloise"},{"@type":"BreadcrumbList","@id":"https:\/\/portaltela.pt\/noticias\/2026\/01\/20\/bayern-mira-lugar-no-topo-da-classificacao\/#breadcrumb","itemListElement":[{"@type":"ListItem","position":1,"name":"In\u00edcio","item":"https:\/\/portaltela.pt\/"},{"@type":"ListItem","position":2,"name":"Bayern mira lugar no topo da classifica\u00e7\u00e3o"}]},{"@type":"WebSite","@id":"https:\/\/portaltela.pt\/#website","url":"https:\/\/portaltela.pt\/","name":"Portal Tela Portugal","description":"","potentialAction":[{"@type":"SearchAction","target":{"@type":"EntryPoint","urlTemplate":"https:\/\/portaltela.pt\/?s={search_term_string}"},"query-input":{"@type":"PropertyValueSpecification","valueRequired":true,"valueName":"search_term_string"}}],"inLanguage":"pt-PT"},{"@type":"Person","@id":"https:\/\/portaltela.pt\/#\/schema\/person\/c4278d4a6028830caff9ee44b42d32ed","name":"Telinha","image":{"@type":"ImageObject","inLanguage":"pt-PT","@id":"https:\/\/portaltela.pt\/s.01k8rhncp4jt1\/2025\/11\/talking-bot-125x125.png","url":"https:\/\/portaltela.pt\/s.01k8rhncp4jt1\/2025\/11\/talking-bot-125x125.png","contentUrl":"https:\/\/portaltela.pt\/s.01k8rhncp4jt1\/2025\/11\/talking-bot-125x125.png","caption":"Telinha"},"sameAs":["https:\/\/portaltela.pt\/"],"url":"https:\/\/portaltela.pt\/por\/367410592786\/"}]}},"_links":{"self":[{"href":"https:\/\/portaltela.pt\/api\/wp\/v2\/posts\/158301","targetHints":{"allow":["GET"]}}],"collection":[{"href":"https:\/\/portaltela.pt\/api\/wp\/v2\/posts"}],"about":[{"href":"https:\/\/portaltela.pt\/api\/wp\/v2\/types\/post"}],"author":[{"embeddable":true,"href":"https:\/\/portaltela.pt\/api\/wp\/v2\/users\/2"}],"replies":[{"embeddable":true,"href":"https:\/\/portaltela.pt\/api\/wp\/v2\/comments?post=158301"}],"version-history":[{"count":0,"href":"https:\/\/portaltela.pt\/api\/wp\/v2\/posts\/158301\/revisions"}],"wp:featuredmedia":[{"embeddable":true,"href":"https:\/\/portaltela.pt\/api\/wp\/v2\/media\/158303"}],"wp:attachment":[{"href":"https:\/\/portaltela.pt\/api\/wp\/v2\/media?parent=158301"}],"wp:term":[{"taxonomy":"category","embeddable":true,"href":"https:\/\/portaltela.pt\/api\/wp\/v2\/categories?post=158301"},{"taxonomy":"post_tag","embeddable":true,"href":"https:\/\/portaltela.pt\/api\/wp\/v2\/tags?post=158301"}],"curies":[{"name":"wp","href":"https:\/\/api.w.org\/{rel}","templated":true}]}}