{"id":158283,"date":"2026-01-20T21:03:00","date_gmt":"2026-01-21T00:03:00","guid":{"rendered":"https:\/\/portaltela.pt\/noticias\/2026\/01\/20\/novo-acidente-ferroviario-em-espanha-vitimas-e-causas-sob-analise\/"},"modified":"2026-01-20T21:03:00","modified_gmt":"2026-01-21T00:03:00","slug":"novo-acidente-ferroviario-em-espanha-vitimas-e-causas-sob-analise","status":"publish","type":"post","link":"https:\/\/portaltela.pt\/noticias\/2026\/01\/20\/novo-acidente-ferroviario-em-espanha-vitimas-e-causas-sob-analise\/","title":{"rendered":"Novo acidente ferrovi\u00e1rio em Espanha: v\u00edtimas e causas sob an\u00e1lise"},"content":{"rendered":"<p>O descarrilamento de um comboio na Catalunha, Espanha, ocorreu na noite de ter\u00e7a-feira, por volta das 21h02 locais, ap\u00f3s um muro de conten\u00e7\u00e3o cair sobre os carris devido \u00e0s fortes chuvas. O acidente envolveu a linha 4 da Rodalies entre Gelida e Sant Sadurn\u00ed d&#8217;Anoia.<\/p>\n<p>O incidente causou o descarrilamento das carruagens. Registram-se 37 feridos, com cinco em estado grave. Foi confirmada a morte do maquinista do comboio.<\/p>\n<p>O servi\u00e7o ferrovi\u00e1rio na regi\u00e3o foi suspenso at\u00e9 que ocorram inspe\u00e7\u00f5es \u00e0 infraestrutura e se cumpram os requisitos de seguran\u00e7a, segundo as autoridades locais. O ocorrido sucede a outro choque entre muros e trilhos na mesma regi\u00e3o.<\/p>\n<h3>Detalhes do acidente<\/h3>\n<p>Fontes dos Mossos d&#8217;Esquadra indicam que foram mobilizadas cerca de 15 ambul\u00e2ncias e 11 equipas de bombeiros para o local. O comboio viajava entre Gelida e Sant Sadurn\u00ed d&#8217;Anoia quando atingiu o muro, que estava sobre os carris.<\/p>\n<p>A opera\u00e7\u00e3o de resgate manteve-se activa durante a noite, com apoio das for\u00e7as de seguran\u00e7a e dos servi\u00e7os de emerg\u00eancia. A situa\u00e7\u00e3o meteorol\u00f3gica na regi\u00e3o tinha contribu\u00eddo para v\u00e1rios problemas na ferrovia ao longo do dia.<\/p>\n<p>Antes do ocorrido na Catalunha, dois comboios de alta velocidade tinham descarrilado perto de C\u00f3rdoba, com 42 mortos e dezenas de feridos. Ainda h\u00e1 um n\u00famero n\u00e3o confirmado de pessoas desaparecidas nessa ocorr\u00eancia.<\/p>\n","protected":false},"excerpt":{"rendered":"<ul>\n<li>Um descarrilamento na linha 4 da Rodalies, entre Gelida e Sant Sadurn\u00ed d&#8217;Anoia, Catalunha, ocorreu \u00e0s 21h02 locais, ap\u00f3s um muro de conten\u00e7\u00e3o cair sobre os carris devido \u00e0s fortes chuvas.<\/li>\n<li>O acidente provocou um morto (maquinista) e 37 feridos, com cinco em estado grave.<\/li>\n<li>Cerca de quinze ambul\u00e2ncias e onze equipas de bombeiros foram para o local; o servi\u00e7o ferrovi\u00e1rio foi suspenso na Catalunha at\u00e9 conclus\u00e3o de inspe\u00e7\u00f5es \u00e0 infraestrutura e cumprimento de requisitos de seguran\u00e7a.<\/li>\n<li>Antes deste acidente, j\u00e1 tinham ocorrido problemas na ferrovia da regi\u00e3o por causa do tempo, incluindo um descarrilamento anterior na mesma zona.<\/li>\n<li>No domingo, dois comboios de alta velocidade descarrilaram perto de C\u00f3rdoba, causando dezenas de feridos e um n\u00famero ainda incerto de \u00f3bitos, o que tamb\u00e9m tinha gerado de alertas sobre a seguran\u00e7a ferrovi\u00e1ria.<\/li>\n<\/ul>\n","protected":false},"author":2,"featured_media":158292,"comment_status":"closed","ping_status":"closed","sticky":false,"template":"","format":"standard","meta":{"footnotes":""},"categories":[1],"tags":[3447,971,1935,2031,3449,1511],"class_list":["post-158283","post","type-post","status-publish","format-standard","has-post-thumbnail","hentry","category-noticias","tag-acidente-ferroviario","tag-bombeiros","tag-emergencias","tag-espanha","tag-feridos","tag-ferimentos-graves"],"yoast_head":"<!-- This site is optimized with the Yoast SEO plugin v27.2 - https:\/\/yoast.com\/product\/yoast-seo-wordpress\/ -->\n<title>Novo acidente ferrovi\u00e1rio em Espanha: v\u00edtimas e causas sob an\u00e1lise - Portal Tela Portugal<\/title>\n<meta name=\"robots\" content=\"index, follow, max-snippet:-1, max-image-preview:large, max-video-preview:-1\" \/>\n<meta property=\"og:locale\" content=\"pt_PT\" \/>\n<meta property=\"og:type\" content=\"article\" \/>\n<meta property=\"og:title\" content=\"Novo acidente ferrovi\u00e1rio em Espanha: v\u00edtimas e causas sob an\u00e1lise - Portal Tela Portugal\" \/>\n<meta property=\"og:description\" content=\"Um descarrilamento na linha 4 da Rodalies, entre Gelida e Sant Sadurn\u00ed d&#039;Anoia, Catalunha, ocorreu \u00e0s 21h02 locais, ap\u00f3s um muro de conten\u00e7\u00e3o cair sobre os carris devido \u00e0s fortes chuvas. O acidente provocou um morto (maquinista) e 37 feridos, com cinco em estado grave. Cerca de quinze ambul\u00e2ncias e onze equipas de bombeiros foram para o local; o servi\u00e7o ferrovi\u00e1rio foi suspenso na Catalunha at\u00e9 conclus\u00e3o de inspe\u00e7\u00f5es \u00e0 infraestrutura e cumprimento de requisitos de seguran\u00e7a. Antes deste acidente, j\u00e1 tinham ocorrido problemas na ferrovia da regi\u00e3o por causa do tempo, incluindo um descarrilamento anterior na mesma zona. No domingo, dois comboios de alta velocidade descarrilaram perto de C\u00f3rdoba, causando dezenas de feridos e um n\u00famero ainda incerto de \u00f3bitos, o que tamb\u00e9m tinha gerado de alertas sobre a seguran\u00e7a ferrovi\u00e1ria.\" \/>\n<meta property=\"og:url\" content=\"https:\/\/portaltela.pt\/noticias\/2026\/01\/20\/novo-acidente-ferroviario-em-espanha-vitimas-e-causas-sob-analise\/\" \/>\n<meta property=\"og:site_name\" content=\"Portal Tela Portugal\" \/>\n<meta property=\"article:published_time\" content=\"2026-01-21T00:03:00+00:00\" \/>\n<meta name=\"author\" content=\"Telinha\" \/>\n<meta name=\"twitter:card\" content=\"summary_large_image\" \/>\n<meta name=\"twitter:label1\" content=\"Escrito por\" \/>\n\t<meta name=\"twitter:data1\" content=\"Telinha\" \/>\n\t<meta name=\"twitter:label2\" content=\"Tempo estimado de leitura\" \/>\n\t<meta name=\"twitter:data2\" content=\"1 minuto\" \/>\n<script type=\"application\/ld+json\" class=\"yoast-schema-graph\">{\"@context\":\"https:\/\/schema.org\",\"@graph\":[{\"@type\":\"Article\",\"@id\":\"https:\/\/portaltela.pt\/noticias\/2026\/01\/20\/novo-acidente-ferroviario-em-espanha-vitimas-e-causas-sob-analise\/#article\",\"isPartOf\":{\"@id\":\"https:\/\/portaltela.pt\/noticias\/2026\/01\/20\/novo-acidente-ferroviario-em-espanha-vitimas-e-causas-sob-analise\/\"},\"author\":{\"name\":\"Telinha\",\"@id\":\"https:\/\/portaltela.pt\/#\/schema\/person\/c4278d4a6028830caff9ee44b42d32ed\"},\"headline\":\"Novo acidente ferrovi\u00e1rio em Espanha: v\u00edtimas e causas sob an\u00e1lise\",\"datePublished\":\"2026-01-21T00:03:00+00:00\",\"mainEntityOfPage\":{\"@id\":\"https:\/\/portaltela.pt\/noticias\/2026\/01\/20\/novo-acidente-ferroviario-em-espanha-vitimas-e-causas-sob-analise\/\"},\"wordCount\":249,\"image\":{\"@id\":\"https:\/\/portaltela.pt\/noticias\/2026\/01\/20\/novo-acidente-ferroviario-em-espanha-vitimas-e-causas-sob-analise\/#primaryimage\"},\"thumbnailUrl\":\"https:\/\/portaltela.pt\/s.01k8rhncp4jt1\/2026\/01\/unnamed-file-4247.jpg\",\"keywords\":[\"acidente ferrovi\u00e1rio\",\"bombeiros\",\"emerg\u00eancias\",\"Espanha\",\"feridos\",\"ferimentos graves\"],\"articleSection\":[\"Not\u00edcias\"],\"inLanguage\":\"pt-PT\"},{\"@type\":\"WebPage\",\"@id\":\"https:\/\/portaltela.pt\/noticias\/2026\/01\/20\/novo-acidente-ferroviario-em-espanha-vitimas-e-causas-sob-analise\/\",\"url\":\"https:\/\/portaltela.pt\/noticias\/2026\/01\/20\/novo-acidente-ferroviario-em-espanha-vitimas-e-causas-sob-analise\/\",\"name\":\"Novo acidente ferrovi\u00e1rio em Espanha: v\u00edtimas e causas sob an\u00e1lise - Portal Tela Portugal\",\"isPartOf\":{\"@id\":\"https:\/\/portaltela.pt\/#website\"},\"primaryImageOfPage\":{\"@id\":\"https:\/\/portaltela.pt\/noticias\/2026\/01\/20\/novo-acidente-ferroviario-em-espanha-vitimas-e-causas-sob-analise\/#primaryimage\"},\"image\":{\"@id\":\"https:\/\/portaltela.pt\/noticias\/2026\/01\/20\/novo-acidente-ferroviario-em-espanha-vitimas-e-causas-sob-analise\/#primaryimage\"},\"thumbnailUrl\":\"https:\/\/portaltela.pt\/s.01k8rhncp4jt1\/2026\/01\/unnamed-file-4247.jpg\",\"datePublished\":\"2026-01-21T00:03:00+00:00\",\"author\":{\"@id\":\"https:\/\/portaltela.pt\/#\/schema\/person\/c4278d4a6028830caff9ee44b42d32ed\"},\"breadcrumb\":{\"@id\":\"https:\/\/portaltela.pt\/noticias\/2026\/01\/20\/novo-acidente-ferroviario-em-espanha-vitimas-e-causas-sob-analise\/#breadcrumb\"},\"inLanguage\":\"pt-PT\",\"potentialAction\":[{\"@type\":\"ReadAction\",\"target\":[\"https:\/\/portaltela.pt\/noticias\/2026\/01\/20\/novo-acidente-ferroviario-em-espanha-vitimas-e-causas-sob-analise\/\"]}]},{\"@type\":\"ImageObject\",\"inLanguage\":\"pt-PT\",\"@id\":\"https:\/\/portaltela.pt\/noticias\/2026\/01\/20\/novo-acidente-ferroviario-em-espanha-vitimas-e-causas-sob-analise\/#primaryimage\",\"url\":\"https:\/\/portaltela.pt\/s.01k8rhncp4jt1\/2026\/01\/unnamed-file-4247.jpg\",\"contentUrl\":\"https:\/\/portaltela.pt\/s.01k8rhncp4jt1\/2026\/01\/unnamed-file-4247.jpg\",\"width\":796,\"height\":448,\"caption\":\"Novo acidente ferrovi\u00e1rio em Espanha: De v\u00edtimas a causas, que se passou?\"},{\"@type\":\"BreadcrumbList\",\"@id\":\"https:\/\/portaltela.pt\/noticias\/2026\/01\/20\/novo-acidente-ferroviario-em-espanha-vitimas-e-causas-sob-analise\/#breadcrumb\",\"itemListElement\":[{\"@type\":\"ListItem\",\"position\":1,\"name\":\"In\u00edcio\",\"item\":\"https:\/\/portaltela.pt\/\"},{\"@type\":\"ListItem\",\"position\":2,\"name\":\"Novo acidente ferrovi\u00e1rio em Espanha: v\u00edtimas e causas sob an\u00e1lise\"}]},{\"@type\":\"WebSite\",\"@id\":\"https:\/\/portaltela.pt\/#website\",\"url\":\"https:\/\/portaltela.pt\/\",\"name\":\"Portal Tela Portugal\",\"description\":\"\",\"potentialAction\":[{\"@type\":\"SearchAction\",\"target\":{\"@type\":\"EntryPoint\",\"urlTemplate\":\"https:\/\/portaltela.pt\/?s={search_term_string}\"},\"query-input\":{\"@type\":\"PropertyValueSpecification\",\"valueRequired\":true,\"valueName\":\"search_term_string\"}}],\"inLanguage\":\"pt-PT\"},{\"@type\":\"Person\",\"@id\":\"https:\/\/portaltela.pt\/#\/schema\/person\/c4278d4a6028830caff9ee44b42d32ed\",\"name\":\"Telinha\",\"image\":{\"@type\":\"ImageObject\",\"inLanguage\":\"pt-PT\",\"@id\":\"https:\/\/portaltela.pt\/s.01k8rhncp4jt1\/2025\/11\/talking-bot-125x125.png\",\"url\":\"https:\/\/portaltela.pt\/s.01k8rhncp4jt1\/2025\/11\/talking-bot-125x125.png\",\"contentUrl\":\"https:\/\/portaltela.pt\/s.01k8rhncp4jt1\/2025\/11\/talking-bot-125x125.png\",\"caption\":\"Telinha\"},\"sameAs\":[\"https:\/\/portaltela.pt\/\"],\"url\":\"https:\/\/portaltela.pt\/por\/367410592786\/\"}]}<\/script>\n<!-- \/ Yoast SEO plugin. -->","yoast_head_json":{"title":"Novo acidente ferrovi\u00e1rio em Espanha: v\u00edtimas e causas sob an\u00e1lise - Portal Tela Portugal","robots":{"index":"index","follow":"follow","max-snippet":"max-snippet:-1","max-image-preview":"max-image-preview:large","max-video-preview":"max-video-preview:-1"},"og_locale":"pt_PT","og_type":"article","og_title":"Novo acidente ferrovi\u00e1rio em Espanha: v\u00edtimas e causas sob an\u00e1lise - Portal Tela Portugal","og_description":"Um descarrilamento na linha 4 da Rodalies, entre Gelida e Sant Sadurn\u00ed d'Anoia, Catalunha, ocorreu \u00e0s 21h02 locais, ap\u00f3s um muro de conten\u00e7\u00e3o cair sobre os carris devido \u00e0s fortes chuvas. O acidente provocou um morto (maquinista) e 37 feridos, com cinco em estado grave. Cerca de quinze ambul\u00e2ncias e onze equipas de bombeiros foram para o local; o servi\u00e7o ferrovi\u00e1rio foi suspenso na Catalunha at\u00e9 conclus\u00e3o de inspe\u00e7\u00f5es \u00e0 infraestrutura e cumprimento de requisitos de seguran\u00e7a. Antes deste acidente, j\u00e1 tinham ocorrido problemas na ferrovia da regi\u00e3o por causa do tempo, incluindo um descarrilamento anterior na mesma zona. No domingo, dois comboios de alta velocidade descarrilaram perto de C\u00f3rdoba, causando dezenas de feridos e um n\u00famero ainda incerto de \u00f3bitos, o que tamb\u00e9m tinha gerado de alertas sobre a seguran\u00e7a ferrovi\u00e1ria.","og_url":"https:\/\/portaltela.pt\/noticias\/2026\/01\/20\/novo-acidente-ferroviario-em-espanha-vitimas-e-causas-sob-analise\/","og_site_name":"Portal Tela Portugal","article_published_time":"2026-01-21T00:03:00+00:00","author":"Telinha","twitter_card":"summary_large_image","twitter_misc":{"Escrito por":"Telinha","Tempo estimado de leitura":"1 minuto"},"schema":{"@context":"https:\/\/schema.org","@graph":[{"@type":"Article","@id":"https:\/\/portaltela.pt\/noticias\/2026\/01\/20\/novo-acidente-ferroviario-em-espanha-vitimas-e-causas-sob-analise\/#article","isPartOf":{"@id":"https:\/\/portaltela.pt\/noticias\/2026\/01\/20\/novo-acidente-ferroviario-em-espanha-vitimas-e-causas-sob-analise\/"},"author":{"name":"Telinha","@id":"https:\/\/portaltela.pt\/#\/schema\/person\/c4278d4a6028830caff9ee44b42d32ed"},"headline":"Novo acidente ferrovi\u00e1rio em Espanha: v\u00edtimas e causas sob an\u00e1lise","datePublished":"2026-01-21T00:03:00+00:00","mainEntityOfPage":{"@id":"https:\/\/portaltela.pt\/noticias\/2026\/01\/20\/novo-acidente-ferroviario-em-espanha-vitimas-e-causas-sob-analise\/"},"wordCount":249,"image":{"@id":"https:\/\/portaltela.pt\/noticias\/2026\/01\/20\/novo-acidente-ferroviario-em-espanha-vitimas-e-causas-sob-analise\/#primaryimage"},"thumbnailUrl":"https:\/\/portaltela.pt\/s.01k8rhncp4jt1\/2026\/01\/unnamed-file-4247.jpg","keywords":["acidente ferrovi\u00e1rio","bombeiros","emerg\u00eancias","Espanha","feridos","ferimentos graves"],"articleSection":["Not\u00edcias"],"inLanguage":"pt-PT"},{"@type":"WebPage","@id":"https:\/\/portaltela.pt\/noticias\/2026\/01\/20\/novo-acidente-ferroviario-em-espanha-vitimas-e-causas-sob-analise\/","url":"https:\/\/portaltela.pt\/noticias\/2026\/01\/20\/novo-acidente-ferroviario-em-espanha-vitimas-e-causas-sob-analise\/","name":"Novo acidente ferrovi\u00e1rio em Espanha: v\u00edtimas e causas sob an\u00e1lise - Portal Tela Portugal","isPartOf":{"@id":"https:\/\/portaltela.pt\/#website"},"primaryImageOfPage":{"@id":"https:\/\/portaltela.pt\/noticias\/2026\/01\/20\/novo-acidente-ferroviario-em-espanha-vitimas-e-causas-sob-analise\/#primaryimage"},"image":{"@id":"https:\/\/portaltela.pt\/noticias\/2026\/01\/20\/novo-acidente-ferroviario-em-espanha-vitimas-e-causas-sob-analise\/#primaryimage"},"thumbnailUrl":"https:\/\/portaltela.pt\/s.01k8rhncp4jt1\/2026\/01\/unnamed-file-4247.jpg","datePublished":"2026-01-21T00:03:00+00:00","author":{"@id":"https:\/\/portaltela.pt\/#\/schema\/person\/c4278d4a6028830caff9ee44b42d32ed"},"breadcrumb":{"@id":"https:\/\/portaltela.pt\/noticias\/2026\/01\/20\/novo-acidente-ferroviario-em-espanha-vitimas-e-causas-sob-analise\/#breadcrumb"},"inLanguage":"pt-PT","potentialAction":[{"@type":"ReadAction","target":["https:\/\/portaltela.pt\/noticias\/2026\/01\/20\/novo-acidente-ferroviario-em-espanha-vitimas-e-causas-sob-analise\/"]}]},{"@type":"ImageObject","inLanguage":"pt-PT","@id":"https:\/\/portaltela.pt\/noticias\/2026\/01\/20\/novo-acidente-ferroviario-em-espanha-vitimas-e-causas-sob-analise\/#primaryimage","url":"https:\/\/portaltela.pt\/s.01k8rhncp4jt1\/2026\/01\/unnamed-file-4247.jpg","contentUrl":"https:\/\/portaltela.pt\/s.01k8rhncp4jt1\/2026\/01\/unnamed-file-4247.jpg","width":796,"height":448,"caption":"Novo acidente ferrovi\u00e1rio em Espanha: De v\u00edtimas a causas, que se passou?"},{"@type":"BreadcrumbList","@id":"https:\/\/portaltela.pt\/noticias\/2026\/01\/20\/novo-acidente-ferroviario-em-espanha-vitimas-e-causas-sob-analise\/#breadcrumb","itemListElement":[{"@type":"ListItem","position":1,"name":"In\u00edcio","item":"https:\/\/portaltela.pt\/"},{"@type":"ListItem","position":2,"name":"Novo acidente ferrovi\u00e1rio em Espanha: v\u00edtimas e causas sob an\u00e1lise"}]},{"@type":"WebSite","@id":"https:\/\/portaltela.pt\/#website","url":"https:\/\/portaltela.pt\/","name":"Portal Tela Portugal","description":"","potentialAction":[{"@type":"SearchAction","target":{"@type":"EntryPoint","urlTemplate":"https:\/\/portaltela.pt\/?s={search_term_string}"},"query-input":{"@type":"PropertyValueSpecification","valueRequired":true,"valueName":"search_term_string"}}],"inLanguage":"pt-PT"},{"@type":"Person","@id":"https:\/\/portaltela.pt\/#\/schema\/person\/c4278d4a6028830caff9ee44b42d32ed","name":"Telinha","image":{"@type":"ImageObject","inLanguage":"pt-PT","@id":"https:\/\/portaltela.pt\/s.01k8rhncp4jt1\/2025\/11\/talking-bot-125x125.png","url":"https:\/\/portaltela.pt\/s.01k8rhncp4jt1\/2025\/11\/talking-bot-125x125.png","contentUrl":"https:\/\/portaltela.pt\/s.01k8rhncp4jt1\/2025\/11\/talking-bot-125x125.png","caption":"Telinha"},"sameAs":["https:\/\/portaltela.pt\/"],"url":"https:\/\/portaltela.pt\/por\/367410592786\/"}]}},"_links":{"self":[{"href":"https:\/\/portaltela.pt\/api\/wp\/v2\/posts\/158283","targetHints":{"allow":["GET"]}}],"collection":[{"href":"https:\/\/portaltela.pt\/api\/wp\/v2\/posts"}],"about":[{"href":"https:\/\/portaltela.pt\/api\/wp\/v2\/types\/post"}],"author":[{"embeddable":true,"href":"https:\/\/portaltela.pt\/api\/wp\/v2\/users\/2"}],"replies":[{"embeddable":true,"href":"https:\/\/portaltela.pt\/api\/wp\/v2\/comments?post=158283"}],"version-history":[{"count":0,"href":"https:\/\/portaltela.pt\/api\/wp\/v2\/posts\/158283\/revisions"}],"wp:featuredmedia":[{"embeddable":true,"href":"https:\/\/portaltela.pt\/api\/wp\/v2\/media\/158292"}],"wp:attachment":[{"href":"https:\/\/portaltela.pt\/api\/wp\/v2\/media?parent=158283"}],"wp:term":[{"taxonomy":"category","embeddable":true,"href":"https:\/\/portaltela.pt\/api\/wp\/v2\/categories?post=158283"},{"taxonomy":"post_tag","embeddable":true,"href":"https:\/\/portaltela.pt\/api\/wp\/v2\/tags?post=158283"}],"curies":[{"name":"wp","href":"https:\/\/api.w.org\/{rel}","templated":true}]}}