{"id":158243,"date":"2026-01-20T20:55:00","date_gmt":"2026-01-20T23:55:00","guid":{"rendered":"https:\/\/portaltela.pt\/noticias\/2026\/01\/20\/cdu-aprova-orcamento-da-camara-de-beja-apos-uma-decada\/"},"modified":"2026-01-20T20:55:00","modified_gmt":"2026-01-20T23:55:00","slug":"cdu-aprova-orcamento-da-camara-de-beja-apos-uma-decada","status":"publish","type":"post","link":"https:\/\/portaltela.pt\/noticias\/politica\/2026\/01\/20\/cdu-aprova-orcamento-da-camara-de-beja-apos-uma-decada\/","title":{"rendered":"CDU aprova or\u00e7amento da C\u00e2mara de Beja ap\u00f3s uma d\u00e9cada"},"content":{"rendered":"<p>A CDU votou a favor do Or\u00e7amento Municipal e das Grandes Op\u00e7\u00f5es do Plano da C\u00e2mara de Beja, pela primeira vez ap\u00f3s um regresso ao poder. O munic\u00edpio, em alian\u00e7a com o PSD\/CDS\/IL, aprovou o or\u00e7amento de 87 milh\u00f5es de euros para 2026. O momento ocorreu numa reuni\u00e3o extraordin\u00e1ria, com uma sess\u00e3o marcada para 26 de janeiro.<\/p>\n<p>A composi\u00e7\u00e3o da verea\u00e7\u00e3o refor\u00e7ou o poder da coliga\u00e7\u00e3o governante. A CDU voltou a assumir pelouros com V\u00edtor Picado como vereador a tempo inteiro, respons\u00e1vel pelo Gabinete da Gest\u00e3o da Mobilidade e pelas Divis\u00f5es do Turismo, Patrim\u00f3nio e Cultura. Quatro eleitos ficam com a maioria frente a PS e Chega.<\/p>\n<p>O or\u00e7amento apresentado por Nuno Palma Ferro foi aprovado por cinco votos a favor, dois do PSD\/CDS\/IL, dois da CDU, um do Chega, e com duas absten\u00e7\u00f5es do PS. O montante \u00e9 o maior j\u00e1 aprovado pela autarquia bejense.<\/p>\n<p>Paulo Ars\u00e9nio, vereador socialista e ex-presidente da C\u00e2mara, indicou que no final de fevereiro devem entrar mais 10 milh\u00f5es de euros da conta de ger\u00eancia de 2025. Este refor\u00e7o financeiro dever\u00e1 ser discutido na Assembleia Municipal.<\/p>\n<p>A CDU j\u00e1 tinha abstido em v\u00e1rias vota\u00e7\u00f5es anteriores. No primeiro mandato de Paulo Ars\u00e9nio, a CDU abstinha nos or\u00e7amentos de 2018 a 2021. No segundo mandato votou contra 2022, 2023 e 2025, e absteve-se em 2024.<\/p>\n<h3>Contexto pol\u00edtico e hist\u00f3rico<\/h3>\n<p>Na \u00faltima reuni\u00e3o de 2025, a EMAS teve a proposta aprovada com voto de qualidade do presidente da edilidade. As absten\u00e7\u00f5es do PS e Chega e o voto contra da Coliga\u00e7\u00e3o Democr\u00e1tica Unit\u00e1ria marcaram esse processo. O regresso da CDU ao governo encerra um ciclo de afastamento.<\/p>\n","protected":false},"excerpt":{"rendered":"<ul>\n<li>A CDU votou a favor do Or\u00e7amento Municipal e das Grandes Op\u00e7\u00f5es do Plano de Beja para 2026, pela primeira vez em uma d\u00e9cada, em alian\u00e7a com o PSD\/CDS\/IL.<\/li>\n<li>O or\u00e7amento de 87 milh\u00f5es de euros \u00e9 o maior de sempre da autarquia e foi apresentado numa reuni\u00e3o extraordin\u00e1ria; a Assembleia Municipal discute-o na pr\u00f3xima segunda-feira, 26 de janeiro.<\/li>\n<li>O regresso da CDU ao governo municipal veio com V\u00edtor Picado a acumular o Gabinete da Gest\u00e3o da Mobilidade e as Divis\u00f5es do Turismo e Patrim\u00f3nio e da Cultura, refor\u00e7ando o peso da coliga\u00e7\u00e3o no executivo.<\/li>\n<li>O sanctionamento ocorreu com cinco votos favor\u00e1veis (PSD\/CDS\/IL e CDU), dois do Chega e duas absten\u00e7\u00f5es do Partido Socialista.<\/li>\n<li>A CDU justificou o voto favor\u00e1vel pela inclus\u00e3o de v\u00e1rias propostas suas, mantendo-se, no entanto, sem avan\u00e7ar com a redu\u00e7\u00e3o da tarifa da \u00e1gua proposta pela EMAS.<\/li>\n<\/ul>\n","protected":false},"author":2,"featured_media":158253,"comment_status":"closed","ping_status":"closed","sticky":false,"template":"","format":"standard","meta":{"footnotes":""},"categories":[1,5],"tags":[943,703,2143,2142,1769,2458],"class_list":["post-158243","post","type-post","status-publish","format-standard","has-post-thumbnail","hentry","category-noticias","category-politica","tag-beja","tag-camara","tag-cdu","tag-chega","tag-orcamento-territorio","tag-psd-cds"],"yoast_head":"<!-- This site is optimized with the Yoast SEO plugin v27.2 - https:\/\/yoast.com\/product\/yoast-seo-wordpress\/ -->\n<title>CDU aprova or\u00e7amento da C\u00e2mara de Beja ap\u00f3s uma d\u00e9cada - Portal Tela Portugal<\/title>\n<meta name=\"robots\" content=\"index, follow, max-snippet:-1, max-image-preview:large, max-video-preview:-1\" \/>\n<meta property=\"og:locale\" content=\"pt_PT\" \/>\n<meta property=\"og:type\" content=\"article\" \/>\n<meta property=\"og:title\" content=\"CDU aprova or\u00e7amento da C\u00e2mara de Beja ap\u00f3s uma d\u00e9cada - Portal Tela Portugal\" \/>\n<meta property=\"og:description\" content=\"A CDU votou a favor do Or\u00e7amento Municipal e das Grandes Op\u00e7\u00f5es do Plano de Beja para 2026, pela primeira vez em uma d\u00e9cada, em alian\u00e7a com o PSD\/CDS\/IL. O or\u00e7amento de 87 milh\u00f5es de euros \u00e9 o maior de sempre da autarquia e foi apresentado numa reuni\u00e3o extraordin\u00e1ria; a Assembleia Municipal discute-o na pr\u00f3xima segunda-feira, 26 de janeiro. O regresso da CDU ao governo municipal veio com V\u00edtor Picado a acumular o Gabinete da Gest\u00e3o da Mobilidade e as Divis\u00f5es do Turismo e Patrim\u00f3nio e da Cultura, refor\u00e7ando o peso da coliga\u00e7\u00e3o no executivo. O sanctionamento ocorreu com cinco votos favor\u00e1veis (PSD\/CDS\/IL e CDU), dois do Chega e duas absten\u00e7\u00f5es do Partido Socialista. A CDU justificou o voto favor\u00e1vel pela inclus\u00e3o de v\u00e1rias propostas suas, mantendo-se, no entanto, sem avan\u00e7ar com a redu\u00e7\u00e3o da tarifa da \u00e1gua proposta pela EMAS.\" \/>\n<meta property=\"og:url\" content=\"https:\/\/portaltela.pt\/noticias\/2026\/01\/20\/cdu-aprova-orcamento-da-camara-de-beja-apos-uma-decada\/\" \/>\n<meta property=\"og:site_name\" content=\"Portal Tela Portugal\" \/>\n<meta property=\"article:published_time\" content=\"2026-01-20T23:55:00+00:00\" \/>\n<meta name=\"author\" content=\"Telinha\" \/>\n<meta name=\"twitter:card\" content=\"summary_large_image\" \/>\n<meta name=\"twitter:label1\" content=\"Escrito por\" \/>\n\t<meta name=\"twitter:data1\" content=\"Telinha\" \/>\n\t<meta name=\"twitter:label2\" content=\"Tempo estimado de leitura\" \/>\n\t<meta name=\"twitter:data2\" content=\"1 minuto\" \/>\n<script type=\"application\/ld+json\" class=\"yoast-schema-graph\">{\"@context\":\"https:\/\/schema.org\",\"@graph\":[{\"@type\":\"Article\",\"@id\":\"https:\/\/portaltela.pt\/noticias\/2026\/01\/20\/cdu-aprova-orcamento-da-camara-de-beja-apos-uma-decada\/#article\",\"isPartOf\":{\"@id\":\"https:\/\/portaltela.pt\/noticias\/2026\/01\/20\/cdu-aprova-orcamento-da-camara-de-beja-apos-uma-decada\/\"},\"author\":{\"name\":\"Telinha\",\"@id\":\"https:\/\/portaltela.pt\/#\/schema\/person\/c4278d4a6028830caff9ee44b42d32ed\"},\"headline\":\"CDU aprova or\u00e7amento da C\u00e2mara de Beja ap\u00f3s uma d\u00e9cada\",\"datePublished\":\"2026-01-20T23:55:00+00:00\",\"mainEntityOfPage\":{\"@id\":\"https:\/\/portaltela.pt\/noticias\/2026\/01\/20\/cdu-aprova-orcamento-da-camara-de-beja-apos-uma-decada\/\"},\"wordCount\":313,\"image\":{\"@id\":\"https:\/\/portaltela.pt\/noticias\/2026\/01\/20\/cdu-aprova-orcamento-da-camara-de-beja-apos-uma-decada\/#primaryimage\"},\"thumbnailUrl\":\"https:\/\/portaltela.pt\/s.01k8rhncp4jt1\/2026\/01\/image-1287.jpg\",\"keywords\":[\"Beja\",\"c\u00e2mara\",\"CDU\",\"CHEGA\",\"Or\u00e7amento\/Territ\u00f3rio\",\"PSD\/CDS\"],\"articleSection\":[\"Not\u00edcias\",\"Pol\u00edtica\"],\"inLanguage\":\"pt-PT\"},{\"@type\":\"WebPage\",\"@id\":\"https:\/\/portaltela.pt\/noticias\/2026\/01\/20\/cdu-aprova-orcamento-da-camara-de-beja-apos-uma-decada\/\",\"url\":\"https:\/\/portaltela.pt\/noticias\/2026\/01\/20\/cdu-aprova-orcamento-da-camara-de-beja-apos-uma-decada\/\",\"name\":\"CDU aprova or\u00e7amento da C\u00e2mara de Beja ap\u00f3s uma d\u00e9cada - Portal Tela Portugal\",\"isPartOf\":{\"@id\":\"https:\/\/portaltela.pt\/#website\"},\"primaryImageOfPage\":{\"@id\":\"https:\/\/portaltela.pt\/noticias\/2026\/01\/20\/cdu-aprova-orcamento-da-camara-de-beja-apos-uma-decada\/#primaryimage\"},\"image\":{\"@id\":\"https:\/\/portaltela.pt\/noticias\/2026\/01\/20\/cdu-aprova-orcamento-da-camara-de-beja-apos-uma-decada\/#primaryimage\"},\"thumbnailUrl\":\"https:\/\/portaltela.pt\/s.01k8rhncp4jt1\/2026\/01\/image-1287.jpg\",\"datePublished\":\"2026-01-20T23:55:00+00:00\",\"author\":{\"@id\":\"https:\/\/portaltela.pt\/#\/schema\/person\/c4278d4a6028830caff9ee44b42d32ed\"},\"breadcrumb\":{\"@id\":\"https:\/\/portaltela.pt\/noticias\/2026\/01\/20\/cdu-aprova-orcamento-da-camara-de-beja-apos-uma-decada\/#breadcrumb\"},\"inLanguage\":\"pt-PT\",\"potentialAction\":[{\"@type\":\"ReadAction\",\"target\":[\"https:\/\/portaltela.pt\/noticias\/2026\/01\/20\/cdu-aprova-orcamento-da-camara-de-beja-apos-uma-decada\/\"]}]},{\"@type\":\"ImageObject\",\"inLanguage\":\"pt-PT\",\"@id\":\"https:\/\/portaltela.pt\/noticias\/2026\/01\/20\/cdu-aprova-orcamento-da-camara-de-beja-apos-uma-decada\/#primaryimage\",\"url\":\"https:\/\/portaltela.pt\/s.01k8rhncp4jt1\/2026\/01\/image-1287.jpg\",\"contentUrl\":\"https:\/\/portaltela.pt\/s.01k8rhncp4jt1\/2026\/01\/image-1287.jpg\",\"width\":796,\"height\":448,\"caption\":\"C\u00e2mara de Beja aprovou or\u00e7amento de 87 milh\u00f5es de euros\"},{\"@type\":\"BreadcrumbList\",\"@id\":\"https:\/\/portaltela.pt\/noticias\/2026\/01\/20\/cdu-aprova-orcamento-da-camara-de-beja-apos-uma-decada\/#breadcrumb\",\"itemListElement\":[{\"@type\":\"ListItem\",\"position\":1,\"name\":\"In\u00edcio\",\"item\":\"https:\/\/portaltela.pt\/\"},{\"@type\":\"ListItem\",\"position\":2,\"name\":\"CDU aprova or\u00e7amento da C\u00e2mara de Beja ap\u00f3s uma d\u00e9cada\"}]},{\"@type\":\"WebSite\",\"@id\":\"https:\/\/portaltela.pt\/#website\",\"url\":\"https:\/\/portaltela.pt\/\",\"name\":\"Portal Tela Portugal\",\"description\":\"\",\"potentialAction\":[{\"@type\":\"SearchAction\",\"target\":{\"@type\":\"EntryPoint\",\"urlTemplate\":\"https:\/\/portaltela.pt\/?s={search_term_string}\"},\"query-input\":{\"@type\":\"PropertyValueSpecification\",\"valueRequired\":true,\"valueName\":\"search_term_string\"}}],\"inLanguage\":\"pt-PT\"},{\"@type\":\"Person\",\"@id\":\"https:\/\/portaltela.pt\/#\/schema\/person\/c4278d4a6028830caff9ee44b42d32ed\",\"name\":\"Telinha\",\"image\":{\"@type\":\"ImageObject\",\"inLanguage\":\"pt-PT\",\"@id\":\"https:\/\/portaltela.pt\/s.01k8rhncp4jt1\/2025\/11\/talking-bot-125x125.png\",\"url\":\"https:\/\/portaltela.pt\/s.01k8rhncp4jt1\/2025\/11\/talking-bot-125x125.png\",\"contentUrl\":\"https:\/\/portaltela.pt\/s.01k8rhncp4jt1\/2025\/11\/talking-bot-125x125.png\",\"caption\":\"Telinha\"},\"sameAs\":[\"https:\/\/portaltela.pt\/\"],\"url\":\"https:\/\/portaltela.pt\/por\/367410592786\/\"}]}<\/script>\n<!-- \/ Yoast SEO plugin. -->","yoast_head_json":{"title":"CDU aprova or\u00e7amento da C\u00e2mara de Beja ap\u00f3s uma d\u00e9cada - Portal Tela Portugal","robots":{"index":"index","follow":"follow","max-snippet":"max-snippet:-1","max-image-preview":"max-image-preview:large","max-video-preview":"max-video-preview:-1"},"og_locale":"pt_PT","og_type":"article","og_title":"CDU aprova or\u00e7amento da C\u00e2mara de Beja ap\u00f3s uma d\u00e9cada - Portal Tela Portugal","og_description":"A CDU votou a favor do Or\u00e7amento Municipal e das Grandes Op\u00e7\u00f5es do Plano de Beja para 2026, pela primeira vez em uma d\u00e9cada, em alian\u00e7a com o PSD\/CDS\/IL. O or\u00e7amento de 87 milh\u00f5es de euros \u00e9 o maior de sempre da autarquia e foi apresentado numa reuni\u00e3o extraordin\u00e1ria; a Assembleia Municipal discute-o na pr\u00f3xima segunda-feira, 26 de janeiro. O regresso da CDU ao governo municipal veio com V\u00edtor Picado a acumular o Gabinete da Gest\u00e3o da Mobilidade e as Divis\u00f5es do Turismo e Patrim\u00f3nio e da Cultura, refor\u00e7ando o peso da coliga\u00e7\u00e3o no executivo. O sanctionamento ocorreu com cinco votos favor\u00e1veis (PSD\/CDS\/IL e CDU), dois do Chega e duas absten\u00e7\u00f5es do Partido Socialista. A CDU justificou o voto favor\u00e1vel pela inclus\u00e3o de v\u00e1rias propostas suas, mantendo-se, no entanto, sem avan\u00e7ar com a redu\u00e7\u00e3o da tarifa da \u00e1gua proposta pela EMAS.","og_url":"https:\/\/portaltela.pt\/noticias\/2026\/01\/20\/cdu-aprova-orcamento-da-camara-de-beja-apos-uma-decada\/","og_site_name":"Portal Tela Portugal","article_published_time":"2026-01-20T23:55:00+00:00","author":"Telinha","twitter_card":"summary_large_image","twitter_misc":{"Escrito por":"Telinha","Tempo estimado de leitura":"1 minuto"},"schema":{"@context":"https:\/\/schema.org","@graph":[{"@type":"Article","@id":"https:\/\/portaltela.pt\/noticias\/2026\/01\/20\/cdu-aprova-orcamento-da-camara-de-beja-apos-uma-decada\/#article","isPartOf":{"@id":"https:\/\/portaltela.pt\/noticias\/2026\/01\/20\/cdu-aprova-orcamento-da-camara-de-beja-apos-uma-decada\/"},"author":{"name":"Telinha","@id":"https:\/\/portaltela.pt\/#\/schema\/person\/c4278d4a6028830caff9ee44b42d32ed"},"headline":"CDU aprova or\u00e7amento da C\u00e2mara de Beja ap\u00f3s uma d\u00e9cada","datePublished":"2026-01-20T23:55:00+00:00","mainEntityOfPage":{"@id":"https:\/\/portaltela.pt\/noticias\/2026\/01\/20\/cdu-aprova-orcamento-da-camara-de-beja-apos-uma-decada\/"},"wordCount":313,"image":{"@id":"https:\/\/portaltela.pt\/noticias\/2026\/01\/20\/cdu-aprova-orcamento-da-camara-de-beja-apos-uma-decada\/#primaryimage"},"thumbnailUrl":"https:\/\/portaltela.pt\/s.01k8rhncp4jt1\/2026\/01\/image-1287.jpg","keywords":["Beja","c\u00e2mara","CDU","CHEGA","Or\u00e7amento\/Territ\u00f3rio","PSD\/CDS"],"articleSection":["Not\u00edcias","Pol\u00edtica"],"inLanguage":"pt-PT"},{"@type":"WebPage","@id":"https:\/\/portaltela.pt\/noticias\/2026\/01\/20\/cdu-aprova-orcamento-da-camara-de-beja-apos-uma-decada\/","url":"https:\/\/portaltela.pt\/noticias\/2026\/01\/20\/cdu-aprova-orcamento-da-camara-de-beja-apos-uma-decada\/","name":"CDU aprova or\u00e7amento da C\u00e2mara de Beja ap\u00f3s uma d\u00e9cada - Portal Tela Portugal","isPartOf":{"@id":"https:\/\/portaltela.pt\/#website"},"primaryImageOfPage":{"@id":"https:\/\/portaltela.pt\/noticias\/2026\/01\/20\/cdu-aprova-orcamento-da-camara-de-beja-apos-uma-decada\/#primaryimage"},"image":{"@id":"https:\/\/portaltela.pt\/noticias\/2026\/01\/20\/cdu-aprova-orcamento-da-camara-de-beja-apos-uma-decada\/#primaryimage"},"thumbnailUrl":"https:\/\/portaltela.pt\/s.01k8rhncp4jt1\/2026\/01\/image-1287.jpg","datePublished":"2026-01-20T23:55:00+00:00","author":{"@id":"https:\/\/portaltela.pt\/#\/schema\/person\/c4278d4a6028830caff9ee44b42d32ed"},"breadcrumb":{"@id":"https:\/\/portaltela.pt\/noticias\/2026\/01\/20\/cdu-aprova-orcamento-da-camara-de-beja-apos-uma-decada\/#breadcrumb"},"inLanguage":"pt-PT","potentialAction":[{"@type":"ReadAction","target":["https:\/\/portaltela.pt\/noticias\/2026\/01\/20\/cdu-aprova-orcamento-da-camara-de-beja-apos-uma-decada\/"]}]},{"@type":"ImageObject","inLanguage":"pt-PT","@id":"https:\/\/portaltela.pt\/noticias\/2026\/01\/20\/cdu-aprova-orcamento-da-camara-de-beja-apos-uma-decada\/#primaryimage","url":"https:\/\/portaltela.pt\/s.01k8rhncp4jt1\/2026\/01\/image-1287.jpg","contentUrl":"https:\/\/portaltela.pt\/s.01k8rhncp4jt1\/2026\/01\/image-1287.jpg","width":796,"height":448,"caption":"C\u00e2mara de Beja aprovou or\u00e7amento de 87 milh\u00f5es de euros"},{"@type":"BreadcrumbList","@id":"https:\/\/portaltela.pt\/noticias\/2026\/01\/20\/cdu-aprova-orcamento-da-camara-de-beja-apos-uma-decada\/#breadcrumb","itemListElement":[{"@type":"ListItem","position":1,"name":"In\u00edcio","item":"https:\/\/portaltela.pt\/"},{"@type":"ListItem","position":2,"name":"CDU aprova or\u00e7amento da C\u00e2mara de Beja ap\u00f3s uma d\u00e9cada"}]},{"@type":"WebSite","@id":"https:\/\/portaltela.pt\/#website","url":"https:\/\/portaltela.pt\/","name":"Portal Tela Portugal","description":"","potentialAction":[{"@type":"SearchAction","target":{"@type":"EntryPoint","urlTemplate":"https:\/\/portaltela.pt\/?s={search_term_string}"},"query-input":{"@type":"PropertyValueSpecification","valueRequired":true,"valueName":"search_term_string"}}],"inLanguage":"pt-PT"},{"@type":"Person","@id":"https:\/\/portaltela.pt\/#\/schema\/person\/c4278d4a6028830caff9ee44b42d32ed","name":"Telinha","image":{"@type":"ImageObject","inLanguage":"pt-PT","@id":"https:\/\/portaltela.pt\/s.01k8rhncp4jt1\/2025\/11\/talking-bot-125x125.png","url":"https:\/\/portaltela.pt\/s.01k8rhncp4jt1\/2025\/11\/talking-bot-125x125.png","contentUrl":"https:\/\/portaltela.pt\/s.01k8rhncp4jt1\/2025\/11\/talking-bot-125x125.png","caption":"Telinha"},"sameAs":["https:\/\/portaltela.pt\/"],"url":"https:\/\/portaltela.pt\/por\/367410592786\/"}]}},"_links":{"self":[{"href":"https:\/\/portaltela.pt\/api\/wp\/v2\/posts\/158243","targetHints":{"allow":["GET"]}}],"collection":[{"href":"https:\/\/portaltela.pt\/api\/wp\/v2\/posts"}],"about":[{"href":"https:\/\/portaltela.pt\/api\/wp\/v2\/types\/post"}],"author":[{"embeddable":true,"href":"https:\/\/portaltela.pt\/api\/wp\/v2\/users\/2"}],"replies":[{"embeddable":true,"href":"https:\/\/portaltela.pt\/api\/wp\/v2\/comments?post=158243"}],"version-history":[{"count":0,"href":"https:\/\/portaltela.pt\/api\/wp\/v2\/posts\/158243\/revisions"}],"wp:featuredmedia":[{"embeddable":true,"href":"https:\/\/portaltela.pt\/api\/wp\/v2\/media\/158253"}],"wp:attachment":[{"href":"https:\/\/portaltela.pt\/api\/wp\/v2\/media?parent=158243"}],"wp:term":[{"taxonomy":"category","embeddable":true,"href":"https:\/\/portaltela.pt\/api\/wp\/v2\/categories?post=158243"},{"taxonomy":"post_tag","embeddable":true,"href":"https:\/\/portaltela.pt\/api\/wp\/v2\/tags?post=158243"}],"curies":[{"name":"wp","href":"https:\/\/api.w.org\/{rel}","templated":true}]}}