{"id":158145,"date":"2026-01-20T18:31:00","date_gmt":"2026-01-20T21:31:00","guid":{"rendered":"https:\/\/portaltela.pt\/noticias\/2026\/01\/20\/quase-2-800-utentes-esperam-resposta-social-ou-vaga-em-cuidados-continuados\/"},"modified":"2026-01-20T18:31:00","modified_gmt":"2026-01-20T21:31:00","slug":"quase-2-800-utentes-esperam-resposta-social-ou-vaga-em-cuidados-continuados","status":"publish","type":"post","link":"https:\/\/portaltela.pt\/noticias\/2026\/01\/20\/quase-2-800-utentes-esperam-resposta-social-ou-vaga-em-cuidados-continuados\/","title":{"rendered":"Quase 2.800 utentes esperam resposta social ou vaga em cuidados continuados"},"content":{"rendered":"<p>O n\u00famero de utentes nos hospitais p\u00fablicos para al\u00e9m da alta cl\u00ednica continua a crescer, j\u00e1 que muitos aguardam resposta social ou vaga em cuidados continuados. Dados da DE-SNS, at\u00e9 14 de janeiro, revelam 734 utentes \u00e0 espera de resposta social e 2.034 \u00e0 espera de vaga na RNCCI.<\/p>\n<p>Entre os admitidos, registaram-se 61 utentes em resposta social at\u00e9 14 de janeiro, sendo 58 pelos Centros Distritais da Seguran\u00e7a Social e tr\u00eas pela Santa Casa da Miseric\u00f3rdia de Lisboa. Desses, 37 estiveram ligados a uma portaria de articula\u00e7\u00e3o entre institui\u00e7\u00f5es.<\/p>\n<p>Nas duas primeiras semanas do ano, 1.629 utentes foram admitidos na RNCCI, abrangendo diversas tipologias, incluindo domic\u00edlio, sa\u00fade mental, pediatria e paliativos.<\/p>\n<h3>Contexto regulat\u00f3rio<\/h3>\n<p>Foi publicada hoje no Di\u00e1rio da Rep\u00fablica uma portaria que entra em vigor na quarta-feira. Rev\u00ea o regime de articula\u00e7\u00e3o entre institui\u00e7\u00f5es para avalia\u00e7\u00e3o, encaminhamento, gest\u00e3o de vagas e acolhimento de pacientes com alta cl\u00ednica que permanecem nos hospitais.<\/p>\n<p>A portaria estabelece que unidades do setor social tenham tr\u00eas meses para pedir a afeta\u00e7\u00e3o de vagas dispon\u00edveis para camas interm\u00e9dias ou para criaram unidades interm\u00e9dias aut\u00f3nomas. O objetivo \u00e9 libertar camas hospitalares.<\/p>\n<p>O Governo anunciou h\u00e1 duas semanas a cria\u00e7\u00e3o de 400 vagas de internamento social em novas unidades interm\u00e9dias, contratualizadas com entidades do setor social e solid\u00e1rio, para pessoas com alta cl\u00ednica.<\/p>\n<p>As entidades que possuam vagas integradas podem requerer ao ISS a afeta\u00e7\u00e3o dessas vagas no prazo de tr\u00eas meses. Podem ser criadas unidades interm\u00e9dias de 20 utentes, com dura\u00e7\u00e3o transit\u00f3ria de seis meses, ou converter vagas existentes em camas interm\u00e9dias.<\/p>\n<p>Sempre que poss\u00edvel, deve privilegiar-se o regresso da pessoa ao domic\u00edlio com apoios adequados. Se n\u00e3o houver viabilidade, deve-se optar pelo acolhimento em resposta social adequada, mantendo a oferta dispon\u00edvel.<\/p>\n<p>Aporta\u00e7\u00e3o de vagas contratualizadas pode manter-se reservada, mesmo que n\u00e3o esteja a ser utilizada, com pagamento de 40% do valor da comparticipa\u00e7\u00e3o por seis meses.<\/p>\n<p>O objetivo da medida \u00e9 evitar perman\u00eancia indevida de pacientes com alta cl\u00ednica em meio hospitalar pela incapacidade de disponibilizar resposta social imediata. A portaria define crit\u00e9rios de gest\u00e3o das vagas para frear constrangimentos na urg\u00eancia hospitalar.<\/p>\n<p>Dados j\u00e1 dispon\u00edveis indicam a press\u00e3o sobre hospitais p\u00fablicos, com centenas de utentes dependentes de solu\u00e7\u00f5es sociais que ainda n\u00e3o t\u00eam solu\u00e7\u00e3o de longo prazo. Autoridades reiteram foco em solu\u00e7\u00f5es r\u00e1pidas e estruturais.<\/p>\n","protected":false},"excerpt":{"rendered":"<ul>\n<li>Quase 2.800 utentes estavam internados nos hospitais p\u00fablicos a meio de janeiro \u00e0 espera de resposta social ou de vaga na Rede Nacional de Cuidados Continuados Integrados (RNCCI).<\/li>\n<li>At\u00e9 14 de janeiro estavam 734 utentes \u00e0 espera de resposta social e 2.034 \u00e0 espera de vaga na RNCCI, em todas as tipologias, incluindo domic\u00edlios, sa\u00fade mental, pediatria e cuidados paliativos.<\/li>\n<li>Este ano, at\u00e9 14 de janeiro foram admitidos 61 utentes em resposta social: 58 atrav\u00e9s dos Centros Districtais da Seguran\u00e7a Social e 3 pela Santa Casa da Miseric\u00f3rdia de Lisboa.<\/li>\n<li>Nas duas primeiras semanas do ano, foram admitidos 1.629 utentes na RNCCI.<\/li>\n<li>Uma portaria publicada hoje regula a articula\u00e7\u00e3o entre institui\u00e7\u00f5es para avalia\u00e7\u00e3o, encaminhamento, gest\u00e3o de vagas e acolhimento de pessoas com alta cl\u00ednica que permanecem nos hospitais, com tr\u00eas meses para pedir afeta\u00e7\u00e3o de vagas ou criar unidades interm\u00e9dias aut\u00f3nomas.<\/li>\n<\/ul>\n","protected":false},"author":2,"featured_media":158157,"comment_status":"closed","ping_status":"closed","sticky":false,"template":"","format":"standard","meta":{"footnotes":""},"categories":[1],"tags":[2172,2581,3605,172,2824],"class_list":["post-158145","post","type-post","status-publish","format-standard","has-post-thumbnail","hentry","category-noticias","tag-assistencia-social","tag-hospitais","tag-resposta-social","tag-saude","tag-setor-publico"],"yoast_head":"<!-- This site is optimized with the Yoast SEO plugin v27.2 - https:\/\/yoast.com\/product\/yoast-seo-wordpress\/ -->\n<title>Quase 2.800 utentes esperam resposta social ou vaga em cuidados continuados - Portal Tela Portugal<\/title>\n<meta name=\"robots\" content=\"index, follow, max-snippet:-1, max-image-preview:large, max-video-preview:-1\" \/>\n<meta property=\"og:locale\" content=\"pt_PT\" \/>\n<meta property=\"og:type\" content=\"article\" \/>\n<meta property=\"og:title\" content=\"Quase 2.800 utentes esperam resposta social ou vaga em cuidados continuados - Portal Tela Portugal\" \/>\n<meta property=\"og:description\" content=\"Quase 2.800 utentes estavam internados nos hospitais p\u00fablicos a meio de janeiro \u00e0 espera de resposta social ou de vaga na Rede Nacional de Cuidados Continuados Integrados (RNCCI). At\u00e9 14 de janeiro estavam 734 utentes \u00e0 espera de resposta social e 2.034 \u00e0 espera de vaga na RNCCI, em todas as tipologias, incluindo domic\u00edlios, sa\u00fade mental, pediatria e cuidados paliativos. Este ano, at\u00e9 14 de janeiro foram admitidos 61 utentes em resposta social: 58 atrav\u00e9s dos Centros Districtais da Seguran\u00e7a Social e 3 pela Santa Casa da Miseric\u00f3rdia de Lisboa. Nas duas primeiras semanas do ano, foram admitidos 1.629 utentes na RNCCI. Uma portaria publicada hoje regula a articula\u00e7\u00e3o entre institui\u00e7\u00f5es para avalia\u00e7\u00e3o, encaminhamento, gest\u00e3o de vagas e acolhimento de pessoas com alta cl\u00ednica que permanecem nos hospitais, com tr\u00eas meses para pedir afeta\u00e7\u00e3o de vagas ou criar unidades interm\u00e9dias aut\u00f3nomas.\" \/>\n<meta property=\"og:url\" content=\"https:\/\/portaltela.pt\/noticias\/2026\/01\/20\/quase-2-800-utentes-esperam-resposta-social-ou-vaga-em-cuidados-continuados\/\" \/>\n<meta property=\"og:site_name\" content=\"Portal Tela Portugal\" \/>\n<meta property=\"article:published_time\" content=\"2026-01-20T21:31:00+00:00\" \/>\n<meta name=\"author\" content=\"Telinha\" \/>\n<meta name=\"twitter:card\" content=\"summary_large_image\" \/>\n<meta name=\"twitter:label1\" content=\"Escrito por\" \/>\n\t<meta name=\"twitter:data1\" content=\"Telinha\" \/>\n\t<meta name=\"twitter:label2\" content=\"Tempo estimado de leitura\" \/>\n\t<meta name=\"twitter:data2\" content=\"2 minutos\" \/>\n<script type=\"application\/ld+json\" class=\"yoast-schema-graph\">{\"@context\":\"https:\/\/schema.org\",\"@graph\":[{\"@type\":\"Article\",\"@id\":\"https:\/\/portaltela.pt\/noticias\/2026\/01\/20\/quase-2-800-utentes-esperam-resposta-social-ou-vaga-em-cuidados-continuados\/#article\",\"isPartOf\":{\"@id\":\"https:\/\/portaltela.pt\/noticias\/2026\/01\/20\/quase-2-800-utentes-esperam-resposta-social-ou-vaga-em-cuidados-continuados\/\"},\"author\":{\"name\":\"Telinha\",\"@id\":\"https:\/\/portaltela.pt\/#\/schema\/person\/c4278d4a6028830caff9ee44b42d32ed\"},\"headline\":\"Quase 2.800 utentes esperam resposta social ou vaga em cuidados continuados\",\"datePublished\":\"2026-01-20T21:31:00+00:00\",\"mainEntityOfPage\":{\"@id\":\"https:\/\/portaltela.pt\/noticias\/2026\/01\/20\/quase-2-800-utentes-esperam-resposta-social-ou-vaga-em-cuidados-continuados\/\"},\"wordCount\":433,\"image\":{\"@id\":\"https:\/\/portaltela.pt\/noticias\/2026\/01\/20\/quase-2-800-utentes-esperam-resposta-social-ou-vaga-em-cuidados-continuados\/#primaryimage\"},\"thumbnailUrl\":\"https:\/\/portaltela.pt\/s.01k8rhncp4jt1\/2026\/01\/unnamed-file-4236.jpg\",\"keywords\":[\"assist\u00eancia social\",\"hospitais\",\"resposta social\",\"sa\u00fade\",\"setor p\u00fablico\"],\"articleSection\":[\"Not\u00edcias\"],\"inLanguage\":\"pt-PT\"},{\"@type\":\"WebPage\",\"@id\":\"https:\/\/portaltela.pt\/noticias\/2026\/01\/20\/quase-2-800-utentes-esperam-resposta-social-ou-vaga-em-cuidados-continuados\/\",\"url\":\"https:\/\/portaltela.pt\/noticias\/2026\/01\/20\/quase-2-800-utentes-esperam-resposta-social-ou-vaga-em-cuidados-continuados\/\",\"name\":\"Quase 2.800 utentes esperam resposta social ou vaga em cuidados continuados - Portal Tela Portugal\",\"isPartOf\":{\"@id\":\"https:\/\/portaltela.pt\/#website\"},\"primaryImageOfPage\":{\"@id\":\"https:\/\/portaltela.pt\/noticias\/2026\/01\/20\/quase-2-800-utentes-esperam-resposta-social-ou-vaga-em-cuidados-continuados\/#primaryimage\"},\"image\":{\"@id\":\"https:\/\/portaltela.pt\/noticias\/2026\/01\/20\/quase-2-800-utentes-esperam-resposta-social-ou-vaga-em-cuidados-continuados\/#primaryimage\"},\"thumbnailUrl\":\"https:\/\/portaltela.pt\/s.01k8rhncp4jt1\/2026\/01\/unnamed-file-4236.jpg\",\"datePublished\":\"2026-01-20T21:31:00+00:00\",\"author\":{\"@id\":\"https:\/\/portaltela.pt\/#\/schema\/person\/c4278d4a6028830caff9ee44b42d32ed\"},\"breadcrumb\":{\"@id\":\"https:\/\/portaltela.pt\/noticias\/2026\/01\/20\/quase-2-800-utentes-esperam-resposta-social-ou-vaga-em-cuidados-continuados\/#breadcrumb\"},\"inLanguage\":\"pt-PT\",\"potentialAction\":[{\"@type\":\"ReadAction\",\"target\":[\"https:\/\/portaltela.pt\/noticias\/2026\/01\/20\/quase-2-800-utentes-esperam-resposta-social-ou-vaga-em-cuidados-continuados\/\"]}]},{\"@type\":\"ImageObject\",\"inLanguage\":\"pt-PT\",\"@id\":\"https:\/\/portaltela.pt\/noticias\/2026\/01\/20\/quase-2-800-utentes-esperam-resposta-social-ou-vaga-em-cuidados-continuados\/#primaryimage\",\"url\":\"https:\/\/portaltela.pt\/s.01k8rhncp4jt1\/2026\/01\/unnamed-file-4236.jpg\",\"contentUrl\":\"https:\/\/portaltela.pt\/s.01k8rhncp4jt1\/2026\/01\/unnamed-file-4236.jpg\",\"width\":796,\"height\":448,\"caption\":\"Quase 2.800 utentes aguardam nos hospitais por resposta social ou vaga em cuidados continuados\"},{\"@type\":\"BreadcrumbList\",\"@id\":\"https:\/\/portaltela.pt\/noticias\/2026\/01\/20\/quase-2-800-utentes-esperam-resposta-social-ou-vaga-em-cuidados-continuados\/#breadcrumb\",\"itemListElement\":[{\"@type\":\"ListItem\",\"position\":1,\"name\":\"In\u00edcio\",\"item\":\"https:\/\/portaltela.pt\/\"},{\"@type\":\"ListItem\",\"position\":2,\"name\":\"Quase 2.800 utentes esperam resposta social ou vaga em cuidados continuados\"}]},{\"@type\":\"WebSite\",\"@id\":\"https:\/\/portaltela.pt\/#website\",\"url\":\"https:\/\/portaltela.pt\/\",\"name\":\"Portal Tela Portugal\",\"description\":\"\",\"potentialAction\":[{\"@type\":\"SearchAction\",\"target\":{\"@type\":\"EntryPoint\",\"urlTemplate\":\"https:\/\/portaltela.pt\/?s={search_term_string}\"},\"query-input\":{\"@type\":\"PropertyValueSpecification\",\"valueRequired\":true,\"valueName\":\"search_term_string\"}}],\"inLanguage\":\"pt-PT\"},{\"@type\":\"Person\",\"@id\":\"https:\/\/portaltela.pt\/#\/schema\/person\/c4278d4a6028830caff9ee44b42d32ed\",\"name\":\"Telinha\",\"image\":{\"@type\":\"ImageObject\",\"inLanguage\":\"pt-PT\",\"@id\":\"https:\/\/portaltela.pt\/s.01k8rhncp4jt1\/2025\/11\/talking-bot-125x125.png\",\"url\":\"https:\/\/portaltela.pt\/s.01k8rhncp4jt1\/2025\/11\/talking-bot-125x125.png\",\"contentUrl\":\"https:\/\/portaltela.pt\/s.01k8rhncp4jt1\/2025\/11\/talking-bot-125x125.png\",\"caption\":\"Telinha\"},\"sameAs\":[\"https:\/\/portaltela.pt\/\"],\"url\":\"https:\/\/portaltela.pt\/por\/367410592786\/\"}]}<\/script>\n<!-- \/ Yoast SEO plugin. -->","yoast_head_json":{"title":"Quase 2.800 utentes esperam resposta social ou vaga em cuidados continuados - Portal Tela Portugal","robots":{"index":"index","follow":"follow","max-snippet":"max-snippet:-1","max-image-preview":"max-image-preview:large","max-video-preview":"max-video-preview:-1"},"og_locale":"pt_PT","og_type":"article","og_title":"Quase 2.800 utentes esperam resposta social ou vaga em cuidados continuados - Portal Tela Portugal","og_description":"Quase 2.800 utentes estavam internados nos hospitais p\u00fablicos a meio de janeiro \u00e0 espera de resposta social ou de vaga na Rede Nacional de Cuidados Continuados Integrados (RNCCI). At\u00e9 14 de janeiro estavam 734 utentes \u00e0 espera de resposta social e 2.034 \u00e0 espera de vaga na RNCCI, em todas as tipologias, incluindo domic\u00edlios, sa\u00fade mental, pediatria e cuidados paliativos. Este ano, at\u00e9 14 de janeiro foram admitidos 61 utentes em resposta social: 58 atrav\u00e9s dos Centros Districtais da Seguran\u00e7a Social e 3 pela Santa Casa da Miseric\u00f3rdia de Lisboa. Nas duas primeiras semanas do ano, foram admitidos 1.629 utentes na RNCCI. Uma portaria publicada hoje regula a articula\u00e7\u00e3o entre institui\u00e7\u00f5es para avalia\u00e7\u00e3o, encaminhamento, gest\u00e3o de vagas e acolhimento de pessoas com alta cl\u00ednica que permanecem nos hospitais, com tr\u00eas meses para pedir afeta\u00e7\u00e3o de vagas ou criar unidades interm\u00e9dias aut\u00f3nomas.","og_url":"https:\/\/portaltela.pt\/noticias\/2026\/01\/20\/quase-2-800-utentes-esperam-resposta-social-ou-vaga-em-cuidados-continuados\/","og_site_name":"Portal Tela Portugal","article_published_time":"2026-01-20T21:31:00+00:00","author":"Telinha","twitter_card":"summary_large_image","twitter_misc":{"Escrito por":"Telinha","Tempo estimado de leitura":"2 minutos"},"schema":{"@context":"https:\/\/schema.org","@graph":[{"@type":"Article","@id":"https:\/\/portaltela.pt\/noticias\/2026\/01\/20\/quase-2-800-utentes-esperam-resposta-social-ou-vaga-em-cuidados-continuados\/#article","isPartOf":{"@id":"https:\/\/portaltela.pt\/noticias\/2026\/01\/20\/quase-2-800-utentes-esperam-resposta-social-ou-vaga-em-cuidados-continuados\/"},"author":{"name":"Telinha","@id":"https:\/\/portaltela.pt\/#\/schema\/person\/c4278d4a6028830caff9ee44b42d32ed"},"headline":"Quase 2.800 utentes esperam resposta social ou vaga em cuidados continuados","datePublished":"2026-01-20T21:31:00+00:00","mainEntityOfPage":{"@id":"https:\/\/portaltela.pt\/noticias\/2026\/01\/20\/quase-2-800-utentes-esperam-resposta-social-ou-vaga-em-cuidados-continuados\/"},"wordCount":433,"image":{"@id":"https:\/\/portaltela.pt\/noticias\/2026\/01\/20\/quase-2-800-utentes-esperam-resposta-social-ou-vaga-em-cuidados-continuados\/#primaryimage"},"thumbnailUrl":"https:\/\/portaltela.pt\/s.01k8rhncp4jt1\/2026\/01\/unnamed-file-4236.jpg","keywords":["assist\u00eancia social","hospitais","resposta social","sa\u00fade","setor p\u00fablico"],"articleSection":["Not\u00edcias"],"inLanguage":"pt-PT"},{"@type":"WebPage","@id":"https:\/\/portaltela.pt\/noticias\/2026\/01\/20\/quase-2-800-utentes-esperam-resposta-social-ou-vaga-em-cuidados-continuados\/","url":"https:\/\/portaltela.pt\/noticias\/2026\/01\/20\/quase-2-800-utentes-esperam-resposta-social-ou-vaga-em-cuidados-continuados\/","name":"Quase 2.800 utentes esperam resposta social ou vaga em cuidados continuados - Portal Tela Portugal","isPartOf":{"@id":"https:\/\/portaltela.pt\/#website"},"primaryImageOfPage":{"@id":"https:\/\/portaltela.pt\/noticias\/2026\/01\/20\/quase-2-800-utentes-esperam-resposta-social-ou-vaga-em-cuidados-continuados\/#primaryimage"},"image":{"@id":"https:\/\/portaltela.pt\/noticias\/2026\/01\/20\/quase-2-800-utentes-esperam-resposta-social-ou-vaga-em-cuidados-continuados\/#primaryimage"},"thumbnailUrl":"https:\/\/portaltela.pt\/s.01k8rhncp4jt1\/2026\/01\/unnamed-file-4236.jpg","datePublished":"2026-01-20T21:31:00+00:00","author":{"@id":"https:\/\/portaltela.pt\/#\/schema\/person\/c4278d4a6028830caff9ee44b42d32ed"},"breadcrumb":{"@id":"https:\/\/portaltela.pt\/noticias\/2026\/01\/20\/quase-2-800-utentes-esperam-resposta-social-ou-vaga-em-cuidados-continuados\/#breadcrumb"},"inLanguage":"pt-PT","potentialAction":[{"@type":"ReadAction","target":["https:\/\/portaltela.pt\/noticias\/2026\/01\/20\/quase-2-800-utentes-esperam-resposta-social-ou-vaga-em-cuidados-continuados\/"]}]},{"@type":"ImageObject","inLanguage":"pt-PT","@id":"https:\/\/portaltela.pt\/noticias\/2026\/01\/20\/quase-2-800-utentes-esperam-resposta-social-ou-vaga-em-cuidados-continuados\/#primaryimage","url":"https:\/\/portaltela.pt\/s.01k8rhncp4jt1\/2026\/01\/unnamed-file-4236.jpg","contentUrl":"https:\/\/portaltela.pt\/s.01k8rhncp4jt1\/2026\/01\/unnamed-file-4236.jpg","width":796,"height":448,"caption":"Quase 2.800 utentes aguardam nos hospitais por resposta social ou vaga em cuidados continuados"},{"@type":"BreadcrumbList","@id":"https:\/\/portaltela.pt\/noticias\/2026\/01\/20\/quase-2-800-utentes-esperam-resposta-social-ou-vaga-em-cuidados-continuados\/#breadcrumb","itemListElement":[{"@type":"ListItem","position":1,"name":"In\u00edcio","item":"https:\/\/portaltela.pt\/"},{"@type":"ListItem","position":2,"name":"Quase 2.800 utentes esperam resposta social ou vaga em cuidados continuados"}]},{"@type":"WebSite","@id":"https:\/\/portaltela.pt\/#website","url":"https:\/\/portaltela.pt\/","name":"Portal Tela Portugal","description":"","potentialAction":[{"@type":"SearchAction","target":{"@type":"EntryPoint","urlTemplate":"https:\/\/portaltela.pt\/?s={search_term_string}"},"query-input":{"@type":"PropertyValueSpecification","valueRequired":true,"valueName":"search_term_string"}}],"inLanguage":"pt-PT"},{"@type":"Person","@id":"https:\/\/portaltela.pt\/#\/schema\/person\/c4278d4a6028830caff9ee44b42d32ed","name":"Telinha","image":{"@type":"ImageObject","inLanguage":"pt-PT","@id":"https:\/\/portaltela.pt\/s.01k8rhncp4jt1\/2025\/11\/talking-bot-125x125.png","url":"https:\/\/portaltela.pt\/s.01k8rhncp4jt1\/2025\/11\/talking-bot-125x125.png","contentUrl":"https:\/\/portaltela.pt\/s.01k8rhncp4jt1\/2025\/11\/talking-bot-125x125.png","caption":"Telinha"},"sameAs":["https:\/\/portaltela.pt\/"],"url":"https:\/\/portaltela.pt\/por\/367410592786\/"}]}},"_links":{"self":[{"href":"https:\/\/portaltela.pt\/api\/wp\/v2\/posts\/158145","targetHints":{"allow":["GET"]}}],"collection":[{"href":"https:\/\/portaltela.pt\/api\/wp\/v2\/posts"}],"about":[{"href":"https:\/\/portaltela.pt\/api\/wp\/v2\/types\/post"}],"author":[{"embeddable":true,"href":"https:\/\/portaltela.pt\/api\/wp\/v2\/users\/2"}],"replies":[{"embeddable":true,"href":"https:\/\/portaltela.pt\/api\/wp\/v2\/comments?post=158145"}],"version-history":[{"count":0,"href":"https:\/\/portaltela.pt\/api\/wp\/v2\/posts\/158145\/revisions"}],"wp:featuredmedia":[{"embeddable":true,"href":"https:\/\/portaltela.pt\/api\/wp\/v2\/media\/158157"}],"wp:attachment":[{"href":"https:\/\/portaltela.pt\/api\/wp\/v2\/media?parent=158145"}],"wp:term":[{"taxonomy":"category","embeddable":true,"href":"https:\/\/portaltela.pt\/api\/wp\/v2\/categories?post=158145"},{"taxonomy":"post_tag","embeddable":true,"href":"https:\/\/portaltela.pt\/api\/wp\/v2\/tags?post=158145"}],"curies":[{"name":"wp","href":"https:\/\/api.w.org\/{rel}","templated":true}]}}