{"id":158132,"date":"2026-01-20T18:37:00","date_gmt":"2026-01-20T21:37:00","guid":{"rendered":"https:\/\/portaltela.pt\/noticias\/2026\/01\/20\/alunos-da-secundaria-de-barcelinhos-ficam-a-chuva-por-falta-de-coberturas\/"},"modified":"2026-01-20T18:37:00","modified_gmt":"2026-01-20T21:37:00","slug":"alunos-da-secundaria-de-barcelinhos-ficam-a-chuva-por-falta-de-coberturas","status":"publish","type":"post","link":"https:\/\/portaltela.pt\/noticias\/2026\/01\/20\/alunos-da-secundaria-de-barcelinhos-ficam-a-chuva-por-falta-de-coberturas\/","title":{"rendered":"Alunos da Secund\u00e1ria de Barcelinhos ficam \u00e0 chuva por falta de coberturas"},"content":{"rendered":"<p>A Secund\u00e1ria de Barcelinhos enfrenta dificuldades devido \u00e0 falta de cobertura entre os monoblocos provis\u00f3rios montados junto ao quartel dos bombeiros, onde decorrem as obras de requalifica\u00e7\u00e3o. Alunos, docentes e assistentes ficam expostos \u00e0 chuva durante os intervalos e nos deslocamentos entre salas. A situa\u00e7\u00e3o persiste nos dias de mau tempo.<\/p>\n<p>Segundo a C\u00e2mara Municipal de Barcelos, est\u00e1 prevista a instala\u00e7\u00e3o de uma cobertura na pr\u00f3xima semana para ligar os blocos. Enquanto isso, a falta de prote\u00e7\u00e3o mant\u00e9m a comunidade escolar em condi\u00e7\u00f5es prec\u00e1rias durante as desloca\u00e7\u00f5es e a perman\u00eancia nos espa\u00e7os da escola.<\/p>\n<p>Docentes e encarregados de educa\u00e7\u00e3o j\u00e1 ponderam boicotar as atividades caso n\u00e3o haja solu\u00e7\u00e3o r\u00e1pida. O objetivo \u00e9 assegurar condi\u00e7\u00f5es b\u00e1sicas de acolhimento e prote\u00e7\u00e3o para alunos e profissionais face \u00e0s intemp\u00e9ries. A comunidade aguarda, assim, uma resposta eficaz das autoridades locais.<\/p>\n<h3>Medidas em curso<\/h3>\n<p>Aguardam-se esclarecimentos oficiais sobre prazos e custos associados \u00e0 cobertura, bem como o impacto na calendariza\u00e7\u00e3o lectiva. A dire\u00e7\u00e3o da escola n\u00e3o confirmou altera\u00e7\u00f5es ao hor\u00e1rio, enquanto a autarquia trabalha na adjudica\u00e7\u00e3o da obra. A situa\u00e7\u00e3o \u00e9 acompanhada pela comunidade educativa.<\/p>\n","protected":false},"excerpt":{"rendered":"<ul>\n<li>As instala\u00e7\u00f5es provis\u00f3rias da Secund\u00e1ria de Barcelinhos, montadas no quartel dos bombeiros durante a requalifica\u00e7\u00e3o, n\u00e3o t\u00eam cobertura entre os blocos.<\/li>\n<li>Alunos, docentes e auxiliares ficam \u00e0 chuva durante os intervalos e nos deslocamentos entre salas.<\/li>\n<li>A C\u00e2mara de Barcelos informou que ser\u00e1 adjudicada uma cobertura na pr\u00f3xima semana.<\/li>\n<li>Professores e encarregados de educa\u00e7\u00e3o ponderam boicotar as aulas se n\u00e3o houver medidas imediatas.<\/li>\n<\/ul>\n","protected":false},"author":2,"featured_media":158138,"comment_status":"closed","ping_status":"closed","sticky":false,"template":"","format":"standard","meta":{"footnotes":""},"categories":[1],"tags":[3094,1028,1027,163,101],"class_list":["post-158132","post","type-post","status-publish","format-standard","has-post-thumbnail","hentry","category-noticias","tag-abrigos","tag-barcelinhos","tag-barcelos","tag-educacao","tag-escolas"],"yoast_head":"<!-- This site is optimized with the Yoast SEO plugin v27.2 - https:\/\/yoast.com\/product\/yoast-seo-wordpress\/ -->\n<title>Alunos da Secund\u00e1ria de Barcelinhos ficam \u00e0 chuva por falta de coberturas - Portal Tela Portugal<\/title>\n<meta name=\"robots\" content=\"index, follow, max-snippet:-1, max-image-preview:large, max-video-preview:-1\" \/>\n<meta property=\"og:locale\" content=\"pt_PT\" \/>\n<meta property=\"og:type\" content=\"article\" \/>\n<meta property=\"og:title\" content=\"Alunos da Secund\u00e1ria de Barcelinhos ficam \u00e0 chuva por falta de coberturas - Portal Tela Portugal\" \/>\n<meta property=\"og:description\" content=\"As instala\u00e7\u00f5es provis\u00f3rias da Secund\u00e1ria de Barcelinhos, montadas no quartel dos bombeiros durante a requalifica\u00e7\u00e3o, n\u00e3o t\u00eam cobertura entre os blocos. Alunos, docentes e auxiliares ficam \u00e0 chuva durante os intervalos e nos deslocamentos entre salas. A C\u00e2mara de Barcelos informou que ser\u00e1 adjudicada uma cobertura na pr\u00f3xima semana. Professores e encarregados de educa\u00e7\u00e3o ponderam boicotar as aulas se n\u00e3o houver medidas imediatas.\" \/>\n<meta property=\"og:url\" content=\"https:\/\/portaltela.pt\/noticias\/2026\/01\/20\/alunos-da-secundaria-de-barcelinhos-ficam-a-chuva-por-falta-de-coberturas\/\" \/>\n<meta property=\"og:site_name\" content=\"Portal Tela Portugal\" \/>\n<meta property=\"article:published_time\" content=\"2026-01-20T21:37:00+00:00\" \/>\n<meta name=\"author\" content=\"Telinha\" \/>\n<meta name=\"twitter:card\" content=\"summary_large_image\" \/>\n<meta name=\"twitter:label1\" content=\"Escrito por\" \/>\n\t<meta name=\"twitter:data1\" content=\"Telinha\" \/>\n\t<meta name=\"twitter:label2\" content=\"Tempo estimado de leitura\" \/>\n\t<meta name=\"twitter:data2\" content=\"1 minuto\" \/>\n<script type=\"application\/ld+json\" class=\"yoast-schema-graph\">{\"@context\":\"https:\/\/schema.org\",\"@graph\":[{\"@type\":\"Article\",\"@id\":\"https:\/\/portaltela.pt\/noticias\/2026\/01\/20\/alunos-da-secundaria-de-barcelinhos-ficam-a-chuva-por-falta-de-coberturas\/#article\",\"isPartOf\":{\"@id\":\"https:\/\/portaltela.pt\/noticias\/2026\/01\/20\/alunos-da-secundaria-de-barcelinhos-ficam-a-chuva-por-falta-de-coberturas\/\"},\"author\":{\"name\":\"Telinha\",\"@id\":\"https:\/\/portaltela.pt\/#\/schema\/person\/c4278d4a6028830caff9ee44b42d32ed\"},\"headline\":\"Alunos da Secund\u00e1ria de Barcelinhos ficam \u00e0 chuva por falta de coberturas\",\"datePublished\":\"2026-01-20T21:37:00+00:00\",\"mainEntityOfPage\":{\"@id\":\"https:\/\/portaltela.pt\/noticias\/2026\/01\/20\/alunos-da-secundaria-de-barcelinhos-ficam-a-chuva-por-falta-de-coberturas\/\"},\"wordCount\":216,\"image\":{\"@id\":\"https:\/\/portaltela.pt\/noticias\/2026\/01\/20\/alunos-da-secundaria-de-barcelinhos-ficam-a-chuva-por-falta-de-coberturas\/#primaryimage\"},\"thumbnailUrl\":\"https:\/\/portaltela.pt\/s.01k8rhncp4jt1\/2026\/01\/image-1285.jpg\",\"keywords\":[\"abrigos\",\"Barcelinhos\",\"Barcelos\",\"educa\u00e7\u00e3o\",\"escolas\"],\"articleSection\":[\"Not\u00edcias\"],\"inLanguage\":\"pt-PT\"},{\"@type\":\"WebPage\",\"@id\":\"https:\/\/portaltela.pt\/noticias\/2026\/01\/20\/alunos-da-secundaria-de-barcelinhos-ficam-a-chuva-por-falta-de-coberturas\/\",\"url\":\"https:\/\/portaltela.pt\/noticias\/2026\/01\/20\/alunos-da-secundaria-de-barcelinhos-ficam-a-chuva-por-falta-de-coberturas\/\",\"name\":\"Alunos da Secund\u00e1ria de Barcelinhos ficam \u00e0 chuva por falta de coberturas - Portal Tela Portugal\",\"isPartOf\":{\"@id\":\"https:\/\/portaltela.pt\/#website\"},\"primaryImageOfPage\":{\"@id\":\"https:\/\/portaltela.pt\/noticias\/2026\/01\/20\/alunos-da-secundaria-de-barcelinhos-ficam-a-chuva-por-falta-de-coberturas\/#primaryimage\"},\"image\":{\"@id\":\"https:\/\/portaltela.pt\/noticias\/2026\/01\/20\/alunos-da-secundaria-de-barcelinhos-ficam-a-chuva-por-falta-de-coberturas\/#primaryimage\"},\"thumbnailUrl\":\"https:\/\/portaltela.pt\/s.01k8rhncp4jt1\/2026\/01\/image-1285.jpg\",\"datePublished\":\"2026-01-20T21:37:00+00:00\",\"author\":{\"@id\":\"https:\/\/portaltela.pt\/#\/schema\/person\/c4278d4a6028830caff9ee44b42d32ed\"},\"breadcrumb\":{\"@id\":\"https:\/\/portaltela.pt\/noticias\/2026\/01\/20\/alunos-da-secundaria-de-barcelinhos-ficam-a-chuva-por-falta-de-coberturas\/#breadcrumb\"},\"inLanguage\":\"pt-PT\",\"potentialAction\":[{\"@type\":\"ReadAction\",\"target\":[\"https:\/\/portaltela.pt\/noticias\/2026\/01\/20\/alunos-da-secundaria-de-barcelinhos-ficam-a-chuva-por-falta-de-coberturas\/\"]}]},{\"@type\":\"ImageObject\",\"inLanguage\":\"pt-PT\",\"@id\":\"https:\/\/portaltela.pt\/noticias\/2026\/01\/20\/alunos-da-secundaria-de-barcelinhos-ficam-a-chuva-por-falta-de-coberturas\/#primaryimage\",\"url\":\"https:\/\/portaltela.pt\/s.01k8rhncp4jt1\/2026\/01\/image-1285.jpg\",\"contentUrl\":\"https:\/\/portaltela.pt\/s.01k8rhncp4jt1\/2026\/01\/image-1285.jpg\",\"width\":796,\"height\":448,\"caption\":\"Alunos s\u00e3o obrigados a ficar \u00e0 chuva durante os intervalos\"},{\"@type\":\"BreadcrumbList\",\"@id\":\"https:\/\/portaltela.pt\/noticias\/2026\/01\/20\/alunos-da-secundaria-de-barcelinhos-ficam-a-chuva-por-falta-de-coberturas\/#breadcrumb\",\"itemListElement\":[{\"@type\":\"ListItem\",\"position\":1,\"name\":\"In\u00edcio\",\"item\":\"https:\/\/portaltela.pt\/\"},{\"@type\":\"ListItem\",\"position\":2,\"name\":\"Alunos da Secund\u00e1ria de Barcelinhos ficam \u00e0 chuva por falta de coberturas\"}]},{\"@type\":\"WebSite\",\"@id\":\"https:\/\/portaltela.pt\/#website\",\"url\":\"https:\/\/portaltela.pt\/\",\"name\":\"Portal Tela Portugal\",\"description\":\"\",\"potentialAction\":[{\"@type\":\"SearchAction\",\"target\":{\"@type\":\"EntryPoint\",\"urlTemplate\":\"https:\/\/portaltela.pt\/?s={search_term_string}\"},\"query-input\":{\"@type\":\"PropertyValueSpecification\",\"valueRequired\":true,\"valueName\":\"search_term_string\"}}],\"inLanguage\":\"pt-PT\"},{\"@type\":\"Person\",\"@id\":\"https:\/\/portaltela.pt\/#\/schema\/person\/c4278d4a6028830caff9ee44b42d32ed\",\"name\":\"Telinha\",\"image\":{\"@type\":\"ImageObject\",\"inLanguage\":\"pt-PT\",\"@id\":\"https:\/\/portaltela.pt\/s.01k8rhncp4jt1\/2025\/11\/talking-bot-125x125.png\",\"url\":\"https:\/\/portaltela.pt\/s.01k8rhncp4jt1\/2025\/11\/talking-bot-125x125.png\",\"contentUrl\":\"https:\/\/portaltela.pt\/s.01k8rhncp4jt1\/2025\/11\/talking-bot-125x125.png\",\"caption\":\"Telinha\"},\"sameAs\":[\"https:\/\/portaltela.pt\/\"],\"url\":\"https:\/\/portaltela.pt\/por\/367410592786\/\"}]}<\/script>\n<!-- \/ Yoast SEO plugin. -->","yoast_head_json":{"title":"Alunos da Secund\u00e1ria de Barcelinhos ficam \u00e0 chuva por falta de coberturas - Portal Tela Portugal","robots":{"index":"index","follow":"follow","max-snippet":"max-snippet:-1","max-image-preview":"max-image-preview:large","max-video-preview":"max-video-preview:-1"},"og_locale":"pt_PT","og_type":"article","og_title":"Alunos da Secund\u00e1ria de Barcelinhos ficam \u00e0 chuva por falta de coberturas - Portal Tela Portugal","og_description":"As instala\u00e7\u00f5es provis\u00f3rias da Secund\u00e1ria de Barcelinhos, montadas no quartel dos bombeiros durante a requalifica\u00e7\u00e3o, n\u00e3o t\u00eam cobertura entre os blocos. Alunos, docentes e auxiliares ficam \u00e0 chuva durante os intervalos e nos deslocamentos entre salas. A C\u00e2mara de Barcelos informou que ser\u00e1 adjudicada uma cobertura na pr\u00f3xima semana. Professores e encarregados de educa\u00e7\u00e3o ponderam boicotar as aulas se n\u00e3o houver medidas imediatas.","og_url":"https:\/\/portaltela.pt\/noticias\/2026\/01\/20\/alunos-da-secundaria-de-barcelinhos-ficam-a-chuva-por-falta-de-coberturas\/","og_site_name":"Portal Tela Portugal","article_published_time":"2026-01-20T21:37:00+00:00","author":"Telinha","twitter_card":"summary_large_image","twitter_misc":{"Escrito por":"Telinha","Tempo estimado de leitura":"1 minuto"},"schema":{"@context":"https:\/\/schema.org","@graph":[{"@type":"Article","@id":"https:\/\/portaltela.pt\/noticias\/2026\/01\/20\/alunos-da-secundaria-de-barcelinhos-ficam-a-chuva-por-falta-de-coberturas\/#article","isPartOf":{"@id":"https:\/\/portaltela.pt\/noticias\/2026\/01\/20\/alunos-da-secundaria-de-barcelinhos-ficam-a-chuva-por-falta-de-coberturas\/"},"author":{"name":"Telinha","@id":"https:\/\/portaltela.pt\/#\/schema\/person\/c4278d4a6028830caff9ee44b42d32ed"},"headline":"Alunos da Secund\u00e1ria de Barcelinhos ficam \u00e0 chuva por falta de coberturas","datePublished":"2026-01-20T21:37:00+00:00","mainEntityOfPage":{"@id":"https:\/\/portaltela.pt\/noticias\/2026\/01\/20\/alunos-da-secundaria-de-barcelinhos-ficam-a-chuva-por-falta-de-coberturas\/"},"wordCount":216,"image":{"@id":"https:\/\/portaltela.pt\/noticias\/2026\/01\/20\/alunos-da-secundaria-de-barcelinhos-ficam-a-chuva-por-falta-de-coberturas\/#primaryimage"},"thumbnailUrl":"https:\/\/portaltela.pt\/s.01k8rhncp4jt1\/2026\/01\/image-1285.jpg","keywords":["abrigos","Barcelinhos","Barcelos","educa\u00e7\u00e3o","escolas"],"articleSection":["Not\u00edcias"],"inLanguage":"pt-PT"},{"@type":"WebPage","@id":"https:\/\/portaltela.pt\/noticias\/2026\/01\/20\/alunos-da-secundaria-de-barcelinhos-ficam-a-chuva-por-falta-de-coberturas\/","url":"https:\/\/portaltela.pt\/noticias\/2026\/01\/20\/alunos-da-secundaria-de-barcelinhos-ficam-a-chuva-por-falta-de-coberturas\/","name":"Alunos da Secund\u00e1ria de Barcelinhos ficam \u00e0 chuva por falta de coberturas - Portal Tela Portugal","isPartOf":{"@id":"https:\/\/portaltela.pt\/#website"},"primaryImageOfPage":{"@id":"https:\/\/portaltela.pt\/noticias\/2026\/01\/20\/alunos-da-secundaria-de-barcelinhos-ficam-a-chuva-por-falta-de-coberturas\/#primaryimage"},"image":{"@id":"https:\/\/portaltela.pt\/noticias\/2026\/01\/20\/alunos-da-secundaria-de-barcelinhos-ficam-a-chuva-por-falta-de-coberturas\/#primaryimage"},"thumbnailUrl":"https:\/\/portaltela.pt\/s.01k8rhncp4jt1\/2026\/01\/image-1285.jpg","datePublished":"2026-01-20T21:37:00+00:00","author":{"@id":"https:\/\/portaltela.pt\/#\/schema\/person\/c4278d4a6028830caff9ee44b42d32ed"},"breadcrumb":{"@id":"https:\/\/portaltela.pt\/noticias\/2026\/01\/20\/alunos-da-secundaria-de-barcelinhos-ficam-a-chuva-por-falta-de-coberturas\/#breadcrumb"},"inLanguage":"pt-PT","potentialAction":[{"@type":"ReadAction","target":["https:\/\/portaltela.pt\/noticias\/2026\/01\/20\/alunos-da-secundaria-de-barcelinhos-ficam-a-chuva-por-falta-de-coberturas\/"]}]},{"@type":"ImageObject","inLanguage":"pt-PT","@id":"https:\/\/portaltela.pt\/noticias\/2026\/01\/20\/alunos-da-secundaria-de-barcelinhos-ficam-a-chuva-por-falta-de-coberturas\/#primaryimage","url":"https:\/\/portaltela.pt\/s.01k8rhncp4jt1\/2026\/01\/image-1285.jpg","contentUrl":"https:\/\/portaltela.pt\/s.01k8rhncp4jt1\/2026\/01\/image-1285.jpg","width":796,"height":448,"caption":"Alunos s\u00e3o obrigados a ficar \u00e0 chuva durante os intervalos"},{"@type":"BreadcrumbList","@id":"https:\/\/portaltela.pt\/noticias\/2026\/01\/20\/alunos-da-secundaria-de-barcelinhos-ficam-a-chuva-por-falta-de-coberturas\/#breadcrumb","itemListElement":[{"@type":"ListItem","position":1,"name":"In\u00edcio","item":"https:\/\/portaltela.pt\/"},{"@type":"ListItem","position":2,"name":"Alunos da Secund\u00e1ria de Barcelinhos ficam \u00e0 chuva por falta de coberturas"}]},{"@type":"WebSite","@id":"https:\/\/portaltela.pt\/#website","url":"https:\/\/portaltela.pt\/","name":"Portal Tela Portugal","description":"","potentialAction":[{"@type":"SearchAction","target":{"@type":"EntryPoint","urlTemplate":"https:\/\/portaltela.pt\/?s={search_term_string}"},"query-input":{"@type":"PropertyValueSpecification","valueRequired":true,"valueName":"search_term_string"}}],"inLanguage":"pt-PT"},{"@type":"Person","@id":"https:\/\/portaltela.pt\/#\/schema\/person\/c4278d4a6028830caff9ee44b42d32ed","name":"Telinha","image":{"@type":"ImageObject","inLanguage":"pt-PT","@id":"https:\/\/portaltela.pt\/s.01k8rhncp4jt1\/2025\/11\/talking-bot-125x125.png","url":"https:\/\/portaltela.pt\/s.01k8rhncp4jt1\/2025\/11\/talking-bot-125x125.png","contentUrl":"https:\/\/portaltela.pt\/s.01k8rhncp4jt1\/2025\/11\/talking-bot-125x125.png","caption":"Telinha"},"sameAs":["https:\/\/portaltela.pt\/"],"url":"https:\/\/portaltela.pt\/por\/367410592786\/"}]}},"_links":{"self":[{"href":"https:\/\/portaltela.pt\/api\/wp\/v2\/posts\/158132","targetHints":{"allow":["GET"]}}],"collection":[{"href":"https:\/\/portaltela.pt\/api\/wp\/v2\/posts"}],"about":[{"href":"https:\/\/portaltela.pt\/api\/wp\/v2\/types\/post"}],"author":[{"embeddable":true,"href":"https:\/\/portaltela.pt\/api\/wp\/v2\/users\/2"}],"replies":[{"embeddable":true,"href":"https:\/\/portaltela.pt\/api\/wp\/v2\/comments?post=158132"}],"version-history":[{"count":0,"href":"https:\/\/portaltela.pt\/api\/wp\/v2\/posts\/158132\/revisions"}],"wp:featuredmedia":[{"embeddable":true,"href":"https:\/\/portaltela.pt\/api\/wp\/v2\/media\/158138"}],"wp:attachment":[{"href":"https:\/\/portaltela.pt\/api\/wp\/v2\/media?parent=158132"}],"wp:term":[{"taxonomy":"category","embeddable":true,"href":"https:\/\/portaltela.pt\/api\/wp\/v2\/categories?post=158132"},{"taxonomy":"post_tag","embeddable":true,"href":"https:\/\/portaltela.pt\/api\/wp\/v2\/tags?post=158132"}],"curies":[{"name":"wp","href":"https:\/\/api.w.org\/{rel}","templated":true}]}}