{"id":158097,"date":"2026-01-20T18:12:00","date_gmt":"2026-01-20T21:12:00","guid":{"rendered":"https:\/\/portaltela.pt\/noticias\/2026\/01\/20\/herois-do-mar-definem-o-reino-da-dinamarca\/"},"modified":"2026-01-20T18:12:00","modified_gmt":"2026-01-20T21:12:00","slug":"herois-do-mar-definem-o-reino-da-dinamarca","status":"publish","type":"post","link":"https:\/\/portaltela.pt\/desporto\/2026\/01\/20\/herois-do-mar-definem-o-reino-da-dinamarca\/","title":{"rendered":"Her\u00f3is do Mar definem o reino da Dinamarca"},"content":{"rendered":"<p>Portugal empatou com Maced\u00f3nia do Norte no Europeu de andebol, num jogo decisivo pela qualifica\u00e7\u00e3o para a main round. O duelo realizou-se em Herning, na Dinamarca, com o resultado a condicionar as possibilidades de avanc\u0327ar na prova.<\/p>\n<p>A derrota de 29-29 surgiu nos 15 segundos finais, ap\u00f3s tr\u00eas remates n\u00e3o concretizados. O equil\u00edbrio manteve-se ao longo do encontro, com Portugal a liderar a segunda parte e a manter a posse de bola em momentos-chave, sem conseguir fechar a conta.<\/p>\n<p>&gt; O capit\u00e3o Rui Silva referiu, antes do jogo, que a equipa dependia de v\u00e1rias combina\u00e7\u00f5es com Rom\u00e9nia e Maced\u00f3nia do Norte para seguir em frente. Ant\u00f3nio Areia refor\u00e7ou a ambi\u00e7\u00e3o de vencer a Dinamarca e seguir na competi\u00e7\u00e3o.<\/p>\n<p>A primeira parte foi marcada por uma resposta s\u00f3lida de Portugal a partir de 19-14, com ajustes defensivos ao sistema 5-1. A Maced\u00f3nia do Norte respondeu com defesa firme e contra-ataques que puseram press\u00e3o a uma forma\u00e7\u00e3o lusa determinada a manter o ritmo.<\/p>\n<p>Ao intervalo, o marcador apontava 12-11 a favor de Portugal. Na segunda metade, a Dinamarca, conhecida pela sua ofensiva, encurtou dist\u00e2ncias e dominou na maior parte do tempo, mantendo o jogo vivo at\u00e9 ao \u00faltimo quarto.<\/p>\n<p>No final, Portugal viu-se obrigado a gerir uma expuls\u00e3o direta a Iturriza aos 26-25, mas os irm\u00e3os Costa pegaram no jogo e, com nove Golos cada, conduziram a equipa a uma chance de vit\u00f3ria at\u00e9 aos segundos finais. Capdeville foi determinante entre os postes.<\/p>\n","protected":false},"excerpt":{"rendered":"<ul>\n<li>Portugal empatou com a Maced\u00f3nia do Norte, 29-29, e a qualifica\u00e7\u00e3o para a main round ficou dependente da \u00faltima ronda.<\/li>\n<li>Nos momentos decisivos, houve tr\u00eas ocasi\u00f5es para desfazer o empate, mas n\u00e3o houve remate que quebrasse o nulo final.<\/li>\n<li>Anteriormente, frente \u00e0 Dinamarca, Portugal abriu com boa intensidade, manteve lideran\u00e7a at\u00e9 ao intervalo (12-11) e acabou por vencer por 31-29.<\/li>\n<li>Martim Costa e Francisco Costa tornaram-se os goleadores em destaque, com nove tentos cada, e Ant\u00f3nio Areia apareceu nos momentos-chave, com Salvador Salvador a substituir Martim Costa.<\/li>\n<li>Garantida a vit\u00f3ria, a sele\u00e7\u00e3o mostrou determina\u00e7\u00e3o em aprender com o jogo anterior e manter aspirantes \u00e0 passagem, mesmo diante de uma Dinamarca reconhecida como pot\u00eancia mundial.<\/li>\n<\/ul>\n","protected":false},"author":2,"featured_media":158119,"comment_status":"closed","ping_status":"closed","sticky":false,"template":"","format":"standard","meta":{"footnotes":""},"categories":[21],"tags":[180,152,2503,3005,1014,2057],"class_list":["post-158097","post","type-post","status-publish","format-standard","has-post-thumbnail","hentry","category-desporto","tag-andebol","tag-desporto","tag-dinamarca","tag-macedonia-do-norte","tag-portugal","tag-selecao-nacional"],"yoast_head":"<!-- This site is optimized with the Yoast SEO plugin v27.2 - https:\/\/yoast.com\/product\/yoast-seo-wordpress\/ -->\n<title>Her\u00f3is do Mar definem o reino da Dinamarca - Portal Tela Portugal<\/title>\n<meta name=\"robots\" content=\"index, follow, max-snippet:-1, max-image-preview:large, max-video-preview:-1\" \/>\n<meta property=\"og:locale\" content=\"pt_PT\" \/>\n<meta property=\"og:type\" content=\"article\" \/>\n<meta property=\"og:title\" content=\"Her\u00f3is do Mar definem o reino da Dinamarca - Portal Tela Portugal\" \/>\n<meta property=\"og:description\" content=\"Portugal empatou com a Maced\u00f3nia do Norte, 29-29, e a qualifica\u00e7\u00e3o para a main round ficou dependente da \u00faltima ronda. Nos momentos decisivos, houve tr\u00eas ocasi\u00f5es para desfazer o empate, mas n\u00e3o houve remate que quebrasse o nulo final. Anteriormente, frente \u00e0 Dinamarca, Portugal abriu com boa intensidade, manteve lideran\u00e7a at\u00e9 ao intervalo (12-11) e acabou por vencer por 31-29. Martim Costa e Francisco Costa tornaram-se os goleadores em destaque, com nove tentos cada, e Ant\u00f3nio Areia apareceu nos momentos-chave, com Salvador Salvador a substituir Martim Costa. Garantida a vit\u00f3ria, a sele\u00e7\u00e3o mostrou determina\u00e7\u00e3o em aprender com o jogo anterior e manter aspirantes \u00e0 passagem, mesmo diante de uma Dinamarca reconhecida como pot\u00eancia mundial.\" \/>\n<meta property=\"og:url\" content=\"https:\/\/portaltela.pt\/noticias\/2026\/01\/20\/herois-do-mar-definem-o-reino-da-dinamarca\/\" \/>\n<meta property=\"og:site_name\" content=\"Portal Tela Portugal\" \/>\n<meta property=\"article:published_time\" content=\"2026-01-20T21:12:00+00:00\" \/>\n<meta name=\"author\" content=\"Telinha\" \/>\n<meta name=\"twitter:card\" content=\"summary_large_image\" \/>\n<meta name=\"twitter:label1\" content=\"Escrito por\" \/>\n\t<meta name=\"twitter:data1\" content=\"Telinha\" \/>\n\t<meta name=\"twitter:label2\" content=\"Tempo estimado de leitura\" \/>\n\t<meta name=\"twitter:data2\" content=\"1 minuto\" \/>\n<script type=\"application\/ld+json\" class=\"yoast-schema-graph\">{\"@context\":\"https:\/\/schema.org\",\"@graph\":[{\"@type\":\"Article\",\"@id\":\"https:\/\/portaltela.pt\/noticias\/2026\/01\/20\/herois-do-mar-definem-o-reino-da-dinamarca\/#article\",\"isPartOf\":{\"@id\":\"https:\/\/portaltela.pt\/noticias\/2026\/01\/20\/herois-do-mar-definem-o-reino-da-dinamarca\/\"},\"author\":{\"name\":\"Telinha\",\"@id\":\"https:\/\/portaltela.pt\/#\/schema\/person\/c4278d4a6028830caff9ee44b42d32ed\"},\"headline\":\"Her\u00f3is do Mar definem o reino da Dinamarca\",\"datePublished\":\"2026-01-20T21:12:00+00:00\",\"mainEntityOfPage\":{\"@id\":\"https:\/\/portaltela.pt\/noticias\/2026\/01\/20\/herois-do-mar-definem-o-reino-da-dinamarca\/\"},\"wordCount\":273,\"image\":{\"@id\":\"https:\/\/portaltela.pt\/noticias\/2026\/01\/20\/herois-do-mar-definem-o-reino-da-dinamarca\/#primaryimage\"},\"thumbnailUrl\":\"https:\/\/portaltela.pt\/s.01k8rhncp4jt1\/2026\/01\/unnamed-file-4235.jpg\",\"keywords\":[\"andebol\",\"desporto\",\"Dinamarca\",\"Maced\u00f3nia do Norte\",\"Portugal\",\"Sele\u00e7\u00e3o Nacional\"],\"articleSection\":[\"Desporto\"],\"inLanguage\":\"pt-PT\"},{\"@type\":\"WebPage\",\"@id\":\"https:\/\/portaltela.pt\/noticias\/2026\/01\/20\/herois-do-mar-definem-o-reino-da-dinamarca\/\",\"url\":\"https:\/\/portaltela.pt\/noticias\/2026\/01\/20\/herois-do-mar-definem-o-reino-da-dinamarca\/\",\"name\":\"Her\u00f3is do Mar definem o reino da Dinamarca - Portal Tela Portugal\",\"isPartOf\":{\"@id\":\"https:\/\/portaltela.pt\/#website\"},\"primaryImageOfPage\":{\"@id\":\"https:\/\/portaltela.pt\/noticias\/2026\/01\/20\/herois-do-mar-definem-o-reino-da-dinamarca\/#primaryimage\"},\"image\":{\"@id\":\"https:\/\/portaltela.pt\/noticias\/2026\/01\/20\/herois-do-mar-definem-o-reino-da-dinamarca\/#primaryimage\"},\"thumbnailUrl\":\"https:\/\/portaltela.pt\/s.01k8rhncp4jt1\/2026\/01\/unnamed-file-4235.jpg\",\"datePublished\":\"2026-01-20T21:12:00+00:00\",\"author\":{\"@id\":\"https:\/\/portaltela.pt\/#\/schema\/person\/c4278d4a6028830caff9ee44b42d32ed\"},\"breadcrumb\":{\"@id\":\"https:\/\/portaltela.pt\/noticias\/2026\/01\/20\/herois-do-mar-definem-o-reino-da-dinamarca\/#breadcrumb\"},\"inLanguage\":\"pt-PT\",\"potentialAction\":[{\"@type\":\"ReadAction\",\"target\":[\"https:\/\/portaltela.pt\/noticias\/2026\/01\/20\/herois-do-mar-definem-o-reino-da-dinamarca\/\"]}]},{\"@type\":\"ImageObject\",\"inLanguage\":\"pt-PT\",\"@id\":\"https:\/\/portaltela.pt\/noticias\/2026\/01\/20\/herois-do-mar-definem-o-reino-da-dinamarca\/#primaryimage\",\"url\":\"https:\/\/portaltela.pt\/s.01k8rhncp4jt1\/2026\/01\/unnamed-file-4235.jpg\",\"contentUrl\":\"https:\/\/portaltela.pt\/s.01k8rhncp4jt1\/2026\/01\/unnamed-file-4235.jpg\",\"width\":796,\"height\":448,\"caption\":\"Hist\u00f3rico: os Her\u00f3is do Mar fizeram seu o reino da Dinamarca\"},{\"@type\":\"BreadcrumbList\",\"@id\":\"https:\/\/portaltela.pt\/noticias\/2026\/01\/20\/herois-do-mar-definem-o-reino-da-dinamarca\/#breadcrumb\",\"itemListElement\":[{\"@type\":\"ListItem\",\"position\":1,\"name\":\"In\u00edcio\",\"item\":\"https:\/\/portaltela.pt\/\"},{\"@type\":\"ListItem\",\"position\":2,\"name\":\"Her\u00f3is do Mar definem o reino da Dinamarca\"}]},{\"@type\":\"WebSite\",\"@id\":\"https:\/\/portaltela.pt\/#website\",\"url\":\"https:\/\/portaltela.pt\/\",\"name\":\"Portal Tela Portugal\",\"description\":\"\",\"potentialAction\":[{\"@type\":\"SearchAction\",\"target\":{\"@type\":\"EntryPoint\",\"urlTemplate\":\"https:\/\/portaltela.pt\/?s={search_term_string}\"},\"query-input\":{\"@type\":\"PropertyValueSpecification\",\"valueRequired\":true,\"valueName\":\"search_term_string\"}}],\"inLanguage\":\"pt-PT\"},{\"@type\":\"Person\",\"@id\":\"https:\/\/portaltela.pt\/#\/schema\/person\/c4278d4a6028830caff9ee44b42d32ed\",\"name\":\"Telinha\",\"image\":{\"@type\":\"ImageObject\",\"inLanguage\":\"pt-PT\",\"@id\":\"https:\/\/portaltela.pt\/s.01k8rhncp4jt1\/2025\/11\/talking-bot-125x125.png\",\"url\":\"https:\/\/portaltela.pt\/s.01k8rhncp4jt1\/2025\/11\/talking-bot-125x125.png\",\"contentUrl\":\"https:\/\/portaltela.pt\/s.01k8rhncp4jt1\/2025\/11\/talking-bot-125x125.png\",\"caption\":\"Telinha\"},\"sameAs\":[\"https:\/\/portaltela.pt\/\"],\"url\":\"https:\/\/portaltela.pt\/por\/367410592786\/\"}]}<\/script>\n<!-- \/ Yoast SEO plugin. -->","yoast_head_json":{"title":"Her\u00f3is do Mar definem o reino da Dinamarca - Portal Tela Portugal","robots":{"index":"index","follow":"follow","max-snippet":"max-snippet:-1","max-image-preview":"max-image-preview:large","max-video-preview":"max-video-preview:-1"},"og_locale":"pt_PT","og_type":"article","og_title":"Her\u00f3is do Mar definem o reino da Dinamarca - Portal Tela Portugal","og_description":"Portugal empatou com a Maced\u00f3nia do Norte, 29-29, e a qualifica\u00e7\u00e3o para a main round ficou dependente da \u00faltima ronda. Nos momentos decisivos, houve tr\u00eas ocasi\u00f5es para desfazer o empate, mas n\u00e3o houve remate que quebrasse o nulo final. Anteriormente, frente \u00e0 Dinamarca, Portugal abriu com boa intensidade, manteve lideran\u00e7a at\u00e9 ao intervalo (12-11) e acabou por vencer por 31-29. Martim Costa e Francisco Costa tornaram-se os goleadores em destaque, com nove tentos cada, e Ant\u00f3nio Areia apareceu nos momentos-chave, com Salvador Salvador a substituir Martim Costa. Garantida a vit\u00f3ria, a sele\u00e7\u00e3o mostrou determina\u00e7\u00e3o em aprender com o jogo anterior e manter aspirantes \u00e0 passagem, mesmo diante de uma Dinamarca reconhecida como pot\u00eancia mundial.","og_url":"https:\/\/portaltela.pt\/noticias\/2026\/01\/20\/herois-do-mar-definem-o-reino-da-dinamarca\/","og_site_name":"Portal Tela Portugal","article_published_time":"2026-01-20T21:12:00+00:00","author":"Telinha","twitter_card":"summary_large_image","twitter_misc":{"Escrito por":"Telinha","Tempo estimado de leitura":"1 minuto"},"schema":{"@context":"https:\/\/schema.org","@graph":[{"@type":"Article","@id":"https:\/\/portaltela.pt\/noticias\/2026\/01\/20\/herois-do-mar-definem-o-reino-da-dinamarca\/#article","isPartOf":{"@id":"https:\/\/portaltela.pt\/noticias\/2026\/01\/20\/herois-do-mar-definem-o-reino-da-dinamarca\/"},"author":{"name":"Telinha","@id":"https:\/\/portaltela.pt\/#\/schema\/person\/c4278d4a6028830caff9ee44b42d32ed"},"headline":"Her\u00f3is do Mar definem o reino da Dinamarca","datePublished":"2026-01-20T21:12:00+00:00","mainEntityOfPage":{"@id":"https:\/\/portaltela.pt\/noticias\/2026\/01\/20\/herois-do-mar-definem-o-reino-da-dinamarca\/"},"wordCount":273,"image":{"@id":"https:\/\/portaltela.pt\/noticias\/2026\/01\/20\/herois-do-mar-definem-o-reino-da-dinamarca\/#primaryimage"},"thumbnailUrl":"https:\/\/portaltela.pt\/s.01k8rhncp4jt1\/2026\/01\/unnamed-file-4235.jpg","keywords":["andebol","desporto","Dinamarca","Maced\u00f3nia do Norte","Portugal","Sele\u00e7\u00e3o Nacional"],"articleSection":["Desporto"],"inLanguage":"pt-PT"},{"@type":"WebPage","@id":"https:\/\/portaltela.pt\/noticias\/2026\/01\/20\/herois-do-mar-definem-o-reino-da-dinamarca\/","url":"https:\/\/portaltela.pt\/noticias\/2026\/01\/20\/herois-do-mar-definem-o-reino-da-dinamarca\/","name":"Her\u00f3is do Mar definem o reino da Dinamarca - Portal Tela Portugal","isPartOf":{"@id":"https:\/\/portaltela.pt\/#website"},"primaryImageOfPage":{"@id":"https:\/\/portaltela.pt\/noticias\/2026\/01\/20\/herois-do-mar-definem-o-reino-da-dinamarca\/#primaryimage"},"image":{"@id":"https:\/\/portaltela.pt\/noticias\/2026\/01\/20\/herois-do-mar-definem-o-reino-da-dinamarca\/#primaryimage"},"thumbnailUrl":"https:\/\/portaltela.pt\/s.01k8rhncp4jt1\/2026\/01\/unnamed-file-4235.jpg","datePublished":"2026-01-20T21:12:00+00:00","author":{"@id":"https:\/\/portaltela.pt\/#\/schema\/person\/c4278d4a6028830caff9ee44b42d32ed"},"breadcrumb":{"@id":"https:\/\/portaltela.pt\/noticias\/2026\/01\/20\/herois-do-mar-definem-o-reino-da-dinamarca\/#breadcrumb"},"inLanguage":"pt-PT","potentialAction":[{"@type":"ReadAction","target":["https:\/\/portaltela.pt\/noticias\/2026\/01\/20\/herois-do-mar-definem-o-reino-da-dinamarca\/"]}]},{"@type":"ImageObject","inLanguage":"pt-PT","@id":"https:\/\/portaltela.pt\/noticias\/2026\/01\/20\/herois-do-mar-definem-o-reino-da-dinamarca\/#primaryimage","url":"https:\/\/portaltela.pt\/s.01k8rhncp4jt1\/2026\/01\/unnamed-file-4235.jpg","contentUrl":"https:\/\/portaltela.pt\/s.01k8rhncp4jt1\/2026\/01\/unnamed-file-4235.jpg","width":796,"height":448,"caption":"Hist\u00f3rico: os Her\u00f3is do Mar fizeram seu o reino da Dinamarca"},{"@type":"BreadcrumbList","@id":"https:\/\/portaltela.pt\/noticias\/2026\/01\/20\/herois-do-mar-definem-o-reino-da-dinamarca\/#breadcrumb","itemListElement":[{"@type":"ListItem","position":1,"name":"In\u00edcio","item":"https:\/\/portaltela.pt\/"},{"@type":"ListItem","position":2,"name":"Her\u00f3is do Mar definem o reino da Dinamarca"}]},{"@type":"WebSite","@id":"https:\/\/portaltela.pt\/#website","url":"https:\/\/portaltela.pt\/","name":"Portal Tela Portugal","description":"","potentialAction":[{"@type":"SearchAction","target":{"@type":"EntryPoint","urlTemplate":"https:\/\/portaltela.pt\/?s={search_term_string}"},"query-input":{"@type":"PropertyValueSpecification","valueRequired":true,"valueName":"search_term_string"}}],"inLanguage":"pt-PT"},{"@type":"Person","@id":"https:\/\/portaltela.pt\/#\/schema\/person\/c4278d4a6028830caff9ee44b42d32ed","name":"Telinha","image":{"@type":"ImageObject","inLanguage":"pt-PT","@id":"https:\/\/portaltela.pt\/s.01k8rhncp4jt1\/2025\/11\/talking-bot-125x125.png","url":"https:\/\/portaltela.pt\/s.01k8rhncp4jt1\/2025\/11\/talking-bot-125x125.png","contentUrl":"https:\/\/portaltela.pt\/s.01k8rhncp4jt1\/2025\/11\/talking-bot-125x125.png","caption":"Telinha"},"sameAs":["https:\/\/portaltela.pt\/"],"url":"https:\/\/portaltela.pt\/por\/367410592786\/"}]}},"_links":{"self":[{"href":"https:\/\/portaltela.pt\/api\/wp\/v2\/posts\/158097","targetHints":{"allow":["GET"]}}],"collection":[{"href":"https:\/\/portaltela.pt\/api\/wp\/v2\/posts"}],"about":[{"href":"https:\/\/portaltela.pt\/api\/wp\/v2\/types\/post"}],"author":[{"embeddable":true,"href":"https:\/\/portaltela.pt\/api\/wp\/v2\/users\/2"}],"replies":[{"embeddable":true,"href":"https:\/\/portaltela.pt\/api\/wp\/v2\/comments?post=158097"}],"version-history":[{"count":0,"href":"https:\/\/portaltela.pt\/api\/wp\/v2\/posts\/158097\/revisions"}],"wp:featuredmedia":[{"embeddable":true,"href":"https:\/\/portaltela.pt\/api\/wp\/v2\/media\/158119"}],"wp:attachment":[{"href":"https:\/\/portaltela.pt\/api\/wp\/v2\/media?parent=158097"}],"wp:term":[{"taxonomy":"category","embeddable":true,"href":"https:\/\/portaltela.pt\/api\/wp\/v2\/categories?post=158097"},{"taxonomy":"post_tag","embeddable":true,"href":"https:\/\/portaltela.pt\/api\/wp\/v2\/tags?post=158097"}],"curies":[{"name":"wp","href":"https:\/\/api.w.org\/{rel}","templated":true}]}}