{"id":158095,"date":"2026-01-20T18:20:28","date_gmt":"2026-01-20T21:20:28","guid":{"rendered":"https:\/\/portaltela.pt\/noticias\/2026\/01\/20\/industria-farmaceutica-estima-compensacao-do-estado-em-300-milhoes-de-euros\/"},"modified":"2026-01-20T18:20:28","modified_gmt":"2026-01-20T21:20:28","slug":"industria-farmaceutica-estima-compensacao-do-estado-em-300-milhoes-de-euros","status":"publish","type":"post","link":"https:\/\/portaltela.pt\/noticias\/2026\/01\/20\/industria-farmaceutica-estima-compensacao-do-estado-em-300-milhoes-de-euros\/","title":{"rendered":"Ind\u00fastria farmac\u00eautica estima compensa\u00e7\u00e3o do Estado em 300 milh\u00f5es de euros"},"content":{"rendered":"<p>O Servi\u00e7o Nacional de Sa\u00fade (SNS) gastou 2.206 milh\u00f5es de euros em medicamentos nos primeiros dez meses de 2025, segundo o Infarmed. O valor abrange as despesas associadas a medicamentos utilizados nos hospitais e nos cuidados de sa\u00fade prim\u00e1rios.<\/p>\n<p>A Associa\u00e7\u00e3o Portuguesa da Ind\u00fastria Farmac\u00eautica (Apifarma) estima que os mecanismos de compensa\u00e7\u00e3o financeira do Estado ascender\u00e3o a 300 milh\u00f5es de euros entre janeiro e outubro de 2025. A organiza\u00e7\u00e3o entende que este montante deve ser tido em conta na an\u00e1lise da despesa total de 2.200 milh\u00f5es de euros apontada para as Unidades Locais de Sa\u00fade (ULS).<\/p>\n<p>A Apifarma acrescenta que a despesa de cerca de 2.200 milh\u00f5es de euros nas ULS n\u00e3o reflecte, ainda, as contribui\u00e7\u00f5es da compensa\u00e7\u00e3o nem a totalidade dos contratos de financiamento em vigor.<\/p>\n<h3>Despesas por \u00e1rea terap\u00eautica<\/h3>\n<p>Medicamentos usados nos hospitais representaram 2.126 milh\u00f5es de euros, isto \u00e9, 96% do total. Os cuidados de sa\u00fade prim\u00e1rios somaram 80 milh\u00f5es de euros.<\/p>\n<p>Os f\u00e1rmacos oncol\u00f3gicos atingiram 766 milh\u00f5es de euros, cerca de 35% do gasto total no per\u00edodo. Os medicamentos para o VIH totalizaram 209 milh\u00f5es de euros.<\/p>\n<p>O consumo de f\u00e1rmacos com indica\u00e7\u00e3o oncol\u00f3gica registou um aumento de quase 126 milh\u00f5es de euros em rela\u00e7\u00e3o ao ano anterior. J\u00e1 a despesa com VIH cresceu 4,3 milh\u00f5es.<\/p>\n<h3>Din\u00e2mica de gasto no ambulat\u00f3rio e consumo privado<\/h3>\n<p>No ambulat\u00f3rio, a despesa com medicamentos atingiu 1.569 milh\u00f5es de euros at\u00e9 outubro de 2025, mais 177 milh\u00f5es do que nos primeiros dez meses de 2024.<\/p>\n<p>Os utentes indicaram gastar 801 milh\u00f5es de euros em farm\u00e1cias no mesmo per\u00edodo.<\/p>\n","protected":false},"excerpt":{"rendered":"<ul>\n<li>Infarmed aponta que o SNS gastou 2.206 milh\u00f5es de euros em medicamentos nos primeiros dez meses de 2025; hospitais representaram 2.126 milh\u00f5es (96%), cuidados de sa\u00fade prim\u00e1rios 80 milh\u00f5es.<\/li>\n<li>Os f\u00e1rmacos oncol\u00f3gicos atingiram 766 milh\u00f5es de euros (cerca de 35% da despesa total), e os medicamentos para VIH corresponderam a 209 milh\u00f5es.<\/li>\n<li>A despesa com f\u00e1rmacos oncol\u00f3gicos aumentou 126 milh\u00f5es de euros face a 2024; os gastos com VIH subiram 4,3 milh\u00f5es nas ULS.<\/li>\n<li>A Associa\u00e7\u00e3o Portuguesa da Ind\u00fastria Farmac\u00eautica (Apifarma) estima compensa\u00e7\u00e3o financeira do Estado de 300 milh\u00f5es de euros entre janeiro e outubro de 2025, valor a ter em conta na an\u00e1lise dos 2.200 milh\u00f5es de euros nas ULS.<\/li>\n<li>No ambulat\u00f3rio, a despesa do SNS com medicamentos chegou a 1.569 milh\u00f5es at\u00e9 outubro de 2025 (mais 177 milh\u00f5es face a 2024); os utentes gastaram 801 milh\u00f5es em farm\u00e1cias.<\/li>\n<\/ul>\n","protected":false},"author":2,"featured_media":158110,"comment_status":"closed","ping_status":"closed","sticky":false,"template":"","format":"standard","meta":{"footnotes":""},"categories":[1],"tags":[155,1859,2581,1223,1014,172],"class_list":["post-158095","post","type-post","status-publish","format-standard","has-post-thumbnail","hentry","category-noticias","tag-despesas","tag-farmacias-comunitarias","tag-hospitais","tag-industria-farmaceutica","tag-portugal","tag-saude"],"yoast_head":"<!-- This site is optimized with the Yoast SEO plugin v27.2 - https:\/\/yoast.com\/product\/yoast-seo-wordpress\/ -->\n<title>Ind\u00fastria farmac\u00eautica estima compensa\u00e7\u00e3o do Estado em 300 milh\u00f5es de euros - Portal Tela Portugal<\/title>\n<meta name=\"robots\" content=\"index, follow, max-snippet:-1, max-image-preview:large, max-video-preview:-1\" \/>\n<meta property=\"og:locale\" content=\"pt_PT\" \/>\n<meta property=\"og:type\" content=\"article\" \/>\n<meta property=\"og:title\" content=\"Ind\u00fastria farmac\u00eautica estima compensa\u00e7\u00e3o do Estado em 300 milh\u00f5es de euros - Portal Tela Portugal\" \/>\n<meta property=\"og:description\" content=\"Infarmed aponta que o SNS gastou 2.206 milh\u00f5es de euros em medicamentos nos primeiros dez meses de 2025; hospitais representaram 2.126 milh\u00f5es (96%), cuidados de sa\u00fade prim\u00e1rios 80 milh\u00f5es. Os f\u00e1rmacos oncol\u00f3gicos atingiram 766 milh\u00f5es de euros (cerca de 35% da despesa total), e os medicamentos para VIH corresponderam a 209 milh\u00f5es. A despesa com f\u00e1rmacos oncol\u00f3gicos aumentou 126 milh\u00f5es de euros face a 2024; os gastos com VIH subiram 4,3 milh\u00f5es nas ULS. A Associa\u00e7\u00e3o Portuguesa da Ind\u00fastria Farmac\u00eautica (Apifarma) estima compensa\u00e7\u00e3o financeira do Estado de 300 milh\u00f5es de euros entre janeiro e outubro de 2025, valor a ter em conta na an\u00e1lise dos 2.200 milh\u00f5es de euros nas ULS. No ambulat\u00f3rio, a despesa do SNS com medicamentos chegou a 1.569 milh\u00f5es at\u00e9 outubro de 2025 (mais 177 milh\u00f5es face a 2024); os utentes gastaram 801 milh\u00f5es em farm\u00e1cias.\" \/>\n<meta property=\"og:url\" content=\"https:\/\/portaltela.pt\/noticias\/2026\/01\/20\/industria-farmaceutica-estima-compensacao-do-estado-em-300-milhoes-de-euros\/\" \/>\n<meta property=\"og:site_name\" content=\"Portal Tela Portugal\" \/>\n<meta property=\"article:published_time\" content=\"2026-01-20T21:20:28+00:00\" \/>\n<meta name=\"author\" content=\"Telinha\" \/>\n<meta name=\"twitter:card\" content=\"summary_large_image\" \/>\n<meta name=\"twitter:label1\" content=\"Escrito por\" \/>\n\t<meta name=\"twitter:data1\" content=\"Telinha\" \/>\n\t<meta name=\"twitter:label2\" content=\"Tempo estimado de leitura\" \/>\n\t<meta name=\"twitter:data2\" content=\"1 minuto\" \/>\n<script type=\"application\/ld+json\" class=\"yoast-schema-graph\">{\"@context\":\"https:\/\/schema.org\",\"@graph\":[{\"@type\":\"Article\",\"@id\":\"https:\/\/portaltela.pt\/noticias\/2026\/01\/20\/industria-farmaceutica-estima-compensacao-do-estado-em-300-milhoes-de-euros\/#article\",\"isPartOf\":{\"@id\":\"https:\/\/portaltela.pt\/noticias\/2026\/01\/20\/industria-farmaceutica-estima-compensacao-do-estado-em-300-milhoes-de-euros\/\"},\"author\":{\"name\":\"Telinha\",\"@id\":\"https:\/\/portaltela.pt\/#\/schema\/person\/c4278d4a6028830caff9ee44b42d32ed\"},\"headline\":\"Ind\u00fastria farmac\u00eautica estima compensa\u00e7\u00e3o do Estado em 300 milh\u00f5es de euros\",\"datePublished\":\"2026-01-20T21:20:28+00:00\",\"mainEntityOfPage\":{\"@id\":\"https:\/\/portaltela.pt\/noticias\/2026\/01\/20\/industria-farmaceutica-estima-compensacao-do-estado-em-300-milhoes-de-euros\/\"},\"wordCount\":294,\"image\":{\"@id\":\"https:\/\/portaltela.pt\/noticias\/2026\/01\/20\/industria-farmaceutica-estima-compensacao-do-estado-em-300-milhoes-de-euros\/#primaryimage\"},\"thumbnailUrl\":\"https:\/\/portaltela.pt\/s.01k8rhncp4jt1\/2026\/01\/img_1500x1000uu2025-01-04-20-47-46-2186146.jpg\",\"keywords\":[\"despesas\",\"farm\u00e1cias comunit\u00e1rias\",\"hospitais\",\"ind\u00fastria farmac\u00eautica\",\"Portugal\",\"sa\u00fade\"],\"articleSection\":[\"Not\u00edcias\"],\"inLanguage\":\"pt-PT\"},{\"@type\":\"WebPage\",\"@id\":\"https:\/\/portaltela.pt\/noticias\/2026\/01\/20\/industria-farmaceutica-estima-compensacao-do-estado-em-300-milhoes-de-euros\/\",\"url\":\"https:\/\/portaltela.pt\/noticias\/2026\/01\/20\/industria-farmaceutica-estima-compensacao-do-estado-em-300-milhoes-de-euros\/\",\"name\":\"Ind\u00fastria farmac\u00eautica estima compensa\u00e7\u00e3o do Estado em 300 milh\u00f5es de euros - Portal Tela Portugal\",\"isPartOf\":{\"@id\":\"https:\/\/portaltela.pt\/#website\"},\"primaryImageOfPage\":{\"@id\":\"https:\/\/portaltela.pt\/noticias\/2026\/01\/20\/industria-farmaceutica-estima-compensacao-do-estado-em-300-milhoes-de-euros\/#primaryimage\"},\"image\":{\"@id\":\"https:\/\/portaltela.pt\/noticias\/2026\/01\/20\/industria-farmaceutica-estima-compensacao-do-estado-em-300-milhoes-de-euros\/#primaryimage\"},\"thumbnailUrl\":\"https:\/\/portaltela.pt\/s.01k8rhncp4jt1\/2026\/01\/img_1500x1000uu2025-01-04-20-47-46-2186146.jpg\",\"datePublished\":\"2026-01-20T21:20:28+00:00\",\"author\":{\"@id\":\"https:\/\/portaltela.pt\/#\/schema\/person\/c4278d4a6028830caff9ee44b42d32ed\"},\"breadcrumb\":{\"@id\":\"https:\/\/portaltela.pt\/noticias\/2026\/01\/20\/industria-farmaceutica-estima-compensacao-do-estado-em-300-milhoes-de-euros\/#breadcrumb\"},\"inLanguage\":\"pt-PT\",\"potentialAction\":[{\"@type\":\"ReadAction\",\"target\":[\"https:\/\/portaltela.pt\/noticias\/2026\/01\/20\/industria-farmaceutica-estima-compensacao-do-estado-em-300-milhoes-de-euros\/\"]}]},{\"@type\":\"ImageObject\",\"inLanguage\":\"pt-PT\",\"@id\":\"https:\/\/portaltela.pt\/noticias\/2026\/01\/20\/industria-farmaceutica-estima-compensacao-do-estado-em-300-milhoes-de-euros\/#primaryimage\",\"url\":\"https:\/\/portaltela.pt\/s.01k8rhncp4jt1\/2026\/01\/img_1500x1000uu2025-01-04-20-47-46-2186146.jpg\",\"contentUrl\":\"https:\/\/portaltela.pt\/s.01k8rhncp4jt1\/2026\/01\/img_1500x1000uu2025-01-04-20-47-46-2186146.jpg\",\"width\":796,\"height\":448,\"caption\":\"Farm\u00e1cias\"},{\"@type\":\"BreadcrumbList\",\"@id\":\"https:\/\/portaltela.pt\/noticias\/2026\/01\/20\/industria-farmaceutica-estima-compensacao-do-estado-em-300-milhoes-de-euros\/#breadcrumb\",\"itemListElement\":[{\"@type\":\"ListItem\",\"position\":1,\"name\":\"In\u00edcio\",\"item\":\"https:\/\/portaltela.pt\/\"},{\"@type\":\"ListItem\",\"position\":2,\"name\":\"Ind\u00fastria farmac\u00eautica estima compensa\u00e7\u00e3o do Estado em 300 milh\u00f5es de euros\"}]},{\"@type\":\"WebSite\",\"@id\":\"https:\/\/portaltela.pt\/#website\",\"url\":\"https:\/\/portaltela.pt\/\",\"name\":\"Portal Tela Portugal\",\"description\":\"\",\"potentialAction\":[{\"@type\":\"SearchAction\",\"target\":{\"@type\":\"EntryPoint\",\"urlTemplate\":\"https:\/\/portaltela.pt\/?s={search_term_string}\"},\"query-input\":{\"@type\":\"PropertyValueSpecification\",\"valueRequired\":true,\"valueName\":\"search_term_string\"}}],\"inLanguage\":\"pt-PT\"},{\"@type\":\"Person\",\"@id\":\"https:\/\/portaltela.pt\/#\/schema\/person\/c4278d4a6028830caff9ee44b42d32ed\",\"name\":\"Telinha\",\"image\":{\"@type\":\"ImageObject\",\"inLanguage\":\"pt-PT\",\"@id\":\"https:\/\/portaltela.pt\/s.01k8rhncp4jt1\/2025\/11\/talking-bot-125x125.png\",\"url\":\"https:\/\/portaltela.pt\/s.01k8rhncp4jt1\/2025\/11\/talking-bot-125x125.png\",\"contentUrl\":\"https:\/\/portaltela.pt\/s.01k8rhncp4jt1\/2025\/11\/talking-bot-125x125.png\",\"caption\":\"Telinha\"},\"sameAs\":[\"https:\/\/portaltela.pt\/\"],\"url\":\"https:\/\/portaltela.pt\/por\/367410592786\/\"}]}<\/script>\n<!-- \/ Yoast SEO plugin. -->","yoast_head_json":{"title":"Ind\u00fastria farmac\u00eautica estima compensa\u00e7\u00e3o do Estado em 300 milh\u00f5es de euros - Portal Tela Portugal","robots":{"index":"index","follow":"follow","max-snippet":"max-snippet:-1","max-image-preview":"max-image-preview:large","max-video-preview":"max-video-preview:-1"},"og_locale":"pt_PT","og_type":"article","og_title":"Ind\u00fastria farmac\u00eautica estima compensa\u00e7\u00e3o do Estado em 300 milh\u00f5es de euros - Portal Tela Portugal","og_description":"Infarmed aponta que o SNS gastou 2.206 milh\u00f5es de euros em medicamentos nos primeiros dez meses de 2025; hospitais representaram 2.126 milh\u00f5es (96%), cuidados de sa\u00fade prim\u00e1rios 80 milh\u00f5es. Os f\u00e1rmacos oncol\u00f3gicos atingiram 766 milh\u00f5es de euros (cerca de 35% da despesa total), e os medicamentos para VIH corresponderam a 209 milh\u00f5es. A despesa com f\u00e1rmacos oncol\u00f3gicos aumentou 126 milh\u00f5es de euros face a 2024; os gastos com VIH subiram 4,3 milh\u00f5es nas ULS. A Associa\u00e7\u00e3o Portuguesa da Ind\u00fastria Farmac\u00eautica (Apifarma) estima compensa\u00e7\u00e3o financeira do Estado de 300 milh\u00f5es de euros entre janeiro e outubro de 2025, valor a ter em conta na an\u00e1lise dos 2.200 milh\u00f5es de euros nas ULS. No ambulat\u00f3rio, a despesa do SNS com medicamentos chegou a 1.569 milh\u00f5es at\u00e9 outubro de 2025 (mais 177 milh\u00f5es face a 2024); os utentes gastaram 801 milh\u00f5es em farm\u00e1cias.","og_url":"https:\/\/portaltela.pt\/noticias\/2026\/01\/20\/industria-farmaceutica-estima-compensacao-do-estado-em-300-milhoes-de-euros\/","og_site_name":"Portal Tela Portugal","article_published_time":"2026-01-20T21:20:28+00:00","author":"Telinha","twitter_card":"summary_large_image","twitter_misc":{"Escrito por":"Telinha","Tempo estimado de leitura":"1 minuto"},"schema":{"@context":"https:\/\/schema.org","@graph":[{"@type":"Article","@id":"https:\/\/portaltela.pt\/noticias\/2026\/01\/20\/industria-farmaceutica-estima-compensacao-do-estado-em-300-milhoes-de-euros\/#article","isPartOf":{"@id":"https:\/\/portaltela.pt\/noticias\/2026\/01\/20\/industria-farmaceutica-estima-compensacao-do-estado-em-300-milhoes-de-euros\/"},"author":{"name":"Telinha","@id":"https:\/\/portaltela.pt\/#\/schema\/person\/c4278d4a6028830caff9ee44b42d32ed"},"headline":"Ind\u00fastria farmac\u00eautica estima compensa\u00e7\u00e3o do Estado em 300 milh\u00f5es de euros","datePublished":"2026-01-20T21:20:28+00:00","mainEntityOfPage":{"@id":"https:\/\/portaltela.pt\/noticias\/2026\/01\/20\/industria-farmaceutica-estima-compensacao-do-estado-em-300-milhoes-de-euros\/"},"wordCount":294,"image":{"@id":"https:\/\/portaltela.pt\/noticias\/2026\/01\/20\/industria-farmaceutica-estima-compensacao-do-estado-em-300-milhoes-de-euros\/#primaryimage"},"thumbnailUrl":"https:\/\/portaltela.pt\/s.01k8rhncp4jt1\/2026\/01\/img_1500x1000uu2025-01-04-20-47-46-2186146.jpg","keywords":["despesas","farm\u00e1cias comunit\u00e1rias","hospitais","ind\u00fastria farmac\u00eautica","Portugal","sa\u00fade"],"articleSection":["Not\u00edcias"],"inLanguage":"pt-PT"},{"@type":"WebPage","@id":"https:\/\/portaltela.pt\/noticias\/2026\/01\/20\/industria-farmaceutica-estima-compensacao-do-estado-em-300-milhoes-de-euros\/","url":"https:\/\/portaltela.pt\/noticias\/2026\/01\/20\/industria-farmaceutica-estima-compensacao-do-estado-em-300-milhoes-de-euros\/","name":"Ind\u00fastria farmac\u00eautica estima compensa\u00e7\u00e3o do Estado em 300 milh\u00f5es de euros - Portal Tela Portugal","isPartOf":{"@id":"https:\/\/portaltela.pt\/#website"},"primaryImageOfPage":{"@id":"https:\/\/portaltela.pt\/noticias\/2026\/01\/20\/industria-farmaceutica-estima-compensacao-do-estado-em-300-milhoes-de-euros\/#primaryimage"},"image":{"@id":"https:\/\/portaltela.pt\/noticias\/2026\/01\/20\/industria-farmaceutica-estima-compensacao-do-estado-em-300-milhoes-de-euros\/#primaryimage"},"thumbnailUrl":"https:\/\/portaltela.pt\/s.01k8rhncp4jt1\/2026\/01\/img_1500x1000uu2025-01-04-20-47-46-2186146.jpg","datePublished":"2026-01-20T21:20:28+00:00","author":{"@id":"https:\/\/portaltela.pt\/#\/schema\/person\/c4278d4a6028830caff9ee44b42d32ed"},"breadcrumb":{"@id":"https:\/\/portaltela.pt\/noticias\/2026\/01\/20\/industria-farmaceutica-estima-compensacao-do-estado-em-300-milhoes-de-euros\/#breadcrumb"},"inLanguage":"pt-PT","potentialAction":[{"@type":"ReadAction","target":["https:\/\/portaltela.pt\/noticias\/2026\/01\/20\/industria-farmaceutica-estima-compensacao-do-estado-em-300-milhoes-de-euros\/"]}]},{"@type":"ImageObject","inLanguage":"pt-PT","@id":"https:\/\/portaltela.pt\/noticias\/2026\/01\/20\/industria-farmaceutica-estima-compensacao-do-estado-em-300-milhoes-de-euros\/#primaryimage","url":"https:\/\/portaltela.pt\/s.01k8rhncp4jt1\/2026\/01\/img_1500x1000uu2025-01-04-20-47-46-2186146.jpg","contentUrl":"https:\/\/portaltela.pt\/s.01k8rhncp4jt1\/2026\/01\/img_1500x1000uu2025-01-04-20-47-46-2186146.jpg","width":796,"height":448,"caption":"Farm\u00e1cias"},{"@type":"BreadcrumbList","@id":"https:\/\/portaltela.pt\/noticias\/2026\/01\/20\/industria-farmaceutica-estima-compensacao-do-estado-em-300-milhoes-de-euros\/#breadcrumb","itemListElement":[{"@type":"ListItem","position":1,"name":"In\u00edcio","item":"https:\/\/portaltela.pt\/"},{"@type":"ListItem","position":2,"name":"Ind\u00fastria farmac\u00eautica estima compensa\u00e7\u00e3o do Estado em 300 milh\u00f5es de euros"}]},{"@type":"WebSite","@id":"https:\/\/portaltela.pt\/#website","url":"https:\/\/portaltela.pt\/","name":"Portal Tela Portugal","description":"","potentialAction":[{"@type":"SearchAction","target":{"@type":"EntryPoint","urlTemplate":"https:\/\/portaltela.pt\/?s={search_term_string}"},"query-input":{"@type":"PropertyValueSpecification","valueRequired":true,"valueName":"search_term_string"}}],"inLanguage":"pt-PT"},{"@type":"Person","@id":"https:\/\/portaltela.pt\/#\/schema\/person\/c4278d4a6028830caff9ee44b42d32ed","name":"Telinha","image":{"@type":"ImageObject","inLanguage":"pt-PT","@id":"https:\/\/portaltela.pt\/s.01k8rhncp4jt1\/2025\/11\/talking-bot-125x125.png","url":"https:\/\/portaltela.pt\/s.01k8rhncp4jt1\/2025\/11\/talking-bot-125x125.png","contentUrl":"https:\/\/portaltela.pt\/s.01k8rhncp4jt1\/2025\/11\/talking-bot-125x125.png","caption":"Telinha"},"sameAs":["https:\/\/portaltela.pt\/"],"url":"https:\/\/portaltela.pt\/por\/367410592786\/"}]}},"_links":{"self":[{"href":"https:\/\/portaltela.pt\/api\/wp\/v2\/posts\/158095","targetHints":{"allow":["GET"]}}],"collection":[{"href":"https:\/\/portaltela.pt\/api\/wp\/v2\/posts"}],"about":[{"href":"https:\/\/portaltela.pt\/api\/wp\/v2\/types\/post"}],"author":[{"embeddable":true,"href":"https:\/\/portaltela.pt\/api\/wp\/v2\/users\/2"}],"replies":[{"embeddable":true,"href":"https:\/\/portaltela.pt\/api\/wp\/v2\/comments?post=158095"}],"version-history":[{"count":0,"href":"https:\/\/portaltela.pt\/api\/wp\/v2\/posts\/158095\/revisions"}],"wp:featuredmedia":[{"embeddable":true,"href":"https:\/\/portaltela.pt\/api\/wp\/v2\/media\/158110"}],"wp:attachment":[{"href":"https:\/\/portaltela.pt\/api\/wp\/v2\/media?parent=158095"}],"wp:term":[{"taxonomy":"category","embeddable":true,"href":"https:\/\/portaltela.pt\/api\/wp\/v2\/categories?post=158095"},{"taxonomy":"post_tag","embeddable":true,"href":"https:\/\/portaltela.pt\/api\/wp\/v2\/tags?post=158095"}],"curies":[{"name":"wp","href":"https:\/\/api.w.org\/{rel}","templated":true}]}}