{"id":158013,"date":"2026-01-20T17:52:00","date_gmt":"2026-01-20T20:52:00","guid":{"rendered":"https:\/\/portaltela.pt\/noticias\/2026\/01\/20\/benfica-prestes-a-anunciar-rafa-central-do-braga-cobicado-em-italia\/"},"modified":"2026-01-20T17:52:00","modified_gmt":"2026-01-20T20:52:00","slug":"benfica-prestes-a-anunciar-rafa-central-do-braga-cobicado-em-italia","status":"publish","type":"post","link":"https:\/\/portaltela.pt\/desporto\/futebol\/2026\/01\/20\/benfica-prestes-a-anunciar-rafa-central-do-braga-cobicado-em-italia\/","title":{"rendered":"Benfica prestes a anunciar Rafa; central do Braga cobi\u00e7ado em It\u00e1lia"},"content":{"rendered":"<p>Rafa Silva est\u00e1 perto de regressar ao Benfica. As negocia\u00e7\u00f5es com o Besiktas s\u00e3o praticamente conclu\u00eddas, e o an\u00fancio pode ocorrer j\u00e1 hoje, em Lisboa. O avan\u00e7ado tem 32 anos e regressaria \u00e0 Luz, onde j\u00e1 atuou entre 2019 e 2021.<\/p>\n<p>A mudan\u00e7a de Rafa para a Luz coincide com uma altera\u00e7\u00e3o de dorsais: Bruma passa a vestir o n\u00famero 7, libertando o 27 que Rafa usou ao longo de oito temporadas. O regresso \u00e9 visto como refor\u00e7o para Jos\u00e9 Mourinho.<\/p>\n<h3>Benfica<\/h3>\n<p>Rafa, 32 anos, deve confirmar o regresso ao clube que o formou e vendeu ao Besiktas. A imprensa internacional, com Fabrizio Romano, aponta o acordo como quase fechado, com a t\u00e9cnica de negocia\u00e7\u00e3o a avan\u00e7ar para a assinatura definitiva.<\/p>\n<h3>Braga<\/h3>\n<p>Niakit\u00e9 pode deixar o Braga com destino \u00e0 Fiorentina. A not\u00edcia, avan\u00e7ada por Romano, envolve o empr\u00e9stimo do central maliano, embora os bracarenses pretendam outro tipo de neg\u00f3cio para facilitar a sa\u00edda.<\/p>\n<h3>Outras transfer\u00eancias<\/h3>\n<p>Marac\u00e1s renovou com o Moreirense at\u00e9 2029, mantendo o papel de capit\u00e3o. Tom Moustier foi oficializado pelo Estrela da Amadora, contratado ao Rot-Weiss Essen, por duas \u00e9pocas e meia. Na Alemanha, Edin Dzeko est\u00e1 pr\u00f3ximo de assinar com o Schalke 04, terminando liga\u00e7\u00e3o com a Fiorentina.<\/p>\n","protected":false},"excerpt":{"rendered":"<ul>\n<li>Rafa Silva est\u00e1 quase fechado para regressar ao Benfica, com chegada a Lisboa prevista para esta quarta-feira; Bruma passa a vestir a camisola n\u00famero 7, abrindo espa\u00e7o para Rafa regressar.<\/li>\n<li>No Braga, Niakit\u00e9 pode sair para a Fiorentina, que ter\u00e1 interesse no empr\u00e9stimo do central maliano; os braguistas querem acordos espec\u00edficos para facilitar a sa\u00edda.<\/li>\n<li>No Moreirense, o capit\u00e3o Marac\u00e1s renovou o contrato at\u00e9 2029, mantendo-se como titular.<\/li>\n<li>Na Amadora, o Tom Moustier foi oficializado como a mais recente contrata\u00e7\u00e3o; o franc\u00eas, de 23 anos, chega ao clube eros por duas \u00e9pocas e meia vindo do Rot-Weiss Essen.<\/li>\n<li>Na Alemanha, Edin Dzeko est\u00e1 prestes a assinar com o Schalke 04, afastando-se da Fiorentina, que o contratou no in\u00edcio da temporada.<\/li>\n<\/ul>\n","protected":false},"author":2,"featured_media":158019,"comment_status":"closed","ping_status":"closed","sticky":false,"template":"","format":"standard","meta":{"footnotes":""},"categories":[21,24],"tags":[1946,1207,3252,32,457,2050],"class_list":["post-158013","post","type-post","status-publish","format-standard","has-post-thumbnail","hentry","category-desporto","category-futebol","tag-benfica","tag-braga","tag-fiorentina","tag-futebol","tag-liga-portugal","tag-transferencias"],"yoast_head":"<!-- This site is optimized with the Yoast SEO plugin v27.2 - https:\/\/yoast.com\/product\/yoast-seo-wordpress\/ -->\n<title>Benfica prestes a anunciar Rafa; central do Braga cobi\u00e7ado em It\u00e1lia - Portal Tela Portugal<\/title>\n<meta name=\"robots\" content=\"index, follow, max-snippet:-1, max-image-preview:large, max-video-preview:-1\" \/>\n<meta property=\"og:locale\" content=\"pt_PT\" \/>\n<meta property=\"og:type\" content=\"article\" \/>\n<meta property=\"og:title\" content=\"Benfica prestes a anunciar Rafa; central do Braga cobi\u00e7ado em It\u00e1lia - Portal Tela Portugal\" \/>\n<meta property=\"og:description\" content=\"Rafa Silva est\u00e1 quase fechado para regressar ao Benfica, com chegada a Lisboa prevista para esta quarta-feira; Bruma passa a vestir a camisola n\u00famero 7, abrindo espa\u00e7o para Rafa regressar. No Braga, Niakit\u00e9 pode sair para a Fiorentina, que ter\u00e1 interesse no empr\u00e9stimo do central maliano; os braguistas querem acordos espec\u00edficos para facilitar a sa\u00edda. No Moreirense, o capit\u00e3o Marac\u00e1s renovou o contrato at\u00e9 2029, mantendo-se como titular. Na Amadora, o Tom Moustier foi oficializado como a mais recente contrata\u00e7\u00e3o; o franc\u00eas, de 23 anos, chega ao clube eros por duas \u00e9pocas e meia vindo do Rot-Weiss Essen. Na Alemanha, Edin Dzeko est\u00e1 prestes a assinar com o Schalke 04, afastando-se da Fiorentina, que o contratou no in\u00edcio da temporada.\" \/>\n<meta property=\"og:url\" content=\"https:\/\/portaltela.pt\/noticias\/2026\/01\/20\/benfica-prestes-a-anunciar-rafa-central-do-braga-cobicado-em-italia\/\" \/>\n<meta property=\"og:site_name\" content=\"Portal Tela Portugal\" \/>\n<meta property=\"article:published_time\" content=\"2026-01-20T20:52:00+00:00\" \/>\n<meta name=\"author\" content=\"Telinha\" \/>\n<meta name=\"twitter:card\" content=\"summary_large_image\" \/>\n<meta name=\"twitter:label1\" content=\"Escrito por\" \/>\n\t<meta name=\"twitter:data1\" content=\"Telinha\" \/>\n\t<meta name=\"twitter:label2\" content=\"Tempo estimado de leitura\" \/>\n\t<meta name=\"twitter:data2\" content=\"1 minuto\" \/>\n<script type=\"application\/ld+json\" class=\"yoast-schema-graph\">{\"@context\":\"https:\/\/schema.org\",\"@graph\":[{\"@type\":\"Article\",\"@id\":\"https:\/\/portaltela.pt\/noticias\/2026\/01\/20\/benfica-prestes-a-anunciar-rafa-central-do-braga-cobicado-em-italia\/#article\",\"isPartOf\":{\"@id\":\"https:\/\/portaltela.pt\/noticias\/2026\/01\/20\/benfica-prestes-a-anunciar-rafa-central-do-braga-cobicado-em-italia\/\"},\"author\":{\"name\":\"Telinha\",\"@id\":\"https:\/\/portaltela.pt\/#\/schema\/person\/c4278d4a6028830caff9ee44b42d32ed\"},\"headline\":\"Benfica prestes a anunciar Rafa; central do Braga cobi\u00e7ado em It\u00e1lia\",\"datePublished\":\"2026-01-20T20:52:00+00:00\",\"mainEntityOfPage\":{\"@id\":\"https:\/\/portaltela.pt\/noticias\/2026\/01\/20\/benfica-prestes-a-anunciar-rafa-central-do-braga-cobicado-em-italia\/\"},\"wordCount\":226,\"image\":{\"@id\":\"https:\/\/portaltela.pt\/noticias\/2026\/01\/20\/benfica-prestes-a-anunciar-rafa-central-do-braga-cobicado-em-italia\/#primaryimage\"},\"thumbnailUrl\":\"https:\/\/portaltela.pt\/s.01k8rhncp4jt1\/2026\/01\/image-1280.jpg\",\"keywords\":[\"Benfica\",\"Braga\",\"Fiorentina\",\"futebol\",\"Liga Portugal\",\"transfer\u00eancias\"],\"articleSection\":[\"Desporto\",\"Futebol\"],\"inLanguage\":\"pt-PT\"},{\"@type\":\"WebPage\",\"@id\":\"https:\/\/portaltela.pt\/noticias\/2026\/01\/20\/benfica-prestes-a-anunciar-rafa-central-do-braga-cobicado-em-italia\/\",\"url\":\"https:\/\/portaltela.pt\/noticias\/2026\/01\/20\/benfica-prestes-a-anunciar-rafa-central-do-braga-cobicado-em-italia\/\",\"name\":\"Benfica prestes a anunciar Rafa; central do Braga cobi\u00e7ado em It\u00e1lia - Portal Tela Portugal\",\"isPartOf\":{\"@id\":\"https:\/\/portaltela.pt\/#website\"},\"primaryImageOfPage\":{\"@id\":\"https:\/\/portaltela.pt\/noticias\/2026\/01\/20\/benfica-prestes-a-anunciar-rafa-central-do-braga-cobicado-em-italia\/#primaryimage\"},\"image\":{\"@id\":\"https:\/\/portaltela.pt\/noticias\/2026\/01\/20\/benfica-prestes-a-anunciar-rafa-central-do-braga-cobicado-em-italia\/#primaryimage\"},\"thumbnailUrl\":\"https:\/\/portaltela.pt\/s.01k8rhncp4jt1\/2026\/01\/image-1280.jpg\",\"datePublished\":\"2026-01-20T20:52:00+00:00\",\"author\":{\"@id\":\"https:\/\/portaltela.pt\/#\/schema\/person\/c4278d4a6028830caff9ee44b42d32ed\"},\"breadcrumb\":{\"@id\":\"https:\/\/portaltela.pt\/noticias\/2026\/01\/20\/benfica-prestes-a-anunciar-rafa-central-do-braga-cobicado-em-italia\/#breadcrumb\"},\"inLanguage\":\"pt-PT\",\"potentialAction\":[{\"@type\":\"ReadAction\",\"target\":[\"https:\/\/portaltela.pt\/noticias\/2026\/01\/20\/benfica-prestes-a-anunciar-rafa-central-do-braga-cobicado-em-italia\/\"]}]},{\"@type\":\"ImageObject\",\"inLanguage\":\"pt-PT\",\"@id\":\"https:\/\/portaltela.pt\/noticias\/2026\/01\/20\/benfica-prestes-a-anunciar-rafa-central-do-braga-cobicado-em-italia\/#primaryimage\",\"url\":\"https:\/\/portaltela.pt\/s.01k8rhncp4jt1\/2026\/01\/image-1280.jpg\",\"contentUrl\":\"https:\/\/portaltela.pt\/s.01k8rhncp4jt1\/2026\/01\/image-1280.jpg\",\"width\":796,\"height\":448,\"caption\":\"Rafa est\u00e1 prestes a deixar o Besiktas para voltar ao Benfica\"},{\"@type\":\"BreadcrumbList\",\"@id\":\"https:\/\/portaltela.pt\/noticias\/2026\/01\/20\/benfica-prestes-a-anunciar-rafa-central-do-braga-cobicado-em-italia\/#breadcrumb\",\"itemListElement\":[{\"@type\":\"ListItem\",\"position\":1,\"name\":\"In\u00edcio\",\"item\":\"https:\/\/portaltela.pt\/\"},{\"@type\":\"ListItem\",\"position\":2,\"name\":\"Benfica prestes a anunciar Rafa; central do Braga cobi\u00e7ado em It\u00e1lia\"}]},{\"@type\":\"WebSite\",\"@id\":\"https:\/\/portaltela.pt\/#website\",\"url\":\"https:\/\/portaltela.pt\/\",\"name\":\"Portal Tela Portugal\",\"description\":\"\",\"potentialAction\":[{\"@type\":\"SearchAction\",\"target\":{\"@type\":\"EntryPoint\",\"urlTemplate\":\"https:\/\/portaltela.pt\/?s={search_term_string}\"},\"query-input\":{\"@type\":\"PropertyValueSpecification\",\"valueRequired\":true,\"valueName\":\"search_term_string\"}}],\"inLanguage\":\"pt-PT\"},{\"@type\":\"Person\",\"@id\":\"https:\/\/portaltela.pt\/#\/schema\/person\/c4278d4a6028830caff9ee44b42d32ed\",\"name\":\"Telinha\",\"image\":{\"@type\":\"ImageObject\",\"inLanguage\":\"pt-PT\",\"@id\":\"https:\/\/portaltela.pt\/s.01k8rhncp4jt1\/2025\/11\/talking-bot-125x125.png\",\"url\":\"https:\/\/portaltela.pt\/s.01k8rhncp4jt1\/2025\/11\/talking-bot-125x125.png\",\"contentUrl\":\"https:\/\/portaltela.pt\/s.01k8rhncp4jt1\/2025\/11\/talking-bot-125x125.png\",\"caption\":\"Telinha\"},\"sameAs\":[\"https:\/\/portaltela.pt\/\"],\"url\":\"https:\/\/portaltela.pt\/por\/367410592786\/\"}]}<\/script>\n<!-- \/ Yoast SEO plugin. -->","yoast_head_json":{"title":"Benfica prestes a anunciar Rafa; central do Braga cobi\u00e7ado em It\u00e1lia - Portal Tela Portugal","robots":{"index":"index","follow":"follow","max-snippet":"max-snippet:-1","max-image-preview":"max-image-preview:large","max-video-preview":"max-video-preview:-1"},"og_locale":"pt_PT","og_type":"article","og_title":"Benfica prestes a anunciar Rafa; central do Braga cobi\u00e7ado em It\u00e1lia - Portal Tela Portugal","og_description":"Rafa Silva est\u00e1 quase fechado para regressar ao Benfica, com chegada a Lisboa prevista para esta quarta-feira; Bruma passa a vestir a camisola n\u00famero 7, abrindo espa\u00e7o para Rafa regressar. No Braga, Niakit\u00e9 pode sair para a Fiorentina, que ter\u00e1 interesse no empr\u00e9stimo do central maliano; os braguistas querem acordos espec\u00edficos para facilitar a sa\u00edda. No Moreirense, o capit\u00e3o Marac\u00e1s renovou o contrato at\u00e9 2029, mantendo-se como titular. Na Amadora, o Tom Moustier foi oficializado como a mais recente contrata\u00e7\u00e3o; o franc\u00eas, de 23 anos, chega ao clube eros por duas \u00e9pocas e meia vindo do Rot-Weiss Essen. Na Alemanha, Edin Dzeko est\u00e1 prestes a assinar com o Schalke 04, afastando-se da Fiorentina, que o contratou no in\u00edcio da temporada.","og_url":"https:\/\/portaltela.pt\/noticias\/2026\/01\/20\/benfica-prestes-a-anunciar-rafa-central-do-braga-cobicado-em-italia\/","og_site_name":"Portal Tela Portugal","article_published_time":"2026-01-20T20:52:00+00:00","author":"Telinha","twitter_card":"summary_large_image","twitter_misc":{"Escrito por":"Telinha","Tempo estimado de leitura":"1 minuto"},"schema":{"@context":"https:\/\/schema.org","@graph":[{"@type":"Article","@id":"https:\/\/portaltela.pt\/noticias\/2026\/01\/20\/benfica-prestes-a-anunciar-rafa-central-do-braga-cobicado-em-italia\/#article","isPartOf":{"@id":"https:\/\/portaltela.pt\/noticias\/2026\/01\/20\/benfica-prestes-a-anunciar-rafa-central-do-braga-cobicado-em-italia\/"},"author":{"name":"Telinha","@id":"https:\/\/portaltela.pt\/#\/schema\/person\/c4278d4a6028830caff9ee44b42d32ed"},"headline":"Benfica prestes a anunciar Rafa; central do Braga cobi\u00e7ado em It\u00e1lia","datePublished":"2026-01-20T20:52:00+00:00","mainEntityOfPage":{"@id":"https:\/\/portaltela.pt\/noticias\/2026\/01\/20\/benfica-prestes-a-anunciar-rafa-central-do-braga-cobicado-em-italia\/"},"wordCount":226,"image":{"@id":"https:\/\/portaltela.pt\/noticias\/2026\/01\/20\/benfica-prestes-a-anunciar-rafa-central-do-braga-cobicado-em-italia\/#primaryimage"},"thumbnailUrl":"https:\/\/portaltela.pt\/s.01k8rhncp4jt1\/2026\/01\/image-1280.jpg","keywords":["Benfica","Braga","Fiorentina","futebol","Liga Portugal","transfer\u00eancias"],"articleSection":["Desporto","Futebol"],"inLanguage":"pt-PT"},{"@type":"WebPage","@id":"https:\/\/portaltela.pt\/noticias\/2026\/01\/20\/benfica-prestes-a-anunciar-rafa-central-do-braga-cobicado-em-italia\/","url":"https:\/\/portaltela.pt\/noticias\/2026\/01\/20\/benfica-prestes-a-anunciar-rafa-central-do-braga-cobicado-em-italia\/","name":"Benfica prestes a anunciar Rafa; central do Braga cobi\u00e7ado em It\u00e1lia - Portal Tela Portugal","isPartOf":{"@id":"https:\/\/portaltela.pt\/#website"},"primaryImageOfPage":{"@id":"https:\/\/portaltela.pt\/noticias\/2026\/01\/20\/benfica-prestes-a-anunciar-rafa-central-do-braga-cobicado-em-italia\/#primaryimage"},"image":{"@id":"https:\/\/portaltela.pt\/noticias\/2026\/01\/20\/benfica-prestes-a-anunciar-rafa-central-do-braga-cobicado-em-italia\/#primaryimage"},"thumbnailUrl":"https:\/\/portaltela.pt\/s.01k8rhncp4jt1\/2026\/01\/image-1280.jpg","datePublished":"2026-01-20T20:52:00+00:00","author":{"@id":"https:\/\/portaltela.pt\/#\/schema\/person\/c4278d4a6028830caff9ee44b42d32ed"},"breadcrumb":{"@id":"https:\/\/portaltela.pt\/noticias\/2026\/01\/20\/benfica-prestes-a-anunciar-rafa-central-do-braga-cobicado-em-italia\/#breadcrumb"},"inLanguage":"pt-PT","potentialAction":[{"@type":"ReadAction","target":["https:\/\/portaltela.pt\/noticias\/2026\/01\/20\/benfica-prestes-a-anunciar-rafa-central-do-braga-cobicado-em-italia\/"]}]},{"@type":"ImageObject","inLanguage":"pt-PT","@id":"https:\/\/portaltela.pt\/noticias\/2026\/01\/20\/benfica-prestes-a-anunciar-rafa-central-do-braga-cobicado-em-italia\/#primaryimage","url":"https:\/\/portaltela.pt\/s.01k8rhncp4jt1\/2026\/01\/image-1280.jpg","contentUrl":"https:\/\/portaltela.pt\/s.01k8rhncp4jt1\/2026\/01\/image-1280.jpg","width":796,"height":448,"caption":"Rafa est\u00e1 prestes a deixar o Besiktas para voltar ao Benfica"},{"@type":"BreadcrumbList","@id":"https:\/\/portaltela.pt\/noticias\/2026\/01\/20\/benfica-prestes-a-anunciar-rafa-central-do-braga-cobicado-em-italia\/#breadcrumb","itemListElement":[{"@type":"ListItem","position":1,"name":"In\u00edcio","item":"https:\/\/portaltela.pt\/"},{"@type":"ListItem","position":2,"name":"Benfica prestes a anunciar Rafa; central do Braga cobi\u00e7ado em It\u00e1lia"}]},{"@type":"WebSite","@id":"https:\/\/portaltela.pt\/#website","url":"https:\/\/portaltela.pt\/","name":"Portal Tela Portugal","description":"","potentialAction":[{"@type":"SearchAction","target":{"@type":"EntryPoint","urlTemplate":"https:\/\/portaltela.pt\/?s={search_term_string}"},"query-input":{"@type":"PropertyValueSpecification","valueRequired":true,"valueName":"search_term_string"}}],"inLanguage":"pt-PT"},{"@type":"Person","@id":"https:\/\/portaltela.pt\/#\/schema\/person\/c4278d4a6028830caff9ee44b42d32ed","name":"Telinha","image":{"@type":"ImageObject","inLanguage":"pt-PT","@id":"https:\/\/portaltela.pt\/s.01k8rhncp4jt1\/2025\/11\/talking-bot-125x125.png","url":"https:\/\/portaltela.pt\/s.01k8rhncp4jt1\/2025\/11\/talking-bot-125x125.png","contentUrl":"https:\/\/portaltela.pt\/s.01k8rhncp4jt1\/2025\/11\/talking-bot-125x125.png","caption":"Telinha"},"sameAs":["https:\/\/portaltela.pt\/"],"url":"https:\/\/portaltela.pt\/por\/367410592786\/"}]}},"_links":{"self":[{"href":"https:\/\/portaltela.pt\/api\/wp\/v2\/posts\/158013","targetHints":{"allow":["GET"]}}],"collection":[{"href":"https:\/\/portaltela.pt\/api\/wp\/v2\/posts"}],"about":[{"href":"https:\/\/portaltela.pt\/api\/wp\/v2\/types\/post"}],"author":[{"embeddable":true,"href":"https:\/\/portaltela.pt\/api\/wp\/v2\/users\/2"}],"replies":[{"embeddable":true,"href":"https:\/\/portaltela.pt\/api\/wp\/v2\/comments?post=158013"}],"version-history":[{"count":0,"href":"https:\/\/portaltela.pt\/api\/wp\/v2\/posts\/158013\/revisions"}],"wp:featuredmedia":[{"embeddable":true,"href":"https:\/\/portaltela.pt\/api\/wp\/v2\/media\/158019"}],"wp:attachment":[{"href":"https:\/\/portaltela.pt\/api\/wp\/v2\/media?parent=158013"}],"wp:term":[{"taxonomy":"category","embeddable":true,"href":"https:\/\/portaltela.pt\/api\/wp\/v2\/categories?post=158013"},{"taxonomy":"post_tag","embeddable":true,"href":"https:\/\/portaltela.pt\/api\/wp\/v2\/tags?post=158013"}],"curies":[{"name":"wp","href":"https:\/\/api.w.org\/{rel}","templated":true}]}}