{"id":157989,"date":"2026-01-20T17:27:00","date_gmt":"2026-01-20T20:27:00","guid":{"rendered":"https:\/\/portaltela.pt\/noticias\/2026\/01\/20\/marcelo-recebe-costa-e-recorda-os-luises\/"},"modified":"2026-01-20T17:27:00","modified_gmt":"2026-01-20T20:27:00","slug":"marcelo-recebe-costa-e-recorda-os-luises","status":"publish","type":"post","link":"https:\/\/portaltela.pt\/noticias\/politica\/2026\/01\/20\/marcelo-recebe-costa-e-recorda-os-luises\/","title":{"rendered":"Marcelo recebe Costa e recorda os Lu\u00edses"},"content":{"rendered":"<p>Marcelo Rebelo de Sousa viajou de Lisboa para Estrasburgo numa viagem de Falcon que contou com Ant\u00f3nio Costa. Ao longo de desloca\u00e7\u00e3o, n\u00e3o houve declara\u00e7\u00f5es pol\u00edticas p\u00fablicas, apenas a inten\u00e7\u00e3o de n\u00e3o discutir pol\u00edtica. O Presidente preferiu manter a conversa em temas pessoais.<\/p>\n<p>\u00c0 chegada ao hotel, Marcelo afirmou ter uma cumplicidade maior com Costa do que com Montenegro, e comentou a segunda volta das Presidenciais, insinuando que a participa\u00e7\u00e3o eleitoral pode aumentar. Referiu ainda uma alus\u00e3o a Lu\u00eds Marques Mendes sem elaborar.<\/p>\n<p>O chefe de Estado explicou que n\u00e3o comenta a campanha, alegando uma altura de sil\u00eancio. Apesar disso, destacou a import\u00e2ncia da participa\u00e7\u00e3o c\u00edvica e elogiou a redu\u00e7\u00e3o da absten\u00e7\u00e3o, considerando positivo o envolvimento dos eleitores.<\/p>\n<h3>Rela\u00e7\u00e3o com Costa, Montenegro e Lu\u00edses<\/h3>\n<p>Marcelo explicou ter mantido contacto com Costa desde o per\u00edodo antigo, mantendo uma rela\u00e7\u00e3o pr\u00f3xima. Disse ter conversado recentemente ao longo de hor\u00e1rios oficiais, incluindo encontros nas Na\u00e7\u00f5es Unidas.<\/p>\n<p>Refor\u00e7ou que tem boa rela\u00e7\u00e3o com ambos, Costa e Montenegro, destacando que conheceu-os cedo e participou ativamente nas primeiras campanhas de ambos. Referiu ainda o grupo informal dos Lu\u00edses como mem\u00f3ria partilhada de amizades antigas.<\/p>\n","protected":false},"excerpt":{"rendered":"<ul>\n<li>Marcelo Rebelo de Sousa viajou de Lisboa para Estrasburgo em avi\u00e3o fretado com Ant\u00f3nio Costa, sem falar de pol\u00edtica, segundo o Presidente.<\/li>\n<li>\u00c0 chegada ao hotel, Marcelo disse ter uma \u201ccumplicidade\u201d maior com Costa do que com Lu\u00eds Montenegro e abordou a segunda volta das Presidenciais, elogiando o crescimento da participa\u00e7\u00e3o eleitoral.<\/li>\n<li>O chefe de Estado afirmou que n\u00e3o comentaria a campanha, descrevendo o per\u00edodo como uma \u201caltura de sil\u00eancio\u201d e dizendo estar mais limitado do que o cidad\u00e3o comum para fazer campanha.<\/li>\n<li>Marcelo vincou que a participa\u00e7\u00e3o eleitoral subiu e pode manter-se elevada na segunda volta, destacando a import\u00e2ncia c\u00edvica dos portugueses e a mem\u00f3ria da campanha de 1986.<\/li>\n<li>Sobre rela\u00e7\u00f5es pol\u00edticas, garantiu boa rela\u00e7\u00e3o com Costa e Montenegro, lembrando o grupo informal dos \u201cLu\u00edses\u201d (Lu\u00eds Campos Ferreira, Lu\u00eds Marques Mendes e Lu\u00eds Montenegro) e mencionando uma rela\u00e7\u00e3o mais pr\u00f3xima com Costa devido \u00e0 diferen\u00e7a de idade.<\/li>\n<\/ul>\n","protected":false},"author":2,"featured_media":157993,"comment_status":"closed","ping_status":"closed","sticky":false,"template":"","format":"standard","meta":{"footnotes":""},"categories":[1,5],"tags":[3412,68,2612,2127,2832,30],"class_list":["post-157989","post","type-post","status-publish","format-standard","has-post-thumbnail","hentry","category-noticias","category-politica","tag-abstencao","tag-eleicoes","tag-luis-marques-mendes","tag-nacoes-unidas","tag-politica","tag-presidente"],"yoast_head":"<!-- This site is optimized with the Yoast SEO plugin v27.2 - https:\/\/yoast.com\/product\/yoast-seo-wordpress\/ -->\n<title>Marcelo recebe Costa e recorda os Lu\u00edses - Portal Tela Portugal<\/title>\n<meta name=\"robots\" content=\"index, follow, max-snippet:-1, max-image-preview:large, max-video-preview:-1\" \/>\n<meta property=\"og:locale\" content=\"pt_PT\" \/>\n<meta property=\"og:type\" content=\"article\" \/>\n<meta property=\"og:title\" content=\"Marcelo recebe Costa e recorda os Lu\u00edses - Portal Tela Portugal\" \/>\n<meta property=\"og:description\" content=\"Marcelo Rebelo de Sousa viajou de Lisboa para Estrasburgo em avi\u00e3o fretado com Ant\u00f3nio Costa, sem falar de pol\u00edtica, segundo o Presidente. \u00c0 chegada ao hotel, Marcelo disse ter uma \u201ccumplicidade\u201d maior com Costa do que com Lu\u00eds Montenegro e abordou a segunda volta das Presidenciais, elogiando o crescimento da participa\u00e7\u00e3o eleitoral. O chefe de Estado afirmou que n\u00e3o comentaria a campanha, descrevendo o per\u00edodo como uma \u201caltura de sil\u00eancio\u201d e dizendo estar mais limitado do que o cidad\u00e3o comum para fazer campanha. Marcelo vincou que a participa\u00e7\u00e3o eleitoral subiu e pode manter-se elevada na segunda volta, destacando a import\u00e2ncia c\u00edvica dos portugueses e a mem\u00f3ria da campanha de 1986. Sobre rela\u00e7\u00f5es pol\u00edticas, garantiu boa rela\u00e7\u00e3o com Costa e Montenegro, lembrando o grupo informal dos \u201cLu\u00edses\u201d (Lu\u00eds Campos Ferreira, Lu\u00eds Marques Mendes e Lu\u00eds Montenegro) e mencionando uma rela\u00e7\u00e3o mais pr\u00f3xima com Costa devido \u00e0 diferen\u00e7a de idade.\" \/>\n<meta property=\"og:url\" content=\"https:\/\/portaltela.pt\/noticias\/2026\/01\/20\/marcelo-recebe-costa-e-recorda-os-luises\/\" \/>\n<meta property=\"og:site_name\" content=\"Portal Tela Portugal\" \/>\n<meta property=\"article:published_time\" content=\"2026-01-20T20:27:00+00:00\" \/>\n<meta name=\"author\" content=\"Telinha\" \/>\n<meta name=\"twitter:card\" content=\"summary_large_image\" \/>\n<meta name=\"twitter:label1\" content=\"Escrito por\" \/>\n\t<meta name=\"twitter:data1\" content=\"Telinha\" \/>\n\t<meta name=\"twitter:label2\" content=\"Tempo estimado de leitura\" \/>\n\t<meta name=\"twitter:data2\" content=\"1 minuto\" \/>\n<script type=\"application\/ld+json\" class=\"yoast-schema-graph\">{\"@context\":\"https:\/\/schema.org\",\"@graph\":[{\"@type\":\"Article\",\"@id\":\"https:\/\/portaltela.pt\/noticias\/2026\/01\/20\/marcelo-recebe-costa-e-recorda-os-luises\/#article\",\"isPartOf\":{\"@id\":\"https:\/\/portaltela.pt\/noticias\/2026\/01\/20\/marcelo-recebe-costa-e-recorda-os-luises\/\"},\"author\":{\"name\":\"Telinha\",\"@id\":\"https:\/\/portaltela.pt\/#\/schema\/person\/c4278d4a6028830caff9ee44b42d32ed\"},\"headline\":\"Marcelo recebe Costa e recorda os Lu\u00edses\",\"datePublished\":\"2026-01-20T20:27:00+00:00\",\"mainEntityOfPage\":{\"@id\":\"https:\/\/portaltela.pt\/noticias\/2026\/01\/20\/marcelo-recebe-costa-e-recorda-os-luises\/\"},\"wordCount\":225,\"image\":{\"@id\":\"https:\/\/portaltela.pt\/noticias\/2026\/01\/20\/marcelo-recebe-costa-e-recorda-os-luises\/#primaryimage\"},\"thumbnailUrl\":\"https:\/\/portaltela.pt\/s.01k8rhncp4jt1\/2026\/01\/dv1-7865-scaled-1.jpg\",\"keywords\":[\"absten\u00e7\u00e3o\",\"elei\u00e7\u00f5es\",\"Lu\u00eds Marques Mendes\",\"Na\u00e7\u00f5es Unidas\",\"pol\u00edtica\",\"presidente\"],\"articleSection\":[\"Not\u00edcias\",\"Pol\u00edtica\"],\"inLanguage\":\"pt-PT\"},{\"@type\":\"WebPage\",\"@id\":\"https:\/\/portaltela.pt\/noticias\/2026\/01\/20\/marcelo-recebe-costa-e-recorda-os-luises\/\",\"url\":\"https:\/\/portaltela.pt\/noticias\/2026\/01\/20\/marcelo-recebe-costa-e-recorda-os-luises\/\",\"name\":\"Marcelo recebe Costa e recorda os Lu\u00edses - Portal Tela Portugal\",\"isPartOf\":{\"@id\":\"https:\/\/portaltela.pt\/#website\"},\"primaryImageOfPage\":{\"@id\":\"https:\/\/portaltela.pt\/noticias\/2026\/01\/20\/marcelo-recebe-costa-e-recorda-os-luises\/#primaryimage\"},\"image\":{\"@id\":\"https:\/\/portaltela.pt\/noticias\/2026\/01\/20\/marcelo-recebe-costa-e-recorda-os-luises\/#primaryimage\"},\"thumbnailUrl\":\"https:\/\/portaltela.pt\/s.01k8rhncp4jt1\/2026\/01\/dv1-7865-scaled-1.jpg\",\"datePublished\":\"2026-01-20T20:27:00+00:00\",\"author\":{\"@id\":\"https:\/\/portaltela.pt\/#\/schema\/person\/c4278d4a6028830caff9ee44b42d32ed\"},\"breadcrumb\":{\"@id\":\"https:\/\/portaltela.pt\/noticias\/2026\/01\/20\/marcelo-recebe-costa-e-recorda-os-luises\/#breadcrumb\"},\"inLanguage\":\"pt-PT\",\"potentialAction\":[{\"@type\":\"ReadAction\",\"target\":[\"https:\/\/portaltela.pt\/noticias\/2026\/01\/20\/marcelo-recebe-costa-e-recorda-os-luises\/\"]}]},{\"@type\":\"ImageObject\",\"inLanguage\":\"pt-PT\",\"@id\":\"https:\/\/portaltela.pt\/noticias\/2026\/01\/20\/marcelo-recebe-costa-e-recorda-os-luises\/#primaryimage\",\"url\":\"https:\/\/portaltela.pt\/s.01k8rhncp4jt1\/2026\/01\/dv1-7865-scaled-1.jpg\",\"contentUrl\":\"https:\/\/portaltela.pt\/s.01k8rhncp4jt1\/2026\/01\/dv1-7865-scaled-1.jpg\",\"width\":796,\"height\":448,\"caption\":\"Photo\"},{\"@type\":\"BreadcrumbList\",\"@id\":\"https:\/\/portaltela.pt\/noticias\/2026\/01\/20\/marcelo-recebe-costa-e-recorda-os-luises\/#breadcrumb\",\"itemListElement\":[{\"@type\":\"ListItem\",\"position\":1,\"name\":\"In\u00edcio\",\"item\":\"https:\/\/portaltela.pt\/\"},{\"@type\":\"ListItem\",\"position\":2,\"name\":\"Marcelo recebe Costa e recorda os Lu\u00edses\"}]},{\"@type\":\"WebSite\",\"@id\":\"https:\/\/portaltela.pt\/#website\",\"url\":\"https:\/\/portaltela.pt\/\",\"name\":\"Portal Tela Portugal\",\"description\":\"\",\"potentialAction\":[{\"@type\":\"SearchAction\",\"target\":{\"@type\":\"EntryPoint\",\"urlTemplate\":\"https:\/\/portaltela.pt\/?s={search_term_string}\"},\"query-input\":{\"@type\":\"PropertyValueSpecification\",\"valueRequired\":true,\"valueName\":\"search_term_string\"}}],\"inLanguage\":\"pt-PT\"},{\"@type\":\"Person\",\"@id\":\"https:\/\/portaltela.pt\/#\/schema\/person\/c4278d4a6028830caff9ee44b42d32ed\",\"name\":\"Telinha\",\"image\":{\"@type\":\"ImageObject\",\"inLanguage\":\"pt-PT\",\"@id\":\"https:\/\/portaltela.pt\/s.01k8rhncp4jt1\/2025\/11\/talking-bot-125x125.png\",\"url\":\"https:\/\/portaltela.pt\/s.01k8rhncp4jt1\/2025\/11\/talking-bot-125x125.png\",\"contentUrl\":\"https:\/\/portaltela.pt\/s.01k8rhncp4jt1\/2025\/11\/talking-bot-125x125.png\",\"caption\":\"Telinha\"},\"sameAs\":[\"https:\/\/portaltela.pt\/\"],\"url\":\"https:\/\/portaltela.pt\/por\/367410592786\/\"}]}<\/script>\n<!-- \/ Yoast SEO plugin. -->","yoast_head_json":{"title":"Marcelo recebe Costa e recorda os Lu\u00edses - Portal Tela Portugal","robots":{"index":"index","follow":"follow","max-snippet":"max-snippet:-1","max-image-preview":"max-image-preview:large","max-video-preview":"max-video-preview:-1"},"og_locale":"pt_PT","og_type":"article","og_title":"Marcelo recebe Costa e recorda os Lu\u00edses - Portal Tela Portugal","og_description":"Marcelo Rebelo de Sousa viajou de Lisboa para Estrasburgo em avi\u00e3o fretado com Ant\u00f3nio Costa, sem falar de pol\u00edtica, segundo o Presidente. \u00c0 chegada ao hotel, Marcelo disse ter uma \u201ccumplicidade\u201d maior com Costa do que com Lu\u00eds Montenegro e abordou a segunda volta das Presidenciais, elogiando o crescimento da participa\u00e7\u00e3o eleitoral. O chefe de Estado afirmou que n\u00e3o comentaria a campanha, descrevendo o per\u00edodo como uma \u201caltura de sil\u00eancio\u201d e dizendo estar mais limitado do que o cidad\u00e3o comum para fazer campanha. Marcelo vincou que a participa\u00e7\u00e3o eleitoral subiu e pode manter-se elevada na segunda volta, destacando a import\u00e2ncia c\u00edvica dos portugueses e a mem\u00f3ria da campanha de 1986. Sobre rela\u00e7\u00f5es pol\u00edticas, garantiu boa rela\u00e7\u00e3o com Costa e Montenegro, lembrando o grupo informal dos \u201cLu\u00edses\u201d (Lu\u00eds Campos Ferreira, Lu\u00eds Marques Mendes e Lu\u00eds Montenegro) e mencionando uma rela\u00e7\u00e3o mais pr\u00f3xima com Costa devido \u00e0 diferen\u00e7a de idade.","og_url":"https:\/\/portaltela.pt\/noticias\/2026\/01\/20\/marcelo-recebe-costa-e-recorda-os-luises\/","og_site_name":"Portal Tela Portugal","article_published_time":"2026-01-20T20:27:00+00:00","author":"Telinha","twitter_card":"summary_large_image","twitter_misc":{"Escrito por":"Telinha","Tempo estimado de leitura":"1 minuto"},"schema":{"@context":"https:\/\/schema.org","@graph":[{"@type":"Article","@id":"https:\/\/portaltela.pt\/noticias\/2026\/01\/20\/marcelo-recebe-costa-e-recorda-os-luises\/#article","isPartOf":{"@id":"https:\/\/portaltela.pt\/noticias\/2026\/01\/20\/marcelo-recebe-costa-e-recorda-os-luises\/"},"author":{"name":"Telinha","@id":"https:\/\/portaltela.pt\/#\/schema\/person\/c4278d4a6028830caff9ee44b42d32ed"},"headline":"Marcelo recebe Costa e recorda os Lu\u00edses","datePublished":"2026-01-20T20:27:00+00:00","mainEntityOfPage":{"@id":"https:\/\/portaltela.pt\/noticias\/2026\/01\/20\/marcelo-recebe-costa-e-recorda-os-luises\/"},"wordCount":225,"image":{"@id":"https:\/\/portaltela.pt\/noticias\/2026\/01\/20\/marcelo-recebe-costa-e-recorda-os-luises\/#primaryimage"},"thumbnailUrl":"https:\/\/portaltela.pt\/s.01k8rhncp4jt1\/2026\/01\/dv1-7865-scaled-1.jpg","keywords":["absten\u00e7\u00e3o","elei\u00e7\u00f5es","Lu\u00eds Marques Mendes","Na\u00e7\u00f5es Unidas","pol\u00edtica","presidente"],"articleSection":["Not\u00edcias","Pol\u00edtica"],"inLanguage":"pt-PT"},{"@type":"WebPage","@id":"https:\/\/portaltela.pt\/noticias\/2026\/01\/20\/marcelo-recebe-costa-e-recorda-os-luises\/","url":"https:\/\/portaltela.pt\/noticias\/2026\/01\/20\/marcelo-recebe-costa-e-recorda-os-luises\/","name":"Marcelo recebe Costa e recorda os Lu\u00edses - Portal Tela Portugal","isPartOf":{"@id":"https:\/\/portaltela.pt\/#website"},"primaryImageOfPage":{"@id":"https:\/\/portaltela.pt\/noticias\/2026\/01\/20\/marcelo-recebe-costa-e-recorda-os-luises\/#primaryimage"},"image":{"@id":"https:\/\/portaltela.pt\/noticias\/2026\/01\/20\/marcelo-recebe-costa-e-recorda-os-luises\/#primaryimage"},"thumbnailUrl":"https:\/\/portaltela.pt\/s.01k8rhncp4jt1\/2026\/01\/dv1-7865-scaled-1.jpg","datePublished":"2026-01-20T20:27:00+00:00","author":{"@id":"https:\/\/portaltela.pt\/#\/schema\/person\/c4278d4a6028830caff9ee44b42d32ed"},"breadcrumb":{"@id":"https:\/\/portaltela.pt\/noticias\/2026\/01\/20\/marcelo-recebe-costa-e-recorda-os-luises\/#breadcrumb"},"inLanguage":"pt-PT","potentialAction":[{"@type":"ReadAction","target":["https:\/\/portaltela.pt\/noticias\/2026\/01\/20\/marcelo-recebe-costa-e-recorda-os-luises\/"]}]},{"@type":"ImageObject","inLanguage":"pt-PT","@id":"https:\/\/portaltela.pt\/noticias\/2026\/01\/20\/marcelo-recebe-costa-e-recorda-os-luises\/#primaryimage","url":"https:\/\/portaltela.pt\/s.01k8rhncp4jt1\/2026\/01\/dv1-7865-scaled-1.jpg","contentUrl":"https:\/\/portaltela.pt\/s.01k8rhncp4jt1\/2026\/01\/dv1-7865-scaled-1.jpg","width":796,"height":448,"caption":"Photo"},{"@type":"BreadcrumbList","@id":"https:\/\/portaltela.pt\/noticias\/2026\/01\/20\/marcelo-recebe-costa-e-recorda-os-luises\/#breadcrumb","itemListElement":[{"@type":"ListItem","position":1,"name":"In\u00edcio","item":"https:\/\/portaltela.pt\/"},{"@type":"ListItem","position":2,"name":"Marcelo recebe Costa e recorda os Lu\u00edses"}]},{"@type":"WebSite","@id":"https:\/\/portaltela.pt\/#website","url":"https:\/\/portaltela.pt\/","name":"Portal Tela Portugal","description":"","potentialAction":[{"@type":"SearchAction","target":{"@type":"EntryPoint","urlTemplate":"https:\/\/portaltela.pt\/?s={search_term_string}"},"query-input":{"@type":"PropertyValueSpecification","valueRequired":true,"valueName":"search_term_string"}}],"inLanguage":"pt-PT"},{"@type":"Person","@id":"https:\/\/portaltela.pt\/#\/schema\/person\/c4278d4a6028830caff9ee44b42d32ed","name":"Telinha","image":{"@type":"ImageObject","inLanguage":"pt-PT","@id":"https:\/\/portaltela.pt\/s.01k8rhncp4jt1\/2025\/11\/talking-bot-125x125.png","url":"https:\/\/portaltela.pt\/s.01k8rhncp4jt1\/2025\/11\/talking-bot-125x125.png","contentUrl":"https:\/\/portaltela.pt\/s.01k8rhncp4jt1\/2025\/11\/talking-bot-125x125.png","caption":"Telinha"},"sameAs":["https:\/\/portaltela.pt\/"],"url":"https:\/\/portaltela.pt\/por\/367410592786\/"}]}},"_links":{"self":[{"href":"https:\/\/portaltela.pt\/api\/wp\/v2\/posts\/157989","targetHints":{"allow":["GET"]}}],"collection":[{"href":"https:\/\/portaltela.pt\/api\/wp\/v2\/posts"}],"about":[{"href":"https:\/\/portaltela.pt\/api\/wp\/v2\/types\/post"}],"author":[{"embeddable":true,"href":"https:\/\/portaltela.pt\/api\/wp\/v2\/users\/2"}],"replies":[{"embeddable":true,"href":"https:\/\/portaltela.pt\/api\/wp\/v2\/comments?post=157989"}],"version-history":[{"count":0,"href":"https:\/\/portaltela.pt\/api\/wp\/v2\/posts\/157989\/revisions"}],"wp:featuredmedia":[{"embeddable":true,"href":"https:\/\/portaltela.pt\/api\/wp\/v2\/media\/157993"}],"wp:attachment":[{"href":"https:\/\/portaltela.pt\/api\/wp\/v2\/media?parent=157989"}],"wp:term":[{"taxonomy":"category","embeddable":true,"href":"https:\/\/portaltela.pt\/api\/wp\/v2\/categories?post=157989"},{"taxonomy":"post_tag","embeddable":true,"href":"https:\/\/portaltela.pt\/api\/wp\/v2\/tags?post=157989"}],"curies":[{"name":"wp","href":"https:\/\/api.w.org\/{rel}","templated":true}]}}