{"id":157985,"date":"2026-01-20T17:18:05","date_gmt":"2026-01-20T20:18:05","guid":{"rendered":"https:\/\/portaltela.pt\/noticias\/2026\/01\/20\/policia-e-militar-envolvidos-em-redes-neonazis-sob-investigacao-da-pj\/"},"modified":"2026-01-20T17:18:05","modified_gmt":"2026-01-20T20:18:05","slug":"policia-e-militar-envolvidos-em-redes-neonazis-sob-investigacao-da-pj","status":"publish","type":"post","link":"https:\/\/portaltela.pt\/noticias\/2026\/01\/20\/policia-e-militar-envolvidos-em-redes-neonazis-sob-investigacao-da-pj\/","title":{"rendered":"Pol\u00edcia e militar envolvidos em redes neonazis sob investiga\u00e7\u00e3o da PJ"},"content":{"rendered":"<p>A Pol\u00edcia Judici\u00e1ria confirmou que dois dos 37 detidos na megaopera\u00e7\u00e3o de desmantelamento do grupo neonazi 1143 n\u00e3o s\u00e3o civis. Tratam-se de um elemento da PSP e de um militar, ambos ligados \u00e0 investiga\u00e7\u00e3o que visa o grupo encabe\u00e7ado por M\u00e1rio Machado. O objetivo principal \u00e9 prevenir homic\u00eddios e outros crimes violentos de motiva\u00e7\u00e3o pol\u00edtica.<\/p>\n<p>Em confer\u00eancia na sede da PJ, o diretor nacional Lu\u00eds Neves indicou que a atua\u00e7\u00e3o foi preventiva e sustentada por ind\u00edcios graves. A institui\u00e7\u00e3o n\u00e3o pretende repetir epis\u00f3dios de viol\u00eancia racista em Portugal, como o homic\u00eddio de Alcindo Monteiro, em 1995, no Bairro Alto.<\/p>\n<p>A PSP confirmou a deten\u00e7\u00e3o de um elemento que integra o Comando Distrital de Set\u00fabal. A for\u00e7a afirma aguardar o acesso a informa\u00e7\u00f5es detalhadas sobre os crimes imputados ao agente e adianta que ser\u00e3o desencadeados os respetivos procedimentos disciplinares assim que os factos forem conhecidos.<\/p>\n<p>Neves refor\u00e7ou que todos os crimes de natureza politicamente motivada ter\u00e3o resposta firme da PJ, independentemente da origem ideol\u00f3gica. Entre dados relevantes, real\u00e7ou que, em 2019, foram registados nove crimes de \u00f3dio, n\u00famero que ascendeu para 64 em 2025, evidenciando uma escalada de criminalidade deste tipo.<\/p>\n<p>Apesar do elevado n\u00famero de deten\u00e7\u00f5es, a PJ esclareceu que n\u00e3o foram recolhidas provas de prepara\u00e7\u00e3o de um ataque iminente. Ainda assim, a investiga\u00e7\u00e3o indicou a exist\u00eancia de convic\u00e7\u00e3o de que a viol\u00eancia poderia concretizar-se perante determinadas circunst\u00e2ncias.<\/p>\n<p>A opera\u00e7\u00e3o representa um dos mais significativos golpes contra estruturas extremistas em territ\u00f3rio nacional e demonstra o combate estatal a fen\u00f3menos de radicaliza\u00e7\u00e3o com potencial violento. O caso continua a ser acompanhado pelas autoridades competentes para esclarecer todas as liga\u00e7\u00f5es dentro da organiza\u00e7\u00e3o.<\/p>\n","protected":false},"excerpt":{"rendered":"<ul>\n<li>Dois dos 37 detidos na megaopera\u00e7\u00e3o ao grupo neonazi 1143 n\u00e3o s\u00e3o civis \u2014 um da Pol\u00edcia de Seguran\u00e7a P\u00fablica e um militar.<\/li>\n<li>A a\u00e7\u00e3o, liderada pela Pol\u00edcia Judici\u00e1ria e dirigida a M\u00e1rio Machado, visou prevenir homic\u00eddios e outros crimes violentos de motiva\u00e7\u00e3o pol\u00edtica.<\/li>\n<li>A Pol\u00edcia de Seguran\u00e7a P\u00fablica confirmou que um detido integra o Comando Distrital de Set\u00fabal e que ser\u00e3o acionados procedimentos disciplinares conforme os factos.<\/li>\n<li>A investiga\u00e7\u00e3o indicou liga\u00e7\u00f5es do grupo a uma claque de futebol, revelando uma dimens\u00e3o organizada da associa\u00e7\u00e3o criminosa.<\/li>\n<li>Embora n\u00e3o tenha sido recolhida prova de ataque iminente, o diretor nacional Lu\u00eds Neves afirmou que crimes de natureza politicamente motivada ter\u00e3o resposta firme, com desconhecimento de que houve aumento de crimes de \u00f3dio de 9 em 2019 para 64 em 2025.<\/li>\n<\/ul>\n","protected":false},"author":2,"featured_media":158000,"comment_status":"closed","ping_status":"closed","sticky":false,"template":"","format":"standard","meta":{"footnotes":""},"categories":[1],"tags":[3598,3446,1802,1014,1381,994],"class_list":["post-157985","post","type-post","status-publish","format-standard","has-post-thumbnail","hentry","category-noticias","tag-crimes-de-odio","tag-extremismo","tag-policia-judiciaria","tag-portugal","tag-psp","tag-setubal"],"yoast_head":"<!-- This site is optimized with the Yoast SEO plugin v27.2 - https:\/\/yoast.com\/product\/yoast-seo-wordpress\/ -->\n<title>Pol\u00edcia e militar envolvidos em redes neonazis sob investiga\u00e7\u00e3o da PJ - Portal Tela Portugal<\/title>\n<meta name=\"robots\" content=\"index, follow, max-snippet:-1, max-image-preview:large, max-video-preview:-1\" \/>\n<meta property=\"og:locale\" content=\"pt_PT\" \/>\n<meta property=\"og:type\" content=\"article\" \/>\n<meta property=\"og:title\" content=\"Pol\u00edcia e militar envolvidos em redes neonazis sob investiga\u00e7\u00e3o da PJ - Portal Tela Portugal\" \/>\n<meta property=\"og:description\" content=\"Dois dos 37 detidos na megaopera\u00e7\u00e3o ao grupo neonazi 1143 n\u00e3o s\u00e3o civis \u2014 um da Pol\u00edcia de Seguran\u00e7a P\u00fablica e um militar. A a\u00e7\u00e3o, liderada pela Pol\u00edcia Judici\u00e1ria e dirigida a M\u00e1rio Machado, visou prevenir homic\u00eddios e outros crimes violentos de motiva\u00e7\u00e3o pol\u00edtica. A Pol\u00edcia de Seguran\u00e7a P\u00fablica confirmou que um detido integra o Comando Distrital de Set\u00fabal e que ser\u00e3o acionados procedimentos disciplinares conforme os factos. A investiga\u00e7\u00e3o indicou liga\u00e7\u00f5es do grupo a uma claque de futebol, revelando uma dimens\u00e3o organizada da associa\u00e7\u00e3o criminosa. Embora n\u00e3o tenha sido recolhida prova de ataque iminente, o diretor nacional Lu\u00eds Neves afirmou que crimes de natureza politicamente motivada ter\u00e3o resposta firme, com desconhecimento de que houve aumento de crimes de \u00f3dio de 9 em 2019 para 64 em 2025.\" \/>\n<meta property=\"og:url\" content=\"https:\/\/portaltela.pt\/noticias\/2026\/01\/20\/policia-e-militar-envolvidos-em-redes-neonazis-sob-investigacao-da-pj\/\" \/>\n<meta property=\"og:site_name\" content=\"Portal Tela Portugal\" \/>\n<meta property=\"article:published_time\" content=\"2026-01-20T20:18:05+00:00\" \/>\n<meta name=\"author\" content=\"Telinha\" \/>\n<meta name=\"twitter:card\" content=\"summary_large_image\" \/>\n<meta name=\"twitter:label1\" content=\"Escrito por\" \/>\n\t<meta name=\"twitter:data1\" content=\"Telinha\" \/>\n\t<meta name=\"twitter:label2\" content=\"Tempo estimado de leitura\" \/>\n\t<meta name=\"twitter:data2\" content=\"2 minutos\" \/>\n<script type=\"application\/ld+json\" class=\"yoast-schema-graph\">{\"@context\":\"https:\/\/schema.org\",\"@graph\":[{\"@type\":\"Article\",\"@id\":\"https:\/\/portaltela.pt\/noticias\/2026\/01\/20\/policia-e-militar-envolvidos-em-redes-neonazis-sob-investigacao-da-pj\/#article\",\"isPartOf\":{\"@id\":\"https:\/\/portaltela.pt\/noticias\/2026\/01\/20\/policia-e-militar-envolvidos-em-redes-neonazis-sob-investigacao-da-pj\/\"},\"author\":{\"name\":\"Telinha\",\"@id\":\"https:\/\/portaltela.pt\/#\/schema\/person\/c4278d4a6028830caff9ee44b42d32ed\"},\"headline\":\"Pol\u00edcia e militar envolvidos em redes neonazis sob investiga\u00e7\u00e3o da PJ\",\"datePublished\":\"2026-01-20T20:18:05+00:00\",\"mainEntityOfPage\":{\"@id\":\"https:\/\/portaltela.pt\/noticias\/2026\/01\/20\/policia-e-militar-envolvidos-em-redes-neonazis-sob-investigacao-da-pj\/\"},\"wordCount\":321,\"image\":{\"@id\":\"https:\/\/portaltela.pt\/noticias\/2026\/01\/20\/policia-e-militar-envolvidos-em-redes-neonazis-sob-investigacao-da-pj\/#primaryimage\"},\"thumbnailUrl\":\"https:\/\/portaltela.pt\/s.01k8rhncp4jt1\/2026\/01\/Edificio-da-PJ.jpg\",\"keywords\":[\"crimes de \u00f3dio\",\"extremismo\",\"Pol\u00edcia Judici\u00e1ria\",\"Portugal\",\"PSP\",\"Set\u00fabal\"],\"articleSection\":[\"Not\u00edcias\"],\"inLanguage\":\"pt-PT\"},{\"@type\":\"WebPage\",\"@id\":\"https:\/\/portaltela.pt\/noticias\/2026\/01\/20\/policia-e-militar-envolvidos-em-redes-neonazis-sob-investigacao-da-pj\/\",\"url\":\"https:\/\/portaltela.pt\/noticias\/2026\/01\/20\/policia-e-militar-envolvidos-em-redes-neonazis-sob-investigacao-da-pj\/\",\"name\":\"Pol\u00edcia e militar envolvidos em redes neonazis sob investiga\u00e7\u00e3o da PJ - Portal Tela Portugal\",\"isPartOf\":{\"@id\":\"https:\/\/portaltela.pt\/#website\"},\"primaryImageOfPage\":{\"@id\":\"https:\/\/portaltela.pt\/noticias\/2026\/01\/20\/policia-e-militar-envolvidos-em-redes-neonazis-sob-investigacao-da-pj\/#primaryimage\"},\"image\":{\"@id\":\"https:\/\/portaltela.pt\/noticias\/2026\/01\/20\/policia-e-militar-envolvidos-em-redes-neonazis-sob-investigacao-da-pj\/#primaryimage\"},\"thumbnailUrl\":\"https:\/\/portaltela.pt\/s.01k8rhncp4jt1\/2026\/01\/Edificio-da-PJ.jpg\",\"datePublished\":\"2026-01-20T20:18:05+00:00\",\"author\":{\"@id\":\"https:\/\/portaltela.pt\/#\/schema\/person\/c4278d4a6028830caff9ee44b42d32ed\"},\"breadcrumb\":{\"@id\":\"https:\/\/portaltela.pt\/noticias\/2026\/01\/20\/policia-e-militar-envolvidos-em-redes-neonazis-sob-investigacao-da-pj\/#breadcrumb\"},\"inLanguage\":\"pt-PT\",\"potentialAction\":[{\"@type\":\"ReadAction\",\"target\":[\"https:\/\/portaltela.pt\/noticias\/2026\/01\/20\/policia-e-militar-envolvidos-em-redes-neonazis-sob-investigacao-da-pj\/\"]}]},{\"@type\":\"ImageObject\",\"inLanguage\":\"pt-PT\",\"@id\":\"https:\/\/portaltela.pt\/noticias\/2026\/01\/20\/policia-e-militar-envolvidos-em-redes-neonazis-sob-investigacao-da-pj\/#primaryimage\",\"url\":\"https:\/\/portaltela.pt\/s.01k8rhncp4jt1\/2026\/01\/Edificio-da-PJ.jpg\",\"contentUrl\":\"https:\/\/portaltela.pt\/s.01k8rhncp4jt1\/2026\/01\/Edificio-da-PJ.jpg\",\"width\":796,\"height\":448,\"caption\":\"Morte a tiro em Odivelas investigada como ajuste de contas ligado a droga\"},{\"@type\":\"BreadcrumbList\",\"@id\":\"https:\/\/portaltela.pt\/noticias\/2026\/01\/20\/policia-e-militar-envolvidos-em-redes-neonazis-sob-investigacao-da-pj\/#breadcrumb\",\"itemListElement\":[{\"@type\":\"ListItem\",\"position\":1,\"name\":\"In\u00edcio\",\"item\":\"https:\/\/portaltela.pt\/\"},{\"@type\":\"ListItem\",\"position\":2,\"name\":\"Pol\u00edcia e militar envolvidos em redes neonazis sob investiga\u00e7\u00e3o da PJ\"}]},{\"@type\":\"WebSite\",\"@id\":\"https:\/\/portaltela.pt\/#website\",\"url\":\"https:\/\/portaltela.pt\/\",\"name\":\"Portal Tela Portugal\",\"description\":\"\",\"potentialAction\":[{\"@type\":\"SearchAction\",\"target\":{\"@type\":\"EntryPoint\",\"urlTemplate\":\"https:\/\/portaltela.pt\/?s={search_term_string}\"},\"query-input\":{\"@type\":\"PropertyValueSpecification\",\"valueRequired\":true,\"valueName\":\"search_term_string\"}}],\"inLanguage\":\"pt-PT\"},{\"@type\":\"Person\",\"@id\":\"https:\/\/portaltela.pt\/#\/schema\/person\/c4278d4a6028830caff9ee44b42d32ed\",\"name\":\"Telinha\",\"image\":{\"@type\":\"ImageObject\",\"inLanguage\":\"pt-PT\",\"@id\":\"https:\/\/portaltela.pt\/s.01k8rhncp4jt1\/2025\/11\/talking-bot-125x125.png\",\"url\":\"https:\/\/portaltela.pt\/s.01k8rhncp4jt1\/2025\/11\/talking-bot-125x125.png\",\"contentUrl\":\"https:\/\/portaltela.pt\/s.01k8rhncp4jt1\/2025\/11\/talking-bot-125x125.png\",\"caption\":\"Telinha\"},\"sameAs\":[\"https:\/\/portaltela.pt\/\"],\"url\":\"https:\/\/portaltela.pt\/por\/367410592786\/\"}]}<\/script>\n<!-- \/ Yoast SEO plugin. -->","yoast_head_json":{"title":"Pol\u00edcia e militar envolvidos em redes neonazis sob investiga\u00e7\u00e3o da PJ - Portal Tela Portugal","robots":{"index":"index","follow":"follow","max-snippet":"max-snippet:-1","max-image-preview":"max-image-preview:large","max-video-preview":"max-video-preview:-1"},"og_locale":"pt_PT","og_type":"article","og_title":"Pol\u00edcia e militar envolvidos em redes neonazis sob investiga\u00e7\u00e3o da PJ - Portal Tela Portugal","og_description":"Dois dos 37 detidos na megaopera\u00e7\u00e3o ao grupo neonazi 1143 n\u00e3o s\u00e3o civis \u2014 um da Pol\u00edcia de Seguran\u00e7a P\u00fablica e um militar. A a\u00e7\u00e3o, liderada pela Pol\u00edcia Judici\u00e1ria e dirigida a M\u00e1rio Machado, visou prevenir homic\u00eddios e outros crimes violentos de motiva\u00e7\u00e3o pol\u00edtica. A Pol\u00edcia de Seguran\u00e7a P\u00fablica confirmou que um detido integra o Comando Distrital de Set\u00fabal e que ser\u00e3o acionados procedimentos disciplinares conforme os factos. A investiga\u00e7\u00e3o indicou liga\u00e7\u00f5es do grupo a uma claque de futebol, revelando uma dimens\u00e3o organizada da associa\u00e7\u00e3o criminosa. Embora n\u00e3o tenha sido recolhida prova de ataque iminente, o diretor nacional Lu\u00eds Neves afirmou que crimes de natureza politicamente motivada ter\u00e3o resposta firme, com desconhecimento de que houve aumento de crimes de \u00f3dio de 9 em 2019 para 64 em 2025.","og_url":"https:\/\/portaltela.pt\/noticias\/2026\/01\/20\/policia-e-militar-envolvidos-em-redes-neonazis-sob-investigacao-da-pj\/","og_site_name":"Portal Tela Portugal","article_published_time":"2026-01-20T20:18:05+00:00","author":"Telinha","twitter_card":"summary_large_image","twitter_misc":{"Escrito por":"Telinha","Tempo estimado de leitura":"2 minutos"},"schema":{"@context":"https:\/\/schema.org","@graph":[{"@type":"Article","@id":"https:\/\/portaltela.pt\/noticias\/2026\/01\/20\/policia-e-militar-envolvidos-em-redes-neonazis-sob-investigacao-da-pj\/#article","isPartOf":{"@id":"https:\/\/portaltela.pt\/noticias\/2026\/01\/20\/policia-e-militar-envolvidos-em-redes-neonazis-sob-investigacao-da-pj\/"},"author":{"name":"Telinha","@id":"https:\/\/portaltela.pt\/#\/schema\/person\/c4278d4a6028830caff9ee44b42d32ed"},"headline":"Pol\u00edcia e militar envolvidos em redes neonazis sob investiga\u00e7\u00e3o da PJ","datePublished":"2026-01-20T20:18:05+00:00","mainEntityOfPage":{"@id":"https:\/\/portaltela.pt\/noticias\/2026\/01\/20\/policia-e-militar-envolvidos-em-redes-neonazis-sob-investigacao-da-pj\/"},"wordCount":321,"image":{"@id":"https:\/\/portaltela.pt\/noticias\/2026\/01\/20\/policia-e-militar-envolvidos-em-redes-neonazis-sob-investigacao-da-pj\/#primaryimage"},"thumbnailUrl":"https:\/\/portaltela.pt\/s.01k8rhncp4jt1\/2026\/01\/Edificio-da-PJ.jpg","keywords":["crimes de \u00f3dio","extremismo","Pol\u00edcia Judici\u00e1ria","Portugal","PSP","Set\u00fabal"],"articleSection":["Not\u00edcias"],"inLanguage":"pt-PT"},{"@type":"WebPage","@id":"https:\/\/portaltela.pt\/noticias\/2026\/01\/20\/policia-e-militar-envolvidos-em-redes-neonazis-sob-investigacao-da-pj\/","url":"https:\/\/portaltela.pt\/noticias\/2026\/01\/20\/policia-e-militar-envolvidos-em-redes-neonazis-sob-investigacao-da-pj\/","name":"Pol\u00edcia e militar envolvidos em redes neonazis sob investiga\u00e7\u00e3o da PJ - Portal Tela Portugal","isPartOf":{"@id":"https:\/\/portaltela.pt\/#website"},"primaryImageOfPage":{"@id":"https:\/\/portaltela.pt\/noticias\/2026\/01\/20\/policia-e-militar-envolvidos-em-redes-neonazis-sob-investigacao-da-pj\/#primaryimage"},"image":{"@id":"https:\/\/portaltela.pt\/noticias\/2026\/01\/20\/policia-e-militar-envolvidos-em-redes-neonazis-sob-investigacao-da-pj\/#primaryimage"},"thumbnailUrl":"https:\/\/portaltela.pt\/s.01k8rhncp4jt1\/2026\/01\/Edificio-da-PJ.jpg","datePublished":"2026-01-20T20:18:05+00:00","author":{"@id":"https:\/\/portaltela.pt\/#\/schema\/person\/c4278d4a6028830caff9ee44b42d32ed"},"breadcrumb":{"@id":"https:\/\/portaltela.pt\/noticias\/2026\/01\/20\/policia-e-militar-envolvidos-em-redes-neonazis-sob-investigacao-da-pj\/#breadcrumb"},"inLanguage":"pt-PT","potentialAction":[{"@type":"ReadAction","target":["https:\/\/portaltela.pt\/noticias\/2026\/01\/20\/policia-e-militar-envolvidos-em-redes-neonazis-sob-investigacao-da-pj\/"]}]},{"@type":"ImageObject","inLanguage":"pt-PT","@id":"https:\/\/portaltela.pt\/noticias\/2026\/01\/20\/policia-e-militar-envolvidos-em-redes-neonazis-sob-investigacao-da-pj\/#primaryimage","url":"https:\/\/portaltela.pt\/s.01k8rhncp4jt1\/2026\/01\/Edificio-da-PJ.jpg","contentUrl":"https:\/\/portaltela.pt\/s.01k8rhncp4jt1\/2026\/01\/Edificio-da-PJ.jpg","width":796,"height":448,"caption":"Morte a tiro em Odivelas investigada como ajuste de contas ligado a droga"},{"@type":"BreadcrumbList","@id":"https:\/\/portaltela.pt\/noticias\/2026\/01\/20\/policia-e-militar-envolvidos-em-redes-neonazis-sob-investigacao-da-pj\/#breadcrumb","itemListElement":[{"@type":"ListItem","position":1,"name":"In\u00edcio","item":"https:\/\/portaltela.pt\/"},{"@type":"ListItem","position":2,"name":"Pol\u00edcia e militar envolvidos em redes neonazis sob investiga\u00e7\u00e3o da PJ"}]},{"@type":"WebSite","@id":"https:\/\/portaltela.pt\/#website","url":"https:\/\/portaltela.pt\/","name":"Portal Tela Portugal","description":"","potentialAction":[{"@type":"SearchAction","target":{"@type":"EntryPoint","urlTemplate":"https:\/\/portaltela.pt\/?s={search_term_string}"},"query-input":{"@type":"PropertyValueSpecification","valueRequired":true,"valueName":"search_term_string"}}],"inLanguage":"pt-PT"},{"@type":"Person","@id":"https:\/\/portaltela.pt\/#\/schema\/person\/c4278d4a6028830caff9ee44b42d32ed","name":"Telinha","image":{"@type":"ImageObject","inLanguage":"pt-PT","@id":"https:\/\/portaltela.pt\/s.01k8rhncp4jt1\/2025\/11\/talking-bot-125x125.png","url":"https:\/\/portaltela.pt\/s.01k8rhncp4jt1\/2025\/11\/talking-bot-125x125.png","contentUrl":"https:\/\/portaltela.pt\/s.01k8rhncp4jt1\/2025\/11\/talking-bot-125x125.png","caption":"Telinha"},"sameAs":["https:\/\/portaltela.pt\/"],"url":"https:\/\/portaltela.pt\/por\/367410592786\/"}]}},"_links":{"self":[{"href":"https:\/\/portaltela.pt\/api\/wp\/v2\/posts\/157985","targetHints":{"allow":["GET"]}}],"collection":[{"href":"https:\/\/portaltela.pt\/api\/wp\/v2\/posts"}],"about":[{"href":"https:\/\/portaltela.pt\/api\/wp\/v2\/types\/post"}],"author":[{"embeddable":true,"href":"https:\/\/portaltela.pt\/api\/wp\/v2\/users\/2"}],"replies":[{"embeddable":true,"href":"https:\/\/portaltela.pt\/api\/wp\/v2\/comments?post=157985"}],"version-history":[{"count":0,"href":"https:\/\/portaltela.pt\/api\/wp\/v2\/posts\/157985\/revisions"}],"wp:featuredmedia":[{"embeddable":true,"href":"https:\/\/portaltela.pt\/api\/wp\/v2\/media\/158000"}],"wp:attachment":[{"href":"https:\/\/portaltela.pt\/api\/wp\/v2\/media?parent=157985"}],"wp:term":[{"taxonomy":"category","embeddable":true,"href":"https:\/\/portaltela.pt\/api\/wp\/v2\/categories?post=157985"},{"taxonomy":"post_tag","embeddable":true,"href":"https:\/\/portaltela.pt\/api\/wp\/v2\/tags?post=157985"}],"curies":[{"name":"wp","href":"https:\/\/api.w.org\/{rel}","templated":true}]}}