{"id":157979,"date":"2026-01-20T17:11:06","date_gmt":"2026-01-20T20:11:06","guid":{"rendered":"https:\/\/portaltela.pt\/noticias\/2026\/01\/20\/sig-e-espacos-de-coworking-em-debate-no-alentejo-ccr-alentejo\/"},"modified":"2026-01-20T17:11:06","modified_gmt":"2026-01-20T20:11:06","slug":"sig-e-espacos-de-coworking-em-debate-no-alentejo-ccr-alentejo","status":"publish","type":"post","link":"https:\/\/portaltela.pt\/noticias\/2026\/01\/20\/sig-e-espacos-de-coworking-em-debate-no-alentejo-ccr-alentejo\/","title":{"rendered":"SIG e espa\u00e7os de coworking em debate no Alentejo, CCR Alentejo"},"content":{"rendered":"<p>Foi realizado a 18 de dezembro de 2025, no Alentejo, o workshop \u201cO papel dos SIG e dos Espa\u00e7os de Coworking do Alentejo\u201d. A iniciativa foi promovida pela CCDR do Alentejo, I.P.<\/p>\n<p>O evento destacou o papel dos munic\u00edpios no apoio aos espa\u00e7os de coworking, sustentado na informa\u00e7\u00e3o georreferenciada como motor de inova\u00e7\u00e3o territorial.<\/p>\n<p>Foi discutida a integra\u00e7\u00e3o entre digitaliza\u00e7\u00e3o, empreendedorismo e dados georreferenciados para dinamizar os espa\u00e7os de coworking, tornando-os mais atrativos e com maior capta\u00e7\u00e3o de utilizadores.<\/p>\n<p>Foi sublinhado que uma rede de espa\u00e7os de coworking dinamizada de forma colaborativa pode refor\u00e7ar a competitividade regional e a inclus\u00e3o digital e social.<\/p>\n<h3>Impacto e perspetivas<\/h3>\n<p>A sess\u00e3o apontou que a articula\u00e7\u00e3o entre tecnologia, pessoas e territ\u00f3rio estabelece um instrumento relevante para o desenvolvimento regional, promovendo a coopera\u00e7\u00e3o entre \u00e1reas e refor\u00e7ando a posi\u00e7\u00e3o do Alentejo no mapa do empreendedorismo.<\/p>\n","protected":false},"excerpt":{"rendered":"<ul>\n<li>Em 18 de dezembro de 2025 realizou-se o workshop \u201cO papel dos Sistemas de Informa\u00e7\u00e3o Geogr\u00e1fica (SIG) e os Espa\u00e7os de Coworking do Alentejo\u201d, promovido pela Comiss\u00e3o de Coordena\u00e7\u00e3o e Desenvolvimento Regional do Alentejo, I.P.<\/li>\n<li>Destacou-se o papel dos munic\u00edpios no apoio aos espa\u00e7os de coworking, com base na informa\u00e7\u00e3o georreferenciada como motor de inova\u00e7\u00e3o territorial.<\/li>\n<li>A integra\u00e7\u00e3o de SIG, digitaliza\u00e7\u00e3o e empreendedorismo \u00e9 apresentada como essencial para refor\u00e7ar a competitividade regional e a inclus\u00e3o digital e social.<\/li>\n<li>A utiliza\u00e7\u00e3o de dados georreferenciados pode dinamizar os espa\u00e7os de coworking, tornando-os mais atrativos e com maior capta\u00e7\u00e3o de utilizadores e impacto nos territ\u00f3rios.<\/li>\n<li>Concluiu-se que uma rede de coworking dinamizada de forma colaborativa pode ser um instrumento relevante para o desenvolvimento regional, fortalecendo a liga\u00e7\u00e3o entre tecnologia, pessoas e territ\u00f3rio.<\/li>\n<\/ul>\n","protected":false},"author":2,"featured_media":157980,"comment_status":"closed","ping_status":"closed","sticky":false,"template":"","format":"standard","meta":{"footnotes":""},"categories":[1],"tags":[883,3138,1409,1867,28,33],"class_list":["post-157979","post","type-post","status-publish","format-standard","has-post-thumbnail","hentry","category-noticias","tag-alentejo","tag-dados-geoespaciais","tag-desenvolvimento-regional","tag-digitalizacao","tag-economia","tag-inovacao"],"yoast_head":"<!-- This site is optimized with the Yoast SEO plugin v27.2 - https:\/\/yoast.com\/product\/yoast-seo-wordpress\/ -->\n<title>SIG e espa\u00e7os de coworking em debate no Alentejo, CCR Alentejo - Portal Tela Portugal<\/title>\n<meta name=\"robots\" content=\"index, follow, max-snippet:-1, max-image-preview:large, max-video-preview:-1\" \/>\n<meta property=\"og:locale\" content=\"pt_PT\" \/>\n<meta property=\"og:type\" content=\"article\" \/>\n<meta property=\"og:title\" content=\"SIG e espa\u00e7os de coworking em debate no Alentejo, CCR Alentejo - Portal Tela Portugal\" \/>\n<meta property=\"og:description\" content=\"Em 18 de dezembro de 2025 realizou-se o workshop \u201cO papel dos Sistemas de Informa\u00e7\u00e3o Geogr\u00e1fica (SIG) e os Espa\u00e7os de Coworking do Alentejo\u201d, promovido pela Comiss\u00e3o de Coordena\u00e7\u00e3o e Desenvolvimento Regional do Alentejo, I.P. Destacou-se o papel dos munic\u00edpios no apoio aos espa\u00e7os de coworking, com base na informa\u00e7\u00e3o georreferenciada como motor de inova\u00e7\u00e3o territorial. A integra\u00e7\u00e3o de SIG, digitaliza\u00e7\u00e3o e empreendedorismo \u00e9 apresentada como essencial para refor\u00e7ar a competitividade regional e a inclus\u00e3o digital e social. A utiliza\u00e7\u00e3o de dados georreferenciados pode dinamizar os espa\u00e7os de coworking, tornando-os mais atrativos e com maior capta\u00e7\u00e3o de utilizadores e impacto nos territ\u00f3rios. Concluiu-se que uma rede de coworking dinamizada de forma colaborativa pode ser um instrumento relevante para o desenvolvimento regional, fortalecendo a liga\u00e7\u00e3o entre tecnologia, pessoas e territ\u00f3rio.\" \/>\n<meta property=\"og:url\" content=\"https:\/\/portaltela.pt\/noticias\/2026\/01\/20\/sig-e-espacos-de-coworking-em-debate-no-alentejo-ccr-alentejo\/\" \/>\n<meta property=\"og:site_name\" content=\"Portal Tela Portugal\" \/>\n<meta property=\"article:published_time\" content=\"2026-01-20T20:11:06+00:00\" \/>\n<meta name=\"author\" content=\"Telinha\" \/>\n<meta name=\"twitter:card\" content=\"summary_large_image\" \/>\n<meta name=\"twitter:label1\" content=\"Escrito por\" \/>\n\t<meta name=\"twitter:data1\" content=\"Telinha\" \/>\n\t<meta name=\"twitter:label2\" content=\"Tempo estimado de leitura\" \/>\n\t<meta name=\"twitter:data2\" content=\"1 minuto\" \/>\n<script type=\"application\/ld+json\" class=\"yoast-schema-graph\">{\"@context\":\"https:\/\/schema.org\",\"@graph\":[{\"@type\":\"Article\",\"@id\":\"https:\/\/portaltela.pt\/noticias\/2026\/01\/20\/sig-e-espacos-de-coworking-em-debate-no-alentejo-ccr-alentejo\/#article\",\"isPartOf\":{\"@id\":\"https:\/\/portaltela.pt\/noticias\/2026\/01\/20\/sig-e-espacos-de-coworking-em-debate-no-alentejo-ccr-alentejo\/\"},\"author\":{\"name\":\"Telinha\",\"@id\":\"https:\/\/portaltela.pt\/#\/schema\/person\/c4278d4a6028830caff9ee44b42d32ed\"},\"headline\":\"SIG e espa\u00e7os de coworking em debate no Alentejo, CCR Alentejo\",\"datePublished\":\"2026-01-20T20:11:06+00:00\",\"mainEntityOfPage\":{\"@id\":\"https:\/\/portaltela.pt\/noticias\/2026\/01\/20\/sig-e-espacos-de-coworking-em-debate-no-alentejo-ccr-alentejo\/\"},\"wordCount\":169,\"image\":{\"@id\":\"https:\/\/portaltela.pt\/noticias\/2026\/01\/20\/sig-e-espacos-de-coworking-em-debate-no-alentejo-ccr-alentejo\/#primaryimage\"},\"thumbnailUrl\":\"https:\/\/portaltela.pt\/s.01k8rhncp4jt1\/2026\/01\/ccdra_sig_alvito.jpg\",\"keywords\":[\"Alentejo\",\"dados geoespaciais\",\"desenvolvimento regional\",\"digitaliza\u00e7\u00e3o\",\"economia\",\"inova\u00e7\u00e3o\"],\"articleSection\":[\"Not\u00edcias\"],\"inLanguage\":\"pt-PT\"},{\"@type\":\"WebPage\",\"@id\":\"https:\/\/portaltela.pt\/noticias\/2026\/01\/20\/sig-e-espacos-de-coworking-em-debate-no-alentejo-ccr-alentejo\/\",\"url\":\"https:\/\/portaltela.pt\/noticias\/2026\/01\/20\/sig-e-espacos-de-coworking-em-debate-no-alentejo-ccr-alentejo\/\",\"name\":\"SIG e espa\u00e7os de coworking em debate no Alentejo, CCR Alentejo - Portal Tela Portugal\",\"isPartOf\":{\"@id\":\"https:\/\/portaltela.pt\/#website\"},\"primaryImageOfPage\":{\"@id\":\"https:\/\/portaltela.pt\/noticias\/2026\/01\/20\/sig-e-espacos-de-coworking-em-debate-no-alentejo-ccr-alentejo\/#primaryimage\"},\"image\":{\"@id\":\"https:\/\/portaltela.pt\/noticias\/2026\/01\/20\/sig-e-espacos-de-coworking-em-debate-no-alentejo-ccr-alentejo\/#primaryimage\"},\"thumbnailUrl\":\"https:\/\/portaltela.pt\/s.01k8rhncp4jt1\/2026\/01\/ccdra_sig_alvito.jpg\",\"datePublished\":\"2026-01-20T20:11:06+00:00\",\"author\":{\"@id\":\"https:\/\/portaltela.pt\/#\/schema\/person\/c4278d4a6028830caff9ee44b42d32ed\"},\"breadcrumb\":{\"@id\":\"https:\/\/portaltela.pt\/noticias\/2026\/01\/20\/sig-e-espacos-de-coworking-em-debate-no-alentejo-ccr-alentejo\/#breadcrumb\"},\"inLanguage\":\"pt-PT\",\"potentialAction\":[{\"@type\":\"ReadAction\",\"target\":[\"https:\/\/portaltela.pt\/noticias\/2026\/01\/20\/sig-e-espacos-de-coworking-em-debate-no-alentejo-ccr-alentejo\/\"]}]},{\"@type\":\"ImageObject\",\"inLanguage\":\"pt-PT\",\"@id\":\"https:\/\/portaltela.pt\/noticias\/2026\/01\/20\/sig-e-espacos-de-coworking-em-debate-no-alentejo-ccr-alentejo\/#primaryimage\",\"url\":\"https:\/\/portaltela.pt\/s.01k8rhncp4jt1\/2026\/01\/ccdra_sig_alvito.jpg\",\"contentUrl\":\"https:\/\/portaltela.pt\/s.01k8rhncp4jt1\/2026\/01\/ccdra_sig_alvito.jpg\",\"width\":796,\"height\":448,\"caption\":\"SIG e Espa\u00e7os de Coworking em debate no Alentejo \u00ab Comiss\u00e3o de Coordena\u00e7\u00e3o e Desenvolvimento Regional do Alentejo, I.P.\"},{\"@type\":\"BreadcrumbList\",\"@id\":\"https:\/\/portaltela.pt\/noticias\/2026\/01\/20\/sig-e-espacos-de-coworking-em-debate-no-alentejo-ccr-alentejo\/#breadcrumb\",\"itemListElement\":[{\"@type\":\"ListItem\",\"position\":1,\"name\":\"In\u00edcio\",\"item\":\"https:\/\/portaltela.pt\/\"},{\"@type\":\"ListItem\",\"position\":2,\"name\":\"SIG e espa\u00e7os de coworking em debate no Alentejo, CCR Alentejo\"}]},{\"@type\":\"WebSite\",\"@id\":\"https:\/\/portaltela.pt\/#website\",\"url\":\"https:\/\/portaltela.pt\/\",\"name\":\"Portal Tela Portugal\",\"description\":\"\",\"potentialAction\":[{\"@type\":\"SearchAction\",\"target\":{\"@type\":\"EntryPoint\",\"urlTemplate\":\"https:\/\/portaltela.pt\/?s={search_term_string}\"},\"query-input\":{\"@type\":\"PropertyValueSpecification\",\"valueRequired\":true,\"valueName\":\"search_term_string\"}}],\"inLanguage\":\"pt-PT\"},{\"@type\":\"Person\",\"@id\":\"https:\/\/portaltela.pt\/#\/schema\/person\/c4278d4a6028830caff9ee44b42d32ed\",\"name\":\"Telinha\",\"image\":{\"@type\":\"ImageObject\",\"inLanguage\":\"pt-PT\",\"@id\":\"https:\/\/portaltela.pt\/s.01k8rhncp4jt1\/2025\/11\/talking-bot-125x125.png\",\"url\":\"https:\/\/portaltela.pt\/s.01k8rhncp4jt1\/2025\/11\/talking-bot-125x125.png\",\"contentUrl\":\"https:\/\/portaltela.pt\/s.01k8rhncp4jt1\/2025\/11\/talking-bot-125x125.png\",\"caption\":\"Telinha\"},\"sameAs\":[\"https:\/\/portaltela.pt\/\"],\"url\":\"https:\/\/portaltela.pt\/por\/367410592786\/\"}]}<\/script>\n<!-- \/ Yoast SEO plugin. -->","yoast_head_json":{"title":"SIG e espa\u00e7os de coworking em debate no Alentejo, CCR Alentejo - Portal Tela Portugal","robots":{"index":"index","follow":"follow","max-snippet":"max-snippet:-1","max-image-preview":"max-image-preview:large","max-video-preview":"max-video-preview:-1"},"og_locale":"pt_PT","og_type":"article","og_title":"SIG e espa\u00e7os de coworking em debate no Alentejo, CCR Alentejo - Portal Tela Portugal","og_description":"Em 18 de dezembro de 2025 realizou-se o workshop \u201cO papel dos Sistemas de Informa\u00e7\u00e3o Geogr\u00e1fica (SIG) e os Espa\u00e7os de Coworking do Alentejo\u201d, promovido pela Comiss\u00e3o de Coordena\u00e7\u00e3o e Desenvolvimento Regional do Alentejo, I.P. Destacou-se o papel dos munic\u00edpios no apoio aos espa\u00e7os de coworking, com base na informa\u00e7\u00e3o georreferenciada como motor de inova\u00e7\u00e3o territorial. A integra\u00e7\u00e3o de SIG, digitaliza\u00e7\u00e3o e empreendedorismo \u00e9 apresentada como essencial para refor\u00e7ar a competitividade regional e a inclus\u00e3o digital e social. A utiliza\u00e7\u00e3o de dados georreferenciados pode dinamizar os espa\u00e7os de coworking, tornando-os mais atrativos e com maior capta\u00e7\u00e3o de utilizadores e impacto nos territ\u00f3rios. Concluiu-se que uma rede de coworking dinamizada de forma colaborativa pode ser um instrumento relevante para o desenvolvimento regional, fortalecendo a liga\u00e7\u00e3o entre tecnologia, pessoas e territ\u00f3rio.","og_url":"https:\/\/portaltela.pt\/noticias\/2026\/01\/20\/sig-e-espacos-de-coworking-em-debate-no-alentejo-ccr-alentejo\/","og_site_name":"Portal Tela Portugal","article_published_time":"2026-01-20T20:11:06+00:00","author":"Telinha","twitter_card":"summary_large_image","twitter_misc":{"Escrito por":"Telinha","Tempo estimado de leitura":"1 minuto"},"schema":{"@context":"https:\/\/schema.org","@graph":[{"@type":"Article","@id":"https:\/\/portaltela.pt\/noticias\/2026\/01\/20\/sig-e-espacos-de-coworking-em-debate-no-alentejo-ccr-alentejo\/#article","isPartOf":{"@id":"https:\/\/portaltela.pt\/noticias\/2026\/01\/20\/sig-e-espacos-de-coworking-em-debate-no-alentejo-ccr-alentejo\/"},"author":{"name":"Telinha","@id":"https:\/\/portaltela.pt\/#\/schema\/person\/c4278d4a6028830caff9ee44b42d32ed"},"headline":"SIG e espa\u00e7os de coworking em debate no Alentejo, CCR Alentejo","datePublished":"2026-01-20T20:11:06+00:00","mainEntityOfPage":{"@id":"https:\/\/portaltela.pt\/noticias\/2026\/01\/20\/sig-e-espacos-de-coworking-em-debate-no-alentejo-ccr-alentejo\/"},"wordCount":169,"image":{"@id":"https:\/\/portaltela.pt\/noticias\/2026\/01\/20\/sig-e-espacos-de-coworking-em-debate-no-alentejo-ccr-alentejo\/#primaryimage"},"thumbnailUrl":"https:\/\/portaltela.pt\/s.01k8rhncp4jt1\/2026\/01\/ccdra_sig_alvito.jpg","keywords":["Alentejo","dados geoespaciais","desenvolvimento regional","digitaliza\u00e7\u00e3o","economia","inova\u00e7\u00e3o"],"articleSection":["Not\u00edcias"],"inLanguage":"pt-PT"},{"@type":"WebPage","@id":"https:\/\/portaltela.pt\/noticias\/2026\/01\/20\/sig-e-espacos-de-coworking-em-debate-no-alentejo-ccr-alentejo\/","url":"https:\/\/portaltela.pt\/noticias\/2026\/01\/20\/sig-e-espacos-de-coworking-em-debate-no-alentejo-ccr-alentejo\/","name":"SIG e espa\u00e7os de coworking em debate no Alentejo, CCR Alentejo - Portal Tela Portugal","isPartOf":{"@id":"https:\/\/portaltela.pt\/#website"},"primaryImageOfPage":{"@id":"https:\/\/portaltela.pt\/noticias\/2026\/01\/20\/sig-e-espacos-de-coworking-em-debate-no-alentejo-ccr-alentejo\/#primaryimage"},"image":{"@id":"https:\/\/portaltela.pt\/noticias\/2026\/01\/20\/sig-e-espacos-de-coworking-em-debate-no-alentejo-ccr-alentejo\/#primaryimage"},"thumbnailUrl":"https:\/\/portaltela.pt\/s.01k8rhncp4jt1\/2026\/01\/ccdra_sig_alvito.jpg","datePublished":"2026-01-20T20:11:06+00:00","author":{"@id":"https:\/\/portaltela.pt\/#\/schema\/person\/c4278d4a6028830caff9ee44b42d32ed"},"breadcrumb":{"@id":"https:\/\/portaltela.pt\/noticias\/2026\/01\/20\/sig-e-espacos-de-coworking-em-debate-no-alentejo-ccr-alentejo\/#breadcrumb"},"inLanguage":"pt-PT","potentialAction":[{"@type":"ReadAction","target":["https:\/\/portaltela.pt\/noticias\/2026\/01\/20\/sig-e-espacos-de-coworking-em-debate-no-alentejo-ccr-alentejo\/"]}]},{"@type":"ImageObject","inLanguage":"pt-PT","@id":"https:\/\/portaltela.pt\/noticias\/2026\/01\/20\/sig-e-espacos-de-coworking-em-debate-no-alentejo-ccr-alentejo\/#primaryimage","url":"https:\/\/portaltela.pt\/s.01k8rhncp4jt1\/2026\/01\/ccdra_sig_alvito.jpg","contentUrl":"https:\/\/portaltela.pt\/s.01k8rhncp4jt1\/2026\/01\/ccdra_sig_alvito.jpg","width":796,"height":448,"caption":"SIG e Espa\u00e7os de Coworking em debate no Alentejo \u00ab Comiss\u00e3o de Coordena\u00e7\u00e3o e Desenvolvimento Regional do Alentejo, I.P."},{"@type":"BreadcrumbList","@id":"https:\/\/portaltela.pt\/noticias\/2026\/01\/20\/sig-e-espacos-de-coworking-em-debate-no-alentejo-ccr-alentejo\/#breadcrumb","itemListElement":[{"@type":"ListItem","position":1,"name":"In\u00edcio","item":"https:\/\/portaltela.pt\/"},{"@type":"ListItem","position":2,"name":"SIG e espa\u00e7os de coworking em debate no Alentejo, CCR Alentejo"}]},{"@type":"WebSite","@id":"https:\/\/portaltela.pt\/#website","url":"https:\/\/portaltela.pt\/","name":"Portal Tela Portugal","description":"","potentialAction":[{"@type":"SearchAction","target":{"@type":"EntryPoint","urlTemplate":"https:\/\/portaltela.pt\/?s={search_term_string}"},"query-input":{"@type":"PropertyValueSpecification","valueRequired":true,"valueName":"search_term_string"}}],"inLanguage":"pt-PT"},{"@type":"Person","@id":"https:\/\/portaltela.pt\/#\/schema\/person\/c4278d4a6028830caff9ee44b42d32ed","name":"Telinha","image":{"@type":"ImageObject","inLanguage":"pt-PT","@id":"https:\/\/portaltela.pt\/s.01k8rhncp4jt1\/2025\/11\/talking-bot-125x125.png","url":"https:\/\/portaltela.pt\/s.01k8rhncp4jt1\/2025\/11\/talking-bot-125x125.png","contentUrl":"https:\/\/portaltela.pt\/s.01k8rhncp4jt1\/2025\/11\/talking-bot-125x125.png","caption":"Telinha"},"sameAs":["https:\/\/portaltela.pt\/"],"url":"https:\/\/portaltela.pt\/por\/367410592786\/"}]}},"_links":{"self":[{"href":"https:\/\/portaltela.pt\/api\/wp\/v2\/posts\/157979","targetHints":{"allow":["GET"]}}],"collection":[{"href":"https:\/\/portaltela.pt\/api\/wp\/v2\/posts"}],"about":[{"href":"https:\/\/portaltela.pt\/api\/wp\/v2\/types\/post"}],"author":[{"embeddable":true,"href":"https:\/\/portaltela.pt\/api\/wp\/v2\/users\/2"}],"replies":[{"embeddable":true,"href":"https:\/\/portaltela.pt\/api\/wp\/v2\/comments?post=157979"}],"version-history":[{"count":0,"href":"https:\/\/portaltela.pt\/api\/wp\/v2\/posts\/157979\/revisions"}],"wp:featuredmedia":[{"embeddable":true,"href":"https:\/\/portaltela.pt\/api\/wp\/v2\/media\/157980"}],"wp:attachment":[{"href":"https:\/\/portaltela.pt\/api\/wp\/v2\/media?parent=157979"}],"wp:term":[{"taxonomy":"category","embeddable":true,"href":"https:\/\/portaltela.pt\/api\/wp\/v2\/categories?post=157979"},{"taxonomy":"post_tag","embeddable":true,"href":"https:\/\/portaltela.pt\/api\/wp\/v2\/tags?post=157979"}],"curies":[{"name":"wp","href":"https:\/\/api.w.org\/{rel}","templated":true}]}}