{"id":157928,"date":"2026-01-20T17:24:32","date_gmt":"2026-01-20T20:24:32","guid":{"rendered":"https:\/\/portaltela.pt\/noticias\/2026\/01\/20\/edin-dzeko-troca-fiorentina-por-schalke-04\/"},"modified":"2026-01-20T17:24:32","modified_gmt":"2026-01-20T20:24:32","slug":"edin-dzeko-troca-fiorentina-por-schalke-04","status":"publish","type":"post","link":"https:\/\/portaltela.pt\/desporto\/futebol\/2026\/01\/20\/edin-dzeko-troca-fiorentina-por-schalke-04\/","title":{"rendered":"Edin Dzeko troca Fiorentina por Schalke 04"},"content":{"rendered":"<p>O avan\u00e7ado bosn\u00edaco Edin Dzeko, de 39 anos, est\u00e1 perto de deixar a Fiorentina para se transferir ao Schalke 04. O clube alem\u00e3o, que lidera a 2. Bundesliga, pretende apresentar o refor\u00e7o assim que o acordo ficar finalizado.<\/p>\n<p>A transfer\u00eancia envolve dois clubes italianos e alem\u00e3es, com o Schalke a funcionar como destino prov\u00e1vel de Dzeko. O jogador ainda est\u00e1 em territ\u00f3rio italiano a ultimar detalhes contratuais, segundo informa\u00e7\u00f5es em circula\u00e7\u00e3o.<\/p>\n<p>O movimento acontece numa altura em que o Schalke procura fortalecer o plantel para a promo\u00e7\u00e3o ao escal\u00e3o principal. O neg\u00f3cio depende de aprova\u00e7\u00f5es administrativas e de a imprensa italiana confirmar a conclus\u00e3o dos termos.<\/p>\n<h3>Progresso do neg\u00f3cio<\/h3>\n<p>As partes ainda discutem cl\u00e1usulas contratuais, num processo que pode implicar exames m\u00e9dicos e assinatura formal. Caso se confirme, Dzeko poder\u00e1 representar o Schalke 04 j\u00e1 na pr\u00f3xima janela.<\/p>\n<p>Este cen\u00e1rio refor\u00e7a o objetivo do Schalke 04 de manter vantagem competitiva na competi\u00e7\u00e3o de acesso \u00e0 primeira divis\u00e3o. Em quest\u00e3o, est\u00e1 a capacidade de Dzeko de acrescentar experi\u00eancia e projectar jogo atacante.<\/p>\n","protected":false},"excerpt":{"rendered":"<ul>\n<li>Edin Dzeko, 39 anos, est\u00e1 perto de trocar a Fiorentina pelo Schalke 04.<\/li>\n<li>O Schalke 04 \u00e9 o l\u00edder da segunda divis\u00e3o da Alemanha, a 2. Bundesliga.<\/li>\n<li>O acordo entre os clubes est\u00e1 quase fechado e Dzeko pode ser apresentado em breve.<\/li>\n<li>A transfer\u00eancia ainda n\u00e3o \u00e9 oficial, mas tudo indica que o neg\u00f3cio se conclua em breve.<\/li>\n<\/ul>\n","protected":false},"author":2,"featured_media":157948,"comment_status":"closed","ping_status":"closed","sticky":false,"template":"","format":"standard","meta":{"footnotes":""},"categories":[21,24],"tags":[1603,3252,32,3338,1857,2050],"class_list":["post-157928","post","type-post","status-publish","format-standard","has-post-thumbnail","hentry","category-desporto","category-futebol","tag-alemanha","tag-fiorentina","tag-futebol","tag-futebol-internacional","tag-italia","tag-transferencias"],"yoast_head":"<!-- This site is optimized with the Yoast SEO plugin v27.2 - https:\/\/yoast.com\/product\/yoast-seo-wordpress\/ -->\n<title>Edin Dzeko troca Fiorentina por Schalke 04 - Portal Tela Portugal<\/title>\n<meta name=\"robots\" content=\"index, follow, max-snippet:-1, max-image-preview:large, max-video-preview:-1\" \/>\n<meta property=\"og:locale\" content=\"pt_PT\" \/>\n<meta property=\"og:type\" content=\"article\" \/>\n<meta property=\"og:title\" content=\"Edin Dzeko troca Fiorentina por Schalke 04 - Portal Tela Portugal\" \/>\n<meta property=\"og:description\" content=\"Edin Dzeko, 39 anos, est\u00e1 perto de trocar a Fiorentina pelo Schalke 04. O Schalke 04 \u00e9 o l\u00edder da segunda divis\u00e3o da Alemanha, a 2. Bundesliga. O acordo entre os clubes est\u00e1 quase fechado e Dzeko pode ser apresentado em breve. A transfer\u00eancia ainda n\u00e3o \u00e9 oficial, mas tudo indica que o neg\u00f3cio se conclua em breve.\" \/>\n<meta property=\"og:url\" content=\"https:\/\/portaltela.pt\/noticias\/2026\/01\/20\/edin-dzeko-troca-fiorentina-por-schalke-04\/\" \/>\n<meta property=\"og:site_name\" content=\"Portal Tela Portugal\" \/>\n<meta property=\"article:published_time\" content=\"2026-01-20T20:24:32+00:00\" \/>\n<meta name=\"author\" content=\"Telinha\" \/>\n<meta name=\"twitter:card\" content=\"summary_large_image\" \/>\n<meta name=\"twitter:label1\" content=\"Escrito por\" \/>\n\t<meta name=\"twitter:data1\" content=\"Telinha\" \/>\n\t<meta name=\"twitter:label2\" content=\"Tempo estimado de leitura\" \/>\n\t<meta name=\"twitter:data2\" content=\"1 minuto\" \/>\n<script type=\"application\/ld+json\" class=\"yoast-schema-graph\">{\"@context\":\"https:\/\/schema.org\",\"@graph\":[{\"@type\":\"Article\",\"@id\":\"https:\/\/portaltela.pt\/noticias\/2026\/01\/20\/edin-dzeko-troca-fiorentina-por-schalke-04\/#article\",\"isPartOf\":{\"@id\":\"https:\/\/portaltela.pt\/noticias\/2026\/01\/20\/edin-dzeko-troca-fiorentina-por-schalke-04\/\"},\"author\":{\"name\":\"Telinha\",\"@id\":\"https:\/\/portaltela.pt\/#\/schema\/person\/c4278d4a6028830caff9ee44b42d32ed\"},\"headline\":\"Edin Dzeko troca Fiorentina por Schalke 04\",\"datePublished\":\"2026-01-20T20:24:32+00:00\",\"mainEntityOfPage\":{\"@id\":\"https:\/\/portaltela.pt\/noticias\/2026\/01\/20\/edin-dzeko-troca-fiorentina-por-schalke-04\/\"},\"wordCount\":196,\"image\":{\"@id\":\"https:\/\/portaltela.pt\/noticias\/2026\/01\/20\/edin-dzeko-troca-fiorentina-por-schalke-04\/#primaryimage\"},\"thumbnailUrl\":\"https:\/\/portaltela.pt\/s.01k8rhncp4jt1\/2026\/01\/img_920x518uu2026-01-20-20-24-13-2416088.jpg\",\"keywords\":[\"Alemanha\",\"Fiorentina\",\"futebol\",\"futebol internacional\",\"It\u00e1lia\",\"transfer\u00eancias\"],\"articleSection\":[\"Desporto\",\"Futebol\"],\"inLanguage\":\"pt-PT\"},{\"@type\":\"WebPage\",\"@id\":\"https:\/\/portaltela.pt\/noticias\/2026\/01\/20\/edin-dzeko-troca-fiorentina-por-schalke-04\/\",\"url\":\"https:\/\/portaltela.pt\/noticias\/2026\/01\/20\/edin-dzeko-troca-fiorentina-por-schalke-04\/\",\"name\":\"Edin Dzeko troca Fiorentina por Schalke 04 - Portal Tela Portugal\",\"isPartOf\":{\"@id\":\"https:\/\/portaltela.pt\/#website\"},\"primaryImageOfPage\":{\"@id\":\"https:\/\/portaltela.pt\/noticias\/2026\/01\/20\/edin-dzeko-troca-fiorentina-por-schalke-04\/#primaryimage\"},\"image\":{\"@id\":\"https:\/\/portaltela.pt\/noticias\/2026\/01\/20\/edin-dzeko-troca-fiorentina-por-schalke-04\/#primaryimage\"},\"thumbnailUrl\":\"https:\/\/portaltela.pt\/s.01k8rhncp4jt1\/2026\/01\/img_920x518uu2026-01-20-20-24-13-2416088.jpg\",\"datePublished\":\"2026-01-20T20:24:32+00:00\",\"author\":{\"@id\":\"https:\/\/portaltela.pt\/#\/schema\/person\/c4278d4a6028830caff9ee44b42d32ed\"},\"breadcrumb\":{\"@id\":\"https:\/\/portaltela.pt\/noticias\/2026\/01\/20\/edin-dzeko-troca-fiorentina-por-schalke-04\/#breadcrumb\"},\"inLanguage\":\"pt-PT\",\"potentialAction\":[{\"@type\":\"ReadAction\",\"target\":[\"https:\/\/portaltela.pt\/noticias\/2026\/01\/20\/edin-dzeko-troca-fiorentina-por-schalke-04\/\"]}]},{\"@type\":\"ImageObject\",\"inLanguage\":\"pt-PT\",\"@id\":\"https:\/\/portaltela.pt\/noticias\/2026\/01\/20\/edin-dzeko-troca-fiorentina-por-schalke-04\/#primaryimage\",\"url\":\"https:\/\/portaltela.pt\/s.01k8rhncp4jt1\/2026\/01\/img_920x518uu2026-01-20-20-24-13-2416088.jpg\",\"contentUrl\":\"https:\/\/portaltela.pt\/s.01k8rhncp4jt1\/2026\/01\/img_920x518uu2026-01-20-20-24-13-2416088.jpg\",\"width\":796,\"height\":448,\"caption\":\"Edin Dzeko troca Fiorentina por Schalke 04\"},{\"@type\":\"BreadcrumbList\",\"@id\":\"https:\/\/portaltela.pt\/noticias\/2026\/01\/20\/edin-dzeko-troca-fiorentina-por-schalke-04\/#breadcrumb\",\"itemListElement\":[{\"@type\":\"ListItem\",\"position\":1,\"name\":\"In\u00edcio\",\"item\":\"https:\/\/portaltela.pt\/\"},{\"@type\":\"ListItem\",\"position\":2,\"name\":\"Edin Dzeko troca Fiorentina por Schalke 04\"}]},{\"@type\":\"WebSite\",\"@id\":\"https:\/\/portaltela.pt\/#website\",\"url\":\"https:\/\/portaltela.pt\/\",\"name\":\"Portal Tela Portugal\",\"description\":\"\",\"potentialAction\":[{\"@type\":\"SearchAction\",\"target\":{\"@type\":\"EntryPoint\",\"urlTemplate\":\"https:\/\/portaltela.pt\/?s={search_term_string}\"},\"query-input\":{\"@type\":\"PropertyValueSpecification\",\"valueRequired\":true,\"valueName\":\"search_term_string\"}}],\"inLanguage\":\"pt-PT\"},{\"@type\":\"Person\",\"@id\":\"https:\/\/portaltela.pt\/#\/schema\/person\/c4278d4a6028830caff9ee44b42d32ed\",\"name\":\"Telinha\",\"image\":{\"@type\":\"ImageObject\",\"inLanguage\":\"pt-PT\",\"@id\":\"https:\/\/portaltela.pt\/s.01k8rhncp4jt1\/2025\/11\/talking-bot-125x125.png\",\"url\":\"https:\/\/portaltela.pt\/s.01k8rhncp4jt1\/2025\/11\/talking-bot-125x125.png\",\"contentUrl\":\"https:\/\/portaltela.pt\/s.01k8rhncp4jt1\/2025\/11\/talking-bot-125x125.png\",\"caption\":\"Telinha\"},\"sameAs\":[\"https:\/\/portaltela.pt\/\"],\"url\":\"https:\/\/portaltela.pt\/por\/367410592786\/\"}]}<\/script>\n<!-- \/ Yoast SEO plugin. -->","yoast_head_json":{"title":"Edin Dzeko troca Fiorentina por Schalke 04 - Portal Tela Portugal","robots":{"index":"index","follow":"follow","max-snippet":"max-snippet:-1","max-image-preview":"max-image-preview:large","max-video-preview":"max-video-preview:-1"},"og_locale":"pt_PT","og_type":"article","og_title":"Edin Dzeko troca Fiorentina por Schalke 04 - Portal Tela Portugal","og_description":"Edin Dzeko, 39 anos, est\u00e1 perto de trocar a Fiorentina pelo Schalke 04. O Schalke 04 \u00e9 o l\u00edder da segunda divis\u00e3o da Alemanha, a 2. Bundesliga. O acordo entre os clubes est\u00e1 quase fechado e Dzeko pode ser apresentado em breve. A transfer\u00eancia ainda n\u00e3o \u00e9 oficial, mas tudo indica que o neg\u00f3cio se conclua em breve.","og_url":"https:\/\/portaltela.pt\/noticias\/2026\/01\/20\/edin-dzeko-troca-fiorentina-por-schalke-04\/","og_site_name":"Portal Tela Portugal","article_published_time":"2026-01-20T20:24:32+00:00","author":"Telinha","twitter_card":"summary_large_image","twitter_misc":{"Escrito por":"Telinha","Tempo estimado de leitura":"1 minuto"},"schema":{"@context":"https:\/\/schema.org","@graph":[{"@type":"Article","@id":"https:\/\/portaltela.pt\/noticias\/2026\/01\/20\/edin-dzeko-troca-fiorentina-por-schalke-04\/#article","isPartOf":{"@id":"https:\/\/portaltela.pt\/noticias\/2026\/01\/20\/edin-dzeko-troca-fiorentina-por-schalke-04\/"},"author":{"name":"Telinha","@id":"https:\/\/portaltela.pt\/#\/schema\/person\/c4278d4a6028830caff9ee44b42d32ed"},"headline":"Edin Dzeko troca Fiorentina por Schalke 04","datePublished":"2026-01-20T20:24:32+00:00","mainEntityOfPage":{"@id":"https:\/\/portaltela.pt\/noticias\/2026\/01\/20\/edin-dzeko-troca-fiorentina-por-schalke-04\/"},"wordCount":196,"image":{"@id":"https:\/\/portaltela.pt\/noticias\/2026\/01\/20\/edin-dzeko-troca-fiorentina-por-schalke-04\/#primaryimage"},"thumbnailUrl":"https:\/\/portaltela.pt\/s.01k8rhncp4jt1\/2026\/01\/img_920x518uu2026-01-20-20-24-13-2416088.jpg","keywords":["Alemanha","Fiorentina","futebol","futebol internacional","It\u00e1lia","transfer\u00eancias"],"articleSection":["Desporto","Futebol"],"inLanguage":"pt-PT"},{"@type":"WebPage","@id":"https:\/\/portaltela.pt\/noticias\/2026\/01\/20\/edin-dzeko-troca-fiorentina-por-schalke-04\/","url":"https:\/\/portaltela.pt\/noticias\/2026\/01\/20\/edin-dzeko-troca-fiorentina-por-schalke-04\/","name":"Edin Dzeko troca Fiorentina por Schalke 04 - Portal Tela Portugal","isPartOf":{"@id":"https:\/\/portaltela.pt\/#website"},"primaryImageOfPage":{"@id":"https:\/\/portaltela.pt\/noticias\/2026\/01\/20\/edin-dzeko-troca-fiorentina-por-schalke-04\/#primaryimage"},"image":{"@id":"https:\/\/portaltela.pt\/noticias\/2026\/01\/20\/edin-dzeko-troca-fiorentina-por-schalke-04\/#primaryimage"},"thumbnailUrl":"https:\/\/portaltela.pt\/s.01k8rhncp4jt1\/2026\/01\/img_920x518uu2026-01-20-20-24-13-2416088.jpg","datePublished":"2026-01-20T20:24:32+00:00","author":{"@id":"https:\/\/portaltela.pt\/#\/schema\/person\/c4278d4a6028830caff9ee44b42d32ed"},"breadcrumb":{"@id":"https:\/\/portaltela.pt\/noticias\/2026\/01\/20\/edin-dzeko-troca-fiorentina-por-schalke-04\/#breadcrumb"},"inLanguage":"pt-PT","potentialAction":[{"@type":"ReadAction","target":["https:\/\/portaltela.pt\/noticias\/2026\/01\/20\/edin-dzeko-troca-fiorentina-por-schalke-04\/"]}]},{"@type":"ImageObject","inLanguage":"pt-PT","@id":"https:\/\/portaltela.pt\/noticias\/2026\/01\/20\/edin-dzeko-troca-fiorentina-por-schalke-04\/#primaryimage","url":"https:\/\/portaltela.pt\/s.01k8rhncp4jt1\/2026\/01\/img_920x518uu2026-01-20-20-24-13-2416088.jpg","contentUrl":"https:\/\/portaltela.pt\/s.01k8rhncp4jt1\/2026\/01\/img_920x518uu2026-01-20-20-24-13-2416088.jpg","width":796,"height":448,"caption":"Edin Dzeko troca Fiorentina por Schalke 04"},{"@type":"BreadcrumbList","@id":"https:\/\/portaltela.pt\/noticias\/2026\/01\/20\/edin-dzeko-troca-fiorentina-por-schalke-04\/#breadcrumb","itemListElement":[{"@type":"ListItem","position":1,"name":"In\u00edcio","item":"https:\/\/portaltela.pt\/"},{"@type":"ListItem","position":2,"name":"Edin Dzeko troca Fiorentina por Schalke 04"}]},{"@type":"WebSite","@id":"https:\/\/portaltela.pt\/#website","url":"https:\/\/portaltela.pt\/","name":"Portal Tela Portugal","description":"","potentialAction":[{"@type":"SearchAction","target":{"@type":"EntryPoint","urlTemplate":"https:\/\/portaltela.pt\/?s={search_term_string}"},"query-input":{"@type":"PropertyValueSpecification","valueRequired":true,"valueName":"search_term_string"}}],"inLanguage":"pt-PT"},{"@type":"Person","@id":"https:\/\/portaltela.pt\/#\/schema\/person\/c4278d4a6028830caff9ee44b42d32ed","name":"Telinha","image":{"@type":"ImageObject","inLanguage":"pt-PT","@id":"https:\/\/portaltela.pt\/s.01k8rhncp4jt1\/2025\/11\/talking-bot-125x125.png","url":"https:\/\/portaltela.pt\/s.01k8rhncp4jt1\/2025\/11\/talking-bot-125x125.png","contentUrl":"https:\/\/portaltela.pt\/s.01k8rhncp4jt1\/2025\/11\/talking-bot-125x125.png","caption":"Telinha"},"sameAs":["https:\/\/portaltela.pt\/"],"url":"https:\/\/portaltela.pt\/por\/367410592786\/"}]}},"_links":{"self":[{"href":"https:\/\/portaltela.pt\/api\/wp\/v2\/posts\/157928","targetHints":{"allow":["GET"]}}],"collection":[{"href":"https:\/\/portaltela.pt\/api\/wp\/v2\/posts"}],"about":[{"href":"https:\/\/portaltela.pt\/api\/wp\/v2\/types\/post"}],"author":[{"embeddable":true,"href":"https:\/\/portaltela.pt\/api\/wp\/v2\/users\/2"}],"replies":[{"embeddable":true,"href":"https:\/\/portaltela.pt\/api\/wp\/v2\/comments?post=157928"}],"version-history":[{"count":0,"href":"https:\/\/portaltela.pt\/api\/wp\/v2\/posts\/157928\/revisions"}],"wp:featuredmedia":[{"embeddable":true,"href":"https:\/\/portaltela.pt\/api\/wp\/v2\/media\/157948"}],"wp:attachment":[{"href":"https:\/\/portaltela.pt\/api\/wp\/v2\/media?parent=157928"}],"wp:term":[{"taxonomy":"category","embeddable":true,"href":"https:\/\/portaltela.pt\/api\/wp\/v2\/categories?post=157928"},{"taxonomy":"post_tag","embeddable":true,"href":"https:\/\/portaltela.pt\/api\/wp\/v2\/tags?post=157928"}],"curies":[{"name":"wp","href":"https:\/\/api.w.org\/{rel}","templated":true}]}}