{"id":157925,"date":"2026-01-20T17:19:20","date_gmt":"2026-01-20T20:19:20","guid":{"rendered":"https:\/\/portaltela.pt\/noticias\/2026\/01\/20\/quase-2-800-utentes-aguardam-vaga-ou-resposta-social-nos-hospitais\/"},"modified":"2026-01-20T17:19:20","modified_gmt":"2026-01-20T20:19:20","slug":"quase-2-800-utentes-aguardam-vaga-ou-resposta-social-nos-hospitais","status":"publish","type":"post","link":"https:\/\/portaltela.pt\/noticias\/2026\/01\/20\/quase-2-800-utentes-aguardam-vaga-ou-resposta-social-nos-hospitais\/","title":{"rendered":"Quase 2.800 utentes aguardam vaga ou resposta social nos hospitais"},"content":{"rendered":"<p>Nos hospitais p\u00fablicos, quase 2.800 utentes aguardavam, a meio de janeiro, por resposta social ou por vaga em cuidados continuados. A Dire\u00e7\u00e3o Executiva do SNS (DE-SNS) confirmou estes n\u00fameros atrav\u00e9s de dados do Instituto da Seguran\u00e7a Social e RNCCI.<\/p>\n<p>At\u00e9 14 de janeiro, 734 utentes aguardavam por resposta social, sendo 58.2% provenientes da RNCCI (2.034) e o restante, 734, de resposta social. A maioria espera por articula\u00e7\u00e3o entre institui\u00e7\u00f5es para encaminhamento.<\/p>\n<p>Neste per\u00edodo, foram admitidos 61 utentes em resposta social: 58 pelas CPCDS (Centros Distritais da Seguran\u00e7a Social) e 3 pela Santa Casa da Miseric\u00f3rdia de Lisboa. Entre os admitidos, 37 est\u00e3o enquadrados na portaria de referencia\u00e7\u00e3o em situa\u00e7\u00f5es de alta cl\u00ednica.<\/p>\n<p>Durante as duas primeiras semanas do ano, 1.629 utentes foram admitidos na RNCCI, em v\u00e1rias tipologias, incluindo domic\u00edlio, sa\u00fade mental, pediatria e cuidados paliativos.<\/p>\n<h3>Portaria de articula\u00e7\u00e3o entre institui\u00e7\u00f5es<\/h3>\n<p>Foi publicada uma portaria no Di\u00e1rio da Rep\u00fablica, em vigor a partir de quarta-feira, que rev\u00ea o regime de articula\u00e7\u00e3o para avalia\u00e7\u00e3o, encaminhamento e gest\u00e3o de vagas. O objetivo \u00e9 libertar camas hospitalares de forma mais c\u00e9lere.<\/p>\n<p>O diploma permite que unidades do setor social recebam utentes de internamentos sociais, com tr\u00eas meses para pedir a afeta\u00e7\u00e3o de vagas dispon\u00edveis para camas interm\u00e9dias ou criar unidades interm\u00e9dias aut\u00f3nomas.<\/p>\n<p>O Governo j\u00e1 tinha anunciado, h\u00e1 duas semanas, a cria\u00e7\u00e3o de 400 vagas de internamento social em novas unidades, contratualizadas com entidades do setor social e solid\u00e1rio, para condi\u00e7\u00f5es de alta cl\u00ednica sem encaminhamento imediato para cuidados permanentes.<\/p>\n<p>Entidades com vagas integradas podem pedir ao ISS a afeta\u00e7\u00e3o dessas vagas dentro do prazo de tr\u00eas meses. As unidades interm\u00e9dias podem acolher at\u00e9 20 utentes e ser\u00e3o transit\u00f3rias por seis meses, ou podem converter vagas existentes em camas interm\u00e9dias.<\/p>\n<p>Prioriza-se, sempre que poss\u00edvel, o regresso ao domic\u00edlio com apoios necess\u00e1rios. Caso n\u00e3o haja viabilidade, recorre-se a acolhimento em resposta social adequada.<\/p>\n<p>Sempre que n\u00e3o exista vaga imediata na resposta social mais adequada, recorre-se a unidades interm\u00e9dias ou camas interm\u00e9dias em estruturas de acolhimento j\u00e1 existentes, como solu\u00e7\u00e3o excecional e transit\u00f3ria.<\/p>\n<p>As vagas contratualizadas que sejam convertidas devem manter-se reservadas, com pagamento de 40% da comparticipa\u00e7\u00e3o prevista, por um per\u00edodo de seis meses.<\/p>\n","protected":false},"excerpt":{"rendered":"<ul>\n<li>At\u00e9 14 de janeiro, quase 2.800 utentes estavam internados nos hospitais p\u00fablicos \u00e0 espera de resposta social ou de vaga na RNCCI.<\/li>\n<li>Desses, 734 aguardavam resposta social e 2.034 aguardavam vaga na Rede Nacional de Cuidados Continuados Integrados (RNCCI); admitidos em resposta social: 61 utentes (58 nos Centros Distritais da Seguran\u00e7a Social e 3 pela Santa Casa da Miseric\u00f3rdia de Lisboa).<\/li>\n<li>Nas duas primeiras semanas de janeiro, foram admitidos 1.629 utentes na RNCCI.<\/li>\n<li>Uma portaria publicada rev\u00ea o regime de articula\u00e7\u00e3o entre institui\u00e7\u00f5es para avalia\u00e7\u00e3o, encaminhamento, gest\u00e3o de vagas e acolhimento de quem, por motivos sociais, permanece nos hospitais ap\u00f3s alta cl\u00ednica; prev\u00ea unidades interm\u00e9dias aut\u00f3nomas ou camas interm\u00e9dias.<\/li>\n<li>O Governo anunciou 400 vagas de internamento social em novas unidades interm\u00e9dias; as vagas contratualizadas podem ser convertidas ou permanecem reservadas, com pagamento de 40% da comparticipa\u00e7\u00e3o por seis meses.<\/li>\n<\/ul>\n","protected":false},"author":2,"featured_media":157970,"comment_status":"closed","ping_status":"closed","sticky":false,"template":"","format":"standard","meta":{"footnotes":""},"categories":[1],"tags":[2172,2581,3605,172,243,1775],"class_list":["post-157925","post","type-post","status-publish","format-standard","has-post-thumbnail","hentry","category-noticias","tag-assistencia-social","tag-hospitais","tag-resposta-social","tag-saude","tag-seguranca-social","tag-sns"],"yoast_head":"<!-- This site is optimized with the Yoast SEO plugin v27.2 - https:\/\/yoast.com\/product\/yoast-seo-wordpress\/ -->\n<title>Quase 2.800 utentes aguardam vaga ou resposta social nos hospitais - Portal Tela Portugal<\/title>\n<meta name=\"robots\" content=\"index, follow, max-snippet:-1, max-image-preview:large, max-video-preview:-1\" \/>\n<meta property=\"og:locale\" content=\"pt_PT\" \/>\n<meta property=\"og:type\" content=\"article\" \/>\n<meta property=\"og:title\" content=\"Quase 2.800 utentes aguardam vaga ou resposta social nos hospitais - Portal Tela Portugal\" \/>\n<meta property=\"og:description\" content=\"At\u00e9 14 de janeiro, quase 2.800 utentes estavam internados nos hospitais p\u00fablicos \u00e0 espera de resposta social ou de vaga na RNCCI. Desses, 734 aguardavam resposta social e 2.034 aguardavam vaga na Rede Nacional de Cuidados Continuados Integrados (RNCCI); admitidos em resposta social: 61 utentes (58 nos Centros Distritais da Seguran\u00e7a Social e 3 pela Santa Casa da Miseric\u00f3rdia de Lisboa). Nas duas primeiras semanas de janeiro, foram admitidos 1.629 utentes na RNCCI. Uma portaria publicada rev\u00ea o regime de articula\u00e7\u00e3o entre institui\u00e7\u00f5es para avalia\u00e7\u00e3o, encaminhamento, gest\u00e3o de vagas e acolhimento de quem, por motivos sociais, permanece nos hospitais ap\u00f3s alta cl\u00ednica; prev\u00ea unidades interm\u00e9dias aut\u00f3nomas ou camas interm\u00e9dias. O Governo anunciou 400 vagas de internamento social em novas unidades interm\u00e9dias; as vagas contratualizadas podem ser convertidas ou permanecem reservadas, com pagamento de 40% da comparticipa\u00e7\u00e3o por seis meses.\" \/>\n<meta property=\"og:url\" content=\"https:\/\/portaltela.pt\/noticias\/2026\/01\/20\/quase-2-800-utentes-aguardam-vaga-ou-resposta-social-nos-hospitais\/\" \/>\n<meta property=\"og:site_name\" content=\"Portal Tela Portugal\" \/>\n<meta property=\"article:published_time\" content=\"2026-01-20T20:19:20+00:00\" \/>\n<meta name=\"author\" content=\"Telinha\" \/>\n<meta name=\"twitter:card\" content=\"summary_large_image\" \/>\n<meta name=\"twitter:label1\" content=\"Escrito por\" \/>\n\t<meta name=\"twitter:data1\" content=\"Telinha\" \/>\n\t<meta name=\"twitter:label2\" content=\"Tempo estimado de leitura\" \/>\n\t<meta name=\"twitter:data2\" content=\"2 minutos\" \/>\n<script type=\"application\/ld+json\" class=\"yoast-schema-graph\">{\"@context\":\"https:\/\/schema.org\",\"@graph\":[{\"@type\":\"Article\",\"@id\":\"https:\/\/portaltela.pt\/noticias\/2026\/01\/20\/quase-2-800-utentes-aguardam-vaga-ou-resposta-social-nos-hospitais\/#article\",\"isPartOf\":{\"@id\":\"https:\/\/portaltela.pt\/noticias\/2026\/01\/20\/quase-2-800-utentes-aguardam-vaga-ou-resposta-social-nos-hospitais\/\"},\"author\":{\"name\":\"Telinha\",\"@id\":\"https:\/\/portaltela.pt\/#\/schema\/person\/c4278d4a6028830caff9ee44b42d32ed\"},\"headline\":\"Quase 2.800 utentes aguardam vaga ou resposta social nos hospitais\",\"datePublished\":\"2026-01-20T20:19:20+00:00\",\"mainEntityOfPage\":{\"@id\":\"https:\/\/portaltela.pt\/noticias\/2026\/01\/20\/quase-2-800-utentes-aguardam-vaga-ou-resposta-social-nos-hospitais\/\"},\"wordCount\":406,\"image\":{\"@id\":\"https:\/\/portaltela.pt\/noticias\/2026\/01\/20\/quase-2-800-utentes-aguardam-vaga-ou-resposta-social-nos-hospitais\/#primaryimage\"},\"thumbnailUrl\":\"https:\/\/portaltela.pt\/s.01k8rhncp4jt1\/2026\/01\/img_1500x1000uu2020-10-01-21-34-13-979830.jpg\",\"keywords\":[\"assist\u00eancia social\",\"hospitais\",\"resposta social\",\"sa\u00fade\",\"seguran\u00e7a social\",\"SNS\"],\"articleSection\":[\"Not\u00edcias\"],\"inLanguage\":\"pt-PT\"},{\"@type\":\"WebPage\",\"@id\":\"https:\/\/portaltela.pt\/noticias\/2026\/01\/20\/quase-2-800-utentes-aguardam-vaga-ou-resposta-social-nos-hospitais\/\",\"url\":\"https:\/\/portaltela.pt\/noticias\/2026\/01\/20\/quase-2-800-utentes-aguardam-vaga-ou-resposta-social-nos-hospitais\/\",\"name\":\"Quase 2.800 utentes aguardam vaga ou resposta social nos hospitais - Portal Tela Portugal\",\"isPartOf\":{\"@id\":\"https:\/\/portaltela.pt\/#website\"},\"primaryImageOfPage\":{\"@id\":\"https:\/\/portaltela.pt\/noticias\/2026\/01\/20\/quase-2-800-utentes-aguardam-vaga-ou-resposta-social-nos-hospitais\/#primaryimage\"},\"image\":{\"@id\":\"https:\/\/portaltela.pt\/noticias\/2026\/01\/20\/quase-2-800-utentes-aguardam-vaga-ou-resposta-social-nos-hospitais\/#primaryimage\"},\"thumbnailUrl\":\"https:\/\/portaltela.pt\/s.01k8rhncp4jt1\/2026\/01\/img_1500x1000uu2020-10-01-21-34-13-979830.jpg\",\"datePublished\":\"2026-01-20T20:19:20+00:00\",\"author\":{\"@id\":\"https:\/\/portaltela.pt\/#\/schema\/person\/c4278d4a6028830caff9ee44b42d32ed\"},\"breadcrumb\":{\"@id\":\"https:\/\/portaltela.pt\/noticias\/2026\/01\/20\/quase-2-800-utentes-aguardam-vaga-ou-resposta-social-nos-hospitais\/#breadcrumb\"},\"inLanguage\":\"pt-PT\",\"potentialAction\":[{\"@type\":\"ReadAction\",\"target\":[\"https:\/\/portaltela.pt\/noticias\/2026\/01\/20\/quase-2-800-utentes-aguardam-vaga-ou-resposta-social-nos-hospitais\/\"]}]},{\"@type\":\"ImageObject\",\"inLanguage\":\"pt-PT\",\"@id\":\"https:\/\/portaltela.pt\/noticias\/2026\/01\/20\/quase-2-800-utentes-aguardam-vaga-ou-resposta-social-nos-hospitais\/#primaryimage\",\"url\":\"https:\/\/portaltela.pt\/s.01k8rhncp4jt1\/2026\/01\/img_1500x1000uu2020-10-01-21-34-13-979830.jpg\",\"contentUrl\":\"https:\/\/portaltela.pt\/s.01k8rhncp4jt1\/2026\/01\/img_1500x1000uu2020-10-01-21-34-13-979830.jpg\",\"width\":796,\"height\":448,\"caption\":\"Cuidados continuados\"},{\"@type\":\"BreadcrumbList\",\"@id\":\"https:\/\/portaltela.pt\/noticias\/2026\/01\/20\/quase-2-800-utentes-aguardam-vaga-ou-resposta-social-nos-hospitais\/#breadcrumb\",\"itemListElement\":[{\"@type\":\"ListItem\",\"position\":1,\"name\":\"In\u00edcio\",\"item\":\"https:\/\/portaltela.pt\/\"},{\"@type\":\"ListItem\",\"position\":2,\"name\":\"Quase 2.800 utentes aguardam vaga ou resposta social nos hospitais\"}]},{\"@type\":\"WebSite\",\"@id\":\"https:\/\/portaltela.pt\/#website\",\"url\":\"https:\/\/portaltela.pt\/\",\"name\":\"Portal Tela Portugal\",\"description\":\"\",\"potentialAction\":[{\"@type\":\"SearchAction\",\"target\":{\"@type\":\"EntryPoint\",\"urlTemplate\":\"https:\/\/portaltela.pt\/?s={search_term_string}\"},\"query-input\":{\"@type\":\"PropertyValueSpecification\",\"valueRequired\":true,\"valueName\":\"search_term_string\"}}],\"inLanguage\":\"pt-PT\"},{\"@type\":\"Person\",\"@id\":\"https:\/\/portaltela.pt\/#\/schema\/person\/c4278d4a6028830caff9ee44b42d32ed\",\"name\":\"Telinha\",\"image\":{\"@type\":\"ImageObject\",\"inLanguage\":\"pt-PT\",\"@id\":\"https:\/\/portaltela.pt\/s.01k8rhncp4jt1\/2025\/11\/talking-bot-125x125.png\",\"url\":\"https:\/\/portaltela.pt\/s.01k8rhncp4jt1\/2025\/11\/talking-bot-125x125.png\",\"contentUrl\":\"https:\/\/portaltela.pt\/s.01k8rhncp4jt1\/2025\/11\/talking-bot-125x125.png\",\"caption\":\"Telinha\"},\"sameAs\":[\"https:\/\/portaltela.pt\/\"],\"url\":\"https:\/\/portaltela.pt\/por\/367410592786\/\"}]}<\/script>\n<!-- \/ Yoast SEO plugin. -->","yoast_head_json":{"title":"Quase 2.800 utentes aguardam vaga ou resposta social nos hospitais - Portal Tela Portugal","robots":{"index":"index","follow":"follow","max-snippet":"max-snippet:-1","max-image-preview":"max-image-preview:large","max-video-preview":"max-video-preview:-1"},"og_locale":"pt_PT","og_type":"article","og_title":"Quase 2.800 utentes aguardam vaga ou resposta social nos hospitais - Portal Tela Portugal","og_description":"At\u00e9 14 de janeiro, quase 2.800 utentes estavam internados nos hospitais p\u00fablicos \u00e0 espera de resposta social ou de vaga na RNCCI. Desses, 734 aguardavam resposta social e 2.034 aguardavam vaga na Rede Nacional de Cuidados Continuados Integrados (RNCCI); admitidos em resposta social: 61 utentes (58 nos Centros Distritais da Seguran\u00e7a Social e 3 pela Santa Casa da Miseric\u00f3rdia de Lisboa). Nas duas primeiras semanas de janeiro, foram admitidos 1.629 utentes na RNCCI. Uma portaria publicada rev\u00ea o regime de articula\u00e7\u00e3o entre institui\u00e7\u00f5es para avalia\u00e7\u00e3o, encaminhamento, gest\u00e3o de vagas e acolhimento de quem, por motivos sociais, permanece nos hospitais ap\u00f3s alta cl\u00ednica; prev\u00ea unidades interm\u00e9dias aut\u00f3nomas ou camas interm\u00e9dias. O Governo anunciou 400 vagas de internamento social em novas unidades interm\u00e9dias; as vagas contratualizadas podem ser convertidas ou permanecem reservadas, com pagamento de 40% da comparticipa\u00e7\u00e3o por seis meses.","og_url":"https:\/\/portaltela.pt\/noticias\/2026\/01\/20\/quase-2-800-utentes-aguardam-vaga-ou-resposta-social-nos-hospitais\/","og_site_name":"Portal Tela Portugal","article_published_time":"2026-01-20T20:19:20+00:00","author":"Telinha","twitter_card":"summary_large_image","twitter_misc":{"Escrito por":"Telinha","Tempo estimado de leitura":"2 minutos"},"schema":{"@context":"https:\/\/schema.org","@graph":[{"@type":"Article","@id":"https:\/\/portaltela.pt\/noticias\/2026\/01\/20\/quase-2-800-utentes-aguardam-vaga-ou-resposta-social-nos-hospitais\/#article","isPartOf":{"@id":"https:\/\/portaltela.pt\/noticias\/2026\/01\/20\/quase-2-800-utentes-aguardam-vaga-ou-resposta-social-nos-hospitais\/"},"author":{"name":"Telinha","@id":"https:\/\/portaltela.pt\/#\/schema\/person\/c4278d4a6028830caff9ee44b42d32ed"},"headline":"Quase 2.800 utentes aguardam vaga ou resposta social nos hospitais","datePublished":"2026-01-20T20:19:20+00:00","mainEntityOfPage":{"@id":"https:\/\/portaltela.pt\/noticias\/2026\/01\/20\/quase-2-800-utentes-aguardam-vaga-ou-resposta-social-nos-hospitais\/"},"wordCount":406,"image":{"@id":"https:\/\/portaltela.pt\/noticias\/2026\/01\/20\/quase-2-800-utentes-aguardam-vaga-ou-resposta-social-nos-hospitais\/#primaryimage"},"thumbnailUrl":"https:\/\/portaltela.pt\/s.01k8rhncp4jt1\/2026\/01\/img_1500x1000uu2020-10-01-21-34-13-979830.jpg","keywords":["assist\u00eancia social","hospitais","resposta social","sa\u00fade","seguran\u00e7a social","SNS"],"articleSection":["Not\u00edcias"],"inLanguage":"pt-PT"},{"@type":"WebPage","@id":"https:\/\/portaltela.pt\/noticias\/2026\/01\/20\/quase-2-800-utentes-aguardam-vaga-ou-resposta-social-nos-hospitais\/","url":"https:\/\/portaltela.pt\/noticias\/2026\/01\/20\/quase-2-800-utentes-aguardam-vaga-ou-resposta-social-nos-hospitais\/","name":"Quase 2.800 utentes aguardam vaga ou resposta social nos hospitais - Portal Tela Portugal","isPartOf":{"@id":"https:\/\/portaltela.pt\/#website"},"primaryImageOfPage":{"@id":"https:\/\/portaltela.pt\/noticias\/2026\/01\/20\/quase-2-800-utentes-aguardam-vaga-ou-resposta-social-nos-hospitais\/#primaryimage"},"image":{"@id":"https:\/\/portaltela.pt\/noticias\/2026\/01\/20\/quase-2-800-utentes-aguardam-vaga-ou-resposta-social-nos-hospitais\/#primaryimage"},"thumbnailUrl":"https:\/\/portaltela.pt\/s.01k8rhncp4jt1\/2026\/01\/img_1500x1000uu2020-10-01-21-34-13-979830.jpg","datePublished":"2026-01-20T20:19:20+00:00","author":{"@id":"https:\/\/portaltela.pt\/#\/schema\/person\/c4278d4a6028830caff9ee44b42d32ed"},"breadcrumb":{"@id":"https:\/\/portaltela.pt\/noticias\/2026\/01\/20\/quase-2-800-utentes-aguardam-vaga-ou-resposta-social-nos-hospitais\/#breadcrumb"},"inLanguage":"pt-PT","potentialAction":[{"@type":"ReadAction","target":["https:\/\/portaltela.pt\/noticias\/2026\/01\/20\/quase-2-800-utentes-aguardam-vaga-ou-resposta-social-nos-hospitais\/"]}]},{"@type":"ImageObject","inLanguage":"pt-PT","@id":"https:\/\/portaltela.pt\/noticias\/2026\/01\/20\/quase-2-800-utentes-aguardam-vaga-ou-resposta-social-nos-hospitais\/#primaryimage","url":"https:\/\/portaltela.pt\/s.01k8rhncp4jt1\/2026\/01\/img_1500x1000uu2020-10-01-21-34-13-979830.jpg","contentUrl":"https:\/\/portaltela.pt\/s.01k8rhncp4jt1\/2026\/01\/img_1500x1000uu2020-10-01-21-34-13-979830.jpg","width":796,"height":448,"caption":"Cuidados continuados"},{"@type":"BreadcrumbList","@id":"https:\/\/portaltela.pt\/noticias\/2026\/01\/20\/quase-2-800-utentes-aguardam-vaga-ou-resposta-social-nos-hospitais\/#breadcrumb","itemListElement":[{"@type":"ListItem","position":1,"name":"In\u00edcio","item":"https:\/\/portaltela.pt\/"},{"@type":"ListItem","position":2,"name":"Quase 2.800 utentes aguardam vaga ou resposta social nos hospitais"}]},{"@type":"WebSite","@id":"https:\/\/portaltela.pt\/#website","url":"https:\/\/portaltela.pt\/","name":"Portal Tela Portugal","description":"","potentialAction":[{"@type":"SearchAction","target":{"@type":"EntryPoint","urlTemplate":"https:\/\/portaltela.pt\/?s={search_term_string}"},"query-input":{"@type":"PropertyValueSpecification","valueRequired":true,"valueName":"search_term_string"}}],"inLanguage":"pt-PT"},{"@type":"Person","@id":"https:\/\/portaltela.pt\/#\/schema\/person\/c4278d4a6028830caff9ee44b42d32ed","name":"Telinha","image":{"@type":"ImageObject","inLanguage":"pt-PT","@id":"https:\/\/portaltela.pt\/s.01k8rhncp4jt1\/2025\/11\/talking-bot-125x125.png","url":"https:\/\/portaltela.pt\/s.01k8rhncp4jt1\/2025\/11\/talking-bot-125x125.png","contentUrl":"https:\/\/portaltela.pt\/s.01k8rhncp4jt1\/2025\/11\/talking-bot-125x125.png","caption":"Telinha"},"sameAs":["https:\/\/portaltela.pt\/"],"url":"https:\/\/portaltela.pt\/por\/367410592786\/"}]}},"_links":{"self":[{"href":"https:\/\/portaltela.pt\/api\/wp\/v2\/posts\/157925","targetHints":{"allow":["GET"]}}],"collection":[{"href":"https:\/\/portaltela.pt\/api\/wp\/v2\/posts"}],"about":[{"href":"https:\/\/portaltela.pt\/api\/wp\/v2\/types\/post"}],"author":[{"embeddable":true,"href":"https:\/\/portaltela.pt\/api\/wp\/v2\/users\/2"}],"replies":[{"embeddable":true,"href":"https:\/\/portaltela.pt\/api\/wp\/v2\/comments?post=157925"}],"version-history":[{"count":0,"href":"https:\/\/portaltela.pt\/api\/wp\/v2\/posts\/157925\/revisions"}],"wp:featuredmedia":[{"embeddable":true,"href":"https:\/\/portaltela.pt\/api\/wp\/v2\/media\/157970"}],"wp:attachment":[{"href":"https:\/\/portaltela.pt\/api\/wp\/v2\/media?parent=157925"}],"wp:term":[{"taxonomy":"category","embeddable":true,"href":"https:\/\/portaltela.pt\/api\/wp\/v2\/categories?post=157925"},{"taxonomy":"post_tag","embeddable":true,"href":"https:\/\/portaltela.pt\/api\/wp\/v2\/tags?post=157925"}],"curies":[{"name":"wp","href":"https:\/\/api.w.org\/{rel}","templated":true}]}}